{"id":8996,"date":"2020-11-26T12:40:00","date_gmt":"2020-11-26T11:40:00","guid":{"rendered":"https:\/\/resest.com\/?p=8996"},"modified":"2020-12-09T12:43:35","modified_gmt":"2020-12-09T11:43:35","slug":"carreras-mas-demandadas-2020-cataluna","status":"publish","type":"post","link":"https:\/\/resest.com\/es\/blog-es\/carreras-mas-demandadas-2020-cataluna\/","title":{"rendered":"Las carreras m\u00e1s demandadas este 2020 en Catalu\u00f1a"},"content":{"rendered":"\n<p>Como ya comentamos en <strong><a href=\"https:\/\/resest.com\/es\/blog-es\/selectividad-funcionamiento-notas-de-corte\/\">art\u00edculos anteriores de nuestro blog<\/a><\/strong>, la nota de corte es aquella con la que ha entrado la \u00faltima persona en cada ense\u00f1anza. Por tanto, esta nota var\u00eda cada a\u00f1o y no se sabe hasta que se ha realizado la asignaci\u00f3n de plazas en la universidad aunque los notas de corte de los cursos anteriores poden servir como <strong>orientaci\u00f3n para los futuros estudiantes<\/strong>.<\/p>\n\n\n\n<p>Cada a\u00f1o se publican las notas de corte de las universidades p\u00fablicas y en los centros adscritos de estas universidades.<\/p>\n\n\n\n<p>Normalmente, las universidades privadas no se rigen por la nota de corte. Para acceder a una universidad privada se debe realizar la preinscripci\u00f3n directamente en la universidad y se deben tener en cuenta cuales son sus criterios de acceso.<\/p>\n\n\n\n<h3 class=\"wp-block-heading\">Universidades Catalanas: Oferta de Titulaciones<\/h3>\n\n\n\n<p>Las diferentes universidades catalanas tienen una amplia oferta de grados y m\u00e1steres oficiales. Cada uno de estos estudios tiene unas caracter\u00edsticas propias. Es muy importante analizar en detalle la descripci\u00f3n de la formaci\u00f3n y su plan de estudios para poder decidir qu\u00e9 estudiar y d\u00f3nde.<\/p>\n\n\n\n<h3 class=\"wp-block-heading\">Ranking de estudios m\u00e1s demandados en Catalu\u00f1a<\/h3>\n\n\n\n<p>Durante la preinscripci\u00f3n en la universidad para el a\u00f1o 2020, los <strong>10 estudios m\u00e1s solicitados<\/strong> en Catalu\u00f1a han sido los que listamos a continuaci\u00f3n. Esta elaboraci\u00f3n se ha realizado a partir de la informaci\u00f3n del Canal de Universidades de la Generalitat de Catalu\u00f1a:<\/p>\n\n\n\n<figure class=\"wp-block-table\"><table><tbody><tr><td><strong>Ordre<\/strong><\/td><td><strong>Estudi<\/strong><\/td><td><strong>Universitat<\/strong><\/td><td><strong>N\u00famero de places<\/strong><\/td><td><strong>Sol\u00b7licitants en 1a prefer\u00e8ncia<\/strong><\/td><td><strong>Nota de tall<\/strong><\/td><\/tr><tr><td>1<\/td><td>Medicina (Campus Cl\u00ednic)<\/td><td>UB<\/td><td>172<\/td><td>1,687<\/td><td>13,135<\/td><\/tr><tr><td>2<\/td><td>Psicologia<\/td><td>UB<\/td><td>480<\/td><td>1,113<\/td><td>9,338<\/td><\/tr><tr><td>3<\/td><td>Administraci\u00f3 i Direcci\u00f3 d&#8217;Empreses<\/td><td>UB<\/td><td>780<\/td><td>925<\/td><td>8,848<\/td><\/tr><tr><td>4<\/td><td>Medicina<\/td><td>UAB<\/td><td>320<\/td><td>917<\/td><td>12,718<\/td><\/tr><tr><td>5<\/td><td>Infermeria (Campus Bellvitge)<\/td><td>UB<\/td><td>315<\/td><td>835<\/td><td>11,198<\/td><\/tr><tr><td>6<\/td><td>Psicologia<\/td><td>UAB<\/td><td>360<\/td><td>820<\/td><td>9,348<\/td><\/tr><tr><td>7<\/td><td>Enginyeria Inform\u00e0tica<\/td><td>UPC<\/td><td>400<\/td><td>746<\/td><td>10,148<\/td><\/tr><tr><td>8<\/td><td>Medicina<\/td><td>URV<\/td><td>125<\/td><td>715<\/td><td>12,791<\/td><\/tr><tr><td>9<\/td><td>Dret<\/td><td>UB<\/td><td>430<\/td><td>701<\/td><td>9,258<\/td><\/tr><tr><td>10<\/td><td>Ci\u00e8ncies de l&#8217;Activitat F\u00edsica i l&#8217;Esport<\/td><td>UB<\/td><td>150<\/td><td>611<\/td><td>10,236<\/td><\/tr><\/tbody><\/table><\/figure>\n\n\n\n<p>No dud\u00e9is en contactar con la <strong>Residencia de Estudiantes l\u2019Estaci\u00f3 de Sabadell<\/strong> en caso de venir a estudiar cerca de nuestra residencia y de necesitar un <strong><a href=\"https:\/\/resest.com\/es\/contactar-alojamiento-estudiantil-bellaterra-uab\/\">alojamiento para estudiantes<\/a><\/strong>.<\/p>\n","protected":false},"excerpt":{"rendered":"<p>Como ya comentamos en art\u00edculos anteriores de nuestro blog, la nota de corte es aquella con la que ha entrado la \u00faltima persona en cada ense\u00f1anza. Por tanto, esta nota var\u00eda cada a\u00f1o y no se sabe hasta que se ha realizado la asignaci\u00f3n de plazas en la universidad aunque los notas de corte de&hellip;<\/p>\n","protected":false},"author":1,"featured_media":8997,"comment_status":"open","ping_status":"open","sticky":false,"template":"","format":"standard","meta":{"footnotes":""},"categories":[1,69],"tags":[],"class_list":["post-8996","post","type-post","status-publish","format-standard","has-post-thumbnail","hentry","category-blog-es","category-vida-de-lestudiant-es","entry","has-media"],"yoast_head":"<!-- This site is optimized with the Yoast SEO plugin v26.4 - https:\/\/yoast.com\/wordpress\/plugins\/seo\/ -->\n<title>Las carreras m\u00e1s demandadas este 2020 en Catalu\u00f1a - Resid\u00e8ncia d&#039;Estudiants l&#039;Estaci\u00f3 de Sabadell | Resest<\/title>\n<meta name=\"description\" content=\"Durante la preinscripci\u00f3n en la universidad para el a\u00f1o 2020, los 10 estudios m\u00e1s solicitados en Catalu\u00f1a han sido los que presentamos en este post.\" \/>\n<meta name=\"robots\" content=\"index, follow, max-snippet:-1, max-image-preview:large, max-video-preview:-1\" \/>\n<link rel=\"canonical\" href=\"https:\/\/resest.com\/es\/blog-es\/carreras-mas-demandadas-2020-cataluna\/\" \/>\n<meta property=\"og:locale\" content=\"es_ES\" \/>\n<meta property=\"og:type\" content=\"article\" \/>\n<meta property=\"og:title\" content=\"Las carreras m\u00e1s demandadas este 2020 en Catalu\u00f1a - Resid\u00e8ncia d&#039;Estudiants l&#039;Estaci\u00f3 de Sabadell | Resest\" \/>\n<meta property=\"og:description\" content=\"Durante la preinscripci\u00f3n en la universidad para el a\u00f1o 2020, los 10 estudios m\u00e1s solicitados en Catalu\u00f1a han sido los que presentamos en este post.\" \/>\n<meta property=\"og:url\" content=\"https:\/\/resest.com\/es\/blog-es\/carreras-mas-demandadas-2020-cataluna\/\" \/>\n<meta property=\"og:site_name\" content=\"Resid\u00e8ncia d&#039;Estudiants l&#039;Estaci\u00f3 de Sabadell | Resest\" \/>\n<meta property=\"article:published_time\" content=\"2020-11-26T11:40:00+00:00\" \/>\n<meta property=\"article:modified_time\" content=\"2020-12-09T11:43:35+00:00\" \/>\n<meta property=\"og:image\" content=\"https:\/\/resest.com\/wp-content\/uploads\/2020\/12\/carreres-universitaries.jpg\" \/>\n\t<meta property=\"og:image:width\" content=\"1200\" \/>\n\t<meta property=\"og:image:height\" content=\"801\" \/>\n\t<meta property=\"og:image:type\" content=\"image\/jpeg\" \/>\n<meta name=\"author\" content=\"Resest\" \/>\n<meta name=\"twitter:label1\" content=\"Escrito por\" \/>\n\t<meta name=\"twitter:data1\" content=\"Resest\" \/>\n\t<meta name=\"twitter:label2\" content=\"Tiempo de lectura\" \/>\n\t<meta name=\"twitter:data2\" content=\"2 minutos\" \/>\n<script type=\"application\/ld+json\" class=\"yoast-schema-graph\">{\"@context\":\"https:\/\/schema.org\",\"@graph\":[{\"@type\":\"Article\",\"@id\":\"https:\/\/resest.com\/es\/blog-es\/carreras-mas-demandadas-2020-cataluna\/#article\",\"isPartOf\":{\"@id\":\"https:\/\/resest.com\/es\/blog-es\/carreras-mas-demandadas-2020-cataluna\/\"},\"author\":{\"name\":\"Resest\",\"@id\":\"https:\/\/resest.com\/es\/#\/schema\/person\/d9965768ae08730dafc3a7c835fcc47c\"},\"headline\":\"Las carreras m\u00e1s demandadas este 2020 en Catalu\u00f1a\",\"datePublished\":\"2020-11-26T11:40:00+00:00\",\"dateModified\":\"2020-12-09T11:43:35+00:00\",\"mainEntityOfPage\":{\"@id\":\"https:\/\/resest.com\/es\/blog-es\/carreras-mas-demandadas-2020-cataluna\/\"},\"wordCount\":343,\"commentCount\":0,\"publisher\":{\"@id\":\"https:\/\/resest.com\/es\/#organization\"},\"image\":{\"@id\":\"https:\/\/resest.com\/es\/blog-es\/carreras-mas-demandadas-2020-cataluna\/#primaryimage\"},\"thumbnailUrl\":\"https:\/\/resest.com\/wp-content\/uploads\/2020\/12\/carreres-universitaries.jpg\",\"articleSection\":[\"Blog\",\"Consejos para estudiantes universitarios\"],\"inLanguage\":\"es\",\"potentialAction\":[{\"@type\":\"CommentAction\",\"name\":\"Comment\",\"target\":[\"https:\/\/resest.com\/es\/blog-es\/carreras-mas-demandadas-2020-cataluna\/#respond\"]}]},{\"@type\":\"WebPage\",\"@id\":\"https:\/\/resest.com\/es\/blog-es\/carreras-mas-demandadas-2020-cataluna\/\",\"url\":\"https:\/\/resest.com\/es\/blog-es\/carreras-mas-demandadas-2020-cataluna\/\",\"name\":\"Las carreras m\u00e1s demandadas este 2020 en Catalu\u00f1a - Resid\u00e8ncia d&#039;Estudiants l&#039;Estaci\u00f3 de Sabadell | Resest\",\"isPartOf\":{\"@id\":\"https:\/\/resest.com\/es\/#website\"},\"primaryImageOfPage\":{\"@id\":\"https:\/\/resest.com\/es\/blog-es\/carreras-mas-demandadas-2020-cataluna\/#primaryimage\"},\"image\":{\"@id\":\"https:\/\/resest.com\/es\/blog-es\/carreras-mas-demandadas-2020-cataluna\/#primaryimage\"},\"thumbnailUrl\":\"https:\/\/resest.com\/wp-content\/uploads\/2020\/12\/carreres-universitaries.jpg\",\"datePublished\":\"2020-11-26T11:40:00+00:00\",\"dateModified\":\"2020-12-09T11:43:35+00:00\",\"description\":\"Durante la preinscripci\u00f3n en la universidad para el a\u00f1o 2020, los 10 estudios m\u00e1s solicitados en Catalu\u00f1a han sido los que presentamos en este post.\",\"breadcrumb\":{\"@id\":\"https:\/\/resest.com\/es\/blog-es\/carreras-mas-demandadas-2020-cataluna\/#breadcrumb\"},\"inLanguage\":\"es\",\"potentialAction\":[{\"@type\":\"ReadAction\",\"target\":[\"https:\/\/resest.com\/es\/blog-es\/carreras-mas-demandadas-2020-cataluna\/\"]}]},{\"@type\":\"ImageObject\",\"inLanguage\":\"es\",\"@id\":\"https:\/\/resest.com\/es\/blog-es\/carreras-mas-demandadas-2020-cataluna\/#primaryimage\",\"url\":\"https:\/\/resest.com\/wp-content\/uploads\/2020\/12\/carreres-universitaries.jpg\",\"contentUrl\":\"https:\/\/resest.com\/wp-content\/uploads\/2020\/12\/carreres-universitaries.jpg\",\"width\":1200,\"height\":801,\"caption\":\"carreras-mas-demandadas-2020-catalu\u00f1a\"},{\"@type\":\"BreadcrumbList\",\"@id\":\"https:\/\/resest.com\/es\/blog-es\/carreras-mas-demandadas-2020-cataluna\/#breadcrumb\",\"itemListElement\":[{\"@type\":\"ListItem\",\"position\":1,\"name\":\"Inici\",\"item\":\"https:\/\/resest.com\/es\/\"},{\"@type\":\"ListItem\",\"position\":2,\"name\":\"Las carreras m\u00e1s demandadas este 2020 en Catalu\u00f1a\"}]},{\"@type\":\"WebSite\",\"@id\":\"https:\/\/resest.com\/es\/#website\",\"url\":\"https:\/\/resest.com\/es\/\",\"name\":\"Resid\u00e8ncia d&#039;Estudiants l&#039;Estaci\u00f3 de Sabadell | Resest\",\"description\":\"Otro sitio realizado con WordPress\",\"publisher\":{\"@id\":\"https:\/\/resest.com\/es\/#organization\"},\"potentialAction\":[{\"@type\":\"SearchAction\",\"target\":{\"@type\":\"EntryPoint\",\"urlTemplate\":\"https:\/\/resest.com\/es\/?s={search_term_string}\"},\"query-input\":{\"@type\":\"PropertyValueSpecification\",\"valueRequired\":true,\"valueName\":\"search_term_string\"}}],\"inLanguage\":\"es\"},{\"@type\":\"Organization\",\"@id\":\"https:\/\/resest.com\/es\/#organization\",\"name\":\"Resid\u00e8ncia d&#039;Estudiants l&#039;Estaci\u00f3 de Sabadell | Resest\",\"url\":\"https:\/\/resest.com\/es\/\",\"logo\":{\"@type\":\"ImageObject\",\"inLanguage\":\"es\",\"@id\":\"https:\/\/resest.com\/es\/#\/schema\/logo\/image\/\",\"url\":\"https:\/\/resest.com\/wp-content\/uploads\/2024\/03\/Facana-1.jpg\",\"contentUrl\":\"https:\/\/resest.com\/wp-content\/uploads\/2024\/03\/Facana-1.jpg\",\"width\":1200,\"height\":1009,\"caption\":\"Resid\u00e8ncia d&#039;Estudiants l&#039;Estaci\u00f3 de Sabadell | Resest\"},\"image\":{\"@id\":\"https:\/\/resest.com\/es\/#\/schema\/logo\/image\/\"}},{\"@type\":\"Person\",\"@id\":\"https:\/\/resest.com\/es\/#\/schema\/person\/d9965768ae08730dafc3a7c835fcc47c\",\"name\":\"Resest\",\"image\":{\"@type\":\"ImageObject\",\"inLanguage\":\"es\",\"@id\":\"https:\/\/resest.com\/es\/#\/schema\/person\/image\/\",\"url\":\"https:\/\/secure.gravatar.com\/avatar\/0c7509c85c836ff68bc43efa415976254ed1463e7bbc3edf38a658092e29e5b4?s=96&d=mm&r=g\",\"contentUrl\":\"https:\/\/secure.gravatar.com\/avatar\/0c7509c85c836ff68bc43efa415976254ed1463e7bbc3edf38a658092e29e5b4?s=96&d=mm&r=g\",\"caption\":\"Resest\"},\"url\":\"https:\/\/resest.com\/es\/author\/jordi\/\"}]}<\/script>\n<!-- \/ Yoast SEO plugin. -->","yoast_head_json":{"title":"Las carreras m\u00e1s demandadas este 2020 en Catalu\u00f1a - Resid\u00e8ncia d&#039;Estudiants l&#039;Estaci\u00f3 de Sabadell | Resest","description":"Durante la preinscripci\u00f3n en la universidad para el a\u00f1o 2020, los 10 estudios m\u00e1s solicitados en Catalu\u00f1a han sido los que presentamos en este post.","robots":{"index":"index","follow":"follow","max-snippet":"max-snippet:-1","max-image-preview":"max-image-preview:large","max-video-preview":"max-video-preview:-1"},"canonical":"https:\/\/resest.com\/es\/blog-es\/carreras-mas-demandadas-2020-cataluna\/","og_locale":"es_ES","og_type":"article","og_title":"Las carreras m\u00e1s demandadas este 2020 en Catalu\u00f1a - Resid\u00e8ncia d&#039;Estudiants l&#039;Estaci\u00f3 de Sabadell | Resest","og_description":"Durante la preinscripci\u00f3n en la universidad para el a\u00f1o 2020, los 10 estudios m\u00e1s solicitados en Catalu\u00f1a han sido los que presentamos en este post.","og_url":"https:\/\/resest.com\/es\/blog-es\/carreras-mas-demandadas-2020-cataluna\/","og_site_name":"Resid\u00e8ncia d&#039;Estudiants l&#039;Estaci\u00f3 de Sabadell | Resest","article_published_time":"2020-11-26T11:40:00+00:00","article_modified_time":"2020-12-09T11:43:35+00:00","og_image":[{"width":1200,"height":801,"url":"https:\/\/resest.com\/wp-content\/uploads\/2020\/12\/carreres-universitaries.jpg","type":"image\/jpeg"}],"author":"Resest","twitter_misc":{"Escrito por":"Resest","Tiempo de lectura":"2 minutos"},"schema":{"@context":"https:\/\/schema.org","@graph":[{"@type":"Article","@id":"https:\/\/resest.com\/es\/blog-es\/carreras-mas-demandadas-2020-cataluna\/#article","isPartOf":{"@id":"https:\/\/resest.com\/es\/blog-es\/carreras-mas-demandadas-2020-cataluna\/"},"author":{"name":"Resest","@id":"https:\/\/resest.com\/es\/#\/schema\/person\/d9965768ae08730dafc3a7c835fcc47c"},"headline":"Las carreras m\u00e1s demandadas este 2020 en Catalu\u00f1a","datePublished":"2020-11-26T11:40:00+00:00","dateModified":"2020-12-09T11:43:35+00:00","mainEntityOfPage":{"@id":"https:\/\/resest.com\/es\/blog-es\/carreras-mas-demandadas-2020-cataluna\/"},"wordCount":343,"commentCount":0,"publisher":{"@id":"https:\/\/resest.com\/es\/#organization"},"image":{"@id":"https:\/\/resest.com\/es\/blog-es\/carreras-mas-demandadas-2020-cataluna\/#primaryimage"},"thumbnailUrl":"https:\/\/resest.com\/wp-content\/uploads\/2020\/12\/carreres-universitaries.jpg","articleSection":["Blog","Consejos para estudiantes universitarios"],"inLanguage":"es","potentialAction":[{"@type":"CommentAction","name":"Comment","target":["https:\/\/resest.com\/es\/blog-es\/carreras-mas-demandadas-2020-cataluna\/#respond"]}]},{"@type":"WebPage","@id":"https:\/\/resest.com\/es\/blog-es\/carreras-mas-demandadas-2020-cataluna\/","url":"https:\/\/resest.com\/es\/blog-es\/carreras-mas-demandadas-2020-cataluna\/","name":"Las carreras m\u00e1s demandadas este 2020 en Catalu\u00f1a - Resid\u00e8ncia d&#039;Estudiants l&#039;Estaci\u00f3 de Sabadell | Resest","isPartOf":{"@id":"https:\/\/resest.com\/es\/#website"},"primaryImageOfPage":{"@id":"https:\/\/resest.com\/es\/blog-es\/carreras-mas-demandadas-2020-cataluna\/#primaryimage"},"image":{"@id":"https:\/\/resest.com\/es\/blog-es\/carreras-mas-demandadas-2020-cataluna\/#primaryimage"},"thumbnailUrl":"https:\/\/resest.com\/wp-content\/uploads\/2020\/12\/carreres-universitaries.jpg","datePublished":"2020-11-26T11:40:00+00:00","dateModified":"2020-12-09T11:43:35+00:00","description":"Durante la preinscripci\u00f3n en la universidad para el a\u00f1o 2020, los 10 estudios m\u00e1s solicitados en Catalu\u00f1a han sido los que presentamos en este post.","breadcrumb":{"@id":"https:\/\/resest.com\/es\/blog-es\/carreras-mas-demandadas-2020-cataluna\/#breadcrumb"},"inLanguage":"es","potentialAction":[{"@type":"ReadAction","target":["https:\/\/resest.com\/es\/blog-es\/carreras-mas-demandadas-2020-cataluna\/"]}]},{"@type":"ImageObject","inLanguage":"es","@id":"https:\/\/resest.com\/es\/blog-es\/carreras-mas-demandadas-2020-cataluna\/#primaryimage","url":"https:\/\/resest.com\/wp-content\/uploads\/2020\/12\/carreres-universitaries.jpg","contentUrl":"https:\/\/resest.com\/wp-content\/uploads\/2020\/12\/carreres-universitaries.jpg","width":1200,"height":801,"caption":"carreras-mas-demandadas-2020-catalu\u00f1a"},{"@type":"BreadcrumbList","@id":"https:\/\/resest.com\/es\/blog-es\/carreras-mas-demandadas-2020-cataluna\/#breadcrumb","itemListElement":[{"@type":"ListItem","position":1,"name":"Inici","item":"https:\/\/resest.com\/es\/"},{"@type":"ListItem","position":2,"name":"Las carreras m\u00e1s demandadas este 2020 en Catalu\u00f1a"}]},{"@type":"WebSite","@id":"https:\/\/resest.com\/es\/#website","url":"https:\/\/resest.com\/es\/","name":"Resid\u00e8ncia d&#039;Estudiants l&#039;Estaci\u00f3 de Sabadell | Resest","description":"Otro sitio realizado con WordPress","publisher":{"@id":"https:\/\/resest.com\/es\/#organization"},"potentialAction":[{"@type":"SearchAction","target":{"@type":"EntryPoint","urlTemplate":"https:\/\/resest.com\/es\/?s={search_term_string}"},"query-input":{"@type":"PropertyValueSpecification","valueRequired":true,"valueName":"search_term_string"}}],"inLanguage":"es"},{"@type":"Organization","@id":"https:\/\/resest.com\/es\/#organization","name":"Resid\u00e8ncia d&#039;Estudiants l&#039;Estaci\u00f3 de Sabadell | Resest","url":"https:\/\/resest.com\/es\/","logo":{"@type":"ImageObject","inLanguage":"es","@id":"https:\/\/resest.com\/es\/#\/schema\/logo\/image\/","url":"https:\/\/resest.com\/wp-content\/uploads\/2024\/03\/Facana-1.jpg","contentUrl":"https:\/\/resest.com\/wp-content\/uploads\/2024\/03\/Facana-1.jpg","width":1200,"height":1009,"caption":"Resid\u00e8ncia d&#039;Estudiants l&#039;Estaci\u00f3 de Sabadell | Resest"},"image":{"@id":"https:\/\/resest.com\/es\/#\/schema\/logo\/image\/"}},{"@type":"Person","@id":"https:\/\/resest.com\/es\/#\/schema\/person\/d9965768ae08730dafc3a7c835fcc47c","name":"Resest","image":{"@type":"ImageObject","inLanguage":"es","@id":"https:\/\/resest.com\/es\/#\/schema\/person\/image\/","url":"https:\/\/secure.gravatar.com\/avatar\/0c7509c85c836ff68bc43efa415976254ed1463e7bbc3edf38a658092e29e5b4?s=96&d=mm&r=g","contentUrl":"https:\/\/secure.gravatar.com\/avatar\/0c7509c85c836ff68bc43efa415976254ed1463e7bbc3edf38a658092e29e5b4?s=96&d=mm&r=g","caption":"Resest"},"url":"https:\/\/resest.com\/es\/author\/jordi\/"}]}},"_links":{"self":[{"href":"https:\/\/resest.com\/es\/wp-json\/wp\/v2\/posts\/8996","targetHints":{"allow":["GET"]}}],"collection":[{"href":"https:\/\/resest.com\/es\/wp-json\/wp\/v2\/posts"}],"about":[{"href":"https:\/\/resest.com\/es\/wp-json\/wp\/v2\/types\/post"}],"author":[{"embeddable":true,"href":"https:\/\/resest.com\/es\/wp-json\/wp\/v2\/users\/1"}],"replies":[{"embeddable":true,"href":"https:\/\/resest.com\/es\/wp-json\/wp\/v2\/comments?post=8996"}],"version-history":[{"count":0,"href":"https:\/\/resest.com\/es\/wp-json\/wp\/v2\/posts\/8996\/revisions"}],"wp:featuredmedia":[{"embeddable":true,"href":"https:\/\/resest.com\/es\/wp-json\/wp\/v2\/media\/8997"}],"wp:attachment":[{"href":"https:\/\/resest.com\/es\/wp-json\/wp\/v2\/media?parent=8996"}],"wp:term":[{"taxonomy":"category","embeddable":true,"href":"https:\/\/resest.com\/es\/wp-json\/wp\/v2\/categories?post=8996"},{"taxonomy":"post_tag","embeddable":true,"href":"https:\/\/resest.com\/es\/wp-json\/wp\/v2\/tags?post=8996"}],"curies":[{"name":"wp","href":"https:\/\/api.w.org\/{rel}","templated":true}]}}