{"id":8993,"date":"2020-11-11T11:13:00","date_gmt":"2020-11-11T10:13:00","guid":{"rendered":"https:\/\/resest.com\/?p=8993"},"modified":"2020-12-09T11:21:50","modified_gmt":"2020-12-09T10:21:50","slug":"tour-virtual-residencia-estudiantes-estacio-sabadell","status":"publish","type":"post","link":"https:\/\/resest.com\/es\/blog-es\/tour-virtual-residencia-estudiantes-estacio-sabadell\/","title":{"rendered":"El Tour Virtual de la Residencia de Estudiantes l&#8217;Estaci\u00f3 de Sabadell"},"content":{"rendered":"\n<p>Ahora m\u00e1s que nunca debemos adecuarnos a la situaci\u00f3n que nos est\u00e1 tocando vivir debido a la pandemia de la Covid-19. Por ello, en la <strong><a href=\"https:\/\/resest.com\/es\/la-residencia-de-estudiantes-en-sabadell-barcelona\/\">Residencia de Estudiantes l\u2019Estaci\u00f3 de Sabadell<\/a><\/strong> hemos incorporado en nuestra p\u00e1gina web un <strong><a href=\"https:\/\/resest.com\/es\/tour-virtual-360o-residencia-para-estudiantes\/\">Tour Virtual<\/a><\/strong> para poder visitar nuestra <strong>residencia para estudiantes<\/strong> sin necesidad de hacerlo de forma presencial.<\/p>\n\n\n\n<h3 class=\"wp-block-heading\">\u00bfQuer\u00e9is visitar la Residencia sin moveros de casa?<\/h3>\n\n\n\n<p>Si este es vuestro caso y ten\u00e9is la necesidad de visitar nuestro <strong>alojamiento de estudiantes en Sabadell<\/strong>, pero la situaci\u00f3n actual os impide desplazaros hasta <strong><a href=\"https:\/\/resest.com\/es\/ubicacion-residencia-estudiantil-en-sabadell-bellaterra\/\">nuestra ubicaci\u00f3n<\/a><\/strong>, no os preocup\u00e9is. Pod\u00e9is reservar una visita guiada y personalizada donde os mostraremos en directo todas <strong><a href=\"https:\/\/resest.com\/es\/instalaciones-residencia-estudiantes-barcelona-bellaterra\/\">nuestras instalaciones<\/a><\/strong>.<\/p>\n\n\n\n<p>Solamente deb\u00e9is <strong><a href=\"https:\/\/resest.com\/es\/contactar-alojamiento-estudiantil-bellaterra-uab\/\">rellenar un formulario b\u00e1sico<\/a><\/strong> con vuestros datos y desde <strong>Resest<\/strong> nos pondremos en contacto con vosotros para coordinar la visita.<\/p>\n\n\n\n<h3 class=\"wp-block-heading\">Ventajas de realizar la visita personalizada online<\/h3>\n\n\n\n<p>Gracias a esta nueva modalidad de visita virtual, contamos con dos ventajas fundamentales:<\/p>\n\n\n\n<ul class=\"wp-block-list\"><li><strong>Asistencia a la visita de un mayor n\u00famero de personas<\/strong> \u00e0 tanto el propio estudiante, como su familia, o aquellas personas que el estudiante necesite que tambi\u00e9n visiten la residencia para poder sacar sus conclusiones y tomar una decisi\u00f3n final<\/li><\/ul>\n\n\n\n<ul class=\"wp-block-list\"><li><strong>No se pondr\u00e1 en riesgo a ning\u00fan asistente<\/strong>, ya que, al realizar la visita desde casa, no habr\u00e1 contacto f\u00edsico con otras personas, ni durante el propio desplazamiento como en la propia residencia.<\/li><\/ul>\n\n\n\n<p>Como ya hemos comentado en <strong><a href=\"https:\/\/resest.com\/es\/blog-es\/medidas-sanitarias-residencia-estudiantes-sabadell\/\">art\u00edculos anteriores<\/a><\/strong>, en la <strong>Residencia de Estudiantes l\u2019Estaci\u00f3 de Sabadell <\/strong>hemos aplicado las medidas sanitarias necesarias para minimizar los riesgos de contagio de la Covid-19. Aunque por suerte contamos con un <strong><a href=\"https:\/\/resest.com\/es\/\">alojamiento para estudiantes<\/a><\/strong> muy familiar, donde albergamos a m\u00e1ximo 36 residentes, toda medida es poca.<\/p>\n\n\n\n<p>Por ello, en su d\u00eda, contratamos los servicios de una empresa especializada para la elaboraci\u00f3n de un <strong>protocolo de sanidad muy estricto<\/strong>, y gracias a \u00e9l, la vida dentro de la residencia es segura y a la vez confortable para nuestros residentes y para el propio personal.<\/p>\n\n\n\n<p>No dudes en solicitar una <strong><a href=\"https:\/\/resest.com\/es\/contactar-alojamiento-estudiantil-bellaterra-uab\/\">visita personalizada de nuestra residencia de estudiantes<\/a><\/strong> \u00a1te esperamos!<\/p>\n","protected":false},"excerpt":{"rendered":"<p>Ahora m\u00e1s que nunca debemos adecuarnos a la situaci\u00f3n que nos est\u00e1 tocando vivir debido a la pandemia de la Covid-19. Por ello, en la Residencia de Estudiantes l\u2019Estaci\u00f3 de Sabadell hemos incorporado en nuestra p\u00e1gina web un Tour Virtual para poder visitar nuestra residencia para estudiantes sin necesidad de hacerlo de forma presencial. \u00bfQuer\u00e9is&hellip;<\/p>\n","protected":false},"author":1,"featured_media":8991,"comment_status":"open","ping_status":"open","sticky":false,"template":"","format":"standard","meta":{"footnotes":""},"categories":[56,1,66],"tags":[],"class_list":["post-8993","post","type-post","status-publish","format-standard","has-post-thumbnail","hentry","category-para-que-resest","category-blog-es","category-vida-en-la-residencia-es","entry","has-media"],"yoast_head":"<!-- This site is optimized with the Yoast SEO plugin v26.4 - https:\/\/yoast.com\/wordpress\/plugins\/seo\/ -->\n<title>El Tour Virtual de la Residencia de Estudiantes l&#039;Estaci\u00f3 de Sabadell - Resid\u00e8ncia d&#039;Estudiants l&#039;Estaci\u00f3 de Sabadell | Resest<\/title>\n<meta name=\"description\" content=\"En la Residencia de Estudiantes l\u2019Estaci\u00f3 de Sabadell hemos incorporado en nuestra p\u00e1gina web un Tour Virtual para poder visitar nuestras instalaciones.\" \/>\n<meta name=\"robots\" content=\"index, follow, max-snippet:-1, max-image-preview:large, max-video-preview:-1\" \/>\n<link rel=\"canonical\" href=\"https:\/\/resest.com\/es\/blog-es\/tour-virtual-residencia-estudiantes-estacio-sabadell\/\" \/>\n<meta property=\"og:locale\" content=\"es_ES\" \/>\n<meta property=\"og:type\" content=\"article\" \/>\n<meta property=\"og:title\" content=\"El Tour Virtual de la Residencia de Estudiantes l&#039;Estaci\u00f3 de Sabadell - Resid\u00e8ncia d&#039;Estudiants l&#039;Estaci\u00f3 de Sabadell | Resest\" \/>\n<meta property=\"og:description\" content=\"En la Residencia de Estudiantes l\u2019Estaci\u00f3 de Sabadell hemos incorporado en nuestra p\u00e1gina web un Tour Virtual para poder visitar nuestras instalaciones.\" \/>\n<meta property=\"og:url\" content=\"https:\/\/resest.com\/es\/blog-es\/tour-virtual-residencia-estudiantes-estacio-sabadell\/\" \/>\n<meta property=\"og:site_name\" content=\"Resid\u00e8ncia d&#039;Estudiants l&#039;Estaci\u00f3 de Sabadell | Resest\" \/>\n<meta property=\"article:published_time\" content=\"2020-11-11T10:13:00+00:00\" \/>\n<meta property=\"article:modified_time\" content=\"2020-12-09T10:21:50+00:00\" \/>\n<meta property=\"og:image\" content=\"https:\/\/resest.com\/wp-content\/uploads\/2020\/12\/tour-virtual.jpg\" \/>\n\t<meta property=\"og:image:width\" content=\"1200\" \/>\n\t<meta property=\"og:image:height\" content=\"800\" \/>\n\t<meta property=\"og:image:type\" content=\"image\/jpeg\" \/>\n<meta name=\"author\" content=\"Resest\" \/>\n<meta name=\"twitter:label1\" content=\"Escrito por\" \/>\n\t<meta name=\"twitter:data1\" content=\"Resest\" \/>\n\t<meta name=\"twitter:label2\" content=\"Tiempo de lectura\" \/>\n\t<meta name=\"twitter:data2\" content=\"2 minutos\" \/>\n<script type=\"application\/ld+json\" class=\"yoast-schema-graph\">{\"@context\":\"https:\/\/schema.org\",\"@graph\":[{\"@type\":\"Article\",\"@id\":\"https:\/\/resest.com\/es\/blog-es\/tour-virtual-residencia-estudiantes-estacio-sabadell\/#article\",\"isPartOf\":{\"@id\":\"https:\/\/resest.com\/es\/blog-es\/tour-virtual-residencia-estudiantes-estacio-sabadell\/\"},\"author\":{\"name\":\"Resest\",\"@id\":\"https:\/\/resest.com\/es\/#\/schema\/person\/d9965768ae08730dafc3a7c835fcc47c\"},\"headline\":\"El Tour Virtual de la Residencia de Estudiantes l&#8217;Estaci\u00f3 de Sabadell\",\"datePublished\":\"2020-11-11T10:13:00+00:00\",\"dateModified\":\"2020-12-09T10:21:50+00:00\",\"mainEntityOfPage\":{\"@id\":\"https:\/\/resest.com\/es\/blog-es\/tour-virtual-residencia-estudiantes-estacio-sabadell\/\"},\"wordCount\":366,\"commentCount\":0,\"publisher\":{\"@id\":\"https:\/\/resest.com\/es\/#organization\"},\"image\":{\"@id\":\"https:\/\/resest.com\/es\/blog-es\/tour-virtual-residencia-estudiantes-estacio-sabadell\/#primaryimage\"},\"thumbnailUrl\":\"https:\/\/resest.com\/wp-content\/uploads\/2020\/12\/tour-virtual.jpg\",\"articleSection\":[\"\u00bfPor qu\u00e9 Resest?\",\"Blog\",\"Vida en la Residencia\"],\"inLanguage\":\"es\",\"potentialAction\":[{\"@type\":\"CommentAction\",\"name\":\"Comment\",\"target\":[\"https:\/\/resest.com\/es\/blog-es\/tour-virtual-residencia-estudiantes-estacio-sabadell\/#respond\"]}]},{\"@type\":\"WebPage\",\"@id\":\"https:\/\/resest.com\/es\/blog-es\/tour-virtual-residencia-estudiantes-estacio-sabadell\/\",\"url\":\"https:\/\/resest.com\/es\/blog-es\/tour-virtual-residencia-estudiantes-estacio-sabadell\/\",\"name\":\"El Tour Virtual de la Residencia de Estudiantes l'Estaci\u00f3 de Sabadell - Resid\u00e8ncia d&#039;Estudiants l&#039;Estaci\u00f3 de Sabadell | Resest\",\"isPartOf\":{\"@id\":\"https:\/\/resest.com\/es\/#website\"},\"primaryImageOfPage\":{\"@id\":\"https:\/\/resest.com\/es\/blog-es\/tour-virtual-residencia-estudiantes-estacio-sabadell\/#primaryimage\"},\"image\":{\"@id\":\"https:\/\/resest.com\/es\/blog-es\/tour-virtual-residencia-estudiantes-estacio-sabadell\/#primaryimage\"},\"thumbnailUrl\":\"https:\/\/resest.com\/wp-content\/uploads\/2020\/12\/tour-virtual.jpg\",\"datePublished\":\"2020-11-11T10:13:00+00:00\",\"dateModified\":\"2020-12-09T10:21:50+00:00\",\"description\":\"En la Residencia de Estudiantes l\u2019Estaci\u00f3 de Sabadell hemos incorporado en nuestra p\u00e1gina web un Tour Virtual para poder visitar nuestras instalaciones.\",\"breadcrumb\":{\"@id\":\"https:\/\/resest.com\/es\/blog-es\/tour-virtual-residencia-estudiantes-estacio-sabadell\/#breadcrumb\"},\"inLanguage\":\"es\",\"potentialAction\":[{\"@type\":\"ReadAction\",\"target\":[\"https:\/\/resest.com\/es\/blog-es\/tour-virtual-residencia-estudiantes-estacio-sabadell\/\"]}]},{\"@type\":\"ImageObject\",\"inLanguage\":\"es\",\"@id\":\"https:\/\/resest.com\/es\/blog-es\/tour-virtual-residencia-estudiantes-estacio-sabadell\/#primaryimage\",\"url\":\"https:\/\/resest.com\/wp-content\/uploads\/2020\/12\/tour-virtual.jpg\",\"contentUrl\":\"https:\/\/resest.com\/wp-content\/uploads\/2020\/12\/tour-virtual.jpg\",\"width\":1200,\"height\":800,\"caption\":\"tour-virtual-residencia-estudiantes-sabadell\"},{\"@type\":\"BreadcrumbList\",\"@id\":\"https:\/\/resest.com\/es\/blog-es\/tour-virtual-residencia-estudiantes-estacio-sabadell\/#breadcrumb\",\"itemListElement\":[{\"@type\":\"ListItem\",\"position\":1,\"name\":\"Inici\",\"item\":\"https:\/\/resest.com\/es\/\"},{\"@type\":\"ListItem\",\"position\":2,\"name\":\"El Tour Virtual de la Residencia de Estudiantes l&#8217;Estaci\u00f3 de Sabadell\"}]},{\"@type\":\"WebSite\",\"@id\":\"https:\/\/resest.com\/es\/#website\",\"url\":\"https:\/\/resest.com\/es\/\",\"name\":\"Resid\u00e8ncia d&#039;Estudiants l&#039;Estaci\u00f3 de Sabadell | Resest\",\"description\":\"Otro sitio realizado con WordPress\",\"publisher\":{\"@id\":\"https:\/\/resest.com\/es\/#organization\"},\"potentialAction\":[{\"@type\":\"SearchAction\",\"target\":{\"@type\":\"EntryPoint\",\"urlTemplate\":\"https:\/\/resest.com\/es\/?s={search_term_string}\"},\"query-input\":{\"@type\":\"PropertyValueSpecification\",\"valueRequired\":true,\"valueName\":\"search_term_string\"}}],\"inLanguage\":\"es\"},{\"@type\":\"Organization\",\"@id\":\"https:\/\/resest.com\/es\/#organization\",\"name\":\"Resid\u00e8ncia d&#039;Estudiants l&#039;Estaci\u00f3 de Sabadell | Resest\",\"url\":\"https:\/\/resest.com\/es\/\",\"logo\":{\"@type\":\"ImageObject\",\"inLanguage\":\"es\",\"@id\":\"https:\/\/resest.com\/es\/#\/schema\/logo\/image\/\",\"url\":\"https:\/\/resest.com\/wp-content\/uploads\/2024\/03\/Facana-1.jpg\",\"contentUrl\":\"https:\/\/resest.com\/wp-content\/uploads\/2024\/03\/Facana-1.jpg\",\"width\":1200,\"height\":1009,\"caption\":\"Resid\u00e8ncia d&#039;Estudiants l&#039;Estaci\u00f3 de Sabadell | Resest\"},\"image\":{\"@id\":\"https:\/\/resest.com\/es\/#\/schema\/logo\/image\/\"}},{\"@type\":\"Person\",\"@id\":\"https:\/\/resest.com\/es\/#\/schema\/person\/d9965768ae08730dafc3a7c835fcc47c\",\"name\":\"Resest\",\"image\":{\"@type\":\"ImageObject\",\"inLanguage\":\"es\",\"@id\":\"https:\/\/resest.com\/es\/#\/schema\/person\/image\/\",\"url\":\"https:\/\/secure.gravatar.com\/avatar\/0c7509c85c836ff68bc43efa415976254ed1463e7bbc3edf38a658092e29e5b4?s=96&d=mm&r=g\",\"contentUrl\":\"https:\/\/secure.gravatar.com\/avatar\/0c7509c85c836ff68bc43efa415976254ed1463e7bbc3edf38a658092e29e5b4?s=96&d=mm&r=g\",\"caption\":\"Resest\"},\"url\":\"https:\/\/resest.com\/es\/author\/jordi\/\"}]}<\/script>\n<!-- \/ Yoast SEO plugin. -->","yoast_head_json":{"title":"El Tour Virtual de la Residencia de Estudiantes l'Estaci\u00f3 de Sabadell - Resid\u00e8ncia d&#039;Estudiants l&#039;Estaci\u00f3 de Sabadell | Resest","description":"En la Residencia de Estudiantes l\u2019Estaci\u00f3 de Sabadell hemos incorporado en nuestra p\u00e1gina web un Tour Virtual para poder visitar nuestras instalaciones.","robots":{"index":"index","follow":"follow","max-snippet":"max-snippet:-1","max-image-preview":"max-image-preview:large","max-video-preview":"max-video-preview:-1"},"canonical":"https:\/\/resest.com\/es\/blog-es\/tour-virtual-residencia-estudiantes-estacio-sabadell\/","og_locale":"es_ES","og_type":"article","og_title":"El Tour Virtual de la Residencia de Estudiantes l'Estaci\u00f3 de Sabadell - Resid\u00e8ncia d&#039;Estudiants l&#039;Estaci\u00f3 de Sabadell | Resest","og_description":"En la Residencia de Estudiantes l\u2019Estaci\u00f3 de Sabadell hemos incorporado en nuestra p\u00e1gina web un Tour Virtual para poder visitar nuestras instalaciones.","og_url":"https:\/\/resest.com\/es\/blog-es\/tour-virtual-residencia-estudiantes-estacio-sabadell\/","og_site_name":"Resid\u00e8ncia d&#039;Estudiants l&#039;Estaci\u00f3 de Sabadell | Resest","article_published_time":"2020-11-11T10:13:00+00:00","article_modified_time":"2020-12-09T10:21:50+00:00","og_image":[{"width":1200,"height":800,"url":"https:\/\/resest.com\/wp-content\/uploads\/2020\/12\/tour-virtual.jpg","type":"image\/jpeg"}],"author":"Resest","twitter_misc":{"Escrito por":"Resest","Tiempo de lectura":"2 minutos"},"schema":{"@context":"https:\/\/schema.org","@graph":[{"@type":"Article","@id":"https:\/\/resest.com\/es\/blog-es\/tour-virtual-residencia-estudiantes-estacio-sabadell\/#article","isPartOf":{"@id":"https:\/\/resest.com\/es\/blog-es\/tour-virtual-residencia-estudiantes-estacio-sabadell\/"},"author":{"name":"Resest","@id":"https:\/\/resest.com\/es\/#\/schema\/person\/d9965768ae08730dafc3a7c835fcc47c"},"headline":"El Tour Virtual de la Residencia de Estudiantes l&#8217;Estaci\u00f3 de Sabadell","datePublished":"2020-11-11T10:13:00+00:00","dateModified":"2020-12-09T10:21:50+00:00","mainEntityOfPage":{"@id":"https:\/\/resest.com\/es\/blog-es\/tour-virtual-residencia-estudiantes-estacio-sabadell\/"},"wordCount":366,"commentCount":0,"publisher":{"@id":"https:\/\/resest.com\/es\/#organization"},"image":{"@id":"https:\/\/resest.com\/es\/blog-es\/tour-virtual-residencia-estudiantes-estacio-sabadell\/#primaryimage"},"thumbnailUrl":"https:\/\/resest.com\/wp-content\/uploads\/2020\/12\/tour-virtual.jpg","articleSection":["\u00bfPor qu\u00e9 Resest?","Blog","Vida en la Residencia"],"inLanguage":"es","potentialAction":[{"@type":"CommentAction","name":"Comment","target":["https:\/\/resest.com\/es\/blog-es\/tour-virtual-residencia-estudiantes-estacio-sabadell\/#respond"]}]},{"@type":"WebPage","@id":"https:\/\/resest.com\/es\/blog-es\/tour-virtual-residencia-estudiantes-estacio-sabadell\/","url":"https:\/\/resest.com\/es\/blog-es\/tour-virtual-residencia-estudiantes-estacio-sabadell\/","name":"El Tour Virtual de la Residencia de Estudiantes l'Estaci\u00f3 de Sabadell - Resid\u00e8ncia d&#039;Estudiants l&#039;Estaci\u00f3 de Sabadell | Resest","isPartOf":{"@id":"https:\/\/resest.com\/es\/#website"},"primaryImageOfPage":{"@id":"https:\/\/resest.com\/es\/blog-es\/tour-virtual-residencia-estudiantes-estacio-sabadell\/#primaryimage"},"image":{"@id":"https:\/\/resest.com\/es\/blog-es\/tour-virtual-residencia-estudiantes-estacio-sabadell\/#primaryimage"},"thumbnailUrl":"https:\/\/resest.com\/wp-content\/uploads\/2020\/12\/tour-virtual.jpg","datePublished":"2020-11-11T10:13:00+00:00","dateModified":"2020-12-09T10:21:50+00:00","description":"En la Residencia de Estudiantes l\u2019Estaci\u00f3 de Sabadell hemos incorporado en nuestra p\u00e1gina web un Tour Virtual para poder visitar nuestras instalaciones.","breadcrumb":{"@id":"https:\/\/resest.com\/es\/blog-es\/tour-virtual-residencia-estudiantes-estacio-sabadell\/#breadcrumb"},"inLanguage":"es","potentialAction":[{"@type":"ReadAction","target":["https:\/\/resest.com\/es\/blog-es\/tour-virtual-residencia-estudiantes-estacio-sabadell\/"]}]},{"@type":"ImageObject","inLanguage":"es","@id":"https:\/\/resest.com\/es\/blog-es\/tour-virtual-residencia-estudiantes-estacio-sabadell\/#primaryimage","url":"https:\/\/resest.com\/wp-content\/uploads\/2020\/12\/tour-virtual.jpg","contentUrl":"https:\/\/resest.com\/wp-content\/uploads\/2020\/12\/tour-virtual.jpg","width":1200,"height":800,"caption":"tour-virtual-residencia-estudiantes-sabadell"},{"@type":"BreadcrumbList","@id":"https:\/\/resest.com\/es\/blog-es\/tour-virtual-residencia-estudiantes-estacio-sabadell\/#breadcrumb","itemListElement":[{"@type":"ListItem","position":1,"name":"Inici","item":"https:\/\/resest.com\/es\/"},{"@type":"ListItem","position":2,"name":"El Tour Virtual de la Residencia de Estudiantes l&#8217;Estaci\u00f3 de Sabadell"}]},{"@type":"WebSite","@id":"https:\/\/resest.com\/es\/#website","url":"https:\/\/resest.com\/es\/","name":"Resid\u00e8ncia d&#039;Estudiants l&#039;Estaci\u00f3 de Sabadell | Resest","description":"Otro sitio realizado con WordPress","publisher":{"@id":"https:\/\/resest.com\/es\/#organization"},"potentialAction":[{"@type":"SearchAction","target":{"@type":"EntryPoint","urlTemplate":"https:\/\/resest.com\/es\/?s={search_term_string}"},"query-input":{"@type":"PropertyValueSpecification","valueRequired":true,"valueName":"search_term_string"}}],"inLanguage":"es"},{"@type":"Organization","@id":"https:\/\/resest.com\/es\/#organization","name":"Resid\u00e8ncia d&#039;Estudiants l&#039;Estaci\u00f3 de Sabadell | Resest","url":"https:\/\/resest.com\/es\/","logo":{"@type":"ImageObject","inLanguage":"es","@id":"https:\/\/resest.com\/es\/#\/schema\/logo\/image\/","url":"https:\/\/resest.com\/wp-content\/uploads\/2024\/03\/Facana-1.jpg","contentUrl":"https:\/\/resest.com\/wp-content\/uploads\/2024\/03\/Facana-1.jpg","width":1200,"height":1009,"caption":"Resid\u00e8ncia d&#039;Estudiants l&#039;Estaci\u00f3 de Sabadell | Resest"},"image":{"@id":"https:\/\/resest.com\/es\/#\/schema\/logo\/image\/"}},{"@type":"Person","@id":"https:\/\/resest.com\/es\/#\/schema\/person\/d9965768ae08730dafc3a7c835fcc47c","name":"Resest","image":{"@type":"ImageObject","inLanguage":"es","@id":"https:\/\/resest.com\/es\/#\/schema\/person\/image\/","url":"https:\/\/secure.gravatar.com\/avatar\/0c7509c85c836ff68bc43efa415976254ed1463e7bbc3edf38a658092e29e5b4?s=96&d=mm&r=g","contentUrl":"https:\/\/secure.gravatar.com\/avatar\/0c7509c85c836ff68bc43efa415976254ed1463e7bbc3edf38a658092e29e5b4?s=96&d=mm&r=g","caption":"Resest"},"url":"https:\/\/resest.com\/es\/author\/jordi\/"}]}},"_links":{"self":[{"href":"https:\/\/resest.com\/es\/wp-json\/wp\/v2\/posts\/8993","targetHints":{"allow":["GET"]}}],"collection":[{"href":"https:\/\/resest.com\/es\/wp-json\/wp\/v2\/posts"}],"about":[{"href":"https:\/\/resest.com\/es\/wp-json\/wp\/v2\/types\/post"}],"author":[{"embeddable":true,"href":"https:\/\/resest.com\/es\/wp-json\/wp\/v2\/users\/1"}],"replies":[{"embeddable":true,"href":"https:\/\/resest.com\/es\/wp-json\/wp\/v2\/comments?post=8993"}],"version-history":[{"count":0,"href":"https:\/\/resest.com\/es\/wp-json\/wp\/v2\/posts\/8993\/revisions"}],"wp:featuredmedia":[{"embeddable":true,"href":"https:\/\/resest.com\/es\/wp-json\/wp\/v2\/media\/8991"}],"wp:attachment":[{"href":"https:\/\/resest.com\/es\/wp-json\/wp\/v2\/media?parent=8993"}],"wp:term":[{"taxonomy":"category","embeddable":true,"href":"https:\/\/resest.com\/es\/wp-json\/wp\/v2\/categories?post=8993"},{"taxonomy":"post_tag","embeddable":true,"href":"https:\/\/resest.com\/es\/wp-json\/wp\/v2\/tags?post=8993"}],"curies":[{"name":"wp","href":"https:\/\/api.w.org\/{rel}","templated":true}]}}