{"id":8522,"date":"2019-12-11T12:41:04","date_gmt":"2019-12-11T11:41:04","guid":{"rendered":"https:\/\/resest.com\/?p=8522"},"modified":"2020-02-07T12:57:48","modified_gmt":"2020-02-07T11:57:48","slug":"la-vuelta-a-casa-y-la-navidad-en-resest","status":"publish","type":"post","link":"https:\/\/resest.com\/es\/para-que-resest\/la-vuelta-a-casa-y-la-navidad-en-resest\/","title":{"rendered":"La vuelta a casa y la Navidad en Resest"},"content":{"rendered":"\n<p>Ahora s\u00ed que podemos decir que&nbsp; la Navidad est\u00e1 a la vuelta de la esquina.\n\u00bfC\u00f3mo puede ser que pase tan r\u00e1pido el tiempo? Se dice que cuando haces cosas\nchulas el tiempo pasa volando, pues ser\u00e1 que en la <strong>residencia de estudiantes de Sabadell<\/strong> nos lo pasamos de maravilla ??<\/p>\n\n\n\n<p>En la <strong><a href=\"https:\/\/resest.com\/es\/la-residencia-de-estudiantes-en-sabadell-barcelona\/\">Residencia\nde Estudiantes l\u2019Estaci\u00f3 de Sabadell<\/a><\/strong> ya lo tenemos todo preparado para\ndar la bienvenida a la Navidad. La verdad es que guste o no, que aqu\u00ed nosotros\nno nos ponemos ?, decorar un hogar con \u00e1rboles,\nluces de colores, flores de Navidad, da un calor especial en el ambiente y nos\nrecuerda al pasar en la \u00e9poca m\u00e1gica en la que nos encontramos.<\/p>\n\n\n\n<p>En <strong><a href=\"https:\/\/resest.com\/es\/\">Resest<\/a><\/strong> somos una gran familia que vive en un gran hogar, as\u00ed que tambi\u00e9n hemos querido dar ese toque especial a nuestro gran hogar. Os dejamos una peque\u00f1a muestra de la decoraci\u00f3n que hemos puesto en la residencia \u00a1mirar c\u00f3mo luce!<\/p>\n\n\n\n<figure class=\"wp-block-image\"><img loading=\"lazy\" decoding=\"async\" width=\"768\" height=\"1024\" src=\"https:\/\/resest.com\/wp-content\/uploads\/2019\/12\/WhatsApp-Image-2019-12-09-at-18.56.27-1-1-768x1024.jpeg\" alt=\"\" class=\"wp-image-8523\" srcset=\"https:\/\/resest.com\/wp-content\/uploads\/2019\/12\/WhatsApp-Image-2019-12-09-at-18.56.27-1-1-768x1024.jpeg 768w, https:\/\/resest.com\/wp-content\/uploads\/2019\/12\/WhatsApp-Image-2019-12-09-at-18.56.27-1-1-225x300.jpeg 225w, https:\/\/resest.com\/wp-content\/uploads\/2019\/12\/WhatsApp-Image-2019-12-09-at-18.56.27-1-1.jpeg 900w\" sizes=\"auto, (max-width: 768px) 100vw, 768px\" \/><\/figure>\n\n\n\n<figure class=\"wp-block-image\"><img loading=\"lazy\" decoding=\"async\" width=\"766\" height=\"1024\" src=\"https:\/\/resest.com\/wp-content\/uploads\/2019\/12\/WhatsApp-Image-2019-12-09-at-18.56.26-1-766x1024.jpeg\" alt=\"\" class=\"wp-image-8527\" srcset=\"https:\/\/resest.com\/wp-content\/uploads\/2019\/12\/WhatsApp-Image-2019-12-09-at-18.56.26-1-766x1024.jpeg 766w, https:\/\/resest.com\/wp-content\/uploads\/2019\/12\/WhatsApp-Image-2019-12-09-at-18.56.26-1-225x300.jpeg 225w, https:\/\/resest.com\/wp-content\/uploads\/2019\/12\/WhatsApp-Image-2019-12-09-at-18.56.26-1-768x1026.jpeg 768w, https:\/\/resest.com\/wp-content\/uploads\/2019\/12\/WhatsApp-Image-2019-12-09-at-18.56.26-1.jpeg 898w\" sizes=\"auto, (max-width: 766px) 100vw, 766px\" \/><\/figure>\n\n\n\n<figure class=\"wp-block-image\"><img loading=\"lazy\" decoding=\"async\" width=\"768\" height=\"1024\" src=\"https:\/\/resest.com\/wp-content\/uploads\/2019\/12\/WhatsApp-Image-2019-12-09-at-18.56.27-3-1-768x1024.jpeg\" alt=\"\" class=\"wp-image-8531\" srcset=\"https:\/\/resest.com\/wp-content\/uploads\/2019\/12\/WhatsApp-Image-2019-12-09-at-18.56.27-3-1-768x1024.jpeg 768w, https:\/\/resest.com\/wp-content\/uploads\/2019\/12\/WhatsApp-Image-2019-12-09-at-18.56.27-3-1-225x300.jpeg 225w, https:\/\/resest.com\/wp-content\/uploads\/2019\/12\/WhatsApp-Image-2019-12-09-at-18.56.27-3-1.jpeg 900w\" sizes=\"auto, (max-width: 768px) 100vw, 768px\" \/><\/figure>\n\n\n\n<p>Todos, tanto personal como residentes, coincidimos en que no\nes necesario recargar los espacios; con peque\u00f1os toques navide\u00f1os tenemos\nsuficiente para sentir la ilusi\u00f3n de los d\u00edas que nos esperan: encuentros\nfamiliares, comilonas, fiestas, regalos\u2026<\/p>\n\n\n\n<p>Y para no perder la tradici\u00f3n, el pr\u00f3ximo martes 17 de Diciembre\n<strong><a href=\"https:\/\/resest.com\/es\/instalaciones-residencia-estudiantes-barcelona-bellaterra\/\">Resest<\/a><\/strong>\nestar\u00e1 de fiesta! ??<\/p>\n\n\n\n<p>Si esa noche pas\u00e1is cerca de la <strong><a href=\"https:\/\/resest.com\/es\/ubicacion-residencia-estudiantil-en-sabadell-bellaterra\/\">Residencia\nde Sabadell<\/a><\/strong> no os asust\u00e9is si escuch\u00e1is m\u00fasica y risotadas! Todos\njuntos estaremos disfrutando de la <strong>cena\nde Navidad<\/strong> antes de que los residentes marchen a sus casas para pasar las\nfiestas con sus familias.<\/p>\n\n\n\n<p>\u00a1Mirar la cena que nos espera!<\/p>\n\n\n\n<figure class=\"wp-block-image\"><img loading=\"lazy\" decoding=\"async\" width=\"960\" height=\"720\" src=\"https:\/\/resest.com\/wp-content\/uploads\/2019\/12\/Sopar-Nadal-19-1.png\" alt=\"\" class=\"wp-image-8535\" srcset=\"https:\/\/resest.com\/wp-content\/uploads\/2019\/12\/Sopar-Nadal-19-1.png 960w, https:\/\/resest.com\/wp-content\/uploads\/2019\/12\/Sopar-Nadal-19-1-300x225.png 300w, https:\/\/resest.com\/wp-content\/uploads\/2019\/12\/Sopar-Nadal-19-1-768x576.png 768w\" sizes=\"auto, (max-width: 960px) 100vw, 960px\" \/><\/figure>\n\n\n\n<p>Estamos muy ilusionados y expectantes de que llegue el d\u00eda\u2026\no mejor dicho \u00a1la noche del 17!<\/p>\n\n\n\n<p>El a\u00f1o que viene repetiremos, as\u00ed que si todav\u00eda dudas sobre\ndonde alojarte el pr\u00f3ximo curso, aqu\u00ed tienes otro motivo para unirte a nuestra\nfamilia ??<\/p>\n","protected":false},"excerpt":{"rendered":"<p>Ahora s\u00ed que podemos decir que&nbsp; la Navidad est\u00e1 a la vuelta de la esquina. \u00bfC\u00f3mo puede ser que pase tan r\u00e1pido el tiempo? Se dice que cuando haces cosas chulas el tiempo pasa volando, pues ser\u00e1 que en la residencia de estudiantes de Sabadell nos lo pasamos de maravilla ?? En la Residencia de&hellip;<\/p>\n","protected":false},"author":1,"featured_media":8538,"comment_status":"open","ping_status":"open","sticky":false,"template":"","format":"standard","meta":{"footnotes":""},"categories":[56,66],"tags":[],"class_list":["post-8522","post","type-post","status-publish","format-standard","has-post-thumbnail","hentry","category-para-que-resest","category-vida-en-la-residencia-es","entry","has-media"],"yoast_head":"<!-- This site is optimized with the Yoast SEO plugin v26.4 - https:\/\/yoast.com\/wordpress\/plugins\/seo\/ -->\n<title>La vuelta a casa y la Navidad en Resest - Resid\u00e8ncia d&#039;Estudiants l&#039;Estaci\u00f3 de Sabadell | Resest<\/title>\n<meta name=\"description\" content=\"La Navidad est\u00e1 a la vuelta de la esquina y en la residencia de estudiantes de Sabadell lo tenemos todo preparado para darle la bienvenida como se merece.\" \/>\n<meta name=\"robots\" content=\"index, follow, max-snippet:-1, max-image-preview:large, max-video-preview:-1\" \/>\n<link rel=\"canonical\" href=\"https:\/\/resest.com\/es\/para-que-resest\/la-vuelta-a-casa-y-la-navidad-en-resest\/\" \/>\n<meta property=\"og:locale\" content=\"es_ES\" \/>\n<meta property=\"og:type\" content=\"article\" \/>\n<meta property=\"og:title\" content=\"La vuelta a casa y la Navidad en Resest - Resid\u00e8ncia d&#039;Estudiants l&#039;Estaci\u00f3 de Sabadell | Resest\" \/>\n<meta property=\"og:description\" content=\"La Navidad est\u00e1 a la vuelta de la esquina y en la residencia de estudiantes de Sabadell lo tenemos todo preparado para darle la bienvenida como se merece.\" \/>\n<meta property=\"og:url\" content=\"https:\/\/resest.com\/es\/para-que-resest\/la-vuelta-a-casa-y-la-navidad-en-resest\/\" \/>\n<meta property=\"og:site_name\" content=\"Resid\u00e8ncia d&#039;Estudiants l&#039;Estaci\u00f3 de Sabadell | Resest\" \/>\n<meta property=\"article:published_time\" content=\"2019-12-11T11:41:04+00:00\" \/>\n<meta property=\"article:modified_time\" content=\"2020-02-07T11:57:48+00:00\" \/>\n<meta property=\"og:image\" content=\"https:\/\/resest.com\/wp-content\/uploads\/2019\/12\/Sopar-Nadal-19-1.png\" \/>\n\t<meta property=\"og:image:width\" content=\"960\" \/>\n\t<meta property=\"og:image:height\" content=\"720\" \/>\n\t<meta property=\"og:image:type\" content=\"image\/png\" \/>\n<meta name=\"author\" content=\"Resest\" \/>\n<meta name=\"twitter:label1\" content=\"Escrito por\" \/>\n\t<meta name=\"twitter:data1\" content=\"Resest\" \/>\n\t<meta name=\"twitter:label2\" content=\"Tiempo de lectura\" \/>\n\t<meta name=\"twitter:data2\" content=\"2 minutos\" \/>\n<script type=\"application\/ld+json\" class=\"yoast-schema-graph\">{\"@context\":\"https:\/\/schema.org\",\"@graph\":[{\"@type\":\"Article\",\"@id\":\"https:\/\/resest.com\/es\/para-que-resest\/la-vuelta-a-casa-y-la-navidad-en-resest\/#article\",\"isPartOf\":{\"@id\":\"https:\/\/resest.com\/es\/para-que-resest\/la-vuelta-a-casa-y-la-navidad-en-resest\/\"},\"author\":{\"name\":\"Resest\",\"@id\":\"https:\/\/resest.com\/es\/#\/schema\/person\/d9965768ae08730dafc3a7c835fcc47c\"},\"headline\":\"La vuelta a casa y la Navidad en Resest\",\"datePublished\":\"2019-12-11T11:41:04+00:00\",\"dateModified\":\"2020-02-07T11:57:48+00:00\",\"mainEntityOfPage\":{\"@id\":\"https:\/\/resest.com\/es\/para-que-resest\/la-vuelta-a-casa-y-la-navidad-en-resest\/\"},\"wordCount\":329,\"commentCount\":0,\"publisher\":{\"@id\":\"https:\/\/resest.com\/es\/#organization\"},\"image\":{\"@id\":\"https:\/\/resest.com\/es\/para-que-resest\/la-vuelta-a-casa-y-la-navidad-en-resest\/#primaryimage\"},\"thumbnailUrl\":\"https:\/\/resest.com\/wp-content\/uploads\/2019\/12\/Sopar-Nadal-19-1.png\",\"articleSection\":[\"\u00bfPor qu\u00e9 Resest?\",\"Vida en la Residencia\"],\"inLanguage\":\"es\",\"potentialAction\":[{\"@type\":\"CommentAction\",\"name\":\"Comment\",\"target\":[\"https:\/\/resest.com\/es\/para-que-resest\/la-vuelta-a-casa-y-la-navidad-en-resest\/#respond\"]}]},{\"@type\":\"WebPage\",\"@id\":\"https:\/\/resest.com\/es\/para-que-resest\/la-vuelta-a-casa-y-la-navidad-en-resest\/\",\"url\":\"https:\/\/resest.com\/es\/para-que-resest\/la-vuelta-a-casa-y-la-navidad-en-resest\/\",\"name\":\"La vuelta a casa y la Navidad en Resest - Resid\u00e8ncia d&#039;Estudiants l&#039;Estaci\u00f3 de Sabadell | Resest\",\"isPartOf\":{\"@id\":\"https:\/\/resest.com\/es\/#website\"},\"primaryImageOfPage\":{\"@id\":\"https:\/\/resest.com\/es\/para-que-resest\/la-vuelta-a-casa-y-la-navidad-en-resest\/#primaryimage\"},\"image\":{\"@id\":\"https:\/\/resest.com\/es\/para-que-resest\/la-vuelta-a-casa-y-la-navidad-en-resest\/#primaryimage\"},\"thumbnailUrl\":\"https:\/\/resest.com\/wp-content\/uploads\/2019\/12\/Sopar-Nadal-19-1.png\",\"datePublished\":\"2019-12-11T11:41:04+00:00\",\"dateModified\":\"2020-02-07T11:57:48+00:00\",\"description\":\"La Navidad est\u00e1 a la vuelta de la esquina y en la residencia de estudiantes de Sabadell lo tenemos todo preparado para darle la bienvenida como se merece.\",\"breadcrumb\":{\"@id\":\"https:\/\/resest.com\/es\/para-que-resest\/la-vuelta-a-casa-y-la-navidad-en-resest\/#breadcrumb\"},\"inLanguage\":\"es\",\"potentialAction\":[{\"@type\":\"ReadAction\",\"target\":[\"https:\/\/resest.com\/es\/para-que-resest\/la-vuelta-a-casa-y-la-navidad-en-resest\/\"]}]},{\"@type\":\"ImageObject\",\"inLanguage\":\"es\",\"@id\":\"https:\/\/resest.com\/es\/para-que-resest\/la-vuelta-a-casa-y-la-navidad-en-resest\/#primaryimage\",\"url\":\"https:\/\/resest.com\/wp-content\/uploads\/2019\/12\/Sopar-Nadal-19-1.png\",\"contentUrl\":\"https:\/\/resest.com\/wp-content\/uploads\/2019\/12\/Sopar-Nadal-19-1.png\",\"width\":960,\"height\":720,\"caption\":\"cena-navidad-residencia-estudiantes-sabadell\"},{\"@type\":\"BreadcrumbList\",\"@id\":\"https:\/\/resest.com\/es\/para-que-resest\/la-vuelta-a-casa-y-la-navidad-en-resest\/#breadcrumb\",\"itemListElement\":[{\"@type\":\"ListItem\",\"position\":1,\"name\":\"Inici\",\"item\":\"https:\/\/resest.com\/es\/\"},{\"@type\":\"ListItem\",\"position\":2,\"name\":\"La vuelta a casa y la Navidad en Resest\"}]},{\"@type\":\"WebSite\",\"@id\":\"https:\/\/resest.com\/es\/#website\",\"url\":\"https:\/\/resest.com\/es\/\",\"name\":\"Resid\u00e8ncia d&#039;Estudiants l&#039;Estaci\u00f3 de Sabadell | Resest\",\"description\":\"Otro sitio realizado con WordPress\",\"publisher\":{\"@id\":\"https:\/\/resest.com\/es\/#organization\"},\"potentialAction\":[{\"@type\":\"SearchAction\",\"target\":{\"@type\":\"EntryPoint\",\"urlTemplate\":\"https:\/\/resest.com\/es\/?s={search_term_string}\"},\"query-input\":{\"@type\":\"PropertyValueSpecification\",\"valueRequired\":true,\"valueName\":\"search_term_string\"}}],\"inLanguage\":\"es\"},{\"@type\":\"Organization\",\"@id\":\"https:\/\/resest.com\/es\/#organization\",\"name\":\"Resid\u00e8ncia d&#039;Estudiants l&#039;Estaci\u00f3 de Sabadell | Resest\",\"url\":\"https:\/\/resest.com\/es\/\",\"logo\":{\"@type\":\"ImageObject\",\"inLanguage\":\"es\",\"@id\":\"https:\/\/resest.com\/es\/#\/schema\/logo\/image\/\",\"url\":\"https:\/\/resest.com\/wp-content\/uploads\/2024\/03\/Facana-1.jpg\",\"contentUrl\":\"https:\/\/resest.com\/wp-content\/uploads\/2024\/03\/Facana-1.jpg\",\"width\":1200,\"height\":1009,\"caption\":\"Resid\u00e8ncia d&#039;Estudiants l&#039;Estaci\u00f3 de Sabadell | Resest\"},\"image\":{\"@id\":\"https:\/\/resest.com\/es\/#\/schema\/logo\/image\/\"}},{\"@type\":\"Person\",\"@id\":\"https:\/\/resest.com\/es\/#\/schema\/person\/d9965768ae08730dafc3a7c835fcc47c\",\"name\":\"Resest\",\"image\":{\"@type\":\"ImageObject\",\"inLanguage\":\"es\",\"@id\":\"https:\/\/resest.com\/es\/#\/schema\/person\/image\/\",\"url\":\"https:\/\/secure.gravatar.com\/avatar\/0c7509c85c836ff68bc43efa415976254ed1463e7bbc3edf38a658092e29e5b4?s=96&d=mm&r=g\",\"contentUrl\":\"https:\/\/secure.gravatar.com\/avatar\/0c7509c85c836ff68bc43efa415976254ed1463e7bbc3edf38a658092e29e5b4?s=96&d=mm&r=g\",\"caption\":\"Resest\"},\"url\":\"https:\/\/resest.com\/es\/author\/jordi\/\"}]}<\/script>\n<!-- \/ Yoast SEO plugin. -->","yoast_head_json":{"title":"La vuelta a casa y la Navidad en Resest - Resid\u00e8ncia d&#039;Estudiants l&#039;Estaci\u00f3 de Sabadell | Resest","description":"La Navidad est\u00e1 a la vuelta de la esquina y en la residencia de estudiantes de Sabadell lo tenemos todo preparado para darle la bienvenida como se merece.","robots":{"index":"index","follow":"follow","max-snippet":"max-snippet:-1","max-image-preview":"max-image-preview:large","max-video-preview":"max-video-preview:-1"},"canonical":"https:\/\/resest.com\/es\/para-que-resest\/la-vuelta-a-casa-y-la-navidad-en-resest\/","og_locale":"es_ES","og_type":"article","og_title":"La vuelta a casa y la Navidad en Resest - Resid\u00e8ncia d&#039;Estudiants l&#039;Estaci\u00f3 de Sabadell | Resest","og_description":"La Navidad est\u00e1 a la vuelta de la esquina y en la residencia de estudiantes de Sabadell lo tenemos todo preparado para darle la bienvenida como se merece.","og_url":"https:\/\/resest.com\/es\/para-que-resest\/la-vuelta-a-casa-y-la-navidad-en-resest\/","og_site_name":"Resid\u00e8ncia d&#039;Estudiants l&#039;Estaci\u00f3 de Sabadell | Resest","article_published_time":"2019-12-11T11:41:04+00:00","article_modified_time":"2020-02-07T11:57:48+00:00","og_image":[{"width":960,"height":720,"url":"https:\/\/resest.com\/wp-content\/uploads\/2019\/12\/Sopar-Nadal-19-1.png","type":"image\/png"}],"author":"Resest","twitter_misc":{"Escrito por":"Resest","Tiempo de lectura":"2 minutos"},"schema":{"@context":"https:\/\/schema.org","@graph":[{"@type":"Article","@id":"https:\/\/resest.com\/es\/para-que-resest\/la-vuelta-a-casa-y-la-navidad-en-resest\/#article","isPartOf":{"@id":"https:\/\/resest.com\/es\/para-que-resest\/la-vuelta-a-casa-y-la-navidad-en-resest\/"},"author":{"name":"Resest","@id":"https:\/\/resest.com\/es\/#\/schema\/person\/d9965768ae08730dafc3a7c835fcc47c"},"headline":"La vuelta a casa y la Navidad en Resest","datePublished":"2019-12-11T11:41:04+00:00","dateModified":"2020-02-07T11:57:48+00:00","mainEntityOfPage":{"@id":"https:\/\/resest.com\/es\/para-que-resest\/la-vuelta-a-casa-y-la-navidad-en-resest\/"},"wordCount":329,"commentCount":0,"publisher":{"@id":"https:\/\/resest.com\/es\/#organization"},"image":{"@id":"https:\/\/resest.com\/es\/para-que-resest\/la-vuelta-a-casa-y-la-navidad-en-resest\/#primaryimage"},"thumbnailUrl":"https:\/\/resest.com\/wp-content\/uploads\/2019\/12\/Sopar-Nadal-19-1.png","articleSection":["\u00bfPor qu\u00e9 Resest?","Vida en la Residencia"],"inLanguage":"es","potentialAction":[{"@type":"CommentAction","name":"Comment","target":["https:\/\/resest.com\/es\/para-que-resest\/la-vuelta-a-casa-y-la-navidad-en-resest\/#respond"]}]},{"@type":"WebPage","@id":"https:\/\/resest.com\/es\/para-que-resest\/la-vuelta-a-casa-y-la-navidad-en-resest\/","url":"https:\/\/resest.com\/es\/para-que-resest\/la-vuelta-a-casa-y-la-navidad-en-resest\/","name":"La vuelta a casa y la Navidad en Resest - Resid\u00e8ncia d&#039;Estudiants l&#039;Estaci\u00f3 de Sabadell | Resest","isPartOf":{"@id":"https:\/\/resest.com\/es\/#website"},"primaryImageOfPage":{"@id":"https:\/\/resest.com\/es\/para-que-resest\/la-vuelta-a-casa-y-la-navidad-en-resest\/#primaryimage"},"image":{"@id":"https:\/\/resest.com\/es\/para-que-resest\/la-vuelta-a-casa-y-la-navidad-en-resest\/#primaryimage"},"thumbnailUrl":"https:\/\/resest.com\/wp-content\/uploads\/2019\/12\/Sopar-Nadal-19-1.png","datePublished":"2019-12-11T11:41:04+00:00","dateModified":"2020-02-07T11:57:48+00:00","description":"La Navidad est\u00e1 a la vuelta de la esquina y en la residencia de estudiantes de Sabadell lo tenemos todo preparado para darle la bienvenida como se merece.","breadcrumb":{"@id":"https:\/\/resest.com\/es\/para-que-resest\/la-vuelta-a-casa-y-la-navidad-en-resest\/#breadcrumb"},"inLanguage":"es","potentialAction":[{"@type":"ReadAction","target":["https:\/\/resest.com\/es\/para-que-resest\/la-vuelta-a-casa-y-la-navidad-en-resest\/"]}]},{"@type":"ImageObject","inLanguage":"es","@id":"https:\/\/resest.com\/es\/para-que-resest\/la-vuelta-a-casa-y-la-navidad-en-resest\/#primaryimage","url":"https:\/\/resest.com\/wp-content\/uploads\/2019\/12\/Sopar-Nadal-19-1.png","contentUrl":"https:\/\/resest.com\/wp-content\/uploads\/2019\/12\/Sopar-Nadal-19-1.png","width":960,"height":720,"caption":"cena-navidad-residencia-estudiantes-sabadell"},{"@type":"BreadcrumbList","@id":"https:\/\/resest.com\/es\/para-que-resest\/la-vuelta-a-casa-y-la-navidad-en-resest\/#breadcrumb","itemListElement":[{"@type":"ListItem","position":1,"name":"Inici","item":"https:\/\/resest.com\/es\/"},{"@type":"ListItem","position":2,"name":"La vuelta a casa y la Navidad en Resest"}]},{"@type":"WebSite","@id":"https:\/\/resest.com\/es\/#website","url":"https:\/\/resest.com\/es\/","name":"Resid\u00e8ncia d&#039;Estudiants l&#039;Estaci\u00f3 de Sabadell | Resest","description":"Otro sitio realizado con WordPress","publisher":{"@id":"https:\/\/resest.com\/es\/#organization"},"potentialAction":[{"@type":"SearchAction","target":{"@type":"EntryPoint","urlTemplate":"https:\/\/resest.com\/es\/?s={search_term_string}"},"query-input":{"@type":"PropertyValueSpecification","valueRequired":true,"valueName":"search_term_string"}}],"inLanguage":"es"},{"@type":"Organization","@id":"https:\/\/resest.com\/es\/#organization","name":"Resid\u00e8ncia d&#039;Estudiants l&#039;Estaci\u00f3 de Sabadell | Resest","url":"https:\/\/resest.com\/es\/","logo":{"@type":"ImageObject","inLanguage":"es","@id":"https:\/\/resest.com\/es\/#\/schema\/logo\/image\/","url":"https:\/\/resest.com\/wp-content\/uploads\/2024\/03\/Facana-1.jpg","contentUrl":"https:\/\/resest.com\/wp-content\/uploads\/2024\/03\/Facana-1.jpg","width":1200,"height":1009,"caption":"Resid\u00e8ncia d&#039;Estudiants l&#039;Estaci\u00f3 de Sabadell | Resest"},"image":{"@id":"https:\/\/resest.com\/es\/#\/schema\/logo\/image\/"}},{"@type":"Person","@id":"https:\/\/resest.com\/es\/#\/schema\/person\/d9965768ae08730dafc3a7c835fcc47c","name":"Resest","image":{"@type":"ImageObject","inLanguage":"es","@id":"https:\/\/resest.com\/es\/#\/schema\/person\/image\/","url":"https:\/\/secure.gravatar.com\/avatar\/0c7509c85c836ff68bc43efa415976254ed1463e7bbc3edf38a658092e29e5b4?s=96&d=mm&r=g","contentUrl":"https:\/\/secure.gravatar.com\/avatar\/0c7509c85c836ff68bc43efa415976254ed1463e7bbc3edf38a658092e29e5b4?s=96&d=mm&r=g","caption":"Resest"},"url":"https:\/\/resest.com\/es\/author\/jordi\/"}]}},"_links":{"self":[{"href":"https:\/\/resest.com\/es\/wp-json\/wp\/v2\/posts\/8522","targetHints":{"allow":["GET"]}}],"collection":[{"href":"https:\/\/resest.com\/es\/wp-json\/wp\/v2\/posts"}],"about":[{"href":"https:\/\/resest.com\/es\/wp-json\/wp\/v2\/types\/post"}],"author":[{"embeddable":true,"href":"https:\/\/resest.com\/es\/wp-json\/wp\/v2\/users\/1"}],"replies":[{"embeddable":true,"href":"https:\/\/resest.com\/es\/wp-json\/wp\/v2\/comments?post=8522"}],"version-history":[{"count":0,"href":"https:\/\/resest.com\/es\/wp-json\/wp\/v2\/posts\/8522\/revisions"}],"wp:featuredmedia":[{"embeddable":true,"href":"https:\/\/resest.com\/es\/wp-json\/wp\/v2\/media\/8538"}],"wp:attachment":[{"href":"https:\/\/resest.com\/es\/wp-json\/wp\/v2\/media?parent=8522"}],"wp:term":[{"taxonomy":"category","embeddable":true,"href":"https:\/\/resest.com\/es\/wp-json\/wp\/v2\/categories?post=8522"},{"taxonomy":"post_tag","embeddable":true,"href":"https:\/\/resest.com\/es\/wp-json\/wp\/v2\/tags?post=8522"}],"curies":[{"name":"wp","href":"https:\/\/api.w.org\/{rel}","templated":true}]}}