{"id":8010,"date":"2019-07-16T10:13:27","date_gmt":"2019-07-16T09:13:27","guid":{"rendered":"https:\/\/resest.com\/?p=8010"},"modified":"2020-02-07T12:59:54","modified_gmt":"2020-02-07T11:59:54","slug":"acabar-carrera-universitaria-en-residencia-estudiantes-sabadell","status":"publish","type":"post","link":"https:\/\/resest.com\/es\/vida-de-lestudiant-es\/acabar-carrera-universitaria-en-residencia-estudiantes-sabadell\/","title":{"rendered":"He finalizado la carrera universitaria. \u00bfQu\u00e9 hago a continuaci\u00f3n?"},"content":{"rendered":"\n<p>Ya he terminado los estudios universitarios \u00bfy ahora qu\u00e9\nhago? Esta pregunta es la habitual una vez finalizamos los estudios que nos han\nocupado unos a\u00f1os de nuestra vida. Y es normal ya que de repente nos\nencontramos en un mundo en el que todav\u00eda no hab\u00edamos estado y puede ser que\nnos sintamos un poco perdidos. En nuestra<strong><a href=\"https:\/\/resest.com\/es\/la-residencia-de-estudiantes-en-sabadell-barcelona\/\">\nresidencia de estudiantes de Sabadell<\/a><\/strong>alojamos cada a\u00f1o un gran n\u00famero de estudiantes que al finalizar\nsus estudios se han encontrado en la misma situaci\u00f3n, por lo que contamos con\ngran experiencia en este sentido. Desde la <strong><a href=\"https:\/\/resest.com\/es\/servicios-residencia-estudiantil-en-barcelona-bellaterra\/\">Residencia\nde Estudiantes l\u2019Estaci\u00f3 Sabadell<\/a><\/strong> podemos ayudarte a encontrar\ntu camino.<\/p>\n\n\n\n<h2 class=\"wp-block-heading\">Viajar o cogerse un a\u00f1o sab\u00e1tico<\/h2>\n\n\n\n<p>Son numerosos los estudios que abalan que <strong>viajar aporta una gran cantidad de\nbeneficios<\/strong>. Puede ayudar a reducir el estr\u00e9s post universitario, potenciar\nla capacidad para resolver problemas, aumentar las capacidades comunicativas y\nsociales. Tanto si dedicas un tiempo a viajar o coger un a\u00f1o sab\u00e1tico, el hecho\nde marchar nos ayudar\u00e1 a abrir la mente, a tener una perspectiva de uno mismo y\nreordenar todas las ideas para <strong>valorar\nc\u00f3mo enfocar la futura vida profesional<\/strong>.<\/p>\n\n\n\n<h2 class=\"wp-block-heading\">Continuar con los estudios<\/h2>\n\n\n\n<p>En los casos en que se cree que no ha sido suficiente la\nrealizaci\u00f3n de una carrera hay muchas opciones para continuar form\u00e1ndose y\nadquirir m\u00e1s conocimientos sobre el tema en cuesti\u00f3n. Se pueden realizar <strong>masters y postgrados<\/strong> en la misma\nuniversidad o bien en otros centros educativos especializados. En <a href=\"https:\/\/resest.com\/es\/ubicacion-residencia-estudiantil-en-sabadell-bellaterra\/\">Barcelona\ncontamos con muchos de estos centros<\/a> por lo que no te ser\u00e1 dif\u00edcil\nencontrar lo que buscas.<\/p>\n\n\n\n<p>Otra rama para continuar con los estudios son las\noposiciones. En funci\u00f3n de qu\u00e9 carrera se haya estudiado puede ser necesaria la\nrealizaci\u00f3n de unas oposiciones para poder aprobar el examen y <strong>trabajar como funcionario del Estado.<\/strong><\/p>\n\n\n\n<h2 class=\"wp-block-heading\">Darse de alta en el paro<\/h2>\n\n\n\n<p>Otra opci\u00f3n una vez se finaliza la carrera es darse de alta\nen el paro, desde donde te podr\u00e1n llamar para ocupar alguna oferta de trabajo.\nLo importante de este punto es que mientras no encuentras la oferta ideal,\nmientras est\u00e9s apuntado en el paro podr\u00e1s realizar gran cantidad de <strong>cursos formativos relacionados con tu\nespecialidad y de manera gratuita<\/strong>.<\/p>\n\n\n\n<h2 class=\"wp-block-heading\">Introducci\u00f3n en el mundo laboral<\/h2>\n\n\n\n<p>Si lo que se quiere es directamente comenzar a trabajar\ntenemos diversas opciones, seg\u00fan nuestras preferencias o la situaci\u00f3n en la que\nnos encontremos, estas son algunas:<\/p>\n\n\n\n<p>*<strong>Voluntariado<\/strong>: en\ncaso de que todav\u00eda no sepas qu\u00e9 hacer y por tanto no encuentras un trabajo que\nte llene se puede realizar un voluntariado, ya que es una manera muy\nenriquecedora para ocupar el tiempo libre ayudando a la comunidad.<\/p>\n\n\n\n<p><strong>*Pr\u00e1cticas\nProfesionales:<\/strong> realizar este tipo de pr\u00e1cticas nos da una gran oportunidad\npara afianzar los conocimientos obtenidos durante la carrera, ponerlos en\npr\u00e1ctica y comenzar a llenar el curr\u00edculum profesional.<\/p>\n\n\n\n<p><strong>*Trabajo\ncorrespondiente a los estudios ya realizados<\/strong>: una de las opciones m\u00e1s\nhabituales es el hecho de buscar directamente un trabajo relacionado con los\nestudios finalizados y as\u00ed introducirse de lleno en el mundo profesional que\nhemos escogido.<\/p>\n\n\n\n<p><strong>*Emprender un\nnegocio:<\/strong> a veces pensamos que emprender un negocio conlleva una gran\ninversi\u00f3n de capital inicial pero no siempre es as\u00ed, todo depender\u00e1 del negocio\nque se quiera montar ya que hay algunos que no requieren de un gran capital.<\/p>\n\n\n\n<p><strong>*Trabajar en el\nextranjero y aprender un idioma:<\/strong> hoy en d\u00eda existen posibilidades en todo\nel mundo. Adem\u00e1s, aparte de vivir la experiencia de conocer y trabajar en otro\npa\u00eds se da la oportunidad de aprender o perfeccionar un idioma, actualmente tan\nvalorados.<\/p>\n\n\n\n<p>Como pod\u00e9is ver, el abanico de posibilidades es muy amplio.\nAloj\u00e1ndote en la <a href=\"https:\/\/resest.com\/es\/las-habitaciones-de-la-residencia-estudiantil-en-sabadell\/\">Residencia\nde Estudiantes de Sabadell<\/a> podr\u00e1s conocer muchos otros estudiantes\ncon los que compartir\u00e1s experiencias y conversaciones relacionadas con este\ntema que har\u00e1n m\u00e1s f\u00e1cil esta toma de decisi\u00f3n.<\/p>\n","protected":false},"excerpt":{"rendered":"<p>Ya he terminado los estudios universitarios \u00bfy ahora qu\u00e9 hago? Esta pregunta es la habitual una vez finalizamos los estudios que nos han ocupado unos a\u00f1os de nuestra vida. Y es normal ya que de repente nos encontramos en un mundo en el que todav\u00eda no hab\u00edamos estado y puede ser que nos sintamos un&hellip;<\/p>\n","protected":false},"author":1,"featured_media":8008,"comment_status":"open","ping_status":"open","sticky":false,"template":"","format":"standard","meta":{"footnotes":""},"categories":[69,70],"tags":[],"class_list":["post-8010","post","type-post","status-publish","format-standard","has-post-thumbnail","hentry","category-vida-de-lestudiant-es","category-vida-sabadell-barcelona","entry","has-media"],"yoast_head":"<!-- This site is optimized with the Yoast SEO plugin v26.4 - https:\/\/yoast.com\/wordpress\/plugins\/seo\/ -->\n<title>He finalizado la carrera universitaria. \u00bfQu\u00e9 hago a continuaci\u00f3n? - Resid\u00e8ncia d&#039;Estudiants l&#039;Estaci\u00f3 de Sabadell | Resest<\/title>\n<meta name=\"description\" content=\"Al acabar la carrera universitaria a menudo estamos perdidos sin saber qu\u00e9 hacer a despues. La Residencia de Estudiantes de Sabadell os da algunas ideas.\" \/>\n<meta name=\"robots\" content=\"index, follow, max-snippet:-1, max-image-preview:large, max-video-preview:-1\" \/>\n<link rel=\"canonical\" href=\"https:\/\/resest.com\/es\/vida-de-lestudiant-es\/acabar-carrera-universitaria-en-residencia-estudiantes-sabadell\/\" \/>\n<meta property=\"og:locale\" content=\"es_ES\" \/>\n<meta property=\"og:type\" content=\"article\" \/>\n<meta property=\"og:title\" content=\"He finalizado la carrera universitaria. \u00bfQu\u00e9 hago a continuaci\u00f3n? - Resid\u00e8ncia d&#039;Estudiants l&#039;Estaci\u00f3 de Sabadell | Resest\" \/>\n<meta property=\"og:description\" content=\"Al acabar la carrera universitaria a menudo estamos perdidos sin saber qu\u00e9 hacer a despues. La Residencia de Estudiantes de Sabadell os da algunas ideas.\" \/>\n<meta property=\"og:url\" content=\"https:\/\/resest.com\/es\/vida-de-lestudiant-es\/acabar-carrera-universitaria-en-residencia-estudiantes-sabadell\/\" \/>\n<meta property=\"og:site_name\" content=\"Resid\u00e8ncia d&#039;Estudiants l&#039;Estaci\u00f3 de Sabadell | Resest\" \/>\n<meta property=\"article:published_time\" content=\"2019-07-16T09:13:27+00:00\" \/>\n<meta property=\"article:modified_time\" content=\"2020-02-07T11:59:54+00:00\" \/>\n<meta property=\"og:image\" content=\"https:\/\/resest.com\/wp-content\/uploads\/2019\/07\/graduacio-universitaria.jpeg\" \/>\n\t<meta property=\"og:image:width\" content=\"1200\" \/>\n\t<meta property=\"og:image:height\" content=\"800\" \/>\n\t<meta property=\"og:image:type\" content=\"image\/jpeg\" \/>\n<meta name=\"author\" content=\"Resest\" \/>\n<meta name=\"twitter:label1\" content=\"Escrito por\" \/>\n\t<meta name=\"twitter:data1\" content=\"Resest\" \/>\n\t<meta name=\"twitter:label2\" content=\"Tiempo de lectura\" \/>\n\t<meta name=\"twitter:data2\" content=\"3 minutos\" \/>\n<script type=\"application\/ld+json\" class=\"yoast-schema-graph\">{\"@context\":\"https:\/\/schema.org\",\"@graph\":[{\"@type\":\"Article\",\"@id\":\"https:\/\/resest.com\/es\/vida-de-lestudiant-es\/acabar-carrera-universitaria-en-residencia-estudiantes-sabadell\/#article\",\"isPartOf\":{\"@id\":\"https:\/\/resest.com\/es\/vida-de-lestudiant-es\/acabar-carrera-universitaria-en-residencia-estudiantes-sabadell\/\"},\"author\":{\"name\":\"Resest\",\"@id\":\"https:\/\/resest.com\/es\/#\/schema\/person\/d9965768ae08730dafc3a7c835fcc47c\"},\"headline\":\"He finalizado la carrera universitaria. \u00bfQu\u00e9 hago a continuaci\u00f3n?\",\"datePublished\":\"2019-07-16T09:13:27+00:00\",\"dateModified\":\"2020-02-07T11:59:54+00:00\",\"mainEntityOfPage\":{\"@id\":\"https:\/\/resest.com\/es\/vida-de-lestudiant-es\/acabar-carrera-universitaria-en-residencia-estudiantes-sabadell\/\"},\"wordCount\":686,\"commentCount\":0,\"publisher\":{\"@id\":\"https:\/\/resest.com\/es\/#organization\"},\"image\":{\"@id\":\"https:\/\/resest.com\/es\/vida-de-lestudiant-es\/acabar-carrera-universitaria-en-residencia-estudiantes-sabadell\/#primaryimage\"},\"thumbnailUrl\":\"https:\/\/resest.com\/wp-content\/uploads\/2019\/07\/graduacio-universitaria.jpeg\",\"articleSection\":[\"Consejos para estudiantes universitarios\",\"Qu\u00e9 hacer en Sabadell y Barcelona\"],\"inLanguage\":\"es\",\"potentialAction\":[{\"@type\":\"CommentAction\",\"name\":\"Comment\",\"target\":[\"https:\/\/resest.com\/es\/vida-de-lestudiant-es\/acabar-carrera-universitaria-en-residencia-estudiantes-sabadell\/#respond\"]}]},{\"@type\":\"WebPage\",\"@id\":\"https:\/\/resest.com\/es\/vida-de-lestudiant-es\/acabar-carrera-universitaria-en-residencia-estudiantes-sabadell\/\",\"url\":\"https:\/\/resest.com\/es\/vida-de-lestudiant-es\/acabar-carrera-universitaria-en-residencia-estudiantes-sabadell\/\",\"name\":\"He finalizado la carrera universitaria. \u00bfQu\u00e9 hago a continuaci\u00f3n? - Resid\u00e8ncia d&#039;Estudiants l&#039;Estaci\u00f3 de Sabadell | Resest\",\"isPartOf\":{\"@id\":\"https:\/\/resest.com\/es\/#website\"},\"primaryImageOfPage\":{\"@id\":\"https:\/\/resest.com\/es\/vida-de-lestudiant-es\/acabar-carrera-universitaria-en-residencia-estudiantes-sabadell\/#primaryimage\"},\"image\":{\"@id\":\"https:\/\/resest.com\/es\/vida-de-lestudiant-es\/acabar-carrera-universitaria-en-residencia-estudiantes-sabadell\/#primaryimage\"},\"thumbnailUrl\":\"https:\/\/resest.com\/wp-content\/uploads\/2019\/07\/graduacio-universitaria.jpeg\",\"datePublished\":\"2019-07-16T09:13:27+00:00\",\"dateModified\":\"2020-02-07T11:59:54+00:00\",\"description\":\"Al acabar la carrera universitaria a menudo estamos perdidos sin saber qu\u00e9 hacer a despues. La Residencia de Estudiantes de Sabadell os da algunas ideas.\",\"breadcrumb\":{\"@id\":\"https:\/\/resest.com\/es\/vida-de-lestudiant-es\/acabar-carrera-universitaria-en-residencia-estudiantes-sabadell\/#breadcrumb\"},\"inLanguage\":\"es\",\"potentialAction\":[{\"@type\":\"ReadAction\",\"target\":[\"https:\/\/resest.com\/es\/vida-de-lestudiant-es\/acabar-carrera-universitaria-en-residencia-estudiantes-sabadell\/\"]}]},{\"@type\":\"ImageObject\",\"inLanguage\":\"es\",\"@id\":\"https:\/\/resest.com\/es\/vida-de-lestudiant-es\/acabar-carrera-universitaria-en-residencia-estudiantes-sabadell\/#primaryimage\",\"url\":\"https:\/\/resest.com\/wp-content\/uploads\/2019\/07\/graduacio-universitaria.jpeg\",\"contentUrl\":\"https:\/\/resest.com\/wp-content\/uploads\/2019\/07\/graduacio-universitaria.jpeg\",\"width\":1200,\"height\":800,\"caption\":\"Multiethnic students taking group photo to celebrate their graduation day, copy space. Education, qualification and gown concept.\"},{\"@type\":\"BreadcrumbList\",\"@id\":\"https:\/\/resest.com\/es\/vida-de-lestudiant-es\/acabar-carrera-universitaria-en-residencia-estudiantes-sabadell\/#breadcrumb\",\"itemListElement\":[{\"@type\":\"ListItem\",\"position\":1,\"name\":\"Inici\",\"item\":\"https:\/\/resest.com\/es\/\"},{\"@type\":\"ListItem\",\"position\":2,\"name\":\"He finalizado la carrera universitaria. \u00bfQu\u00e9 hago a continuaci\u00f3n?\"}]},{\"@type\":\"WebSite\",\"@id\":\"https:\/\/resest.com\/es\/#website\",\"url\":\"https:\/\/resest.com\/es\/\",\"name\":\"Resid\u00e8ncia d&#039;Estudiants l&#039;Estaci\u00f3 de Sabadell | Resest\",\"description\":\"Otro sitio realizado con WordPress\",\"publisher\":{\"@id\":\"https:\/\/resest.com\/es\/#organization\"},\"potentialAction\":[{\"@type\":\"SearchAction\",\"target\":{\"@type\":\"EntryPoint\",\"urlTemplate\":\"https:\/\/resest.com\/es\/?s={search_term_string}\"},\"query-input\":{\"@type\":\"PropertyValueSpecification\",\"valueRequired\":true,\"valueName\":\"search_term_string\"}}],\"inLanguage\":\"es\"},{\"@type\":\"Organization\",\"@id\":\"https:\/\/resest.com\/es\/#organization\",\"name\":\"Resid\u00e8ncia d&#039;Estudiants l&#039;Estaci\u00f3 de Sabadell | Resest\",\"url\":\"https:\/\/resest.com\/es\/\",\"logo\":{\"@type\":\"ImageObject\",\"inLanguage\":\"es\",\"@id\":\"https:\/\/resest.com\/es\/#\/schema\/logo\/image\/\",\"url\":\"https:\/\/resest.com\/wp-content\/uploads\/2024\/03\/Facana-1.jpg\",\"contentUrl\":\"https:\/\/resest.com\/wp-content\/uploads\/2024\/03\/Facana-1.jpg\",\"width\":1200,\"height\":1009,\"caption\":\"Resid\u00e8ncia d&#039;Estudiants l&#039;Estaci\u00f3 de Sabadell | Resest\"},\"image\":{\"@id\":\"https:\/\/resest.com\/es\/#\/schema\/logo\/image\/\"}},{\"@type\":\"Person\",\"@id\":\"https:\/\/resest.com\/es\/#\/schema\/person\/d9965768ae08730dafc3a7c835fcc47c\",\"name\":\"Resest\",\"image\":{\"@type\":\"ImageObject\",\"inLanguage\":\"es\",\"@id\":\"https:\/\/resest.com\/es\/#\/schema\/person\/image\/\",\"url\":\"https:\/\/secure.gravatar.com\/avatar\/0c7509c85c836ff68bc43efa415976254ed1463e7bbc3edf38a658092e29e5b4?s=96&d=mm&r=g\",\"contentUrl\":\"https:\/\/secure.gravatar.com\/avatar\/0c7509c85c836ff68bc43efa415976254ed1463e7bbc3edf38a658092e29e5b4?s=96&d=mm&r=g\",\"caption\":\"Resest\"},\"url\":\"https:\/\/resest.com\/es\/author\/jordi\/\"}]}<\/script>\n<!-- \/ Yoast SEO plugin. -->","yoast_head_json":{"title":"He finalizado la carrera universitaria. \u00bfQu\u00e9 hago a continuaci\u00f3n? - Resid\u00e8ncia d&#039;Estudiants l&#039;Estaci\u00f3 de Sabadell | Resest","description":"Al acabar la carrera universitaria a menudo estamos perdidos sin saber qu\u00e9 hacer a despues. La Residencia de Estudiantes de Sabadell os da algunas ideas.","robots":{"index":"index","follow":"follow","max-snippet":"max-snippet:-1","max-image-preview":"max-image-preview:large","max-video-preview":"max-video-preview:-1"},"canonical":"https:\/\/resest.com\/es\/vida-de-lestudiant-es\/acabar-carrera-universitaria-en-residencia-estudiantes-sabadell\/","og_locale":"es_ES","og_type":"article","og_title":"He finalizado la carrera universitaria. \u00bfQu\u00e9 hago a continuaci\u00f3n? - Resid\u00e8ncia d&#039;Estudiants l&#039;Estaci\u00f3 de Sabadell | Resest","og_description":"Al acabar la carrera universitaria a menudo estamos perdidos sin saber qu\u00e9 hacer a despues. La Residencia de Estudiantes de Sabadell os da algunas ideas.","og_url":"https:\/\/resest.com\/es\/vida-de-lestudiant-es\/acabar-carrera-universitaria-en-residencia-estudiantes-sabadell\/","og_site_name":"Resid\u00e8ncia d&#039;Estudiants l&#039;Estaci\u00f3 de Sabadell | Resest","article_published_time":"2019-07-16T09:13:27+00:00","article_modified_time":"2020-02-07T11:59:54+00:00","og_image":[{"width":1200,"height":800,"url":"https:\/\/resest.com\/wp-content\/uploads\/2019\/07\/graduacio-universitaria.jpeg","type":"image\/jpeg"}],"author":"Resest","twitter_misc":{"Escrito por":"Resest","Tiempo de lectura":"3 minutos"},"schema":{"@context":"https:\/\/schema.org","@graph":[{"@type":"Article","@id":"https:\/\/resest.com\/es\/vida-de-lestudiant-es\/acabar-carrera-universitaria-en-residencia-estudiantes-sabadell\/#article","isPartOf":{"@id":"https:\/\/resest.com\/es\/vida-de-lestudiant-es\/acabar-carrera-universitaria-en-residencia-estudiantes-sabadell\/"},"author":{"name":"Resest","@id":"https:\/\/resest.com\/es\/#\/schema\/person\/d9965768ae08730dafc3a7c835fcc47c"},"headline":"He finalizado la carrera universitaria. \u00bfQu\u00e9 hago a continuaci\u00f3n?","datePublished":"2019-07-16T09:13:27+00:00","dateModified":"2020-02-07T11:59:54+00:00","mainEntityOfPage":{"@id":"https:\/\/resest.com\/es\/vida-de-lestudiant-es\/acabar-carrera-universitaria-en-residencia-estudiantes-sabadell\/"},"wordCount":686,"commentCount":0,"publisher":{"@id":"https:\/\/resest.com\/es\/#organization"},"image":{"@id":"https:\/\/resest.com\/es\/vida-de-lestudiant-es\/acabar-carrera-universitaria-en-residencia-estudiantes-sabadell\/#primaryimage"},"thumbnailUrl":"https:\/\/resest.com\/wp-content\/uploads\/2019\/07\/graduacio-universitaria.jpeg","articleSection":["Consejos para estudiantes universitarios","Qu\u00e9 hacer en Sabadell y Barcelona"],"inLanguage":"es","potentialAction":[{"@type":"CommentAction","name":"Comment","target":["https:\/\/resest.com\/es\/vida-de-lestudiant-es\/acabar-carrera-universitaria-en-residencia-estudiantes-sabadell\/#respond"]}]},{"@type":"WebPage","@id":"https:\/\/resest.com\/es\/vida-de-lestudiant-es\/acabar-carrera-universitaria-en-residencia-estudiantes-sabadell\/","url":"https:\/\/resest.com\/es\/vida-de-lestudiant-es\/acabar-carrera-universitaria-en-residencia-estudiantes-sabadell\/","name":"He finalizado la carrera universitaria. \u00bfQu\u00e9 hago a continuaci\u00f3n? - Resid\u00e8ncia d&#039;Estudiants l&#039;Estaci\u00f3 de Sabadell | Resest","isPartOf":{"@id":"https:\/\/resest.com\/es\/#website"},"primaryImageOfPage":{"@id":"https:\/\/resest.com\/es\/vida-de-lestudiant-es\/acabar-carrera-universitaria-en-residencia-estudiantes-sabadell\/#primaryimage"},"image":{"@id":"https:\/\/resest.com\/es\/vida-de-lestudiant-es\/acabar-carrera-universitaria-en-residencia-estudiantes-sabadell\/#primaryimage"},"thumbnailUrl":"https:\/\/resest.com\/wp-content\/uploads\/2019\/07\/graduacio-universitaria.jpeg","datePublished":"2019-07-16T09:13:27+00:00","dateModified":"2020-02-07T11:59:54+00:00","description":"Al acabar la carrera universitaria a menudo estamos perdidos sin saber qu\u00e9 hacer a despues. La Residencia de Estudiantes de Sabadell os da algunas ideas.","breadcrumb":{"@id":"https:\/\/resest.com\/es\/vida-de-lestudiant-es\/acabar-carrera-universitaria-en-residencia-estudiantes-sabadell\/#breadcrumb"},"inLanguage":"es","potentialAction":[{"@type":"ReadAction","target":["https:\/\/resest.com\/es\/vida-de-lestudiant-es\/acabar-carrera-universitaria-en-residencia-estudiantes-sabadell\/"]}]},{"@type":"ImageObject","inLanguage":"es","@id":"https:\/\/resest.com\/es\/vida-de-lestudiant-es\/acabar-carrera-universitaria-en-residencia-estudiantes-sabadell\/#primaryimage","url":"https:\/\/resest.com\/wp-content\/uploads\/2019\/07\/graduacio-universitaria.jpeg","contentUrl":"https:\/\/resest.com\/wp-content\/uploads\/2019\/07\/graduacio-universitaria.jpeg","width":1200,"height":800,"caption":"Multiethnic students taking group photo to celebrate their graduation day, copy space. Education, qualification and gown concept."},{"@type":"BreadcrumbList","@id":"https:\/\/resest.com\/es\/vida-de-lestudiant-es\/acabar-carrera-universitaria-en-residencia-estudiantes-sabadell\/#breadcrumb","itemListElement":[{"@type":"ListItem","position":1,"name":"Inici","item":"https:\/\/resest.com\/es\/"},{"@type":"ListItem","position":2,"name":"He finalizado la carrera universitaria. \u00bfQu\u00e9 hago a continuaci\u00f3n?"}]},{"@type":"WebSite","@id":"https:\/\/resest.com\/es\/#website","url":"https:\/\/resest.com\/es\/","name":"Resid\u00e8ncia d&#039;Estudiants l&#039;Estaci\u00f3 de Sabadell | Resest","description":"Otro sitio realizado con WordPress","publisher":{"@id":"https:\/\/resest.com\/es\/#organization"},"potentialAction":[{"@type":"SearchAction","target":{"@type":"EntryPoint","urlTemplate":"https:\/\/resest.com\/es\/?s={search_term_string}"},"query-input":{"@type":"PropertyValueSpecification","valueRequired":true,"valueName":"search_term_string"}}],"inLanguage":"es"},{"@type":"Organization","@id":"https:\/\/resest.com\/es\/#organization","name":"Resid\u00e8ncia d&#039;Estudiants l&#039;Estaci\u00f3 de Sabadell | Resest","url":"https:\/\/resest.com\/es\/","logo":{"@type":"ImageObject","inLanguage":"es","@id":"https:\/\/resest.com\/es\/#\/schema\/logo\/image\/","url":"https:\/\/resest.com\/wp-content\/uploads\/2024\/03\/Facana-1.jpg","contentUrl":"https:\/\/resest.com\/wp-content\/uploads\/2024\/03\/Facana-1.jpg","width":1200,"height":1009,"caption":"Resid\u00e8ncia d&#039;Estudiants l&#039;Estaci\u00f3 de Sabadell | Resest"},"image":{"@id":"https:\/\/resest.com\/es\/#\/schema\/logo\/image\/"}},{"@type":"Person","@id":"https:\/\/resest.com\/es\/#\/schema\/person\/d9965768ae08730dafc3a7c835fcc47c","name":"Resest","image":{"@type":"ImageObject","inLanguage":"es","@id":"https:\/\/resest.com\/es\/#\/schema\/person\/image\/","url":"https:\/\/secure.gravatar.com\/avatar\/0c7509c85c836ff68bc43efa415976254ed1463e7bbc3edf38a658092e29e5b4?s=96&d=mm&r=g","contentUrl":"https:\/\/secure.gravatar.com\/avatar\/0c7509c85c836ff68bc43efa415976254ed1463e7bbc3edf38a658092e29e5b4?s=96&d=mm&r=g","caption":"Resest"},"url":"https:\/\/resest.com\/es\/author\/jordi\/"}]}},"_links":{"self":[{"href":"https:\/\/resest.com\/es\/wp-json\/wp\/v2\/posts\/8010","targetHints":{"allow":["GET"]}}],"collection":[{"href":"https:\/\/resest.com\/es\/wp-json\/wp\/v2\/posts"}],"about":[{"href":"https:\/\/resest.com\/es\/wp-json\/wp\/v2\/types\/post"}],"author":[{"embeddable":true,"href":"https:\/\/resest.com\/es\/wp-json\/wp\/v2\/users\/1"}],"replies":[{"embeddable":true,"href":"https:\/\/resest.com\/es\/wp-json\/wp\/v2\/comments?post=8010"}],"version-history":[{"count":0,"href":"https:\/\/resest.com\/es\/wp-json\/wp\/v2\/posts\/8010\/revisions"}],"wp:featuredmedia":[{"embeddable":true,"href":"https:\/\/resest.com\/es\/wp-json\/wp\/v2\/media\/8008"}],"wp:attachment":[{"href":"https:\/\/resest.com\/es\/wp-json\/wp\/v2\/media?parent=8010"}],"wp:term":[{"taxonomy":"category","embeddable":true,"href":"https:\/\/resest.com\/es\/wp-json\/wp\/v2\/categories?post=8010"},{"taxonomy":"post_tag","embeddable":true,"href":"https:\/\/resest.com\/es\/wp-json\/wp\/v2\/tags?post=8010"}],"curies":[{"name":"wp","href":"https:\/\/api.w.org\/{rel}","templated":true}]}}