{"id":7935,"date":"2019-07-01T10:29:51","date_gmt":"2019-07-01T09:29:51","guid":{"rendered":"https:\/\/resest.com\/?p=7935"},"modified":"2020-02-07T13:00:04","modified_gmt":"2020-02-07T12:00:04","slug":"actividades-verano-ciudad-de-sabadell","status":"publish","type":"post","link":"https:\/\/resest.com\/es\/para-que-resest\/actividades-verano-ciudad-de-sabadell\/","title":{"rendered":"Actividades de verano si te alojas en la Residencia de Estudiantes l\u2019Estaci\u00f3 de Sabadell"},"content":{"rendered":"<p>Con el buen tiempo por norma general estamos de mejor humor, los d\u00edas son m\u00e1s largos y las temperaturas acompa\u00f1an para que queramos disfrutar de actividades al aire libre. Nuestro clima mediterr\u00e1neo, adem\u00e1s, nos ayuda a que la temporada de verano sea m\u00e1s favorable que en otras zonas del pa\u00eds. Por eso, durante estos meses, <strong>las actividades que todas las poblaciones de Catalu\u00f1a nos ofrecen son infinitas.<\/strong><\/p>\n<p>Actividades de verano en Sabadell<\/p>\n<p>En nuestro caso concreto, nos centraremos en las actividades que la ciudad de Sabadell pone a nuestra disposici\u00f3n, tanto a nivel deportivo, acu\u00e1tico, cultural\u2026 el abanico es muy amplio!<\/p>\n<p>Si te alojas en la <strong><a href=\"https:\/\/resest.com\/es\/ubicacion-residencia-estudiantil-en-sabadell-bellaterra\/\">Residencia de Estudiantes l\u2019Estaci\u00f3 de Sabadell<\/a><\/strong> tendr\u00e1s a tu alcance numerosas actividades para que <strong>los meses en que puedes desconectar de los estudios<\/strong> sean lo m\u00e1s placenteros posible.<\/p>\n<p>Instalaciones Deportivas y Acu\u00e1ticas<\/p>\n<p>Todas las instalaciones deportivas de Sabadell <strong>ofrecen un gran abanico de actividades f\u00edsicas<\/strong> para poder dar continuidad a todo aquello realizado durante el resto del a\u00f1o. Pistas Polideportivas, pabellones, complejos, piscinas\u2026. Seguro que de entre todos ellos podr\u00e1s encontrar el que m\u00e1s encaje respecto lo que est\u00e1s buscando.<\/p>\n<p>Actividades Culturales<\/p>\n<p>Para todos aquellos que, aunque en estos meses predomine el ocio, tambi\u00e9n quieran seguir ejercitando la mente, disponen de una <strong>amplia gama de actividades culturales pero a la vez divertidas y diferentes<\/strong>. Muestras bibliogr\u00e1ficas sobre la obra de escritores, temas de actualidad o de inter\u00e9s cultural en las diferentes bibliotecas de la ciudad, visitas guiadas acompa\u00f1adas de talleres familiares en museos\u2026 prueba alguna \u00a1seguro que la disfrutar\u00e1s!<\/p>\n<p>Los peque\u00f1os y mayores de la familia<\/p>\n<p>Si adem\u00e1s de estar <strong><a href=\"https:\/\/resest.com\/es\/la-residencia-de-estudiantes-en-sabadell-barcelona\/\">alojado en nuestra residencia de estudiantes de Sabadell<\/a><\/strong> tienes la suerte de tener a la familia a tu lado, el Ayuntamiento de Sabadell tambi\u00e9n <strong>pone a disposici\u00f3n actividades para peque\u00f1os y mayores<\/strong>. Para los peque\u00f1os de la familia, hay casals, campamentos, colonias\u2026; para los mayores disponemos de numerosas actividades como por ejemplo talleres gastron\u00f3micos, el Campeonato de Canasta o la <em>Festa Gran<\/em> con la colaboraci\u00f3n de las entidades y casals de la ciudad.<\/p>\n<p>Encontrar\u00e1s toda esta informaci\u00f3n ampliada en <strong><a href=\"http:\/\/www.sabadell.cat\/ca\/equipaments\">la web del Ayuntamiento de Sabadell<\/a><\/strong> y si te alojas en la <strong><a href=\"https:\/\/resest.com\/es\/contactar-alojamiento-estudiantil-bellaterra-uab\/\">residencia de estudiantes l\u2019Estaci\u00f3 Sabadell<\/a><\/strong> podremos guiarte y asesorarte para que puedas exprimir al m\u00e1ximo los d\u00edas de verano.<\/p>\n<p>Quieres compartirlos con nosotros? \u00a1\u00a1Pues aqu\u00ed te esperamos!! \ud83d\ude42<\/p>\n","protected":false},"excerpt":{"rendered":"<p>Con el buen tiempo por norma general estamos de mejor humor, los d\u00edas son m\u00e1s largos y las temperaturas acompa\u00f1an para que queramos disfrutar de actividades al aire libre. Nuestro clima mediterr\u00e1neo, adem\u00e1s, nos ayuda a que la temporada de verano sea m\u00e1s favorable que en otras zonas del pa\u00eds. Por eso, durante estos meses,&hellip;<\/p>\n","protected":false},"author":1,"featured_media":7933,"comment_status":"open","ping_status":"open","sticky":false,"template":"","format":"standard","meta":{"footnotes":""},"categories":[56,70,66],"tags":[],"class_list":["post-7935","post","type-post","status-publish","format-standard","has-post-thumbnail","hentry","category-para-que-resest","category-vida-sabadell-barcelona","category-vida-en-la-residencia-es","entry","has-media"],"yoast_head":"<!-- This site is optimized with the Yoast SEO plugin v26.4 - https:\/\/yoast.com\/wordpress\/plugins\/seo\/ -->\n<title>La residencia de estudiantes l&#039;Estaci\u00f3 Sabadell y las actividades de verano<\/title>\n<meta name=\"description\" content=\"La ciudad de Sabadell nos ofrece gran cantidad de actividades de verano. Ven a nuestra residencia de estudiantes l&#039;Estaci\u00f3 Sabadell y disfruta de ellas!\" \/>\n<meta name=\"robots\" content=\"index, follow, max-snippet:-1, max-image-preview:large, max-video-preview:-1\" \/>\n<link rel=\"canonical\" href=\"https:\/\/resest.com\/es\/para-que-resest\/actividades-verano-ciudad-de-sabadell\/\" \/>\n<meta property=\"og:locale\" content=\"es_ES\" \/>\n<meta property=\"og:type\" content=\"article\" \/>\n<meta property=\"og:title\" content=\"La residencia de estudiantes l&#039;Estaci\u00f3 Sabadell y las actividades de verano\" \/>\n<meta property=\"og:description\" content=\"La ciudad de Sabadell nos ofrece gran cantidad de actividades de verano. Ven a nuestra residencia de estudiantes l&#039;Estaci\u00f3 Sabadell y disfruta de ellas!\" \/>\n<meta property=\"og:url\" content=\"https:\/\/resest.com\/es\/para-que-resest\/actividades-verano-ciudad-de-sabadell\/\" \/>\n<meta property=\"og:site_name\" content=\"Resid\u00e8ncia d&#039;Estudiants l&#039;Estaci\u00f3 de Sabadell | Resest\" \/>\n<meta property=\"article:published_time\" content=\"2019-07-01T09:29:51+00:00\" \/>\n<meta property=\"article:modified_time\" content=\"2020-02-07T12:00:04+00:00\" \/>\n<meta property=\"og:image\" content=\"https:\/\/resest.com\/wp-content\/uploads\/2019\/07\/activitats-estiu.jpeg\" \/>\n\t<meta property=\"og:image:width\" content=\"1200\" \/>\n\t<meta property=\"og:image:height\" content=\"800\" \/>\n\t<meta property=\"og:image:type\" content=\"image\/jpeg\" \/>\n<meta name=\"author\" content=\"Resest\" \/>\n<meta name=\"twitter:label1\" content=\"Escrito por\" \/>\n\t<meta name=\"twitter:data1\" content=\"Resest\" \/>\n\t<meta name=\"twitter:label2\" content=\"Tiempo de lectura\" \/>\n\t<meta name=\"twitter:data2\" content=\"2 minutos\" \/>\n<script type=\"application\/ld+json\" class=\"yoast-schema-graph\">{\"@context\":\"https:\/\/schema.org\",\"@graph\":[{\"@type\":\"Article\",\"@id\":\"https:\/\/resest.com\/es\/para-que-resest\/actividades-verano-ciudad-de-sabadell\/#article\",\"isPartOf\":{\"@id\":\"https:\/\/resest.com\/es\/para-que-resest\/actividades-verano-ciudad-de-sabadell\/\"},\"author\":{\"name\":\"Resest\",\"@id\":\"https:\/\/resest.com\/es\/#\/schema\/person\/d9965768ae08730dafc3a7c835fcc47c\"},\"headline\":\"Actividades de verano si te alojas en la Residencia de Estudiantes l\u2019Estaci\u00f3 de Sabadell\",\"datePublished\":\"2019-07-01T09:29:51+00:00\",\"dateModified\":\"2020-02-07T12:00:04+00:00\",\"mainEntityOfPage\":{\"@id\":\"https:\/\/resest.com\/es\/para-que-resest\/actividades-verano-ciudad-de-sabadell\/\"},\"wordCount\":437,\"commentCount\":0,\"publisher\":{\"@id\":\"https:\/\/resest.com\/es\/#organization\"},\"image\":{\"@id\":\"https:\/\/resest.com\/es\/para-que-resest\/actividades-verano-ciudad-de-sabadell\/#primaryimage\"},\"thumbnailUrl\":\"https:\/\/resest.com\/wp-content\/uploads\/2019\/07\/activitats-estiu.jpeg\",\"articleSection\":[\"\u00bfPor qu\u00e9 Resest?\",\"Qu\u00e9 hacer en Sabadell y Barcelona\",\"Vida en la Residencia\"],\"inLanguage\":\"es\",\"potentialAction\":[{\"@type\":\"CommentAction\",\"name\":\"Comment\",\"target\":[\"https:\/\/resest.com\/es\/para-que-resest\/actividades-verano-ciudad-de-sabadell\/#respond\"]}]},{\"@type\":\"WebPage\",\"@id\":\"https:\/\/resest.com\/es\/para-que-resest\/actividades-verano-ciudad-de-sabadell\/\",\"url\":\"https:\/\/resest.com\/es\/para-que-resest\/actividades-verano-ciudad-de-sabadell\/\",\"name\":\"La residencia de estudiantes l'Estaci\u00f3 Sabadell y las actividades de verano\",\"isPartOf\":{\"@id\":\"https:\/\/resest.com\/es\/#website\"},\"primaryImageOfPage\":{\"@id\":\"https:\/\/resest.com\/es\/para-que-resest\/actividades-verano-ciudad-de-sabadell\/#primaryimage\"},\"image\":{\"@id\":\"https:\/\/resest.com\/es\/para-que-resest\/actividades-verano-ciudad-de-sabadell\/#primaryimage\"},\"thumbnailUrl\":\"https:\/\/resest.com\/wp-content\/uploads\/2019\/07\/activitats-estiu.jpeg\",\"datePublished\":\"2019-07-01T09:29:51+00:00\",\"dateModified\":\"2020-02-07T12:00:04+00:00\",\"description\":\"La ciudad de Sabadell nos ofrece gran cantidad de actividades de verano. Ven a nuestra residencia de estudiantes l'Estaci\u00f3 Sabadell y disfruta de ellas!\",\"breadcrumb\":{\"@id\":\"https:\/\/resest.com\/es\/para-que-resest\/actividades-verano-ciudad-de-sabadell\/#breadcrumb\"},\"inLanguage\":\"es\",\"potentialAction\":[{\"@type\":\"ReadAction\",\"target\":[\"https:\/\/resest.com\/es\/para-que-resest\/actividades-verano-ciudad-de-sabadell\/\"]}]},{\"@type\":\"ImageObject\",\"inLanguage\":\"es\",\"@id\":\"https:\/\/resest.com\/es\/para-que-resest\/actividades-verano-ciudad-de-sabadell\/#primaryimage\",\"url\":\"https:\/\/resest.com\/wp-content\/uploads\/2019\/07\/activitats-estiu.jpeg\",\"contentUrl\":\"https:\/\/resest.com\/wp-content\/uploads\/2019\/07\/activitats-estiu.jpeg\",\"width\":1200,\"height\":800,\"caption\":\"Cheerful women friends swimming underwater in pool taking selfie. Underwater selfie of happy females in pool.\"},{\"@type\":\"BreadcrumbList\",\"@id\":\"https:\/\/resest.com\/es\/para-que-resest\/actividades-verano-ciudad-de-sabadell\/#breadcrumb\",\"itemListElement\":[{\"@type\":\"ListItem\",\"position\":1,\"name\":\"Inici\",\"item\":\"https:\/\/resest.com\/es\/\"},{\"@type\":\"ListItem\",\"position\":2,\"name\":\"Actividades de verano si te alojas en la Residencia de Estudiantes l\u2019Estaci\u00f3 de Sabadell\"}]},{\"@type\":\"WebSite\",\"@id\":\"https:\/\/resest.com\/es\/#website\",\"url\":\"https:\/\/resest.com\/es\/\",\"name\":\"Resid\u00e8ncia d&#039;Estudiants l&#039;Estaci\u00f3 de Sabadell | Resest\",\"description\":\"Otro sitio realizado con WordPress\",\"publisher\":{\"@id\":\"https:\/\/resest.com\/es\/#organization\"},\"potentialAction\":[{\"@type\":\"SearchAction\",\"target\":{\"@type\":\"EntryPoint\",\"urlTemplate\":\"https:\/\/resest.com\/es\/?s={search_term_string}\"},\"query-input\":{\"@type\":\"PropertyValueSpecification\",\"valueRequired\":true,\"valueName\":\"search_term_string\"}}],\"inLanguage\":\"es\"},{\"@type\":\"Organization\",\"@id\":\"https:\/\/resest.com\/es\/#organization\",\"name\":\"Resid\u00e8ncia d&#039;Estudiants l&#039;Estaci\u00f3 de Sabadell | Resest\",\"url\":\"https:\/\/resest.com\/es\/\",\"logo\":{\"@type\":\"ImageObject\",\"inLanguage\":\"es\",\"@id\":\"https:\/\/resest.com\/es\/#\/schema\/logo\/image\/\",\"url\":\"https:\/\/resest.com\/wp-content\/uploads\/2024\/03\/Facana-1.jpg\",\"contentUrl\":\"https:\/\/resest.com\/wp-content\/uploads\/2024\/03\/Facana-1.jpg\",\"width\":1200,\"height\":1009,\"caption\":\"Resid\u00e8ncia d&#039;Estudiants l&#039;Estaci\u00f3 de Sabadell | Resest\"},\"image\":{\"@id\":\"https:\/\/resest.com\/es\/#\/schema\/logo\/image\/\"}},{\"@type\":\"Person\",\"@id\":\"https:\/\/resest.com\/es\/#\/schema\/person\/d9965768ae08730dafc3a7c835fcc47c\",\"name\":\"Resest\",\"image\":{\"@type\":\"ImageObject\",\"inLanguage\":\"es\",\"@id\":\"https:\/\/resest.com\/es\/#\/schema\/person\/image\/\",\"url\":\"https:\/\/secure.gravatar.com\/avatar\/0c7509c85c836ff68bc43efa415976254ed1463e7bbc3edf38a658092e29e5b4?s=96&d=mm&r=g\",\"contentUrl\":\"https:\/\/secure.gravatar.com\/avatar\/0c7509c85c836ff68bc43efa415976254ed1463e7bbc3edf38a658092e29e5b4?s=96&d=mm&r=g\",\"caption\":\"Resest\"},\"url\":\"https:\/\/resest.com\/es\/author\/jordi\/\"}]}<\/script>\n<!-- \/ Yoast SEO plugin. -->","yoast_head_json":{"title":"La residencia de estudiantes l'Estaci\u00f3 Sabadell y las actividades de verano","description":"La ciudad de Sabadell nos ofrece gran cantidad de actividades de verano. Ven a nuestra residencia de estudiantes l'Estaci\u00f3 Sabadell y disfruta de ellas!","robots":{"index":"index","follow":"follow","max-snippet":"max-snippet:-1","max-image-preview":"max-image-preview:large","max-video-preview":"max-video-preview:-1"},"canonical":"https:\/\/resest.com\/es\/para-que-resest\/actividades-verano-ciudad-de-sabadell\/","og_locale":"es_ES","og_type":"article","og_title":"La residencia de estudiantes l'Estaci\u00f3 Sabadell y las actividades de verano","og_description":"La ciudad de Sabadell nos ofrece gran cantidad de actividades de verano. Ven a nuestra residencia de estudiantes l'Estaci\u00f3 Sabadell y disfruta de ellas!","og_url":"https:\/\/resest.com\/es\/para-que-resest\/actividades-verano-ciudad-de-sabadell\/","og_site_name":"Resid\u00e8ncia d&#039;Estudiants l&#039;Estaci\u00f3 de Sabadell | Resest","article_published_time":"2019-07-01T09:29:51+00:00","article_modified_time":"2020-02-07T12:00:04+00:00","og_image":[{"width":1200,"height":800,"url":"https:\/\/resest.com\/wp-content\/uploads\/2019\/07\/activitats-estiu.jpeg","type":"image\/jpeg"}],"author":"Resest","twitter_misc":{"Escrito por":"Resest","Tiempo de lectura":"2 minutos"},"schema":{"@context":"https:\/\/schema.org","@graph":[{"@type":"Article","@id":"https:\/\/resest.com\/es\/para-que-resest\/actividades-verano-ciudad-de-sabadell\/#article","isPartOf":{"@id":"https:\/\/resest.com\/es\/para-que-resest\/actividades-verano-ciudad-de-sabadell\/"},"author":{"name":"Resest","@id":"https:\/\/resest.com\/es\/#\/schema\/person\/d9965768ae08730dafc3a7c835fcc47c"},"headline":"Actividades de verano si te alojas en la Residencia de Estudiantes l\u2019Estaci\u00f3 de Sabadell","datePublished":"2019-07-01T09:29:51+00:00","dateModified":"2020-02-07T12:00:04+00:00","mainEntityOfPage":{"@id":"https:\/\/resest.com\/es\/para-que-resest\/actividades-verano-ciudad-de-sabadell\/"},"wordCount":437,"commentCount":0,"publisher":{"@id":"https:\/\/resest.com\/es\/#organization"},"image":{"@id":"https:\/\/resest.com\/es\/para-que-resest\/actividades-verano-ciudad-de-sabadell\/#primaryimage"},"thumbnailUrl":"https:\/\/resest.com\/wp-content\/uploads\/2019\/07\/activitats-estiu.jpeg","articleSection":["\u00bfPor qu\u00e9 Resest?","Qu\u00e9 hacer en Sabadell y Barcelona","Vida en la Residencia"],"inLanguage":"es","potentialAction":[{"@type":"CommentAction","name":"Comment","target":["https:\/\/resest.com\/es\/para-que-resest\/actividades-verano-ciudad-de-sabadell\/#respond"]}]},{"@type":"WebPage","@id":"https:\/\/resest.com\/es\/para-que-resest\/actividades-verano-ciudad-de-sabadell\/","url":"https:\/\/resest.com\/es\/para-que-resest\/actividades-verano-ciudad-de-sabadell\/","name":"La residencia de estudiantes l'Estaci\u00f3 Sabadell y las actividades de verano","isPartOf":{"@id":"https:\/\/resest.com\/es\/#website"},"primaryImageOfPage":{"@id":"https:\/\/resest.com\/es\/para-que-resest\/actividades-verano-ciudad-de-sabadell\/#primaryimage"},"image":{"@id":"https:\/\/resest.com\/es\/para-que-resest\/actividades-verano-ciudad-de-sabadell\/#primaryimage"},"thumbnailUrl":"https:\/\/resest.com\/wp-content\/uploads\/2019\/07\/activitats-estiu.jpeg","datePublished":"2019-07-01T09:29:51+00:00","dateModified":"2020-02-07T12:00:04+00:00","description":"La ciudad de Sabadell nos ofrece gran cantidad de actividades de verano. Ven a nuestra residencia de estudiantes l'Estaci\u00f3 Sabadell y disfruta de ellas!","breadcrumb":{"@id":"https:\/\/resest.com\/es\/para-que-resest\/actividades-verano-ciudad-de-sabadell\/#breadcrumb"},"inLanguage":"es","potentialAction":[{"@type":"ReadAction","target":["https:\/\/resest.com\/es\/para-que-resest\/actividades-verano-ciudad-de-sabadell\/"]}]},{"@type":"ImageObject","inLanguage":"es","@id":"https:\/\/resest.com\/es\/para-que-resest\/actividades-verano-ciudad-de-sabadell\/#primaryimage","url":"https:\/\/resest.com\/wp-content\/uploads\/2019\/07\/activitats-estiu.jpeg","contentUrl":"https:\/\/resest.com\/wp-content\/uploads\/2019\/07\/activitats-estiu.jpeg","width":1200,"height":800,"caption":"Cheerful women friends swimming underwater in pool taking selfie. Underwater selfie of happy females in pool."},{"@type":"BreadcrumbList","@id":"https:\/\/resest.com\/es\/para-que-resest\/actividades-verano-ciudad-de-sabadell\/#breadcrumb","itemListElement":[{"@type":"ListItem","position":1,"name":"Inici","item":"https:\/\/resest.com\/es\/"},{"@type":"ListItem","position":2,"name":"Actividades de verano si te alojas en la Residencia de Estudiantes l\u2019Estaci\u00f3 de Sabadell"}]},{"@type":"WebSite","@id":"https:\/\/resest.com\/es\/#website","url":"https:\/\/resest.com\/es\/","name":"Resid\u00e8ncia d&#039;Estudiants l&#039;Estaci\u00f3 de Sabadell | Resest","description":"Otro sitio realizado con WordPress","publisher":{"@id":"https:\/\/resest.com\/es\/#organization"},"potentialAction":[{"@type":"SearchAction","target":{"@type":"EntryPoint","urlTemplate":"https:\/\/resest.com\/es\/?s={search_term_string}"},"query-input":{"@type":"PropertyValueSpecification","valueRequired":true,"valueName":"search_term_string"}}],"inLanguage":"es"},{"@type":"Organization","@id":"https:\/\/resest.com\/es\/#organization","name":"Resid\u00e8ncia d&#039;Estudiants l&#039;Estaci\u00f3 de Sabadell | Resest","url":"https:\/\/resest.com\/es\/","logo":{"@type":"ImageObject","inLanguage":"es","@id":"https:\/\/resest.com\/es\/#\/schema\/logo\/image\/","url":"https:\/\/resest.com\/wp-content\/uploads\/2024\/03\/Facana-1.jpg","contentUrl":"https:\/\/resest.com\/wp-content\/uploads\/2024\/03\/Facana-1.jpg","width":1200,"height":1009,"caption":"Resid\u00e8ncia d&#039;Estudiants l&#039;Estaci\u00f3 de Sabadell | Resest"},"image":{"@id":"https:\/\/resest.com\/es\/#\/schema\/logo\/image\/"}},{"@type":"Person","@id":"https:\/\/resest.com\/es\/#\/schema\/person\/d9965768ae08730dafc3a7c835fcc47c","name":"Resest","image":{"@type":"ImageObject","inLanguage":"es","@id":"https:\/\/resest.com\/es\/#\/schema\/person\/image\/","url":"https:\/\/secure.gravatar.com\/avatar\/0c7509c85c836ff68bc43efa415976254ed1463e7bbc3edf38a658092e29e5b4?s=96&d=mm&r=g","contentUrl":"https:\/\/secure.gravatar.com\/avatar\/0c7509c85c836ff68bc43efa415976254ed1463e7bbc3edf38a658092e29e5b4?s=96&d=mm&r=g","caption":"Resest"},"url":"https:\/\/resest.com\/es\/author\/jordi\/"}]}},"_links":{"self":[{"href":"https:\/\/resest.com\/es\/wp-json\/wp\/v2\/posts\/7935","targetHints":{"allow":["GET"]}}],"collection":[{"href":"https:\/\/resest.com\/es\/wp-json\/wp\/v2\/posts"}],"about":[{"href":"https:\/\/resest.com\/es\/wp-json\/wp\/v2\/types\/post"}],"author":[{"embeddable":true,"href":"https:\/\/resest.com\/es\/wp-json\/wp\/v2\/users\/1"}],"replies":[{"embeddable":true,"href":"https:\/\/resest.com\/es\/wp-json\/wp\/v2\/comments?post=7935"}],"version-history":[{"count":0,"href":"https:\/\/resest.com\/es\/wp-json\/wp\/v2\/posts\/7935\/revisions"}],"wp:featuredmedia":[{"embeddable":true,"href":"https:\/\/resest.com\/es\/wp-json\/wp\/v2\/media\/7933"}],"wp:attachment":[{"href":"https:\/\/resest.com\/es\/wp-json\/wp\/v2\/media?parent=7935"}],"wp:term":[{"taxonomy":"category","embeddable":true,"href":"https:\/\/resest.com\/es\/wp-json\/wp\/v2\/categories?post=7935"},{"taxonomy":"post_tag","embeddable":true,"href":"https:\/\/resest.com\/es\/wp-json\/wp\/v2\/tags?post=7935"}],"curies":[{"name":"wp","href":"https:\/\/api.w.org\/{rel}","templated":true}]}}