{"id":7496,"date":"2018-12-20T06:15:14","date_gmt":"2018-12-20T05:15:14","guid":{"rendered":"https:\/\/resest.com\/?p=7496"},"modified":"2020-02-07T13:10:46","modified_gmt":"2020-02-07T12:10:46","slug":"san-esteban-fiesta-popular-cataluna","status":"publish","type":"post","link":"https:\/\/resest.com\/es\/vida-sabadell-barcelona\/san-esteban-fiesta-popular-cataluna\/","title":{"rendered":"San Esteban, una fiesta popular a Catalu\u00f1a"},"content":{"rendered":"<p>Seguro que muchos de vosotros desconoc\u00e9is los <strong>inicios del d\u00eda de San Esteban<\/strong> y porque es un d\u00eda festivo en Catalu\u00f1a. Desde\u00a0Resest, alojamiento de estudiantes en Sabadell, queremos explicaros todo sobre esta festividad.<\/p>\n<p>La gran diferencia que explica que en Catalu\u00f1a este d\u00eda se festivo y en el resto de Espa\u00f1a no, radica en que en el siglo IX, la Catalu\u00f1a Antigua pertenec\u00eda al imperio fundado por\u00a0Carlomagno, y estaba sujeto al obispado de\u00a0Narona. En contraposici\u00f3n, el resto de la pen\u00ednsula ib\u00e9rica cristiana, dominada por los visigodos, estaba vinculada al obispo de Toledo<strong>. El concepto de familia del imperio carolingio era muy extenso<\/strong>, y cuando hab\u00eda alguna fiesta hab\u00eda que desplazarse a la <strong>casa solariega, que ser\u00eda la de origen y donde han vivido varias generaciones de una misma familia.<\/strong><\/p>\n<p>Despu\u00e9s de reunir a toda la familia el d\u00eda de Navidad, <strong>se necesitaba un d\u00eda para volver a casa. <\/strong>Los desplazamientos eran largos, muy oscuros y con medios precarios. De esta forma, se decidi\u00f3 que el d\u00eda 26 de diciembre fuese festivo.\u00a0 Una buena muestra puede ser: <em>\u201cPer Nadal cada ovella al seu corral. <\/em><em>Per sant Esteve cadasc\u00fa a casa seva\u201d<\/em>. Si lo traducimos viene a decir:<strong> \u2018Por Navidad, cada oveja en su corral \/ por San Esteban, cada uno a su casa\u2019<\/strong>. Esto explica otras celebraciones religiosas del a\u00f1o como la \u2018Pascua Florida\u2019 y el de \u2018Pascua Granada\u2019, donde los catalanes hacemos fiesta, en este caso en lunes.<\/p>\n<p><strong>La costumbre es comer en San Esteban las sobras del d\u00eda anterior<\/strong>, ya que se suele preparar mucha cantidad de platos en Navidad. El plato t\u00edpico suele ser <strong>canalones<\/strong>, hechos con el sobrante de cocido (escudella), y de segundo, <strong>pollo relleno<\/strong>. El postre t\u00edpico son las\u00a0<strong>Neulas\u00a0(barquillos) y turrones.<\/strong> Hay una tradici\u00f3n poco extendida que se hace\u00a0en algunos pueblos de Catalu\u00f1a, donde los m\u00e1s peque\u00f1os de la casa se suben en una silla para decir un poema.<\/p>\n<p>Des de la <a href=\"https:\/\/resest.com\/es\/contactar-alojamiento-estudiantil-bellaterra-uab\/\">residencia de estudiantes en\u00a0Bellaterra\u00a0<\/a>esperamos que os haya gustado este post y que nos coment\u00e9is alguna de vuestras tradiciones \u00a0navide\u00f1as. \ud83d\ude42<\/p>\n<p>&nbsp;<\/p>\n","protected":false},"excerpt":{"rendered":"<p>Seguro que muchos de vosotros desconoc\u00e9is los inicios del d\u00eda de San Esteban y porque es un d\u00eda festivo en Catalu\u00f1a. Desde\u00a0Resest, alojamiento de estudiantes en Sabadell, queremos explicaros todo sobre esta festividad. La gran diferencia que explica que en Catalu\u00f1a este d\u00eda se festivo y en el resto de Espa\u00f1a no, radica en que&hellip;<\/p>\n","protected":false},"author":1,"featured_media":7493,"comment_status":"open","ping_status":"open","sticky":false,"template":"","format":"standard","meta":{"footnotes":""},"categories":[70],"tags":[],"class_list":["post-7496","post","type-post","status-publish","format-standard","has-post-thumbnail","hentry","category-vida-sabadell-barcelona","entry","has-media"],"yoast_head":"<!-- This site is optimized with the Yoast SEO plugin v26.4 - https:\/\/yoast.com\/wordpress\/plugins\/seo\/ -->\n<title>San Esteban, una fiesta popular en Catalu\u00f1a | Resest<\/title>\n<meta name=\"description\" content=\"\u00bfSabes cu\u00e1l es el origen y lo porque es festivo el d\u00eda de San Esteban? Desde la residencia de estudiantes a Sabadell os lo explicamos. \u00a1Desc\u00fabrelo!\" \/>\n<meta name=\"robots\" content=\"index, follow, max-snippet:-1, max-image-preview:large, max-video-preview:-1\" \/>\n<link rel=\"canonical\" href=\"https:\/\/resest.com\/es\/vida-sabadell-barcelona\/san-esteban-fiesta-popular-cataluna\/\" \/>\n<meta property=\"og:locale\" content=\"es_ES\" \/>\n<meta property=\"og:type\" content=\"article\" \/>\n<meta property=\"og:title\" content=\"San Esteban, una fiesta popular en Catalu\u00f1a | Resest\" \/>\n<meta property=\"og:description\" content=\"\u00bfSabes cu\u00e1l es el origen y lo porque es festivo el d\u00eda de San Esteban? Desde la residencia de estudiantes a Sabadell os lo explicamos. \u00a1Desc\u00fabrelo!\" \/>\n<meta property=\"og:url\" content=\"https:\/\/resest.com\/es\/vida-sabadell-barcelona\/san-esteban-fiesta-popular-cataluna\/\" \/>\n<meta property=\"og:site_name\" content=\"Resid\u00e8ncia d&#039;Estudiants l&#039;Estaci\u00f3 de Sabadell | Resest\" \/>\n<meta property=\"article:published_time\" content=\"2018-12-20T05:15:14+00:00\" \/>\n<meta property=\"article:modified_time\" content=\"2020-02-07T12:10:46+00:00\" \/>\n<meta property=\"og:image\" content=\"https:\/\/resest.com\/wp-content\/uploads\/2018\/12\/dia-sant-esteve-familia.jpg\" \/>\n\t<meta property=\"og:image:width\" content=\"400\" \/>\n\t<meta property=\"og:image:height\" content=\"266\" \/>\n\t<meta property=\"og:image:type\" content=\"image\/jpeg\" \/>\n<meta name=\"author\" content=\"Resest\" \/>\n<meta name=\"twitter:label1\" content=\"Escrito por\" \/>\n\t<meta name=\"twitter:data1\" content=\"Resest\" \/>\n\t<meta name=\"twitter:label2\" content=\"Tiempo de lectura\" \/>\n\t<meta name=\"twitter:data2\" content=\"2 minutos\" \/>\n<script type=\"application\/ld+json\" class=\"yoast-schema-graph\">{\"@context\":\"https:\/\/schema.org\",\"@graph\":[{\"@type\":\"Article\",\"@id\":\"https:\/\/resest.com\/es\/vida-sabadell-barcelona\/san-esteban-fiesta-popular-cataluna\/#article\",\"isPartOf\":{\"@id\":\"https:\/\/resest.com\/es\/vida-sabadell-barcelona\/san-esteban-fiesta-popular-cataluna\/\"},\"author\":{\"name\":\"Resest\",\"@id\":\"https:\/\/resest.com\/es\/#\/schema\/person\/d9965768ae08730dafc3a7c835fcc47c\"},\"headline\":\"San Esteban, una fiesta popular a Catalu\u00f1a\",\"datePublished\":\"2018-12-20T05:15:14+00:00\",\"dateModified\":\"2020-02-07T12:10:46+00:00\",\"mainEntityOfPage\":{\"@id\":\"https:\/\/resest.com\/es\/vida-sabadell-barcelona\/san-esteban-fiesta-popular-cataluna\/\"},\"wordCount\":380,\"commentCount\":0,\"publisher\":{\"@id\":\"https:\/\/resest.com\/es\/#organization\"},\"image\":{\"@id\":\"https:\/\/resest.com\/es\/vida-sabadell-barcelona\/san-esteban-fiesta-popular-cataluna\/#primaryimage\"},\"thumbnailUrl\":\"https:\/\/resest.com\/wp-content\/uploads\/2018\/12\/dia-sant-esteve-familia.jpg\",\"articleSection\":[\"Qu\u00e9 hacer en Sabadell y Barcelona\"],\"inLanguage\":\"es\",\"potentialAction\":[{\"@type\":\"CommentAction\",\"name\":\"Comment\",\"target\":[\"https:\/\/resest.com\/es\/vida-sabadell-barcelona\/san-esteban-fiesta-popular-cataluna\/#respond\"]}]},{\"@type\":\"WebPage\",\"@id\":\"https:\/\/resest.com\/es\/vida-sabadell-barcelona\/san-esteban-fiesta-popular-cataluna\/\",\"url\":\"https:\/\/resest.com\/es\/vida-sabadell-barcelona\/san-esteban-fiesta-popular-cataluna\/\",\"name\":\"San Esteban, una fiesta popular en Catalu\u00f1a | Resest\",\"isPartOf\":{\"@id\":\"https:\/\/resest.com\/es\/#website\"},\"primaryImageOfPage\":{\"@id\":\"https:\/\/resest.com\/es\/vida-sabadell-barcelona\/san-esteban-fiesta-popular-cataluna\/#primaryimage\"},\"image\":{\"@id\":\"https:\/\/resest.com\/es\/vida-sabadell-barcelona\/san-esteban-fiesta-popular-cataluna\/#primaryimage\"},\"thumbnailUrl\":\"https:\/\/resest.com\/wp-content\/uploads\/2018\/12\/dia-sant-esteve-familia.jpg\",\"datePublished\":\"2018-12-20T05:15:14+00:00\",\"dateModified\":\"2020-02-07T12:10:46+00:00\",\"description\":\"\u00bfSabes cu\u00e1l es el origen y lo porque es festivo el d\u00eda de San Esteban? Desde la residencia de estudiantes a Sabadell os lo explicamos. \u00a1Desc\u00fabrelo!\",\"breadcrumb\":{\"@id\":\"https:\/\/resest.com\/es\/vida-sabadell-barcelona\/san-esteban-fiesta-popular-cataluna\/#breadcrumb\"},\"inLanguage\":\"es\",\"potentialAction\":[{\"@type\":\"ReadAction\",\"target\":[\"https:\/\/resest.com\/es\/vida-sabadell-barcelona\/san-esteban-fiesta-popular-cataluna\/\"]}]},{\"@type\":\"ImageObject\",\"inLanguage\":\"es\",\"@id\":\"https:\/\/resest.com\/es\/vida-sabadell-barcelona\/san-esteban-fiesta-popular-cataluna\/#primaryimage\",\"url\":\"https:\/\/resest.com\/wp-content\/uploads\/2018\/12\/dia-sant-esteve-familia.jpg\",\"contentUrl\":\"https:\/\/resest.com\/wp-content\/uploads\/2018\/12\/dia-sant-esteve-familia.jpg\",\"width\":400,\"height\":266},{\"@type\":\"BreadcrumbList\",\"@id\":\"https:\/\/resest.com\/es\/vida-sabadell-barcelona\/san-esteban-fiesta-popular-cataluna\/#breadcrumb\",\"itemListElement\":[{\"@type\":\"ListItem\",\"position\":1,\"name\":\"Inici\",\"item\":\"https:\/\/resest.com\/es\/\"},{\"@type\":\"ListItem\",\"position\":2,\"name\":\"San Esteban, una fiesta popular a Catalu\u00f1a\"}]},{\"@type\":\"WebSite\",\"@id\":\"https:\/\/resest.com\/es\/#website\",\"url\":\"https:\/\/resest.com\/es\/\",\"name\":\"Resid\u00e8ncia d&#039;Estudiants l&#039;Estaci\u00f3 de Sabadell | Resest\",\"description\":\"Otro sitio realizado con WordPress\",\"publisher\":{\"@id\":\"https:\/\/resest.com\/es\/#organization\"},\"potentialAction\":[{\"@type\":\"SearchAction\",\"target\":{\"@type\":\"EntryPoint\",\"urlTemplate\":\"https:\/\/resest.com\/es\/?s={search_term_string}\"},\"query-input\":{\"@type\":\"PropertyValueSpecification\",\"valueRequired\":true,\"valueName\":\"search_term_string\"}}],\"inLanguage\":\"es\"},{\"@type\":\"Organization\",\"@id\":\"https:\/\/resest.com\/es\/#organization\",\"name\":\"Resid\u00e8ncia d&#039;Estudiants l&#039;Estaci\u00f3 de Sabadell | Resest\",\"url\":\"https:\/\/resest.com\/es\/\",\"logo\":{\"@type\":\"ImageObject\",\"inLanguage\":\"es\",\"@id\":\"https:\/\/resest.com\/es\/#\/schema\/logo\/image\/\",\"url\":\"https:\/\/resest.com\/wp-content\/uploads\/2024\/03\/Facana-1.jpg\",\"contentUrl\":\"https:\/\/resest.com\/wp-content\/uploads\/2024\/03\/Facana-1.jpg\",\"width\":1200,\"height\":1009,\"caption\":\"Resid\u00e8ncia d&#039;Estudiants l&#039;Estaci\u00f3 de Sabadell | Resest\"},\"image\":{\"@id\":\"https:\/\/resest.com\/es\/#\/schema\/logo\/image\/\"}},{\"@type\":\"Person\",\"@id\":\"https:\/\/resest.com\/es\/#\/schema\/person\/d9965768ae08730dafc3a7c835fcc47c\",\"name\":\"Resest\",\"image\":{\"@type\":\"ImageObject\",\"inLanguage\":\"es\",\"@id\":\"https:\/\/resest.com\/es\/#\/schema\/person\/image\/\",\"url\":\"https:\/\/secure.gravatar.com\/avatar\/0c7509c85c836ff68bc43efa415976254ed1463e7bbc3edf38a658092e29e5b4?s=96&d=mm&r=g\",\"contentUrl\":\"https:\/\/secure.gravatar.com\/avatar\/0c7509c85c836ff68bc43efa415976254ed1463e7bbc3edf38a658092e29e5b4?s=96&d=mm&r=g\",\"caption\":\"Resest\"},\"url\":\"https:\/\/resest.com\/es\/author\/jordi\/\"}]}<\/script>\n<!-- \/ Yoast SEO plugin. -->","yoast_head_json":{"title":"San Esteban, una fiesta popular en Catalu\u00f1a | Resest","description":"\u00bfSabes cu\u00e1l es el origen y lo porque es festivo el d\u00eda de San Esteban? Desde la residencia de estudiantes a Sabadell os lo explicamos. \u00a1Desc\u00fabrelo!","robots":{"index":"index","follow":"follow","max-snippet":"max-snippet:-1","max-image-preview":"max-image-preview:large","max-video-preview":"max-video-preview:-1"},"canonical":"https:\/\/resest.com\/es\/vida-sabadell-barcelona\/san-esteban-fiesta-popular-cataluna\/","og_locale":"es_ES","og_type":"article","og_title":"San Esteban, una fiesta popular en Catalu\u00f1a | Resest","og_description":"\u00bfSabes cu\u00e1l es el origen y lo porque es festivo el d\u00eda de San Esteban? Desde la residencia de estudiantes a Sabadell os lo explicamos. \u00a1Desc\u00fabrelo!","og_url":"https:\/\/resest.com\/es\/vida-sabadell-barcelona\/san-esteban-fiesta-popular-cataluna\/","og_site_name":"Resid\u00e8ncia d&#039;Estudiants l&#039;Estaci\u00f3 de Sabadell | Resest","article_published_time":"2018-12-20T05:15:14+00:00","article_modified_time":"2020-02-07T12:10:46+00:00","og_image":[{"width":400,"height":266,"url":"https:\/\/resest.com\/wp-content\/uploads\/2018\/12\/dia-sant-esteve-familia.jpg","type":"image\/jpeg"}],"author":"Resest","twitter_misc":{"Escrito por":"Resest","Tiempo de lectura":"2 minutos"},"schema":{"@context":"https:\/\/schema.org","@graph":[{"@type":"Article","@id":"https:\/\/resest.com\/es\/vida-sabadell-barcelona\/san-esteban-fiesta-popular-cataluna\/#article","isPartOf":{"@id":"https:\/\/resest.com\/es\/vida-sabadell-barcelona\/san-esteban-fiesta-popular-cataluna\/"},"author":{"name":"Resest","@id":"https:\/\/resest.com\/es\/#\/schema\/person\/d9965768ae08730dafc3a7c835fcc47c"},"headline":"San Esteban, una fiesta popular a Catalu\u00f1a","datePublished":"2018-12-20T05:15:14+00:00","dateModified":"2020-02-07T12:10:46+00:00","mainEntityOfPage":{"@id":"https:\/\/resest.com\/es\/vida-sabadell-barcelona\/san-esteban-fiesta-popular-cataluna\/"},"wordCount":380,"commentCount":0,"publisher":{"@id":"https:\/\/resest.com\/es\/#organization"},"image":{"@id":"https:\/\/resest.com\/es\/vida-sabadell-barcelona\/san-esteban-fiesta-popular-cataluna\/#primaryimage"},"thumbnailUrl":"https:\/\/resest.com\/wp-content\/uploads\/2018\/12\/dia-sant-esteve-familia.jpg","articleSection":["Qu\u00e9 hacer en Sabadell y Barcelona"],"inLanguage":"es","potentialAction":[{"@type":"CommentAction","name":"Comment","target":["https:\/\/resest.com\/es\/vida-sabadell-barcelona\/san-esteban-fiesta-popular-cataluna\/#respond"]}]},{"@type":"WebPage","@id":"https:\/\/resest.com\/es\/vida-sabadell-barcelona\/san-esteban-fiesta-popular-cataluna\/","url":"https:\/\/resest.com\/es\/vida-sabadell-barcelona\/san-esteban-fiesta-popular-cataluna\/","name":"San Esteban, una fiesta popular en Catalu\u00f1a | Resest","isPartOf":{"@id":"https:\/\/resest.com\/es\/#website"},"primaryImageOfPage":{"@id":"https:\/\/resest.com\/es\/vida-sabadell-barcelona\/san-esteban-fiesta-popular-cataluna\/#primaryimage"},"image":{"@id":"https:\/\/resest.com\/es\/vida-sabadell-barcelona\/san-esteban-fiesta-popular-cataluna\/#primaryimage"},"thumbnailUrl":"https:\/\/resest.com\/wp-content\/uploads\/2018\/12\/dia-sant-esteve-familia.jpg","datePublished":"2018-12-20T05:15:14+00:00","dateModified":"2020-02-07T12:10:46+00:00","description":"\u00bfSabes cu\u00e1l es el origen y lo porque es festivo el d\u00eda de San Esteban? Desde la residencia de estudiantes a Sabadell os lo explicamos. \u00a1Desc\u00fabrelo!","breadcrumb":{"@id":"https:\/\/resest.com\/es\/vida-sabadell-barcelona\/san-esteban-fiesta-popular-cataluna\/#breadcrumb"},"inLanguage":"es","potentialAction":[{"@type":"ReadAction","target":["https:\/\/resest.com\/es\/vida-sabadell-barcelona\/san-esteban-fiesta-popular-cataluna\/"]}]},{"@type":"ImageObject","inLanguage":"es","@id":"https:\/\/resest.com\/es\/vida-sabadell-barcelona\/san-esteban-fiesta-popular-cataluna\/#primaryimage","url":"https:\/\/resest.com\/wp-content\/uploads\/2018\/12\/dia-sant-esteve-familia.jpg","contentUrl":"https:\/\/resest.com\/wp-content\/uploads\/2018\/12\/dia-sant-esteve-familia.jpg","width":400,"height":266},{"@type":"BreadcrumbList","@id":"https:\/\/resest.com\/es\/vida-sabadell-barcelona\/san-esteban-fiesta-popular-cataluna\/#breadcrumb","itemListElement":[{"@type":"ListItem","position":1,"name":"Inici","item":"https:\/\/resest.com\/es\/"},{"@type":"ListItem","position":2,"name":"San Esteban, una fiesta popular a Catalu\u00f1a"}]},{"@type":"WebSite","@id":"https:\/\/resest.com\/es\/#website","url":"https:\/\/resest.com\/es\/","name":"Resid\u00e8ncia d&#039;Estudiants l&#039;Estaci\u00f3 de Sabadell | Resest","description":"Otro sitio realizado con WordPress","publisher":{"@id":"https:\/\/resest.com\/es\/#organization"},"potentialAction":[{"@type":"SearchAction","target":{"@type":"EntryPoint","urlTemplate":"https:\/\/resest.com\/es\/?s={search_term_string}"},"query-input":{"@type":"PropertyValueSpecification","valueRequired":true,"valueName":"search_term_string"}}],"inLanguage":"es"},{"@type":"Organization","@id":"https:\/\/resest.com\/es\/#organization","name":"Resid\u00e8ncia d&#039;Estudiants l&#039;Estaci\u00f3 de Sabadell | Resest","url":"https:\/\/resest.com\/es\/","logo":{"@type":"ImageObject","inLanguage":"es","@id":"https:\/\/resest.com\/es\/#\/schema\/logo\/image\/","url":"https:\/\/resest.com\/wp-content\/uploads\/2024\/03\/Facana-1.jpg","contentUrl":"https:\/\/resest.com\/wp-content\/uploads\/2024\/03\/Facana-1.jpg","width":1200,"height":1009,"caption":"Resid\u00e8ncia d&#039;Estudiants l&#039;Estaci\u00f3 de Sabadell | Resest"},"image":{"@id":"https:\/\/resest.com\/es\/#\/schema\/logo\/image\/"}},{"@type":"Person","@id":"https:\/\/resest.com\/es\/#\/schema\/person\/d9965768ae08730dafc3a7c835fcc47c","name":"Resest","image":{"@type":"ImageObject","inLanguage":"es","@id":"https:\/\/resest.com\/es\/#\/schema\/person\/image\/","url":"https:\/\/secure.gravatar.com\/avatar\/0c7509c85c836ff68bc43efa415976254ed1463e7bbc3edf38a658092e29e5b4?s=96&d=mm&r=g","contentUrl":"https:\/\/secure.gravatar.com\/avatar\/0c7509c85c836ff68bc43efa415976254ed1463e7bbc3edf38a658092e29e5b4?s=96&d=mm&r=g","caption":"Resest"},"url":"https:\/\/resest.com\/es\/author\/jordi\/"}]}},"_links":{"self":[{"href":"https:\/\/resest.com\/es\/wp-json\/wp\/v2\/posts\/7496","targetHints":{"allow":["GET"]}}],"collection":[{"href":"https:\/\/resest.com\/es\/wp-json\/wp\/v2\/posts"}],"about":[{"href":"https:\/\/resest.com\/es\/wp-json\/wp\/v2\/types\/post"}],"author":[{"embeddable":true,"href":"https:\/\/resest.com\/es\/wp-json\/wp\/v2\/users\/1"}],"replies":[{"embeddable":true,"href":"https:\/\/resest.com\/es\/wp-json\/wp\/v2\/comments?post=7496"}],"version-history":[{"count":0,"href":"https:\/\/resest.com\/es\/wp-json\/wp\/v2\/posts\/7496\/revisions"}],"wp:featuredmedia":[{"embeddable":true,"href":"https:\/\/resest.com\/es\/wp-json\/wp\/v2\/media\/7493"}],"wp:attachment":[{"href":"https:\/\/resest.com\/es\/wp-json\/wp\/v2\/media?parent=7496"}],"wp:term":[{"taxonomy":"category","embeddable":true,"href":"https:\/\/resest.com\/es\/wp-json\/wp\/v2\/categories?post=7496"},{"taxonomy":"post_tag","embeddable":true,"href":"https:\/\/resest.com\/es\/wp-json\/wp\/v2\/tags?post=7496"}],"curies":[{"name":"wp","href":"https:\/\/api.w.org\/{rel}","templated":true}]}}