{"id":6782,"date":"2018-05-25T10:00:25","date_gmt":"2018-05-25T09:00:25","guid":{"rendered":"https:\/\/resest.com\/?p=6782"},"modified":"2019-02-18T13:28:13","modified_gmt":"2019-02-18T12:28:13","slug":"cena-fin-curso-20172018","status":"publish","type":"post","link":"https:\/\/resest.com\/es\/vida-en-la-residencia-es\/cena-fin-curso-20172018\/","title":{"rendered":"Cena fin de curso 2017\/2018"},"content":{"rendered":"<p>El pr\u00f3ximo mi\u00e9rcoles 30 de mayo se celebrar\u00e1 como cada a\u00f1o, la cena de fin de curso con todos nuestros residentes. \u00a1A continuaci\u00f3n pod\u00e9is ver el men\u00fa en prim\u00edcia!<\/p>\n<p><img loading=\"lazy\" decoding=\"async\" class=\"aligncenter size-full wp-image-6776\" src=\"https:\/\/resest.com\/wp-content\/uploads\/2018\/05\/Sopar-fi-curs-17-18.jpg\" alt=\"\" width=\"722\" height=\"960\" srcset=\"https:\/\/resest.com\/wp-content\/uploads\/2018\/05\/Sopar-fi-curs-17-18.jpg 722w, https:\/\/resest.com\/wp-content\/uploads\/2018\/05\/Sopar-fi-curs-17-18-226x300.jpg 226w\" sizes=\"auto, (max-width: 722px) 100vw, 722px\" \/><\/p>\n<p>\u00a1Os esperamos a todos!<\/p>\n","protected":false},"excerpt":{"rendered":"<p>El pr\u00f3ximo mi\u00e9rcoles 30 de mayo se celebrar\u00e1 como cada a\u00f1o, la cena de fin de curso con todos nuestros residentes. \u00a1A continuaci\u00f3n pod\u00e9is ver el men\u00fa en prim\u00edcia! \u00a1Os esperamos a todos!<\/p>\n","protected":false},"author":3,"featured_media":6779,"comment_status":"open","ping_status":"open","sticky":false,"template":"","format":"standard","meta":{"footnotes":""},"categories":[66],"tags":[],"class_list":["post-6782","post","type-post","status-publish","format-standard","has-post-thumbnail","hentry","category-vida-en-la-residencia-es","entry","has-media"],"yoast_head":"<!-- This site is optimized with the Yoast SEO plugin v26.4 - https:\/\/yoast.com\/wordpress\/plugins\/seo\/ -->\n<title>Cena fin de curso 2017\/2018 - Resid\u00e8ncia d&#039;Estudiants l&#039;Estaci\u00f3 de Sabadell | Resest<\/title>\n<meta name=\"robots\" content=\"index, follow, max-snippet:-1, max-image-preview:large, max-video-preview:-1\" \/>\n<link rel=\"canonical\" href=\"https:\/\/resest.com\/es\/vida-en-la-residencia-es\/cena-fin-curso-20172018\/\" \/>\n<meta property=\"og:locale\" content=\"es_ES\" \/>\n<meta property=\"og:type\" content=\"article\" \/>\n<meta property=\"og:title\" content=\"Cena fin de curso 2017\/2018 - Resid\u00e8ncia d&#039;Estudiants l&#039;Estaci\u00f3 de Sabadell | Resest\" \/>\n<meta property=\"og:description\" content=\"El pr\u00f3ximo mi\u00e9rcoles 30 de mayo se celebrar\u00e1 como cada a\u00f1o, la cena de fin de curso con todos nuestros residentes. \u00a1A continuaci\u00f3n pod\u00e9is ver el men\u00fa en prim\u00edcia! \u00a1Os esperamos a todos!\" \/>\n<meta property=\"og:url\" content=\"https:\/\/resest.com\/es\/vida-en-la-residencia-es\/cena-fin-curso-20172018\/\" \/>\n<meta property=\"og:site_name\" content=\"Resid\u00e8ncia d&#039;Estudiants l&#039;Estaci\u00f3 de Sabadell | Resest\" \/>\n<meta property=\"article:published_time\" content=\"2018-05-25T09:00:25+00:00\" \/>\n<meta property=\"article:modified_time\" content=\"2019-02-18T12:28:13+00:00\" \/>\n<meta property=\"og:image\" content=\"https:\/\/resest.com\/wp-content\/uploads\/2018\/05\/Sopar-fi-curs-17-18.jpg\" \/>\n\t<meta property=\"og:image:width\" content=\"722\" \/>\n\t<meta property=\"og:image:height\" content=\"960\" \/>\n\t<meta property=\"og:image:type\" content=\"image\/jpeg\" \/>\n<meta name=\"author\" content=\"Resest\" \/>\n<meta name=\"twitter:label1\" content=\"Escrito por\" \/>\n\t<meta name=\"twitter:data1\" content=\"Resest\" \/>\n<script type=\"application\/ld+json\" class=\"yoast-schema-graph\">{\"@context\":\"https:\/\/schema.org\",\"@graph\":[{\"@type\":\"Article\",\"@id\":\"https:\/\/resest.com\/es\/vida-en-la-residencia-es\/cena-fin-curso-20172018\/#article\",\"isPartOf\":{\"@id\":\"https:\/\/resest.com\/es\/vida-en-la-residencia-es\/cena-fin-curso-20172018\/\"},\"author\":{\"name\":\"Resest\",\"@id\":\"https:\/\/resest.com\/es\/#\/schema\/person\/f66d2b5dae2cd0a989ab720dd211d2a9\"},\"headline\":\"Cena fin de curso 2017\/2018\",\"datePublished\":\"2018-05-25T09:00:25+00:00\",\"dateModified\":\"2019-02-18T12:28:13+00:00\",\"mainEntityOfPage\":{\"@id\":\"https:\/\/resest.com\/es\/vida-en-la-residencia-es\/cena-fin-curso-20172018\/\"},\"wordCount\":42,\"commentCount\":0,\"publisher\":{\"@id\":\"https:\/\/resest.com\/es\/#organization\"},\"image\":{\"@id\":\"https:\/\/resest.com\/es\/vida-en-la-residencia-es\/cena-fin-curso-20172018\/#primaryimage\"},\"thumbnailUrl\":\"https:\/\/resest.com\/wp-content\/uploads\/2018\/05\/Sopar-fi-curs-17-18.jpg\",\"articleSection\":[\"Vida en la Residencia\"],\"inLanguage\":\"es\",\"potentialAction\":[{\"@type\":\"CommentAction\",\"name\":\"Comment\",\"target\":[\"https:\/\/resest.com\/es\/vida-en-la-residencia-es\/cena-fin-curso-20172018\/#respond\"]}]},{\"@type\":\"WebPage\",\"@id\":\"https:\/\/resest.com\/es\/vida-en-la-residencia-es\/cena-fin-curso-20172018\/\",\"url\":\"https:\/\/resest.com\/es\/vida-en-la-residencia-es\/cena-fin-curso-20172018\/\",\"name\":\"Cena fin de curso 2017\/2018 - Resid\u00e8ncia d&#039;Estudiants l&#039;Estaci\u00f3 de Sabadell | Resest\",\"isPartOf\":{\"@id\":\"https:\/\/resest.com\/es\/#website\"},\"primaryImageOfPage\":{\"@id\":\"https:\/\/resest.com\/es\/vida-en-la-residencia-es\/cena-fin-curso-20172018\/#primaryimage\"},\"image\":{\"@id\":\"https:\/\/resest.com\/es\/vida-en-la-residencia-es\/cena-fin-curso-20172018\/#primaryimage\"},\"thumbnailUrl\":\"https:\/\/resest.com\/wp-content\/uploads\/2018\/05\/Sopar-fi-curs-17-18.jpg\",\"datePublished\":\"2018-05-25T09:00:25+00:00\",\"dateModified\":\"2019-02-18T12:28:13+00:00\",\"breadcrumb\":{\"@id\":\"https:\/\/resest.com\/es\/vida-en-la-residencia-es\/cena-fin-curso-20172018\/#breadcrumb\"},\"inLanguage\":\"es\",\"potentialAction\":[{\"@type\":\"ReadAction\",\"target\":[\"https:\/\/resest.com\/es\/vida-en-la-residencia-es\/cena-fin-curso-20172018\/\"]}]},{\"@type\":\"ImageObject\",\"inLanguage\":\"es\",\"@id\":\"https:\/\/resest.com\/es\/vida-en-la-residencia-es\/cena-fin-curso-20172018\/#primaryimage\",\"url\":\"https:\/\/resest.com\/wp-content\/uploads\/2018\/05\/Sopar-fi-curs-17-18.jpg\",\"contentUrl\":\"https:\/\/resest.com\/wp-content\/uploads\/2018\/05\/Sopar-fi-curs-17-18.jpg\",\"width\":722,\"height\":960,\"caption\":\"sopar fi curs\"},{\"@type\":\"BreadcrumbList\",\"@id\":\"https:\/\/resest.com\/es\/vida-en-la-residencia-es\/cena-fin-curso-20172018\/#breadcrumb\",\"itemListElement\":[{\"@type\":\"ListItem\",\"position\":1,\"name\":\"Inici\",\"item\":\"https:\/\/resest.com\/es\/\"},{\"@type\":\"ListItem\",\"position\":2,\"name\":\"Cena fin de curso 2017\/2018\"}]},{\"@type\":\"WebSite\",\"@id\":\"https:\/\/resest.com\/es\/#website\",\"url\":\"https:\/\/resest.com\/es\/\",\"name\":\"Resid\u00e8ncia d&#039;Estudiants l&#039;Estaci\u00f3 de Sabadell | Resest\",\"description\":\"Otro sitio realizado con WordPress\",\"publisher\":{\"@id\":\"https:\/\/resest.com\/es\/#organization\"},\"potentialAction\":[{\"@type\":\"SearchAction\",\"target\":{\"@type\":\"EntryPoint\",\"urlTemplate\":\"https:\/\/resest.com\/es\/?s={search_term_string}\"},\"query-input\":{\"@type\":\"PropertyValueSpecification\",\"valueRequired\":true,\"valueName\":\"search_term_string\"}}],\"inLanguage\":\"es\"},{\"@type\":\"Organization\",\"@id\":\"https:\/\/resest.com\/es\/#organization\",\"name\":\"Resid\u00e8ncia d&#039;Estudiants l&#039;Estaci\u00f3 de Sabadell | Resest\",\"url\":\"https:\/\/resest.com\/es\/\",\"logo\":{\"@type\":\"ImageObject\",\"inLanguage\":\"es\",\"@id\":\"https:\/\/resest.com\/es\/#\/schema\/logo\/image\/\",\"url\":\"https:\/\/resest.com\/wp-content\/uploads\/2024\/03\/Facana-1.jpg\",\"contentUrl\":\"https:\/\/resest.com\/wp-content\/uploads\/2024\/03\/Facana-1.jpg\",\"width\":1200,\"height\":1009,\"caption\":\"Resid\u00e8ncia d&#039;Estudiants l&#039;Estaci\u00f3 de Sabadell | Resest\"},\"image\":{\"@id\":\"https:\/\/resest.com\/es\/#\/schema\/logo\/image\/\"}},{\"@type\":\"Person\",\"@id\":\"https:\/\/resest.com\/es\/#\/schema\/person\/f66d2b5dae2cd0a989ab720dd211d2a9\",\"name\":\"Resest\",\"image\":{\"@type\":\"ImageObject\",\"inLanguage\":\"es\",\"@id\":\"https:\/\/resest.com\/es\/#\/schema\/person\/image\/\",\"url\":\"https:\/\/secure.gravatar.com\/avatar\/a5d542eca874617a8a62a45c724821a615f770cf5bde5e61a93a7a2562faba7a?s=96&d=mm&r=g\",\"contentUrl\":\"https:\/\/secure.gravatar.com\/avatar\/a5d542eca874617a8a62a45c724821a615f770cf5bde5e61a93a7a2562faba7a?s=96&d=mm&r=g\",\"caption\":\"Resest\"},\"url\":\"https:\/\/resest.com\/es\/author\/resest\/\"}]}<\/script>\n<!-- \/ Yoast SEO plugin. -->","yoast_head_json":{"title":"Cena fin de curso 2017\/2018 - Resid\u00e8ncia d&#039;Estudiants l&#039;Estaci\u00f3 de Sabadell | Resest","robots":{"index":"index","follow":"follow","max-snippet":"max-snippet:-1","max-image-preview":"max-image-preview:large","max-video-preview":"max-video-preview:-1"},"canonical":"https:\/\/resest.com\/es\/vida-en-la-residencia-es\/cena-fin-curso-20172018\/","og_locale":"es_ES","og_type":"article","og_title":"Cena fin de curso 2017\/2018 - Resid\u00e8ncia d&#039;Estudiants l&#039;Estaci\u00f3 de Sabadell | Resest","og_description":"El pr\u00f3ximo mi\u00e9rcoles 30 de mayo se celebrar\u00e1 como cada a\u00f1o, la cena de fin de curso con todos nuestros residentes. \u00a1A continuaci\u00f3n pod\u00e9is ver el men\u00fa en prim\u00edcia! \u00a1Os esperamos a todos!","og_url":"https:\/\/resest.com\/es\/vida-en-la-residencia-es\/cena-fin-curso-20172018\/","og_site_name":"Resid\u00e8ncia d&#039;Estudiants l&#039;Estaci\u00f3 de Sabadell | Resest","article_published_time":"2018-05-25T09:00:25+00:00","article_modified_time":"2019-02-18T12:28:13+00:00","og_image":[{"width":722,"height":960,"url":"https:\/\/resest.com\/wp-content\/uploads\/2018\/05\/Sopar-fi-curs-17-18.jpg","type":"image\/jpeg"}],"author":"Resest","twitter_misc":{"Escrito por":"Resest"},"schema":{"@context":"https:\/\/schema.org","@graph":[{"@type":"Article","@id":"https:\/\/resest.com\/es\/vida-en-la-residencia-es\/cena-fin-curso-20172018\/#article","isPartOf":{"@id":"https:\/\/resest.com\/es\/vida-en-la-residencia-es\/cena-fin-curso-20172018\/"},"author":{"name":"Resest","@id":"https:\/\/resest.com\/es\/#\/schema\/person\/f66d2b5dae2cd0a989ab720dd211d2a9"},"headline":"Cena fin de curso 2017\/2018","datePublished":"2018-05-25T09:00:25+00:00","dateModified":"2019-02-18T12:28:13+00:00","mainEntityOfPage":{"@id":"https:\/\/resest.com\/es\/vida-en-la-residencia-es\/cena-fin-curso-20172018\/"},"wordCount":42,"commentCount":0,"publisher":{"@id":"https:\/\/resest.com\/es\/#organization"},"image":{"@id":"https:\/\/resest.com\/es\/vida-en-la-residencia-es\/cena-fin-curso-20172018\/#primaryimage"},"thumbnailUrl":"https:\/\/resest.com\/wp-content\/uploads\/2018\/05\/Sopar-fi-curs-17-18.jpg","articleSection":["Vida en la Residencia"],"inLanguage":"es","potentialAction":[{"@type":"CommentAction","name":"Comment","target":["https:\/\/resest.com\/es\/vida-en-la-residencia-es\/cena-fin-curso-20172018\/#respond"]}]},{"@type":"WebPage","@id":"https:\/\/resest.com\/es\/vida-en-la-residencia-es\/cena-fin-curso-20172018\/","url":"https:\/\/resest.com\/es\/vida-en-la-residencia-es\/cena-fin-curso-20172018\/","name":"Cena fin de curso 2017\/2018 - Resid\u00e8ncia d&#039;Estudiants l&#039;Estaci\u00f3 de Sabadell | Resest","isPartOf":{"@id":"https:\/\/resest.com\/es\/#website"},"primaryImageOfPage":{"@id":"https:\/\/resest.com\/es\/vida-en-la-residencia-es\/cena-fin-curso-20172018\/#primaryimage"},"image":{"@id":"https:\/\/resest.com\/es\/vida-en-la-residencia-es\/cena-fin-curso-20172018\/#primaryimage"},"thumbnailUrl":"https:\/\/resest.com\/wp-content\/uploads\/2018\/05\/Sopar-fi-curs-17-18.jpg","datePublished":"2018-05-25T09:00:25+00:00","dateModified":"2019-02-18T12:28:13+00:00","breadcrumb":{"@id":"https:\/\/resest.com\/es\/vida-en-la-residencia-es\/cena-fin-curso-20172018\/#breadcrumb"},"inLanguage":"es","potentialAction":[{"@type":"ReadAction","target":["https:\/\/resest.com\/es\/vida-en-la-residencia-es\/cena-fin-curso-20172018\/"]}]},{"@type":"ImageObject","inLanguage":"es","@id":"https:\/\/resest.com\/es\/vida-en-la-residencia-es\/cena-fin-curso-20172018\/#primaryimage","url":"https:\/\/resest.com\/wp-content\/uploads\/2018\/05\/Sopar-fi-curs-17-18.jpg","contentUrl":"https:\/\/resest.com\/wp-content\/uploads\/2018\/05\/Sopar-fi-curs-17-18.jpg","width":722,"height":960,"caption":"sopar fi curs"},{"@type":"BreadcrumbList","@id":"https:\/\/resest.com\/es\/vida-en-la-residencia-es\/cena-fin-curso-20172018\/#breadcrumb","itemListElement":[{"@type":"ListItem","position":1,"name":"Inici","item":"https:\/\/resest.com\/es\/"},{"@type":"ListItem","position":2,"name":"Cena fin de curso 2017\/2018"}]},{"@type":"WebSite","@id":"https:\/\/resest.com\/es\/#website","url":"https:\/\/resest.com\/es\/","name":"Resid\u00e8ncia d&#039;Estudiants l&#039;Estaci\u00f3 de Sabadell | Resest","description":"Otro sitio realizado con WordPress","publisher":{"@id":"https:\/\/resest.com\/es\/#organization"},"potentialAction":[{"@type":"SearchAction","target":{"@type":"EntryPoint","urlTemplate":"https:\/\/resest.com\/es\/?s={search_term_string}"},"query-input":{"@type":"PropertyValueSpecification","valueRequired":true,"valueName":"search_term_string"}}],"inLanguage":"es"},{"@type":"Organization","@id":"https:\/\/resest.com\/es\/#organization","name":"Resid\u00e8ncia d&#039;Estudiants l&#039;Estaci\u00f3 de Sabadell | Resest","url":"https:\/\/resest.com\/es\/","logo":{"@type":"ImageObject","inLanguage":"es","@id":"https:\/\/resest.com\/es\/#\/schema\/logo\/image\/","url":"https:\/\/resest.com\/wp-content\/uploads\/2024\/03\/Facana-1.jpg","contentUrl":"https:\/\/resest.com\/wp-content\/uploads\/2024\/03\/Facana-1.jpg","width":1200,"height":1009,"caption":"Resid\u00e8ncia d&#039;Estudiants l&#039;Estaci\u00f3 de Sabadell | Resest"},"image":{"@id":"https:\/\/resest.com\/es\/#\/schema\/logo\/image\/"}},{"@type":"Person","@id":"https:\/\/resest.com\/es\/#\/schema\/person\/f66d2b5dae2cd0a989ab720dd211d2a9","name":"Resest","image":{"@type":"ImageObject","inLanguage":"es","@id":"https:\/\/resest.com\/es\/#\/schema\/person\/image\/","url":"https:\/\/secure.gravatar.com\/avatar\/a5d542eca874617a8a62a45c724821a615f770cf5bde5e61a93a7a2562faba7a?s=96&d=mm&r=g","contentUrl":"https:\/\/secure.gravatar.com\/avatar\/a5d542eca874617a8a62a45c724821a615f770cf5bde5e61a93a7a2562faba7a?s=96&d=mm&r=g","caption":"Resest"},"url":"https:\/\/resest.com\/es\/author\/resest\/"}]}},"_links":{"self":[{"href":"https:\/\/resest.com\/es\/wp-json\/wp\/v2\/posts\/6782","targetHints":{"allow":["GET"]}}],"collection":[{"href":"https:\/\/resest.com\/es\/wp-json\/wp\/v2\/posts"}],"about":[{"href":"https:\/\/resest.com\/es\/wp-json\/wp\/v2\/types\/post"}],"author":[{"embeddable":true,"href":"https:\/\/resest.com\/es\/wp-json\/wp\/v2\/users\/3"}],"replies":[{"embeddable":true,"href":"https:\/\/resest.com\/es\/wp-json\/wp\/v2\/comments?post=6782"}],"version-history":[{"count":0,"href":"https:\/\/resest.com\/es\/wp-json\/wp\/v2\/posts\/6782\/revisions"}],"wp:featuredmedia":[{"embeddable":true,"href":"https:\/\/resest.com\/es\/wp-json\/wp\/v2\/media\/6779"}],"wp:attachment":[{"href":"https:\/\/resest.com\/es\/wp-json\/wp\/v2\/media?parent=6782"}],"wp:term":[{"taxonomy":"category","embeddable":true,"href":"https:\/\/resest.com\/es\/wp-json\/wp\/v2\/categories?post=6782"},{"taxonomy":"post_tag","embeddable":true,"href":"https:\/\/resest.com\/es\/wp-json\/wp\/v2\/tags?post=6782"}],"curies":[{"name":"wp","href":"https:\/\/api.w.org\/{rel}","templated":true}]}}