{"id":6682,"date":"2018-04-26T10:45:12","date_gmt":"2018-04-26T09:45:12","guid":{"rendered":"https:\/\/resest.com\/?p=6682"},"modified":"2018-04-26T10:45:26","modified_gmt":"2018-04-26T09:45:26","slug":"dia-sant-jordi-alojamiento-estudiantes","status":"publish","type":"post","link":"https:\/\/resest.com\/es\/blog-es\/dia-sant-jordi-alojamiento-estudiantes\/","title":{"rendered":"El d\u00eda de Sant Jordi en el Alojamiento de Estudiantes"},"content":{"rendered":"<p>Nos encanta celebrar este tipo de d\u00edas en el <strong>alojamiento de estudiantes<\/strong>. La mayor\u00eda de ellos, no son de aqu\u00ed y puede que no conozcan nuestra cultura y costumbres catalanas. Uno de los compromisos de <strong>Resest<\/strong> es acercar nuestra cultura a todos los residentes.<\/p>\n<p>El <strong>d\u00eda de Sant Jordi<\/strong> fue muy especial, ya que todos los residentes del <strong>residencia de estudiantes<\/strong> pudieron conocer de primera mano uno de los <a href=\"https:\/\/resest.com\/es\/blog-es\/historia-sant-jordi-alojamiento-estudiantil-resest\/\" target=\"_blank\" rel=\"noopener\">d\u00edas m\u00e1s celebrados en Catalu\u00f1a<\/a>. Nos hicimos con unas <strong>rosas de Sant Jordi<\/strong> y se las entregamos a todos los estudiantes a modo de sorpresa. \u00a1Muchos no supieron c\u00f3mo reaccionar! Nadie se lo esperaba y nos preguntaron el porqu\u00e9 de este regalo.<\/p>\n<p><img loading=\"lazy\" decoding=\"async\" class=\"aligncenter wp-image-6683\" src=\"https:\/\/resest.com\/wp-content\/uploads\/2018\/04\/resest-sant-jordi-1-1.jpg\" alt=\"alojamiento de estudiantes\" width=\"345\" height=\"460\" srcset=\"https:\/\/resest.com\/wp-content\/uploads\/2018\/04\/resest-sant-jordi-1-1.jpg 800w, https:\/\/resest.com\/wp-content\/uploads\/2018\/04\/resest-sant-jordi-1-1-225x300.jpg 225w, https:\/\/resest.com\/wp-content\/uploads\/2018\/04\/resest-sant-jordi-1-1-768x1024.jpg 768w\" sizes=\"auto, (max-width: 345px) 100vw, 345px\" \/><\/p>\n<p>Para los estudiantes es muy importante poder celebrar estos d\u00edas y as\u00ed dar un peque\u00f1o descanso al cerebro durante la \u00e9poca de ex\u00e1menes. Son tiempos dif\u00edciles para ellos, ya que se juntan <strong>muchos ex\u00e1menes en un corto periodo de tiempo y se someten a mucha presi\u00f3n<\/strong>. La residencia de estudiantes no puede estudiar por ellos, pero s\u00ed que puede ayudar en lo m\u00e1ximo posible. Disponemos de un <a href=\"https:\/\/resest.com\/es\/instalaciones-residencia-estudiantes-barcelona-bellaterra\/\" target=\"_blank\" rel=\"noopener\"><strong>entorno enfocado al estudio y al ocio<\/strong><\/a>. La <strong>sala de estudio<\/strong> es perfecta para buscar informaci\u00f3n, hacer res\u00famenes, leer y estudiar. Para desconectar un rato de tanto estudio, <strong>los estudiantes pueden reunirse con sus compa\u00f1eros en las habitaciones, en la sala de estar o en el sol\u00e1rium<\/strong>. Adem\u00e1s, ahora que llega el buen tiempo, es un sitio perfecto para pasar\u00a0 un buen rato de relax, \u00a1o incluso estudiar all\u00ed!<\/p>\n<p><img loading=\"lazy\" decoding=\"async\" class=\"aligncenter size-full wp-image-6687\" src=\"https:\/\/resest.com\/wp-content\/uploads\/2018\/04\/Terrassa08-1.jpg\" alt=\"alojamiento de estudiantes\" width=\"294\" height=\"343\" srcset=\"https:\/\/resest.com\/wp-content\/uploads\/2018\/04\/Terrassa08-1.jpg 294w, https:\/\/resest.com\/wp-content\/uploads\/2018\/04\/Terrassa08-1-257x300.jpg 257w\" sizes=\"auto, (max-width: 294px) 100vw, 294px\" \/><\/p>\n<p>Ya no queda nada para acabar el curso universitario y poder disfrutar del verano. Desde el <strong>alojamiento de estudiantes de Sabadell<\/strong> os animamos a apretar durante el \u00faltimo tramo del curso. Si necesit\u00e1is alg\u00fan consejo para sobrellevar mejor los d\u00edas de ex\u00e1menes, puedes echar un vistazo nuestro post de <a href=\"https:\/\/resest.com\/es\/blog-es\/residencia-estudiantil-consejos-estudiantes\/\" target=\"_blank\" rel=\"noopener\">consejos para estudiantes<\/a>, \u00a1que os ser\u00e1n muy \u00fatiles!<\/p>\n","protected":false},"excerpt":{"rendered":"<p>Nos encanta celebrar este tipo de d\u00edas en el alojamiento de estudiantes. La mayor\u00eda de ellos, no son de aqu\u00ed y puede que no conozcan nuestra cultura y costumbres catalanas. Uno de los compromisos de Resest es acercar nuestra cultura a todos los residentes. El d\u00eda de Sant Jordi fue muy especial, ya que todos&hellip;<\/p>\n","protected":false},"author":1,"featured_media":6676,"comment_status":"open","ping_status":"open","sticky":false,"template":"","format":"standard","meta":{"footnotes":""},"categories":[1,66],"tags":[],"class_list":["post-6682","post","type-post","status-publish","format-standard","has-post-thumbnail","hentry","category-blog-es","category-vida-en-la-residencia-es","entry","has-media"],"yoast_head":"<!-- This site is optimized with the Yoast SEO plugin v26.4 - https:\/\/yoast.com\/wordpress\/plugins\/seo\/ -->\n<title>El d\u00eda de Sant Jordi en el alojamiento de estudiantes - Resest<\/title>\n<meta name=\"description\" content=\"Descubre la sorpresa que el alojamiento de estudiantes prepar\u00f3 a todos los j\u00f3venes para ense\u00f1arles un poco m\u00e1s sobre nuestra cultura.\" \/>\n<meta name=\"robots\" content=\"index, follow, max-snippet:-1, max-image-preview:large, max-video-preview:-1\" \/>\n<link rel=\"canonical\" href=\"https:\/\/resest.com\/es\/blog-es\/dia-sant-jordi-alojamiento-estudiantes\/\" \/>\n<meta property=\"og:locale\" content=\"es_ES\" \/>\n<meta property=\"og:type\" content=\"article\" \/>\n<meta property=\"og:title\" content=\"El d\u00eda de Sant Jordi en el alojamiento de estudiantes - Resest\" \/>\n<meta property=\"og:description\" content=\"Descubre la sorpresa que el alojamiento de estudiantes prepar\u00f3 a todos los j\u00f3venes para ense\u00f1arles un poco m\u00e1s sobre nuestra cultura.\" \/>\n<meta property=\"og:url\" content=\"https:\/\/resest.com\/es\/blog-es\/dia-sant-jordi-alojamiento-estudiantes\/\" \/>\n<meta property=\"og:site_name\" content=\"Resid\u00e8ncia d&#039;Estudiants l&#039;Estaci\u00f3 de Sabadell | Resest\" \/>\n<meta property=\"article:published_time\" content=\"2018-04-26T09:45:12+00:00\" \/>\n<meta property=\"article:modified_time\" content=\"2018-04-26T09:45:26+00:00\" \/>\n<meta property=\"og:image\" content=\"https:\/\/resest.com\/wp-content\/uploads\/2018\/04\/resest-sant-jordi-1.jpg\" \/>\n\t<meta property=\"og:image:width\" content=\"800\" \/>\n\t<meta property=\"og:image:height\" content=\"1067\" \/>\n\t<meta property=\"og:image:type\" content=\"image\/jpeg\" \/>\n<meta name=\"author\" content=\"Resest\" \/>\n<meta name=\"twitter:label1\" content=\"Escrito por\" \/>\n\t<meta name=\"twitter:data1\" content=\"Resest\" \/>\n\t<meta name=\"twitter:label2\" content=\"Tiempo de lectura\" \/>\n\t<meta name=\"twitter:data2\" content=\"2 minutos\" \/>\n<script type=\"application\/ld+json\" class=\"yoast-schema-graph\">{\"@context\":\"https:\/\/schema.org\",\"@graph\":[{\"@type\":\"Article\",\"@id\":\"https:\/\/resest.com\/es\/blog-es\/dia-sant-jordi-alojamiento-estudiantes\/#article\",\"isPartOf\":{\"@id\":\"https:\/\/resest.com\/es\/blog-es\/dia-sant-jordi-alojamiento-estudiantes\/\"},\"author\":{\"name\":\"Resest\",\"@id\":\"https:\/\/resest.com\/es\/#\/schema\/person\/d9965768ae08730dafc3a7c835fcc47c\"},\"headline\":\"El d\u00eda de Sant Jordi en el Alojamiento de Estudiantes\",\"datePublished\":\"2018-04-26T09:45:12+00:00\",\"dateModified\":\"2018-04-26T09:45:26+00:00\",\"mainEntityOfPage\":{\"@id\":\"https:\/\/resest.com\/es\/blog-es\/dia-sant-jordi-alojamiento-estudiantes\/\"},\"wordCount\":339,\"commentCount\":0,\"publisher\":{\"@id\":\"https:\/\/resest.com\/es\/#organization\"},\"image\":{\"@id\":\"https:\/\/resest.com\/es\/blog-es\/dia-sant-jordi-alojamiento-estudiantes\/#primaryimage\"},\"thumbnailUrl\":\"https:\/\/resest.com\/wp-content\/uploads\/2018\/04\/resest-sant-jordi-1.jpg\",\"articleSection\":[\"Blog\",\"Vida en la Residencia\"],\"inLanguage\":\"es\",\"potentialAction\":[{\"@type\":\"CommentAction\",\"name\":\"Comment\",\"target\":[\"https:\/\/resest.com\/es\/blog-es\/dia-sant-jordi-alojamiento-estudiantes\/#respond\"]}]},{\"@type\":\"WebPage\",\"@id\":\"https:\/\/resest.com\/es\/blog-es\/dia-sant-jordi-alojamiento-estudiantes\/\",\"url\":\"https:\/\/resest.com\/es\/blog-es\/dia-sant-jordi-alojamiento-estudiantes\/\",\"name\":\"El d\u00eda de Sant Jordi en el alojamiento de estudiantes - Resest\",\"isPartOf\":{\"@id\":\"https:\/\/resest.com\/es\/#website\"},\"primaryImageOfPage\":{\"@id\":\"https:\/\/resest.com\/es\/blog-es\/dia-sant-jordi-alojamiento-estudiantes\/#primaryimage\"},\"image\":{\"@id\":\"https:\/\/resest.com\/es\/blog-es\/dia-sant-jordi-alojamiento-estudiantes\/#primaryimage\"},\"thumbnailUrl\":\"https:\/\/resest.com\/wp-content\/uploads\/2018\/04\/resest-sant-jordi-1.jpg\",\"datePublished\":\"2018-04-26T09:45:12+00:00\",\"dateModified\":\"2018-04-26T09:45:26+00:00\",\"description\":\"Descubre la sorpresa que el alojamiento de estudiantes prepar\u00f3 a todos los j\u00f3venes para ense\u00f1arles un poco m\u00e1s sobre nuestra cultura.\",\"breadcrumb\":{\"@id\":\"https:\/\/resest.com\/es\/blog-es\/dia-sant-jordi-alojamiento-estudiantes\/#breadcrumb\"},\"inLanguage\":\"es\",\"potentialAction\":[{\"@type\":\"ReadAction\",\"target\":[\"https:\/\/resest.com\/es\/blog-es\/dia-sant-jordi-alojamiento-estudiantes\/\"]}]},{\"@type\":\"ImageObject\",\"inLanguage\":\"es\",\"@id\":\"https:\/\/resest.com\/es\/blog-es\/dia-sant-jordi-alojamiento-estudiantes\/#primaryimage\",\"url\":\"https:\/\/resest.com\/wp-content\/uploads\/2018\/04\/resest-sant-jordi-1.jpg\",\"contentUrl\":\"https:\/\/resest.com\/wp-content\/uploads\/2018\/04\/resest-sant-jordi-1.jpg\",\"width\":800,\"height\":1067},{\"@type\":\"BreadcrumbList\",\"@id\":\"https:\/\/resest.com\/es\/blog-es\/dia-sant-jordi-alojamiento-estudiantes\/#breadcrumb\",\"itemListElement\":[{\"@type\":\"ListItem\",\"position\":1,\"name\":\"Inici\",\"item\":\"https:\/\/resest.com\/es\/\"},{\"@type\":\"ListItem\",\"position\":2,\"name\":\"El d\u00eda de Sant Jordi en el Alojamiento de Estudiantes\"}]},{\"@type\":\"WebSite\",\"@id\":\"https:\/\/resest.com\/es\/#website\",\"url\":\"https:\/\/resest.com\/es\/\",\"name\":\"Resid\u00e8ncia d&#039;Estudiants l&#039;Estaci\u00f3 de Sabadell | Resest\",\"description\":\"Otro sitio realizado con WordPress\",\"publisher\":{\"@id\":\"https:\/\/resest.com\/es\/#organization\"},\"potentialAction\":[{\"@type\":\"SearchAction\",\"target\":{\"@type\":\"EntryPoint\",\"urlTemplate\":\"https:\/\/resest.com\/es\/?s={search_term_string}\"},\"query-input\":{\"@type\":\"PropertyValueSpecification\",\"valueRequired\":true,\"valueName\":\"search_term_string\"}}],\"inLanguage\":\"es\"},{\"@type\":\"Organization\",\"@id\":\"https:\/\/resest.com\/es\/#organization\",\"name\":\"Resid\u00e8ncia d&#039;Estudiants l&#039;Estaci\u00f3 de Sabadell | Resest\",\"url\":\"https:\/\/resest.com\/es\/\",\"logo\":{\"@type\":\"ImageObject\",\"inLanguage\":\"es\",\"@id\":\"https:\/\/resest.com\/es\/#\/schema\/logo\/image\/\",\"url\":\"https:\/\/resest.com\/wp-content\/uploads\/2024\/03\/Facana-1.jpg\",\"contentUrl\":\"https:\/\/resest.com\/wp-content\/uploads\/2024\/03\/Facana-1.jpg\",\"width\":1200,\"height\":1009,\"caption\":\"Resid\u00e8ncia d&#039;Estudiants l&#039;Estaci\u00f3 de Sabadell | Resest\"},\"image\":{\"@id\":\"https:\/\/resest.com\/es\/#\/schema\/logo\/image\/\"}},{\"@type\":\"Person\",\"@id\":\"https:\/\/resest.com\/es\/#\/schema\/person\/d9965768ae08730dafc3a7c835fcc47c\",\"name\":\"Resest\",\"image\":{\"@type\":\"ImageObject\",\"inLanguage\":\"es\",\"@id\":\"https:\/\/resest.com\/es\/#\/schema\/person\/image\/\",\"url\":\"https:\/\/secure.gravatar.com\/avatar\/0c7509c85c836ff68bc43efa415976254ed1463e7bbc3edf38a658092e29e5b4?s=96&d=mm&r=g\",\"contentUrl\":\"https:\/\/secure.gravatar.com\/avatar\/0c7509c85c836ff68bc43efa415976254ed1463e7bbc3edf38a658092e29e5b4?s=96&d=mm&r=g\",\"caption\":\"Resest\"},\"url\":\"https:\/\/resest.com\/es\/author\/jordi\/\"}]}<\/script>\n<!-- \/ Yoast SEO plugin. -->","yoast_head_json":{"title":"El d\u00eda de Sant Jordi en el alojamiento de estudiantes - Resest","description":"Descubre la sorpresa que el alojamiento de estudiantes prepar\u00f3 a todos los j\u00f3venes para ense\u00f1arles un poco m\u00e1s sobre nuestra cultura.","robots":{"index":"index","follow":"follow","max-snippet":"max-snippet:-1","max-image-preview":"max-image-preview:large","max-video-preview":"max-video-preview:-1"},"canonical":"https:\/\/resest.com\/es\/blog-es\/dia-sant-jordi-alojamiento-estudiantes\/","og_locale":"es_ES","og_type":"article","og_title":"El d\u00eda de Sant Jordi en el alojamiento de estudiantes - Resest","og_description":"Descubre la sorpresa que el alojamiento de estudiantes prepar\u00f3 a todos los j\u00f3venes para ense\u00f1arles un poco m\u00e1s sobre nuestra cultura.","og_url":"https:\/\/resest.com\/es\/blog-es\/dia-sant-jordi-alojamiento-estudiantes\/","og_site_name":"Resid\u00e8ncia d&#039;Estudiants l&#039;Estaci\u00f3 de Sabadell | Resest","article_published_time":"2018-04-26T09:45:12+00:00","article_modified_time":"2018-04-26T09:45:26+00:00","og_image":[{"width":800,"height":1067,"url":"https:\/\/resest.com\/wp-content\/uploads\/2018\/04\/resest-sant-jordi-1.jpg","type":"image\/jpeg"}],"author":"Resest","twitter_misc":{"Escrito por":"Resest","Tiempo de lectura":"2 minutos"},"schema":{"@context":"https:\/\/schema.org","@graph":[{"@type":"Article","@id":"https:\/\/resest.com\/es\/blog-es\/dia-sant-jordi-alojamiento-estudiantes\/#article","isPartOf":{"@id":"https:\/\/resest.com\/es\/blog-es\/dia-sant-jordi-alojamiento-estudiantes\/"},"author":{"name":"Resest","@id":"https:\/\/resest.com\/es\/#\/schema\/person\/d9965768ae08730dafc3a7c835fcc47c"},"headline":"El d\u00eda de Sant Jordi en el Alojamiento de Estudiantes","datePublished":"2018-04-26T09:45:12+00:00","dateModified":"2018-04-26T09:45:26+00:00","mainEntityOfPage":{"@id":"https:\/\/resest.com\/es\/blog-es\/dia-sant-jordi-alojamiento-estudiantes\/"},"wordCount":339,"commentCount":0,"publisher":{"@id":"https:\/\/resest.com\/es\/#organization"},"image":{"@id":"https:\/\/resest.com\/es\/blog-es\/dia-sant-jordi-alojamiento-estudiantes\/#primaryimage"},"thumbnailUrl":"https:\/\/resest.com\/wp-content\/uploads\/2018\/04\/resest-sant-jordi-1.jpg","articleSection":["Blog","Vida en la Residencia"],"inLanguage":"es","potentialAction":[{"@type":"CommentAction","name":"Comment","target":["https:\/\/resest.com\/es\/blog-es\/dia-sant-jordi-alojamiento-estudiantes\/#respond"]}]},{"@type":"WebPage","@id":"https:\/\/resest.com\/es\/blog-es\/dia-sant-jordi-alojamiento-estudiantes\/","url":"https:\/\/resest.com\/es\/blog-es\/dia-sant-jordi-alojamiento-estudiantes\/","name":"El d\u00eda de Sant Jordi en el alojamiento de estudiantes - Resest","isPartOf":{"@id":"https:\/\/resest.com\/es\/#website"},"primaryImageOfPage":{"@id":"https:\/\/resest.com\/es\/blog-es\/dia-sant-jordi-alojamiento-estudiantes\/#primaryimage"},"image":{"@id":"https:\/\/resest.com\/es\/blog-es\/dia-sant-jordi-alojamiento-estudiantes\/#primaryimage"},"thumbnailUrl":"https:\/\/resest.com\/wp-content\/uploads\/2018\/04\/resest-sant-jordi-1.jpg","datePublished":"2018-04-26T09:45:12+00:00","dateModified":"2018-04-26T09:45:26+00:00","description":"Descubre la sorpresa que el alojamiento de estudiantes prepar\u00f3 a todos los j\u00f3venes para ense\u00f1arles un poco m\u00e1s sobre nuestra cultura.","breadcrumb":{"@id":"https:\/\/resest.com\/es\/blog-es\/dia-sant-jordi-alojamiento-estudiantes\/#breadcrumb"},"inLanguage":"es","potentialAction":[{"@type":"ReadAction","target":["https:\/\/resest.com\/es\/blog-es\/dia-sant-jordi-alojamiento-estudiantes\/"]}]},{"@type":"ImageObject","inLanguage":"es","@id":"https:\/\/resest.com\/es\/blog-es\/dia-sant-jordi-alojamiento-estudiantes\/#primaryimage","url":"https:\/\/resest.com\/wp-content\/uploads\/2018\/04\/resest-sant-jordi-1.jpg","contentUrl":"https:\/\/resest.com\/wp-content\/uploads\/2018\/04\/resest-sant-jordi-1.jpg","width":800,"height":1067},{"@type":"BreadcrumbList","@id":"https:\/\/resest.com\/es\/blog-es\/dia-sant-jordi-alojamiento-estudiantes\/#breadcrumb","itemListElement":[{"@type":"ListItem","position":1,"name":"Inici","item":"https:\/\/resest.com\/es\/"},{"@type":"ListItem","position":2,"name":"El d\u00eda de Sant Jordi en el Alojamiento de Estudiantes"}]},{"@type":"WebSite","@id":"https:\/\/resest.com\/es\/#website","url":"https:\/\/resest.com\/es\/","name":"Resid\u00e8ncia d&#039;Estudiants l&#039;Estaci\u00f3 de Sabadell | Resest","description":"Otro sitio realizado con WordPress","publisher":{"@id":"https:\/\/resest.com\/es\/#organization"},"potentialAction":[{"@type":"SearchAction","target":{"@type":"EntryPoint","urlTemplate":"https:\/\/resest.com\/es\/?s={search_term_string}"},"query-input":{"@type":"PropertyValueSpecification","valueRequired":true,"valueName":"search_term_string"}}],"inLanguage":"es"},{"@type":"Organization","@id":"https:\/\/resest.com\/es\/#organization","name":"Resid\u00e8ncia d&#039;Estudiants l&#039;Estaci\u00f3 de Sabadell | Resest","url":"https:\/\/resest.com\/es\/","logo":{"@type":"ImageObject","inLanguage":"es","@id":"https:\/\/resest.com\/es\/#\/schema\/logo\/image\/","url":"https:\/\/resest.com\/wp-content\/uploads\/2024\/03\/Facana-1.jpg","contentUrl":"https:\/\/resest.com\/wp-content\/uploads\/2024\/03\/Facana-1.jpg","width":1200,"height":1009,"caption":"Resid\u00e8ncia d&#039;Estudiants l&#039;Estaci\u00f3 de Sabadell | Resest"},"image":{"@id":"https:\/\/resest.com\/es\/#\/schema\/logo\/image\/"}},{"@type":"Person","@id":"https:\/\/resest.com\/es\/#\/schema\/person\/d9965768ae08730dafc3a7c835fcc47c","name":"Resest","image":{"@type":"ImageObject","inLanguage":"es","@id":"https:\/\/resest.com\/es\/#\/schema\/person\/image\/","url":"https:\/\/secure.gravatar.com\/avatar\/0c7509c85c836ff68bc43efa415976254ed1463e7bbc3edf38a658092e29e5b4?s=96&d=mm&r=g","contentUrl":"https:\/\/secure.gravatar.com\/avatar\/0c7509c85c836ff68bc43efa415976254ed1463e7bbc3edf38a658092e29e5b4?s=96&d=mm&r=g","caption":"Resest"},"url":"https:\/\/resest.com\/es\/author\/jordi\/"}]}},"_links":{"self":[{"href":"https:\/\/resest.com\/es\/wp-json\/wp\/v2\/posts\/6682","targetHints":{"allow":["GET"]}}],"collection":[{"href":"https:\/\/resest.com\/es\/wp-json\/wp\/v2\/posts"}],"about":[{"href":"https:\/\/resest.com\/es\/wp-json\/wp\/v2\/types\/post"}],"author":[{"embeddable":true,"href":"https:\/\/resest.com\/es\/wp-json\/wp\/v2\/users\/1"}],"replies":[{"embeddable":true,"href":"https:\/\/resest.com\/es\/wp-json\/wp\/v2\/comments?post=6682"}],"version-history":[{"count":0,"href":"https:\/\/resest.com\/es\/wp-json\/wp\/v2\/posts\/6682\/revisions"}],"wp:featuredmedia":[{"embeddable":true,"href":"https:\/\/resest.com\/es\/wp-json\/wp\/v2\/media\/6676"}],"wp:attachment":[{"href":"https:\/\/resest.com\/es\/wp-json\/wp\/v2\/media?parent=6682"}],"wp:term":[{"taxonomy":"category","embeddable":true,"href":"https:\/\/resest.com\/es\/wp-json\/wp\/v2\/categories?post=6682"},{"taxonomy":"post_tag","embeddable":true,"href":"https:\/\/resest.com\/es\/wp-json\/wp\/v2\/tags?post=6682"}],"curies":[{"name":"wp","href":"https:\/\/api.w.org\/{rel}","templated":true}]}}