{"id":6639,"date":"2018-04-24T11:01:27","date_gmt":"2018-04-24T10:01:27","guid":{"rendered":"https:\/\/resest.com\/?p=6639"},"modified":"2018-04-24T11:01:33","modified_gmt":"2018-04-24T10:01:33","slug":"primavera-residencia-estudiantes","status":"publish","type":"post","link":"https:\/\/resest.com\/es\/blog-es\/primavera-residencia-estudiantes\/","title":{"rendered":"Llega la primavera a la residencia de estudiantes"},"content":{"rendered":"<p>Todos los j\u00f3venes de la <strong>residencia de estudiantes<\/strong> tienen un pensamiento en com\u00fan: est\u00e1n deseando que llegue el buen tiempo y sobre todo el verano. Eso significa que si has hecho bien los deberes durante todo el curso, <strong>tendr\u00e1s tiempo para divertirte, ir a la playa, tomar el sol o volver con la familia.<\/strong> Todav\u00eda no ha llegado el verano, pero <strong>la primavera es una \u00e9poca maravillosa para disfrutar de la ciudad de Barcelona, de todos los conciertos y festivales, como por ejemplo el <a href=\"https:\/\/resest.com\/es\/blog-es\/llega-embassat-cerca-residencia-estudiantes-sabadell\/\" target=\"_blank\" rel=\"noopener\">Festival Embassa&#8217;t<\/a>.\u00a0<\/strong><\/p>\n<p>En este pa\u00eds tenemos un dicho: \u201c<strong>la primavera, la sangre altera<\/strong>\u201d. \u00bfSab\u00e9is por qu\u00e9 decimos eso? Es una estaci\u00f3n del a\u00f1o llena de cambios positivos que se reflejan en nuestro estado de \u00e1nimo. Llega el buen tiempo, tenemos m\u00e1s horas de sol, cambiamos la ropa y manera de vestir, el mar se vuelve m\u00e1s protagonista y nuestro car\u00e1cter latino nos hace m\u00e1s vivos y ocupamos m\u00e1s el d\u00eda con tareas al aire libre.<\/p>\n<p>Tambi\u00e9n hay<strong> algunos inconvenientes<\/strong> para los estudiantes. Nos cuesta m\u00e1s dormir, ya que los d\u00edas son m\u00e1s largos y nuestra actividad diaria tambi\u00e9n. Hay m\u00e1s presi\u00f3n ya que llegan los ex\u00e1menes finales y es el momento donde todo el esfuerzo del a\u00f1o puede acabar de dar sus frutos obteniendo aprobados y no teniendo que estudiar durante el verano.<\/p>\n<p>\u00bfQu\u00e9 podemos hacer? Desde la <strong>residencia de estudiantes <a href=\"https:\/\/resest.com\/es\/\" target=\"_blank\" rel=\"noopener\">Resest<\/a><\/strong>, os damos algunos consejos para superar el \u00faltimo <em>sprint<\/em> del curso ya que hay algunas cosas que tienes que tener claras.<\/p>\n<p><strong>Comer bien y sano<\/strong>, <strong>descansar lo suficiente, ejercitar el cuerpo y la mente, y organizar bien los horarios de estudio y ocio<\/strong> son vitales para superar el tramo final del curso. <strong>Una mala gesti\u00f3n del ocio <\/strong>puede ponernos las cosas m\u00e1s dif\u00edciles y someternos a m\u00e1s presi\u00f3n. Y con la llegada de la primavera, el ocio es muy peligroso!<\/p>\n<p>Si sigues estas peque\u00f1as pautas y los <a href=\"https:\/\/resest.com\/es\/blog-es\/residencia-estudiantil-consejos-estudiantes\/\" target=\"_blank\" rel=\"noopener\">consejos de este post<\/a> podr\u00e1s comenzar a disfrutar del verano y del buen tiempo sin preocupaciones. \u00a1\u00c1nimos, que ya no queda nada!<\/p>\n<p><img loading=\"lazy\" decoding=\"async\" class=\"aligncenter size-full wp-image-6640\" src=\"https:\/\/resest.com\/wp-content\/uploads\/2018\/04\/primavera-residencia-destudiants-1.jpg\" alt=\"residencia de estudiantes\" width=\"700\" height=\"431\" srcset=\"https:\/\/resest.com\/wp-content\/uploads\/2018\/04\/primavera-residencia-destudiants-1.jpg 700w, https:\/\/resest.com\/wp-content\/uploads\/2018\/04\/primavera-residencia-destudiants-1-300x185.jpg 300w\" sizes=\"auto, (max-width: 700px) 100vw, 700px\" \/><\/p>\n","protected":false},"excerpt":{"rendered":"<p>Todos los j\u00f3venes de la residencia de estudiantes tienen un pensamiento en com\u00fan: est\u00e1n deseando que llegue el buen tiempo y sobre todo el verano. Eso significa que si has hecho bien los deberes durante todo el curso, tendr\u00e1s tiempo para divertirte, ir a la playa, tomar el sol o volver con la familia. Todav\u00eda&hellip;<\/p>\n","protected":false},"author":1,"featured_media":6636,"comment_status":"open","ping_status":"open","sticky":false,"template":"","format":"standard","meta":{"footnotes":""},"categories":[1,66],"tags":[],"class_list":["post-6639","post","type-post","status-publish","format-standard","has-post-thumbnail","hentry","category-blog-es","category-vida-en-la-residencia-es","entry","has-media"],"yoast_head":"<!-- This site is optimized with the Yoast SEO plugin v26.4 - https:\/\/yoast.com\/wordpress\/plugins\/seo\/ -->\n<title>Llega la primavera a la residencia de estudiantes - Resest<\/title>\n<meta name=\"description\" content=\"La llegada de la primavera a la residencia de estudiantes se hace notar. Descubre por qu\u00e9 durante la primavera, la sangre altera con Resest.\" \/>\n<meta name=\"robots\" content=\"index, follow, max-snippet:-1, max-image-preview:large, max-video-preview:-1\" \/>\n<link rel=\"canonical\" href=\"https:\/\/resest.com\/es\/blog-es\/primavera-residencia-estudiantes\/\" \/>\n<meta property=\"og:locale\" content=\"es_ES\" \/>\n<meta property=\"og:type\" content=\"article\" \/>\n<meta property=\"og:title\" content=\"Llega la primavera a la residencia de estudiantes - Resest\" \/>\n<meta property=\"og:description\" content=\"La llegada de la primavera a la residencia de estudiantes se hace notar. Descubre por qu\u00e9 durante la primavera, la sangre altera con Resest.\" \/>\n<meta property=\"og:url\" content=\"https:\/\/resest.com\/es\/blog-es\/primavera-residencia-estudiantes\/\" \/>\n<meta property=\"og:site_name\" content=\"Resid\u00e8ncia d&#039;Estudiants l&#039;Estaci\u00f3 de Sabadell | Resest\" \/>\n<meta property=\"article:published_time\" content=\"2018-04-24T10:01:27+00:00\" \/>\n<meta property=\"article:modified_time\" content=\"2018-04-24T10:01:33+00:00\" \/>\n<meta property=\"og:image\" content=\"https:\/\/resest.com\/wp-content\/uploads\/2018\/04\/primavera-residencia-destudiants-2.jpg\" \/>\n\t<meta property=\"og:image:width\" content=\"800\" \/>\n\t<meta property=\"og:image:height\" content=\"534\" \/>\n\t<meta property=\"og:image:type\" content=\"image\/jpeg\" \/>\n<meta name=\"author\" content=\"Resest\" \/>\n<meta name=\"twitter:label1\" content=\"Escrito por\" \/>\n\t<meta name=\"twitter:data1\" content=\"Resest\" \/>\n\t<meta name=\"twitter:label2\" content=\"Tiempo de lectura\" \/>\n\t<meta name=\"twitter:data2\" content=\"2 minutos\" \/>\n<script type=\"application\/ld+json\" class=\"yoast-schema-graph\">{\"@context\":\"https:\/\/schema.org\",\"@graph\":[{\"@type\":\"Article\",\"@id\":\"https:\/\/resest.com\/es\/blog-es\/primavera-residencia-estudiantes\/#article\",\"isPartOf\":{\"@id\":\"https:\/\/resest.com\/es\/blog-es\/primavera-residencia-estudiantes\/\"},\"author\":{\"name\":\"Resest\",\"@id\":\"https:\/\/resest.com\/es\/#\/schema\/person\/d9965768ae08730dafc3a7c835fcc47c\"},\"headline\":\"Llega la primavera a la residencia de estudiantes\",\"datePublished\":\"2018-04-24T10:01:27+00:00\",\"dateModified\":\"2018-04-24T10:01:33+00:00\",\"mainEntityOfPage\":{\"@id\":\"https:\/\/resest.com\/es\/blog-es\/primavera-residencia-estudiantes\/\"},\"wordCount\":375,\"commentCount\":0,\"publisher\":{\"@id\":\"https:\/\/resest.com\/es\/#organization\"},\"image\":{\"@id\":\"https:\/\/resest.com\/es\/blog-es\/primavera-residencia-estudiantes\/#primaryimage\"},\"thumbnailUrl\":\"https:\/\/resest.com\/wp-content\/uploads\/2018\/04\/primavera-residencia-destudiants-2.jpg\",\"articleSection\":[\"Blog\",\"Vida en la Residencia\"],\"inLanguage\":\"es\",\"potentialAction\":[{\"@type\":\"CommentAction\",\"name\":\"Comment\",\"target\":[\"https:\/\/resest.com\/es\/blog-es\/primavera-residencia-estudiantes\/#respond\"]}]},{\"@type\":\"WebPage\",\"@id\":\"https:\/\/resest.com\/es\/blog-es\/primavera-residencia-estudiantes\/\",\"url\":\"https:\/\/resest.com\/es\/blog-es\/primavera-residencia-estudiantes\/\",\"name\":\"Llega la primavera a la residencia de estudiantes - Resest\",\"isPartOf\":{\"@id\":\"https:\/\/resest.com\/es\/#website\"},\"primaryImageOfPage\":{\"@id\":\"https:\/\/resest.com\/es\/blog-es\/primavera-residencia-estudiantes\/#primaryimage\"},\"image\":{\"@id\":\"https:\/\/resest.com\/es\/blog-es\/primavera-residencia-estudiantes\/#primaryimage\"},\"thumbnailUrl\":\"https:\/\/resest.com\/wp-content\/uploads\/2018\/04\/primavera-residencia-destudiants-2.jpg\",\"datePublished\":\"2018-04-24T10:01:27+00:00\",\"dateModified\":\"2018-04-24T10:01:33+00:00\",\"description\":\"La llegada de la primavera a la residencia de estudiantes se hace notar. Descubre por qu\u00e9 durante la primavera, la sangre altera con Resest.\",\"breadcrumb\":{\"@id\":\"https:\/\/resest.com\/es\/blog-es\/primavera-residencia-estudiantes\/#breadcrumb\"},\"inLanguage\":\"es\",\"potentialAction\":[{\"@type\":\"ReadAction\",\"target\":[\"https:\/\/resest.com\/es\/blog-es\/primavera-residencia-estudiantes\/\"]}]},{\"@type\":\"ImageObject\",\"inLanguage\":\"es\",\"@id\":\"https:\/\/resest.com\/es\/blog-es\/primavera-residencia-estudiantes\/#primaryimage\",\"url\":\"https:\/\/resest.com\/wp-content\/uploads\/2018\/04\/primavera-residencia-destudiants-2.jpg\",\"contentUrl\":\"https:\/\/resest.com\/wp-content\/uploads\/2018\/04\/primavera-residencia-destudiants-2.jpg\",\"width\":800,\"height\":534},{\"@type\":\"BreadcrumbList\",\"@id\":\"https:\/\/resest.com\/es\/blog-es\/primavera-residencia-estudiantes\/#breadcrumb\",\"itemListElement\":[{\"@type\":\"ListItem\",\"position\":1,\"name\":\"Inici\",\"item\":\"https:\/\/resest.com\/es\/\"},{\"@type\":\"ListItem\",\"position\":2,\"name\":\"Llega la primavera a la residencia de estudiantes\"}]},{\"@type\":\"WebSite\",\"@id\":\"https:\/\/resest.com\/es\/#website\",\"url\":\"https:\/\/resest.com\/es\/\",\"name\":\"Resid\u00e8ncia d&#039;Estudiants l&#039;Estaci\u00f3 de Sabadell | Resest\",\"description\":\"Otro sitio realizado con WordPress\",\"publisher\":{\"@id\":\"https:\/\/resest.com\/es\/#organization\"},\"potentialAction\":[{\"@type\":\"SearchAction\",\"target\":{\"@type\":\"EntryPoint\",\"urlTemplate\":\"https:\/\/resest.com\/es\/?s={search_term_string}\"},\"query-input\":{\"@type\":\"PropertyValueSpecification\",\"valueRequired\":true,\"valueName\":\"search_term_string\"}}],\"inLanguage\":\"es\"},{\"@type\":\"Organization\",\"@id\":\"https:\/\/resest.com\/es\/#organization\",\"name\":\"Resid\u00e8ncia d&#039;Estudiants l&#039;Estaci\u00f3 de Sabadell | Resest\",\"url\":\"https:\/\/resest.com\/es\/\",\"logo\":{\"@type\":\"ImageObject\",\"inLanguage\":\"es\",\"@id\":\"https:\/\/resest.com\/es\/#\/schema\/logo\/image\/\",\"url\":\"https:\/\/resest.com\/wp-content\/uploads\/2024\/03\/Facana-1.jpg\",\"contentUrl\":\"https:\/\/resest.com\/wp-content\/uploads\/2024\/03\/Facana-1.jpg\",\"width\":1200,\"height\":1009,\"caption\":\"Resid\u00e8ncia d&#039;Estudiants l&#039;Estaci\u00f3 de Sabadell | Resest\"},\"image\":{\"@id\":\"https:\/\/resest.com\/es\/#\/schema\/logo\/image\/\"}},{\"@type\":\"Person\",\"@id\":\"https:\/\/resest.com\/es\/#\/schema\/person\/d9965768ae08730dafc3a7c835fcc47c\",\"name\":\"Resest\",\"image\":{\"@type\":\"ImageObject\",\"inLanguage\":\"es\",\"@id\":\"https:\/\/resest.com\/es\/#\/schema\/person\/image\/\",\"url\":\"https:\/\/secure.gravatar.com\/avatar\/0c7509c85c836ff68bc43efa415976254ed1463e7bbc3edf38a658092e29e5b4?s=96&d=mm&r=g\",\"contentUrl\":\"https:\/\/secure.gravatar.com\/avatar\/0c7509c85c836ff68bc43efa415976254ed1463e7bbc3edf38a658092e29e5b4?s=96&d=mm&r=g\",\"caption\":\"Resest\"},\"url\":\"https:\/\/resest.com\/es\/author\/jordi\/\"}]}<\/script>\n<!-- \/ Yoast SEO plugin. -->","yoast_head_json":{"title":"Llega la primavera a la residencia de estudiantes - Resest","description":"La llegada de la primavera a la residencia de estudiantes se hace notar. Descubre por qu\u00e9 durante la primavera, la sangre altera con Resest.","robots":{"index":"index","follow":"follow","max-snippet":"max-snippet:-1","max-image-preview":"max-image-preview:large","max-video-preview":"max-video-preview:-1"},"canonical":"https:\/\/resest.com\/es\/blog-es\/primavera-residencia-estudiantes\/","og_locale":"es_ES","og_type":"article","og_title":"Llega la primavera a la residencia de estudiantes - Resest","og_description":"La llegada de la primavera a la residencia de estudiantes se hace notar. Descubre por qu\u00e9 durante la primavera, la sangre altera con Resest.","og_url":"https:\/\/resest.com\/es\/blog-es\/primavera-residencia-estudiantes\/","og_site_name":"Resid\u00e8ncia d&#039;Estudiants l&#039;Estaci\u00f3 de Sabadell | Resest","article_published_time":"2018-04-24T10:01:27+00:00","article_modified_time":"2018-04-24T10:01:33+00:00","og_image":[{"width":800,"height":534,"url":"https:\/\/resest.com\/wp-content\/uploads\/2018\/04\/primavera-residencia-destudiants-2.jpg","type":"image\/jpeg"}],"author":"Resest","twitter_misc":{"Escrito por":"Resest","Tiempo de lectura":"2 minutos"},"schema":{"@context":"https:\/\/schema.org","@graph":[{"@type":"Article","@id":"https:\/\/resest.com\/es\/blog-es\/primavera-residencia-estudiantes\/#article","isPartOf":{"@id":"https:\/\/resest.com\/es\/blog-es\/primavera-residencia-estudiantes\/"},"author":{"name":"Resest","@id":"https:\/\/resest.com\/es\/#\/schema\/person\/d9965768ae08730dafc3a7c835fcc47c"},"headline":"Llega la primavera a la residencia de estudiantes","datePublished":"2018-04-24T10:01:27+00:00","dateModified":"2018-04-24T10:01:33+00:00","mainEntityOfPage":{"@id":"https:\/\/resest.com\/es\/blog-es\/primavera-residencia-estudiantes\/"},"wordCount":375,"commentCount":0,"publisher":{"@id":"https:\/\/resest.com\/es\/#organization"},"image":{"@id":"https:\/\/resest.com\/es\/blog-es\/primavera-residencia-estudiantes\/#primaryimage"},"thumbnailUrl":"https:\/\/resest.com\/wp-content\/uploads\/2018\/04\/primavera-residencia-destudiants-2.jpg","articleSection":["Blog","Vida en la Residencia"],"inLanguage":"es","potentialAction":[{"@type":"CommentAction","name":"Comment","target":["https:\/\/resest.com\/es\/blog-es\/primavera-residencia-estudiantes\/#respond"]}]},{"@type":"WebPage","@id":"https:\/\/resest.com\/es\/blog-es\/primavera-residencia-estudiantes\/","url":"https:\/\/resest.com\/es\/blog-es\/primavera-residencia-estudiantes\/","name":"Llega la primavera a la residencia de estudiantes - Resest","isPartOf":{"@id":"https:\/\/resest.com\/es\/#website"},"primaryImageOfPage":{"@id":"https:\/\/resest.com\/es\/blog-es\/primavera-residencia-estudiantes\/#primaryimage"},"image":{"@id":"https:\/\/resest.com\/es\/blog-es\/primavera-residencia-estudiantes\/#primaryimage"},"thumbnailUrl":"https:\/\/resest.com\/wp-content\/uploads\/2018\/04\/primavera-residencia-destudiants-2.jpg","datePublished":"2018-04-24T10:01:27+00:00","dateModified":"2018-04-24T10:01:33+00:00","description":"La llegada de la primavera a la residencia de estudiantes se hace notar. Descubre por qu\u00e9 durante la primavera, la sangre altera con Resest.","breadcrumb":{"@id":"https:\/\/resest.com\/es\/blog-es\/primavera-residencia-estudiantes\/#breadcrumb"},"inLanguage":"es","potentialAction":[{"@type":"ReadAction","target":["https:\/\/resest.com\/es\/blog-es\/primavera-residencia-estudiantes\/"]}]},{"@type":"ImageObject","inLanguage":"es","@id":"https:\/\/resest.com\/es\/blog-es\/primavera-residencia-estudiantes\/#primaryimage","url":"https:\/\/resest.com\/wp-content\/uploads\/2018\/04\/primavera-residencia-destudiants-2.jpg","contentUrl":"https:\/\/resest.com\/wp-content\/uploads\/2018\/04\/primavera-residencia-destudiants-2.jpg","width":800,"height":534},{"@type":"BreadcrumbList","@id":"https:\/\/resest.com\/es\/blog-es\/primavera-residencia-estudiantes\/#breadcrumb","itemListElement":[{"@type":"ListItem","position":1,"name":"Inici","item":"https:\/\/resest.com\/es\/"},{"@type":"ListItem","position":2,"name":"Llega la primavera a la residencia de estudiantes"}]},{"@type":"WebSite","@id":"https:\/\/resest.com\/es\/#website","url":"https:\/\/resest.com\/es\/","name":"Resid\u00e8ncia d&#039;Estudiants l&#039;Estaci\u00f3 de Sabadell | Resest","description":"Otro sitio realizado con WordPress","publisher":{"@id":"https:\/\/resest.com\/es\/#organization"},"potentialAction":[{"@type":"SearchAction","target":{"@type":"EntryPoint","urlTemplate":"https:\/\/resest.com\/es\/?s={search_term_string}"},"query-input":{"@type":"PropertyValueSpecification","valueRequired":true,"valueName":"search_term_string"}}],"inLanguage":"es"},{"@type":"Organization","@id":"https:\/\/resest.com\/es\/#organization","name":"Resid\u00e8ncia d&#039;Estudiants l&#039;Estaci\u00f3 de Sabadell | Resest","url":"https:\/\/resest.com\/es\/","logo":{"@type":"ImageObject","inLanguage":"es","@id":"https:\/\/resest.com\/es\/#\/schema\/logo\/image\/","url":"https:\/\/resest.com\/wp-content\/uploads\/2024\/03\/Facana-1.jpg","contentUrl":"https:\/\/resest.com\/wp-content\/uploads\/2024\/03\/Facana-1.jpg","width":1200,"height":1009,"caption":"Resid\u00e8ncia d&#039;Estudiants l&#039;Estaci\u00f3 de Sabadell | Resest"},"image":{"@id":"https:\/\/resest.com\/es\/#\/schema\/logo\/image\/"}},{"@type":"Person","@id":"https:\/\/resest.com\/es\/#\/schema\/person\/d9965768ae08730dafc3a7c835fcc47c","name":"Resest","image":{"@type":"ImageObject","inLanguage":"es","@id":"https:\/\/resest.com\/es\/#\/schema\/person\/image\/","url":"https:\/\/secure.gravatar.com\/avatar\/0c7509c85c836ff68bc43efa415976254ed1463e7bbc3edf38a658092e29e5b4?s=96&d=mm&r=g","contentUrl":"https:\/\/secure.gravatar.com\/avatar\/0c7509c85c836ff68bc43efa415976254ed1463e7bbc3edf38a658092e29e5b4?s=96&d=mm&r=g","caption":"Resest"},"url":"https:\/\/resest.com\/es\/author\/jordi\/"}]}},"_links":{"self":[{"href":"https:\/\/resest.com\/es\/wp-json\/wp\/v2\/posts\/6639","targetHints":{"allow":["GET"]}}],"collection":[{"href":"https:\/\/resest.com\/es\/wp-json\/wp\/v2\/posts"}],"about":[{"href":"https:\/\/resest.com\/es\/wp-json\/wp\/v2\/types\/post"}],"author":[{"embeddable":true,"href":"https:\/\/resest.com\/es\/wp-json\/wp\/v2\/users\/1"}],"replies":[{"embeddable":true,"href":"https:\/\/resest.com\/es\/wp-json\/wp\/v2\/comments?post=6639"}],"version-history":[{"count":0,"href":"https:\/\/resest.com\/es\/wp-json\/wp\/v2\/posts\/6639\/revisions"}],"wp:featuredmedia":[{"embeddable":true,"href":"https:\/\/resest.com\/es\/wp-json\/wp\/v2\/media\/6636"}],"wp:attachment":[{"href":"https:\/\/resest.com\/es\/wp-json\/wp\/v2\/media?parent=6639"}],"wp:term":[{"taxonomy":"category","embeddable":true,"href":"https:\/\/resest.com\/es\/wp-json\/wp\/v2\/categories?post=6639"},{"taxonomy":"post_tag","embeddable":true,"href":"https:\/\/resest.com\/es\/wp-json\/wp\/v2\/tags?post=6639"}],"curies":[{"name":"wp","href":"https:\/\/api.w.org\/{rel}","templated":true}]}}