{"id":6607,"date":"2018-04-18T10:48:51","date_gmt":"2018-04-18T09:48:51","guid":{"rendered":"https:\/\/resest.com\/?p=6607"},"modified":"2018-04-19T09:02:52","modified_gmt":"2018-04-19T08:02:52","slug":"historia-sant-jordi-alojamiento-estudiantil-resest","status":"publish","type":"post","link":"https:\/\/resest.com\/es\/blog-es\/historia-sant-jordi-alojamiento-estudiantil-resest\/","title":{"rendered":"La historia de Sant Jordi explicada desde el Alojamiento Estudiantil Resest"},"content":{"rendered":"<p>La <strong>fiesta de Sant Jordi<\/strong> se celebra en diferentes sitios del pa\u00eds durante el d\u00eda 23 de abril, ya que es el d\u00eda en que muri\u00f3 el caballero\u00a0Sant\u00a0Jordi. Es una fiesta muy tradicional e importante de Catalu\u00f1a, y desde el <strong>alojamiento estudiantil Resest<\/strong> os queremos contar un poco m\u00e1s sobre su historia y leyenda a todos los estudiantes que ven\u00eds de fuera.<\/p>\n<p><u>Su historia<\/u><\/p>\n<p>El caballero, bajo las \u00f3rdenes del emperador Diocleciano\u00a0<strong>se neg\u00f3 a la orden de su emperador<\/strong> de perseguir a cristianos, por lo que finalmente <strong>fue martirizado y decapitado<\/strong>. A partir de su muerte, comenzaron a aparecer historias de fantas\u00eda y leyendas ligadas a su figura. <strong>Es patr\u00f3n de Catalu\u00f1a desde 1456<\/strong> y su culto se extendi\u00f3 por todos los pa\u00edses catalanes durante esa \u00e9poca. A partir del movimiento pol\u00edtico, art\u00edstico y cultural conocido como la <em>Reinaxen\u00e7a<\/em>, se instaur\u00f3 Sant Jordi como la festividad patri\u00f3tica, c\u00edvica y cultural m\u00e1s celebrada en Catalu\u00f1a y Barcelona.<\/p>\n<p><u>La leyenda<\/u><\/p>\n<p>La leyenda fant\u00e1stica m\u00e1s famosa sobre <strong>Sant Jordi<\/strong> es la del drag\u00f3n que atacaba al reino. Un feroz drag\u00f3n atacaba a la villa y sus habitantes decidieron entregar dos corderos al d\u00eda para satisfacer su hambre. Con el tiempo, los animales comenzaron a escasear y decidieron enviar a una persona como sacrificio elegida por sorteo. Su familia recib\u00eda riquezas por la p\u00e9rdida.<\/p>\n<p>En uno de los sorteos, <strong>le toc\u00f3 a la princesa<\/strong>. El Rey, preocupado, envi\u00f3 a Sant Jordi para salvar a su hija y finalmente derrot\u00f3 al drag\u00f3n clav\u00e1ndole su espada y salv\u00f3 a la princesa. De la <strong>sangre del drag\u00f3n brot\u00f3 la rosa roja<\/strong> que ofreci\u00f3 a la dama.<\/p>\n<p>Por eso, se acostumbra a regalar a las mujeres una rosa el d\u00eda 23 de abril en Catalu\u00f1a, Baleares y la Comunidad Valenciana. Ellas regalan un libro a los hombres ya que tambi\u00e9n es el d\u00eda del libro, d\u00eda en el que murieron Shakespeare y Miguel de Cervantes. Actualmente, en la mayor\u00eda de parejas <strong>se regalan por igual las rosas y libros<\/strong>.<\/p>\n<p>Las <strong>Ramblas de Barcelona<\/strong> se convierten en el punto m\u00e1s emblem\u00e1tico de Sant Jordi, al llenarse toda la rambla de puestos de libros y rosas.<\/p>\n<p>Desde <a href=\"https:\/\/resest.com\/es\/\" target=\"_blank\" rel=\"noopener\">Resest<\/a>, esperamos que os haya gustado este post diferente y que acerca un poco la cultura popular catalana a los que ven\u00eds de fuera. Os recomendamos que ese d\u00eda salg\u00e1is del <strong>alojamiento estudiantil Resest<\/strong> y ve\u00e1is c\u00f3mo se vive el Sant Jordi por las calles. Aqu\u00ed os dejamos algunas <a href=\"https:\/\/www.viajablog.com\/sant-jordi-actividades-barcelona\/\" target=\"_blank\" rel=\"noopener\">actividades para hacer en Sant Jordi<\/a> por Barcelona.<\/p>\n","protected":false},"excerpt":{"rendered":"<p>La fiesta de Sant Jordi se celebra en diferentes sitios del pa\u00eds durante el d\u00eda 23 de abril, ya que es el d\u00eda en que muri\u00f3 el caballero\u00a0Sant\u00a0Jordi. Es una fiesta muy tradicional e importante de Catalu\u00f1a, y desde el alojamiento estudiantil Resest os queremos contar un poco m\u00e1s sobre su historia y leyenda a&hellip;<\/p>\n","protected":false},"author":1,"featured_media":6605,"comment_status":"open","ping_status":"open","sticky":false,"template":"","format":"standard","meta":{"footnotes":""},"categories":[1,66],"tags":[],"class_list":["post-6607","post","type-post","status-publish","format-standard","has-post-thumbnail","hentry","category-blog-es","category-vida-en-la-residencia-es","entry","has-media"],"yoast_head":"<!-- This site is optimized with the Yoast SEO plugin v26.4 - https:\/\/yoast.com\/wordpress\/plugins\/seo\/ -->\n<title>Historia de Sant Jordi explicada en el Alojamiento Estudiantil Resest<\/title>\n<meta name=\"description\" content=\"En este nuevo post del alojamiento estudiantil Resest conocer\u00e1s un poco m\u00e1s la historia de Sant Jordi, el patr\u00f3n de Catalu\u00f1a. \u00a1Descubre m\u00e1s!\" \/>\n<meta name=\"robots\" content=\"index, follow, max-snippet:-1, max-image-preview:large, max-video-preview:-1\" \/>\n<link rel=\"canonical\" href=\"https:\/\/resest.com\/es\/blog-es\/historia-sant-jordi-alojamiento-estudiantil-resest\/\" \/>\n<meta property=\"og:locale\" content=\"es_ES\" \/>\n<meta property=\"og:type\" content=\"article\" \/>\n<meta property=\"og:title\" content=\"Historia de Sant Jordi explicada en el Alojamiento Estudiantil Resest\" \/>\n<meta property=\"og:description\" content=\"En este nuevo post del alojamiento estudiantil Resest conocer\u00e1s un poco m\u00e1s la historia de Sant Jordi, el patr\u00f3n de Catalu\u00f1a. \u00a1Descubre m\u00e1s!\" \/>\n<meta property=\"og:url\" content=\"https:\/\/resest.com\/es\/blog-es\/historia-sant-jordi-alojamiento-estudiantil-resest\/\" \/>\n<meta property=\"og:site_name\" content=\"Resid\u00e8ncia d&#039;Estudiants l&#039;Estaci\u00f3 de Sabadell | Resest\" \/>\n<meta property=\"article:published_time\" content=\"2018-04-18T09:48:51+00:00\" \/>\n<meta property=\"article:modified_time\" content=\"2018-04-19T08:02:52+00:00\" \/>\n<meta property=\"og:image\" content=\"https:\/\/resest.com\/wp-content\/uploads\/2018\/04\/sant-jordi-catalunya.jpg\" \/>\n\t<meta property=\"og:image:width\" content=\"959\" \/>\n\t<meta property=\"og:image:height\" content=\"639\" \/>\n\t<meta property=\"og:image:type\" content=\"image\/jpeg\" \/>\n<meta name=\"author\" content=\"Resest\" \/>\n<meta name=\"twitter:label1\" content=\"Escrito por\" \/>\n\t<meta name=\"twitter:data1\" content=\"Resest\" \/>\n\t<meta name=\"twitter:label2\" content=\"Tiempo de lectura\" \/>\n\t<meta name=\"twitter:data2\" content=\"2 minutos\" \/>\n<script type=\"application\/ld+json\" class=\"yoast-schema-graph\">{\"@context\":\"https:\/\/schema.org\",\"@graph\":[{\"@type\":\"Article\",\"@id\":\"https:\/\/resest.com\/es\/blog-es\/historia-sant-jordi-alojamiento-estudiantil-resest\/#article\",\"isPartOf\":{\"@id\":\"https:\/\/resest.com\/es\/blog-es\/historia-sant-jordi-alojamiento-estudiantil-resest\/\"},\"author\":{\"name\":\"Resest\",\"@id\":\"https:\/\/resest.com\/es\/#\/schema\/person\/d9965768ae08730dafc3a7c835fcc47c\"},\"headline\":\"La historia de Sant Jordi explicada desde el Alojamiento Estudiantil Resest\",\"datePublished\":\"2018-04-18T09:48:51+00:00\",\"dateModified\":\"2018-04-19T08:02:52+00:00\",\"mainEntityOfPage\":{\"@id\":\"https:\/\/resest.com\/es\/blog-es\/historia-sant-jordi-alojamiento-estudiantil-resest\/\"},\"wordCount\":465,\"commentCount\":0,\"publisher\":{\"@id\":\"https:\/\/resest.com\/es\/#organization\"},\"image\":{\"@id\":\"https:\/\/resest.com\/es\/blog-es\/historia-sant-jordi-alojamiento-estudiantil-resest\/#primaryimage\"},\"thumbnailUrl\":\"https:\/\/resest.com\/wp-content\/uploads\/2018\/04\/sant-jordi-catalunya.jpg\",\"articleSection\":[\"Blog\",\"Vida en la Residencia\"],\"inLanguage\":\"es\",\"potentialAction\":[{\"@type\":\"CommentAction\",\"name\":\"Comment\",\"target\":[\"https:\/\/resest.com\/es\/blog-es\/historia-sant-jordi-alojamiento-estudiantil-resest\/#respond\"]}]},{\"@type\":\"WebPage\",\"@id\":\"https:\/\/resest.com\/es\/blog-es\/historia-sant-jordi-alojamiento-estudiantil-resest\/\",\"url\":\"https:\/\/resest.com\/es\/blog-es\/historia-sant-jordi-alojamiento-estudiantil-resest\/\",\"name\":\"Historia de Sant Jordi explicada en el Alojamiento Estudiantil Resest\",\"isPartOf\":{\"@id\":\"https:\/\/resest.com\/es\/#website\"},\"primaryImageOfPage\":{\"@id\":\"https:\/\/resest.com\/es\/blog-es\/historia-sant-jordi-alojamiento-estudiantil-resest\/#primaryimage\"},\"image\":{\"@id\":\"https:\/\/resest.com\/es\/blog-es\/historia-sant-jordi-alojamiento-estudiantil-resest\/#primaryimage\"},\"thumbnailUrl\":\"https:\/\/resest.com\/wp-content\/uploads\/2018\/04\/sant-jordi-catalunya.jpg\",\"datePublished\":\"2018-04-18T09:48:51+00:00\",\"dateModified\":\"2018-04-19T08:02:52+00:00\",\"description\":\"En este nuevo post del alojamiento estudiantil Resest conocer\u00e1s un poco m\u00e1s la historia de Sant Jordi, el patr\u00f3n de Catalu\u00f1a. \u00a1Descubre m\u00e1s!\",\"breadcrumb\":{\"@id\":\"https:\/\/resest.com\/es\/blog-es\/historia-sant-jordi-alojamiento-estudiantil-resest\/#breadcrumb\"},\"inLanguage\":\"es\",\"potentialAction\":[{\"@type\":\"ReadAction\",\"target\":[\"https:\/\/resest.com\/es\/blog-es\/historia-sant-jordi-alojamiento-estudiantil-resest\/\"]}]},{\"@type\":\"ImageObject\",\"inLanguage\":\"es\",\"@id\":\"https:\/\/resest.com\/es\/blog-es\/historia-sant-jordi-alojamiento-estudiantil-resest\/#primaryimage\",\"url\":\"https:\/\/resest.com\/wp-content\/uploads\/2018\/04\/sant-jordi-catalunya.jpg\",\"contentUrl\":\"https:\/\/resest.com\/wp-content\/uploads\/2018\/04\/sant-jordi-catalunya.jpg\",\"width\":959,\"height\":639},{\"@type\":\"BreadcrumbList\",\"@id\":\"https:\/\/resest.com\/es\/blog-es\/historia-sant-jordi-alojamiento-estudiantil-resest\/#breadcrumb\",\"itemListElement\":[{\"@type\":\"ListItem\",\"position\":1,\"name\":\"Inici\",\"item\":\"https:\/\/resest.com\/es\/\"},{\"@type\":\"ListItem\",\"position\":2,\"name\":\"La historia de Sant Jordi explicada desde el Alojamiento Estudiantil Resest\"}]},{\"@type\":\"WebSite\",\"@id\":\"https:\/\/resest.com\/es\/#website\",\"url\":\"https:\/\/resest.com\/es\/\",\"name\":\"Resid\u00e8ncia d&#039;Estudiants l&#039;Estaci\u00f3 de Sabadell | Resest\",\"description\":\"Otro sitio realizado con WordPress\",\"publisher\":{\"@id\":\"https:\/\/resest.com\/es\/#organization\"},\"potentialAction\":[{\"@type\":\"SearchAction\",\"target\":{\"@type\":\"EntryPoint\",\"urlTemplate\":\"https:\/\/resest.com\/es\/?s={search_term_string}\"},\"query-input\":{\"@type\":\"PropertyValueSpecification\",\"valueRequired\":true,\"valueName\":\"search_term_string\"}}],\"inLanguage\":\"es\"},{\"@type\":\"Organization\",\"@id\":\"https:\/\/resest.com\/es\/#organization\",\"name\":\"Resid\u00e8ncia d&#039;Estudiants l&#039;Estaci\u00f3 de Sabadell | Resest\",\"url\":\"https:\/\/resest.com\/es\/\",\"logo\":{\"@type\":\"ImageObject\",\"inLanguage\":\"es\",\"@id\":\"https:\/\/resest.com\/es\/#\/schema\/logo\/image\/\",\"url\":\"https:\/\/resest.com\/wp-content\/uploads\/2024\/03\/Facana-1.jpg\",\"contentUrl\":\"https:\/\/resest.com\/wp-content\/uploads\/2024\/03\/Facana-1.jpg\",\"width\":1200,\"height\":1009,\"caption\":\"Resid\u00e8ncia d&#039;Estudiants l&#039;Estaci\u00f3 de Sabadell | Resest\"},\"image\":{\"@id\":\"https:\/\/resest.com\/es\/#\/schema\/logo\/image\/\"}},{\"@type\":\"Person\",\"@id\":\"https:\/\/resest.com\/es\/#\/schema\/person\/d9965768ae08730dafc3a7c835fcc47c\",\"name\":\"Resest\",\"image\":{\"@type\":\"ImageObject\",\"inLanguage\":\"es\",\"@id\":\"https:\/\/resest.com\/es\/#\/schema\/person\/image\/\",\"url\":\"https:\/\/secure.gravatar.com\/avatar\/0c7509c85c836ff68bc43efa415976254ed1463e7bbc3edf38a658092e29e5b4?s=96&d=mm&r=g\",\"contentUrl\":\"https:\/\/secure.gravatar.com\/avatar\/0c7509c85c836ff68bc43efa415976254ed1463e7bbc3edf38a658092e29e5b4?s=96&d=mm&r=g\",\"caption\":\"Resest\"},\"url\":\"https:\/\/resest.com\/es\/author\/jordi\/\"}]}<\/script>\n<!-- \/ Yoast SEO plugin. -->","yoast_head_json":{"title":"Historia de Sant Jordi explicada en el Alojamiento Estudiantil Resest","description":"En este nuevo post del alojamiento estudiantil Resest conocer\u00e1s un poco m\u00e1s la historia de Sant Jordi, el patr\u00f3n de Catalu\u00f1a. \u00a1Descubre m\u00e1s!","robots":{"index":"index","follow":"follow","max-snippet":"max-snippet:-1","max-image-preview":"max-image-preview:large","max-video-preview":"max-video-preview:-1"},"canonical":"https:\/\/resest.com\/es\/blog-es\/historia-sant-jordi-alojamiento-estudiantil-resest\/","og_locale":"es_ES","og_type":"article","og_title":"Historia de Sant Jordi explicada en el Alojamiento Estudiantil Resest","og_description":"En este nuevo post del alojamiento estudiantil Resest conocer\u00e1s un poco m\u00e1s la historia de Sant Jordi, el patr\u00f3n de Catalu\u00f1a. \u00a1Descubre m\u00e1s!","og_url":"https:\/\/resest.com\/es\/blog-es\/historia-sant-jordi-alojamiento-estudiantil-resest\/","og_site_name":"Resid\u00e8ncia d&#039;Estudiants l&#039;Estaci\u00f3 de Sabadell | Resest","article_published_time":"2018-04-18T09:48:51+00:00","article_modified_time":"2018-04-19T08:02:52+00:00","og_image":[{"width":959,"height":639,"url":"https:\/\/resest.com\/wp-content\/uploads\/2018\/04\/sant-jordi-catalunya.jpg","type":"image\/jpeg"}],"author":"Resest","twitter_misc":{"Escrito por":"Resest","Tiempo de lectura":"2 minutos"},"schema":{"@context":"https:\/\/schema.org","@graph":[{"@type":"Article","@id":"https:\/\/resest.com\/es\/blog-es\/historia-sant-jordi-alojamiento-estudiantil-resest\/#article","isPartOf":{"@id":"https:\/\/resest.com\/es\/blog-es\/historia-sant-jordi-alojamiento-estudiantil-resest\/"},"author":{"name":"Resest","@id":"https:\/\/resest.com\/es\/#\/schema\/person\/d9965768ae08730dafc3a7c835fcc47c"},"headline":"La historia de Sant Jordi explicada desde el Alojamiento Estudiantil Resest","datePublished":"2018-04-18T09:48:51+00:00","dateModified":"2018-04-19T08:02:52+00:00","mainEntityOfPage":{"@id":"https:\/\/resest.com\/es\/blog-es\/historia-sant-jordi-alojamiento-estudiantil-resest\/"},"wordCount":465,"commentCount":0,"publisher":{"@id":"https:\/\/resest.com\/es\/#organization"},"image":{"@id":"https:\/\/resest.com\/es\/blog-es\/historia-sant-jordi-alojamiento-estudiantil-resest\/#primaryimage"},"thumbnailUrl":"https:\/\/resest.com\/wp-content\/uploads\/2018\/04\/sant-jordi-catalunya.jpg","articleSection":["Blog","Vida en la Residencia"],"inLanguage":"es","potentialAction":[{"@type":"CommentAction","name":"Comment","target":["https:\/\/resest.com\/es\/blog-es\/historia-sant-jordi-alojamiento-estudiantil-resest\/#respond"]}]},{"@type":"WebPage","@id":"https:\/\/resest.com\/es\/blog-es\/historia-sant-jordi-alojamiento-estudiantil-resest\/","url":"https:\/\/resest.com\/es\/blog-es\/historia-sant-jordi-alojamiento-estudiantil-resest\/","name":"Historia de Sant Jordi explicada en el Alojamiento Estudiantil Resest","isPartOf":{"@id":"https:\/\/resest.com\/es\/#website"},"primaryImageOfPage":{"@id":"https:\/\/resest.com\/es\/blog-es\/historia-sant-jordi-alojamiento-estudiantil-resest\/#primaryimage"},"image":{"@id":"https:\/\/resest.com\/es\/blog-es\/historia-sant-jordi-alojamiento-estudiantil-resest\/#primaryimage"},"thumbnailUrl":"https:\/\/resest.com\/wp-content\/uploads\/2018\/04\/sant-jordi-catalunya.jpg","datePublished":"2018-04-18T09:48:51+00:00","dateModified":"2018-04-19T08:02:52+00:00","description":"En este nuevo post del alojamiento estudiantil Resest conocer\u00e1s un poco m\u00e1s la historia de Sant Jordi, el patr\u00f3n de Catalu\u00f1a. \u00a1Descubre m\u00e1s!","breadcrumb":{"@id":"https:\/\/resest.com\/es\/blog-es\/historia-sant-jordi-alojamiento-estudiantil-resest\/#breadcrumb"},"inLanguage":"es","potentialAction":[{"@type":"ReadAction","target":["https:\/\/resest.com\/es\/blog-es\/historia-sant-jordi-alojamiento-estudiantil-resest\/"]}]},{"@type":"ImageObject","inLanguage":"es","@id":"https:\/\/resest.com\/es\/blog-es\/historia-sant-jordi-alojamiento-estudiantil-resest\/#primaryimage","url":"https:\/\/resest.com\/wp-content\/uploads\/2018\/04\/sant-jordi-catalunya.jpg","contentUrl":"https:\/\/resest.com\/wp-content\/uploads\/2018\/04\/sant-jordi-catalunya.jpg","width":959,"height":639},{"@type":"BreadcrumbList","@id":"https:\/\/resest.com\/es\/blog-es\/historia-sant-jordi-alojamiento-estudiantil-resest\/#breadcrumb","itemListElement":[{"@type":"ListItem","position":1,"name":"Inici","item":"https:\/\/resest.com\/es\/"},{"@type":"ListItem","position":2,"name":"La historia de Sant Jordi explicada desde el Alojamiento Estudiantil Resest"}]},{"@type":"WebSite","@id":"https:\/\/resest.com\/es\/#website","url":"https:\/\/resest.com\/es\/","name":"Resid\u00e8ncia d&#039;Estudiants l&#039;Estaci\u00f3 de Sabadell | Resest","description":"Otro sitio realizado con WordPress","publisher":{"@id":"https:\/\/resest.com\/es\/#organization"},"potentialAction":[{"@type":"SearchAction","target":{"@type":"EntryPoint","urlTemplate":"https:\/\/resest.com\/es\/?s={search_term_string}"},"query-input":{"@type":"PropertyValueSpecification","valueRequired":true,"valueName":"search_term_string"}}],"inLanguage":"es"},{"@type":"Organization","@id":"https:\/\/resest.com\/es\/#organization","name":"Resid\u00e8ncia d&#039;Estudiants l&#039;Estaci\u00f3 de Sabadell | Resest","url":"https:\/\/resest.com\/es\/","logo":{"@type":"ImageObject","inLanguage":"es","@id":"https:\/\/resest.com\/es\/#\/schema\/logo\/image\/","url":"https:\/\/resest.com\/wp-content\/uploads\/2024\/03\/Facana-1.jpg","contentUrl":"https:\/\/resest.com\/wp-content\/uploads\/2024\/03\/Facana-1.jpg","width":1200,"height":1009,"caption":"Resid\u00e8ncia d&#039;Estudiants l&#039;Estaci\u00f3 de Sabadell | Resest"},"image":{"@id":"https:\/\/resest.com\/es\/#\/schema\/logo\/image\/"}},{"@type":"Person","@id":"https:\/\/resest.com\/es\/#\/schema\/person\/d9965768ae08730dafc3a7c835fcc47c","name":"Resest","image":{"@type":"ImageObject","inLanguage":"es","@id":"https:\/\/resest.com\/es\/#\/schema\/person\/image\/","url":"https:\/\/secure.gravatar.com\/avatar\/0c7509c85c836ff68bc43efa415976254ed1463e7bbc3edf38a658092e29e5b4?s=96&d=mm&r=g","contentUrl":"https:\/\/secure.gravatar.com\/avatar\/0c7509c85c836ff68bc43efa415976254ed1463e7bbc3edf38a658092e29e5b4?s=96&d=mm&r=g","caption":"Resest"},"url":"https:\/\/resest.com\/es\/author\/jordi\/"}]}},"_links":{"self":[{"href":"https:\/\/resest.com\/es\/wp-json\/wp\/v2\/posts\/6607","targetHints":{"allow":["GET"]}}],"collection":[{"href":"https:\/\/resest.com\/es\/wp-json\/wp\/v2\/posts"}],"about":[{"href":"https:\/\/resest.com\/es\/wp-json\/wp\/v2\/types\/post"}],"author":[{"embeddable":true,"href":"https:\/\/resest.com\/es\/wp-json\/wp\/v2\/users\/1"}],"replies":[{"embeddable":true,"href":"https:\/\/resest.com\/es\/wp-json\/wp\/v2\/comments?post=6607"}],"version-history":[{"count":0,"href":"https:\/\/resest.com\/es\/wp-json\/wp\/v2\/posts\/6607\/revisions"}],"wp:featuredmedia":[{"embeddable":true,"href":"https:\/\/resest.com\/es\/wp-json\/wp\/v2\/media\/6605"}],"wp:attachment":[{"href":"https:\/\/resest.com\/es\/wp-json\/wp\/v2\/media?parent=6607"}],"wp:term":[{"taxonomy":"category","embeddable":true,"href":"https:\/\/resest.com\/es\/wp-json\/wp\/v2\/categories?post=6607"},{"taxonomy":"post_tag","embeddable":true,"href":"https:\/\/resest.com\/es\/wp-json\/wp\/v2\/tags?post=6607"}],"curies":[{"name":"wp","href":"https:\/\/api.w.org\/{rel}","templated":true}]}}