{"id":6311,"date":"2017-12-21T12:56:19","date_gmt":"2017-12-21T11:56:19","guid":{"rendered":"https:\/\/resest.com\/?p=6311"},"modified":"2018-01-03T14:03:51","modified_gmt":"2018-01-03T13:03:51","slug":"residencia-estudiantes-cena-navidad","status":"publish","type":"post","link":"https:\/\/resest.com\/es\/blog-es\/residencia-estudiantes-cena-navidad\/","title":{"rendered":"Cena de Navidad en la Residencia de Estudiantes"},"content":{"rendered":"<p>El pasado 14 de Diciembre celebramos la Navidad en la residencia de estudiantes. Por la noche, todos nos pusimos guapos y preparamos una cena con todos los estudiantes alojados. La hicimos con tanta antelaci\u00f3n para que pudieran asistir todos antes de marcharse por Navidad a ver a sus familias, como ya explicamos en la <a href=\"https:\/\/resest.com\/es\/blog-es-2\/cena-navidad-residencia-estudiantes-2\/\" target=\"_blank\" rel=\"noopener\">anterior entrada del blog<\/a>.<\/p>\n<p><strong>La cena fue un \u00e9xito<\/strong>, nuestros estudiantes se lo pasaron en grande y pudimos ver con nuestros propios ojos el compa\u00f1erismo que hay entre todos ellos, el respeto que se tienen y la amistad que han hecho durante su estancia aqu\u00ed. \u00a1Son un equipo!<\/p>\n<p>Muchos de ellos no conoc\u00edan los platos y postres t\u00edpicos de aqu\u00ed, \u00a1y les acabaron encantando!<\/p>\n<p><img loading=\"lazy\" decoding=\"async\" class=\"aligncenter wp-image-6316\" src=\"https:\/\/resest.com\/wp-content\/uploads\/2017\/12\/sopar-nadal-resest2-1.jpg\" alt=\"cena de navidad\" width=\"518\" height=\"518\" srcset=\"https:\/\/resest.com\/wp-content\/uploads\/2017\/12\/sopar-nadal-resest2-1.jpg 1093w, https:\/\/resest.com\/wp-content\/uploads\/2017\/12\/sopar-nadal-resest2-1-150x150.jpg 150w, https:\/\/resest.com\/wp-content\/uploads\/2017\/12\/sopar-nadal-resest2-1-300x300.jpg 300w, https:\/\/resest.com\/wp-content\/uploads\/2017\/12\/sopar-nadal-resest2-1-768x768.jpg 768w, https:\/\/resest.com\/wp-content\/uploads\/2017\/12\/sopar-nadal-resest2-1-1024x1024.jpg 1024w\" sizes=\"auto, (max-width: 518px) 100vw, 518px\" \/><\/p>\n<p>Dejamos atr\u00e1s un 2017 muy especial, sobre todo para nuestros estudiantes \u00a0alojados en la <a href=\"https:\/\/resest.com\/es\/\" target=\"_blank\" rel=\"noopener\">Residencia de Sabadell<\/a>, que la mayor\u00eda han comenzado su etapa universitaria que les dar\u00e1 la formaci\u00f3n necesaria para comenzar su vida laboral y dedicarse a lo que a ellos les gusta. Es uno de los pilares b\u00e1sicos para ser feliz: hacer lo que te gusta y lo que te sientes c\u00f3modo.<\/p>\n<p>Para nosotros tambi\u00e9n ha sido un a\u00f1o especial, donde hemos conocido a muchos estudiantes nuevos y de diferentes sitios. Cerramos este a\u00f1o con el alojamiento de estudiantes completo, por lo que uno de nuestros objetivos est\u00e1 cumplido. La mayor\u00eda marchan con sus familias por Navidad y algunos otros aprovechan para viajar y conocer m\u00e1s culturas antes de volver a la vida del estudiante. Nosotros aprovecharemos para hacer una limpieza a fondo de la residencia y realizar todas las tareas de mantenimiento que se requieran, para comenzar el a\u00f1o 2018 con las pilas bien cargadas.<\/p>\n<p><strong>\u00a1El equipo de <\/strong><a href=\"https:\/\/resest.com\/es\/\" target=\"_blank\" rel=\"noopener\"><strong>Resest<\/strong><\/a><strong> aprovecha para desearos a tod@s unas felices fiestas y un pr\u00f3spero a\u00f1o nuevo! \u00a1Esperamos que volv\u00e1is a tope para comenzar el a\u00f1o y que est\u00e9 lleno de sorpresas!<\/strong><\/p>\n<p><strong>\u00a1\u00a1FELICES FIESTAS!!<\/strong><\/p>\n","protected":false},"excerpt":{"rendered":"<p>El pasado 14 de Diciembre celebramos la Navidad en la residencia de estudiantes. Por la noche, todos nos pusimos guapos y preparamos una cena con todos los estudiantes alojados. La hicimos con tanta antelaci\u00f3n para que pudieran asistir todos antes de marcharse por Navidad a ver a sus familias, como ya explicamos en la anterior&hellip;<\/p>\n","protected":false},"author":1,"featured_media":6305,"comment_status":"open","ping_status":"open","sticky":false,"template":"","format":"standard","meta":{"footnotes":""},"categories":[1,66],"tags":[],"class_list":["post-6311","post","type-post","status-publish","format-standard","has-post-thumbnail","hentry","category-blog-es","category-vida-en-la-residencia-es","entry","has-media"],"yoast_head":"<!-- This site is optimized with the Yoast SEO plugin v26.4 - https:\/\/yoast.com\/wordpress\/plugins\/seo\/ -->\n<title>Cena de Navidad en la Residencia de Estudiantes - Resest<\/title>\n<meta name=\"description\" content=\"Cerramos el a\u00f1o 2017 con una gran cena de Navidad en la residencia de estudiantes. \u00a1Esperamos que pas\u00e9is unas felices fiestas!\" \/>\n<meta name=\"robots\" content=\"index, follow, max-snippet:-1, max-image-preview:large, max-video-preview:-1\" \/>\n<link rel=\"canonical\" href=\"https:\/\/resest.com\/es\/blog-es\/residencia-estudiantes-cena-navidad\/\" \/>\n<meta property=\"og:locale\" content=\"es_ES\" \/>\n<meta property=\"og:type\" content=\"article\" \/>\n<meta property=\"og:title\" content=\"Cena de Navidad en la Residencia de Estudiantes - Resest\" \/>\n<meta property=\"og:description\" content=\"Cerramos el a\u00f1o 2017 con una gran cena de Navidad en la residencia de estudiantes. \u00a1Esperamos que pas\u00e9is unas felices fiestas!\" \/>\n<meta property=\"og:url\" content=\"https:\/\/resest.com\/es\/blog-es\/residencia-estudiantes-cena-navidad\/\" \/>\n<meta property=\"og:site_name\" content=\"Resid\u00e8ncia d&#039;Estudiants l&#039;Estaci\u00f3 de Sabadell | Resest\" \/>\n<meta property=\"article:published_time\" content=\"2017-12-21T11:56:19+00:00\" \/>\n<meta property=\"article:modified_time\" content=\"2018-01-03T13:03:51+00:00\" \/>\n<meta property=\"og:image\" content=\"https:\/\/resest.com\/wp-content\/uploads\/2017\/12\/sopar-nadal-resest-1.jpg\" \/>\n\t<meta property=\"og:image:width\" content=\"1299\" \/>\n\t<meta property=\"og:image:height\" content=\"779\" \/>\n\t<meta property=\"og:image:type\" content=\"image\/jpeg\" \/>\n<meta name=\"author\" content=\"Resest\" \/>\n<meta name=\"twitter:label1\" content=\"Escrito por\" \/>\n\t<meta name=\"twitter:data1\" content=\"Resest\" \/>\n\t<meta name=\"twitter:label2\" content=\"Tiempo de lectura\" \/>\n\t<meta name=\"twitter:data2\" content=\"2 minutos\" \/>\n<script type=\"application\/ld+json\" class=\"yoast-schema-graph\">{\"@context\":\"https:\/\/schema.org\",\"@graph\":[{\"@type\":\"Article\",\"@id\":\"https:\/\/resest.com\/es\/blog-es\/residencia-estudiantes-cena-navidad\/#article\",\"isPartOf\":{\"@id\":\"https:\/\/resest.com\/es\/blog-es\/residencia-estudiantes-cena-navidad\/\"},\"author\":{\"name\":\"Resest\",\"@id\":\"https:\/\/resest.com\/es\/#\/schema\/person\/d9965768ae08730dafc3a7c835fcc47c\"},\"headline\":\"Cena de Navidad en la Residencia de Estudiantes\",\"datePublished\":\"2017-12-21T11:56:19+00:00\",\"dateModified\":\"2018-01-03T13:03:51+00:00\",\"mainEntityOfPage\":{\"@id\":\"https:\/\/resest.com\/es\/blog-es\/residencia-estudiantes-cena-navidad\/\"},\"wordCount\":336,\"commentCount\":0,\"publisher\":{\"@id\":\"https:\/\/resest.com\/es\/#organization\"},\"image\":{\"@id\":\"https:\/\/resest.com\/es\/blog-es\/residencia-estudiantes-cena-navidad\/#primaryimage\"},\"thumbnailUrl\":\"https:\/\/resest.com\/wp-content\/uploads\/2017\/12\/sopar-nadal-resest-1.jpg\",\"articleSection\":[\"Blog\",\"Vida en la Residencia\"],\"inLanguage\":\"es\",\"potentialAction\":[{\"@type\":\"CommentAction\",\"name\":\"Comment\",\"target\":[\"https:\/\/resest.com\/es\/blog-es\/residencia-estudiantes-cena-navidad\/#respond\"]}]},{\"@type\":\"WebPage\",\"@id\":\"https:\/\/resest.com\/es\/blog-es\/residencia-estudiantes-cena-navidad\/\",\"url\":\"https:\/\/resest.com\/es\/blog-es\/residencia-estudiantes-cena-navidad\/\",\"name\":\"Cena de Navidad en la Residencia de Estudiantes - Resest\",\"isPartOf\":{\"@id\":\"https:\/\/resest.com\/es\/#website\"},\"primaryImageOfPage\":{\"@id\":\"https:\/\/resest.com\/es\/blog-es\/residencia-estudiantes-cena-navidad\/#primaryimage\"},\"image\":{\"@id\":\"https:\/\/resest.com\/es\/blog-es\/residencia-estudiantes-cena-navidad\/#primaryimage\"},\"thumbnailUrl\":\"https:\/\/resest.com\/wp-content\/uploads\/2017\/12\/sopar-nadal-resest-1.jpg\",\"datePublished\":\"2017-12-21T11:56:19+00:00\",\"dateModified\":\"2018-01-03T13:03:51+00:00\",\"description\":\"Cerramos el a\u00f1o 2017 con una gran cena de Navidad en la residencia de estudiantes. \u00a1Esperamos que pas\u00e9is unas felices fiestas!\",\"breadcrumb\":{\"@id\":\"https:\/\/resest.com\/es\/blog-es\/residencia-estudiantes-cena-navidad\/#breadcrumb\"},\"inLanguage\":\"es\",\"potentialAction\":[{\"@type\":\"ReadAction\",\"target\":[\"https:\/\/resest.com\/es\/blog-es\/residencia-estudiantes-cena-navidad\/\"]}]},{\"@type\":\"ImageObject\",\"inLanguage\":\"es\",\"@id\":\"https:\/\/resest.com\/es\/blog-es\/residencia-estudiantes-cena-navidad\/#primaryimage\",\"url\":\"https:\/\/resest.com\/wp-content\/uploads\/2017\/12\/sopar-nadal-resest-1.jpg\",\"contentUrl\":\"https:\/\/resest.com\/wp-content\/uploads\/2017\/12\/sopar-nadal-resest-1.jpg\",\"width\":1299,\"height\":779,\"caption\":\"cena de navidad\"},{\"@type\":\"BreadcrumbList\",\"@id\":\"https:\/\/resest.com\/es\/blog-es\/residencia-estudiantes-cena-navidad\/#breadcrumb\",\"itemListElement\":[{\"@type\":\"ListItem\",\"position\":1,\"name\":\"Inici\",\"item\":\"https:\/\/resest.com\/es\/\"},{\"@type\":\"ListItem\",\"position\":2,\"name\":\"Cena de Navidad en la Residencia de Estudiantes\"}]},{\"@type\":\"WebSite\",\"@id\":\"https:\/\/resest.com\/es\/#website\",\"url\":\"https:\/\/resest.com\/es\/\",\"name\":\"Resid\u00e8ncia d&#039;Estudiants l&#039;Estaci\u00f3 de Sabadell | Resest\",\"description\":\"Otro sitio realizado con WordPress\",\"publisher\":{\"@id\":\"https:\/\/resest.com\/es\/#organization\"},\"potentialAction\":[{\"@type\":\"SearchAction\",\"target\":{\"@type\":\"EntryPoint\",\"urlTemplate\":\"https:\/\/resest.com\/es\/?s={search_term_string}\"},\"query-input\":{\"@type\":\"PropertyValueSpecification\",\"valueRequired\":true,\"valueName\":\"search_term_string\"}}],\"inLanguage\":\"es\"},{\"@type\":\"Organization\",\"@id\":\"https:\/\/resest.com\/es\/#organization\",\"name\":\"Resid\u00e8ncia d&#039;Estudiants l&#039;Estaci\u00f3 de Sabadell | Resest\",\"url\":\"https:\/\/resest.com\/es\/\",\"logo\":{\"@type\":\"ImageObject\",\"inLanguage\":\"es\",\"@id\":\"https:\/\/resest.com\/es\/#\/schema\/logo\/image\/\",\"url\":\"https:\/\/resest.com\/wp-content\/uploads\/2024\/03\/Facana-1.jpg\",\"contentUrl\":\"https:\/\/resest.com\/wp-content\/uploads\/2024\/03\/Facana-1.jpg\",\"width\":1200,\"height\":1009,\"caption\":\"Resid\u00e8ncia d&#039;Estudiants l&#039;Estaci\u00f3 de Sabadell | Resest\"},\"image\":{\"@id\":\"https:\/\/resest.com\/es\/#\/schema\/logo\/image\/\"}},{\"@type\":\"Person\",\"@id\":\"https:\/\/resest.com\/es\/#\/schema\/person\/d9965768ae08730dafc3a7c835fcc47c\",\"name\":\"Resest\",\"image\":{\"@type\":\"ImageObject\",\"inLanguage\":\"es\",\"@id\":\"https:\/\/resest.com\/es\/#\/schema\/person\/image\/\",\"url\":\"https:\/\/secure.gravatar.com\/avatar\/0c7509c85c836ff68bc43efa415976254ed1463e7bbc3edf38a658092e29e5b4?s=96&d=mm&r=g\",\"contentUrl\":\"https:\/\/secure.gravatar.com\/avatar\/0c7509c85c836ff68bc43efa415976254ed1463e7bbc3edf38a658092e29e5b4?s=96&d=mm&r=g\",\"caption\":\"Resest\"},\"url\":\"https:\/\/resest.com\/es\/author\/jordi\/\"}]}<\/script>\n<!-- \/ Yoast SEO plugin. -->","yoast_head_json":{"title":"Cena de Navidad en la Residencia de Estudiantes - Resest","description":"Cerramos el a\u00f1o 2017 con una gran cena de Navidad en la residencia de estudiantes. \u00a1Esperamos que pas\u00e9is unas felices fiestas!","robots":{"index":"index","follow":"follow","max-snippet":"max-snippet:-1","max-image-preview":"max-image-preview:large","max-video-preview":"max-video-preview:-1"},"canonical":"https:\/\/resest.com\/es\/blog-es\/residencia-estudiantes-cena-navidad\/","og_locale":"es_ES","og_type":"article","og_title":"Cena de Navidad en la Residencia de Estudiantes - Resest","og_description":"Cerramos el a\u00f1o 2017 con una gran cena de Navidad en la residencia de estudiantes. \u00a1Esperamos que pas\u00e9is unas felices fiestas!","og_url":"https:\/\/resest.com\/es\/blog-es\/residencia-estudiantes-cena-navidad\/","og_site_name":"Resid\u00e8ncia d&#039;Estudiants l&#039;Estaci\u00f3 de Sabadell | Resest","article_published_time":"2017-12-21T11:56:19+00:00","article_modified_time":"2018-01-03T13:03:51+00:00","og_image":[{"width":1299,"height":779,"url":"https:\/\/resest.com\/wp-content\/uploads\/2017\/12\/sopar-nadal-resest-1.jpg","type":"image\/jpeg"}],"author":"Resest","twitter_misc":{"Escrito por":"Resest","Tiempo de lectura":"2 minutos"},"schema":{"@context":"https:\/\/schema.org","@graph":[{"@type":"Article","@id":"https:\/\/resest.com\/es\/blog-es\/residencia-estudiantes-cena-navidad\/#article","isPartOf":{"@id":"https:\/\/resest.com\/es\/blog-es\/residencia-estudiantes-cena-navidad\/"},"author":{"name":"Resest","@id":"https:\/\/resest.com\/es\/#\/schema\/person\/d9965768ae08730dafc3a7c835fcc47c"},"headline":"Cena de Navidad en la Residencia de Estudiantes","datePublished":"2017-12-21T11:56:19+00:00","dateModified":"2018-01-03T13:03:51+00:00","mainEntityOfPage":{"@id":"https:\/\/resest.com\/es\/blog-es\/residencia-estudiantes-cena-navidad\/"},"wordCount":336,"commentCount":0,"publisher":{"@id":"https:\/\/resest.com\/es\/#organization"},"image":{"@id":"https:\/\/resest.com\/es\/blog-es\/residencia-estudiantes-cena-navidad\/#primaryimage"},"thumbnailUrl":"https:\/\/resest.com\/wp-content\/uploads\/2017\/12\/sopar-nadal-resest-1.jpg","articleSection":["Blog","Vida en la Residencia"],"inLanguage":"es","potentialAction":[{"@type":"CommentAction","name":"Comment","target":["https:\/\/resest.com\/es\/blog-es\/residencia-estudiantes-cena-navidad\/#respond"]}]},{"@type":"WebPage","@id":"https:\/\/resest.com\/es\/blog-es\/residencia-estudiantes-cena-navidad\/","url":"https:\/\/resest.com\/es\/blog-es\/residencia-estudiantes-cena-navidad\/","name":"Cena de Navidad en la Residencia de Estudiantes - Resest","isPartOf":{"@id":"https:\/\/resest.com\/es\/#website"},"primaryImageOfPage":{"@id":"https:\/\/resest.com\/es\/blog-es\/residencia-estudiantes-cena-navidad\/#primaryimage"},"image":{"@id":"https:\/\/resest.com\/es\/blog-es\/residencia-estudiantes-cena-navidad\/#primaryimage"},"thumbnailUrl":"https:\/\/resest.com\/wp-content\/uploads\/2017\/12\/sopar-nadal-resest-1.jpg","datePublished":"2017-12-21T11:56:19+00:00","dateModified":"2018-01-03T13:03:51+00:00","description":"Cerramos el a\u00f1o 2017 con una gran cena de Navidad en la residencia de estudiantes. \u00a1Esperamos que pas\u00e9is unas felices fiestas!","breadcrumb":{"@id":"https:\/\/resest.com\/es\/blog-es\/residencia-estudiantes-cena-navidad\/#breadcrumb"},"inLanguage":"es","potentialAction":[{"@type":"ReadAction","target":["https:\/\/resest.com\/es\/blog-es\/residencia-estudiantes-cena-navidad\/"]}]},{"@type":"ImageObject","inLanguage":"es","@id":"https:\/\/resest.com\/es\/blog-es\/residencia-estudiantes-cena-navidad\/#primaryimage","url":"https:\/\/resest.com\/wp-content\/uploads\/2017\/12\/sopar-nadal-resest-1.jpg","contentUrl":"https:\/\/resest.com\/wp-content\/uploads\/2017\/12\/sopar-nadal-resest-1.jpg","width":1299,"height":779,"caption":"cena de navidad"},{"@type":"BreadcrumbList","@id":"https:\/\/resest.com\/es\/blog-es\/residencia-estudiantes-cena-navidad\/#breadcrumb","itemListElement":[{"@type":"ListItem","position":1,"name":"Inici","item":"https:\/\/resest.com\/es\/"},{"@type":"ListItem","position":2,"name":"Cena de Navidad en la Residencia de Estudiantes"}]},{"@type":"WebSite","@id":"https:\/\/resest.com\/es\/#website","url":"https:\/\/resest.com\/es\/","name":"Resid\u00e8ncia d&#039;Estudiants l&#039;Estaci\u00f3 de Sabadell | Resest","description":"Otro sitio realizado con WordPress","publisher":{"@id":"https:\/\/resest.com\/es\/#organization"},"potentialAction":[{"@type":"SearchAction","target":{"@type":"EntryPoint","urlTemplate":"https:\/\/resest.com\/es\/?s={search_term_string}"},"query-input":{"@type":"PropertyValueSpecification","valueRequired":true,"valueName":"search_term_string"}}],"inLanguage":"es"},{"@type":"Organization","@id":"https:\/\/resest.com\/es\/#organization","name":"Resid\u00e8ncia d&#039;Estudiants l&#039;Estaci\u00f3 de Sabadell | Resest","url":"https:\/\/resest.com\/es\/","logo":{"@type":"ImageObject","inLanguage":"es","@id":"https:\/\/resest.com\/es\/#\/schema\/logo\/image\/","url":"https:\/\/resest.com\/wp-content\/uploads\/2024\/03\/Facana-1.jpg","contentUrl":"https:\/\/resest.com\/wp-content\/uploads\/2024\/03\/Facana-1.jpg","width":1200,"height":1009,"caption":"Resid\u00e8ncia d&#039;Estudiants l&#039;Estaci\u00f3 de Sabadell | Resest"},"image":{"@id":"https:\/\/resest.com\/es\/#\/schema\/logo\/image\/"}},{"@type":"Person","@id":"https:\/\/resest.com\/es\/#\/schema\/person\/d9965768ae08730dafc3a7c835fcc47c","name":"Resest","image":{"@type":"ImageObject","inLanguage":"es","@id":"https:\/\/resest.com\/es\/#\/schema\/person\/image\/","url":"https:\/\/secure.gravatar.com\/avatar\/0c7509c85c836ff68bc43efa415976254ed1463e7bbc3edf38a658092e29e5b4?s=96&d=mm&r=g","contentUrl":"https:\/\/secure.gravatar.com\/avatar\/0c7509c85c836ff68bc43efa415976254ed1463e7bbc3edf38a658092e29e5b4?s=96&d=mm&r=g","caption":"Resest"},"url":"https:\/\/resest.com\/es\/author\/jordi\/"}]}},"_links":{"self":[{"href":"https:\/\/resest.com\/es\/wp-json\/wp\/v2\/posts\/6311","targetHints":{"allow":["GET"]}}],"collection":[{"href":"https:\/\/resest.com\/es\/wp-json\/wp\/v2\/posts"}],"about":[{"href":"https:\/\/resest.com\/es\/wp-json\/wp\/v2\/types\/post"}],"author":[{"embeddable":true,"href":"https:\/\/resest.com\/es\/wp-json\/wp\/v2\/users\/1"}],"replies":[{"embeddable":true,"href":"https:\/\/resest.com\/es\/wp-json\/wp\/v2\/comments?post=6311"}],"version-history":[{"count":0,"href":"https:\/\/resest.com\/es\/wp-json\/wp\/v2\/posts\/6311\/revisions"}],"wp:featuredmedia":[{"embeddable":true,"href":"https:\/\/resest.com\/es\/wp-json\/wp\/v2\/media\/6305"}],"wp:attachment":[{"href":"https:\/\/resest.com\/es\/wp-json\/wp\/v2\/media?parent=6311"}],"wp:term":[{"taxonomy":"category","embeddable":true,"href":"https:\/\/resest.com\/es\/wp-json\/wp\/v2\/categories?post=6311"},{"taxonomy":"post_tag","embeddable":true,"href":"https:\/\/resest.com\/es\/wp-json\/wp\/v2\/tags?post=6311"}],"curies":[{"name":"wp","href":"https:\/\/api.w.org\/{rel}","templated":true}]}}