{"id":6294,"date":"2017-12-13T12:18:11","date_gmt":"2017-12-13T11:18:11","guid":{"rendered":"https:\/\/resest.com\/blog-es\/sopar-nadal-residencia-destudiants\/"},"modified":"2018-01-03T14:03:51","modified_gmt":"2018-01-03T13:03:51","slug":"cena-navidad-residencia-estudiantes-2","status":"publish","type":"post","link":"https:\/\/resest.com\/es\/blog-es\/cena-navidad-residencia-estudiantes-2\/","title":{"rendered":"Cena de Navidad en la residencia de estudiantes"},"content":{"rendered":"<p>Queda muy poco para la Navidad y en <a href=\"https:\/\/resest.com\/es\/\" target=\"_blank\" rel=\"noopener\">Resest<\/a> nos gusta celebrarlo con todos los estudiantes juntos. Al tratarse de una <strong>residencia de estudiantes<\/strong> <strong>universitarios<\/strong>, muchos de los estudiantes que deciden alojarse vienen de diferentes pa\u00edses del mundo y de diferentes culturas.<\/p>\n<p>Estas fechas son un momento ideal para juntarnos todos y ense\u00f1arles parte de nuestra cultura en la \u00e9poca navide\u00f1a. Debemos de tener en cuenta que muchos de los estudiantes marchan en Navidad con sus familias y que la mayor\u00eda tienen muchos ex\u00e1menes. La mejor manera de celebrar estas fechas es con una <strong>cena de Navidad entre todos los estudiantes de nuestro alojamiento estudiantil<\/strong>. El d\u00eda escogido para la cena es el 14 de Diciembre, adelantado a todas las fechas se\u00f1aladas del calendario para que as\u00ed pueda asistir todo el mundo.<\/p>\n<p>En esta cena de Navidad ofrecemos un <strong>men\u00fa especial navide\u00f1o<\/strong> y variado para que los estudiantes prueben platos t\u00edpicos de estas fechas. La cena est\u00e1 dividida en cuatro platos: los entrantes, el primer plato, el segundo plato y los postres.<\/p>\n<p>Durante los entrantes, se sirve un aperitivo variado, unas croquetas caseras de jam\u00f3n y canap\u00e9s fr\u00edos para ir haciendo est\u00f3mago. El primer plato est\u00e1 compuesto por un cl\u00e1sico c\u00f3ctel de gambas. El segundo plato es el plato estrella de la noche y el m\u00e1s tradicional, el asado de Navidad. De postres, ofrecemos unas brochetas de fruta ba\u00f1ada en chocolate y los postres m\u00e1s tradicionales de Navidad: el turr\u00f3n, las neulas y barquillos.<\/p>\n<p>Para acabar la cena hacemos un poco de sobremesa, y charlamos y re\u00edmos durante un buen rato hasta que se hace muy tarde.<\/p>\n<p>El objetivo de este tipo de celebraciones es que los estudiantes que se alojan en la <strong>residencia estudiantil<\/strong> se conozcan mejor entre ellos y nos conozcan mejor a nosotros, ofreciendo siempre un trato familiar que les haga recordar su casa.<\/p>\n<p>D\u00edas despu\u00e9s de la cena, los estudiantes comienzan a volver en su mayor\u00eda a sus casas a pasar la Navidad con su familia, y la residencia queda pr\u00e1cticamente vac\u00eda desde el d\u00eda 22 hasta el 7 de Enero. Es el momento ideal para aprovechar y hacer tareas de mantenimiento y limpieza a fondo de la <strong>residencia estudiantil en Sabadell<\/strong>.<\/p>\n<p>En los siguientes posts del <a href=\"https:\/\/resest.com\/es\/blog-alojamiento-para-estudiantes-en-barcelona-bellaterra\/\" target=\"_blank\" rel=\"noopener\">blog de Resest<\/a>, podr\u00e9is ver las fotos de la cena de Navidad de este a\u00f1o, \u00a1que esperamos que siga <a href=\"https:\/\/resest.com\/es\/blog-es\/fotos-cena-navidad-2016\/\" target=\"_blank\" rel=\"noopener\">siendo un \u00e9xito como en otros a\u00f1os<\/a>!<\/p>\n<p>\u00a1Feliz Navidad!<\/p>\n<p><img loading=\"lazy\" decoding=\"async\" class=\"aligncenter size-full wp-image-6285\" src=\"https:\/\/resest.com\/wp-content\/uploads\/2017\/12\/captura1.png\" alt=\"resid\u00e8ncia d'estudiants\" width=\"633\" height=\"864\" srcset=\"https:\/\/resest.com\/wp-content\/uploads\/2017\/12\/captura1.png 633w, https:\/\/resest.com\/wp-content\/uploads\/2017\/12\/captura1-220x300.png 220w\" sizes=\"auto, (max-width: 633px) 100vw, 633px\" \/><\/p>\n","protected":false},"excerpt":{"rendered":"<p>Queda muy poco para la Navidad y en Resest nos gusta celebrarlo con todos los estudiantes juntos. Al tratarse de una residencia de estudiantes universitarios, muchos de los estudiantes que deciden alojarse vienen de diferentes pa\u00edses del mundo y de diferentes culturas. Estas fechas son un momento ideal para juntarnos todos y ense\u00f1arles parte de&hellip;<\/p>\n","protected":false},"author":1,"featured_media":6292,"comment_status":"open","ping_status":"open","sticky":false,"template":"","format":"standard","meta":{"footnotes":""},"categories":[1,66],"tags":[],"class_list":["post-6294","post","type-post","status-publish","format-standard","has-post-thumbnail","hentry","category-blog-es","category-vida-en-la-residencia-es","entry","has-media"],"yoast_head":"<!-- This site is optimized with the Yoast SEO plugin v26.4 - https:\/\/yoast.com\/wordpress\/plugins\/seo\/ -->\n<title>Cena de Navidad en la residencia de estudiantes \u2013 Resest<\/title>\n<meta name=\"description\" content=\"El d\u00eda 14 de Diciembre hacemos una cena de Navidad en la residencia de estudiantes donde ofrecemos un men\u00fa tradicional navide\u00f1o. \u00bfQuieres verlo?\" \/>\n<meta name=\"robots\" content=\"index, follow, max-snippet:-1, max-image-preview:large, max-video-preview:-1\" \/>\n<link rel=\"canonical\" href=\"https:\/\/resest.com\/es\/blog-es\/cena-navidad-residencia-estudiantes-2\/\" \/>\n<meta property=\"og:locale\" content=\"es_ES\" \/>\n<meta property=\"og:type\" content=\"article\" \/>\n<meta property=\"og:title\" content=\"Cena de Navidad en la residencia de estudiantes \u2013 Resest\" \/>\n<meta property=\"og:description\" content=\"El d\u00eda 14 de Diciembre hacemos una cena de Navidad en la residencia de estudiantes donde ofrecemos un men\u00fa tradicional navide\u00f1o. \u00bfQuieres verlo?\" \/>\n<meta property=\"og:url\" content=\"https:\/\/resest.com\/es\/blog-es\/cena-navidad-residencia-estudiantes-2\/\" \/>\n<meta property=\"og:site_name\" content=\"Resid\u00e8ncia d&#039;Estudiants l&#039;Estaci\u00f3 de Sabadell | Resest\" \/>\n<meta property=\"article:published_time\" content=\"2017-12-13T11:18:11+00:00\" \/>\n<meta property=\"article:modified_time\" content=\"2018-01-03T13:03:51+00:00\" \/>\n<meta property=\"og:image\" content=\"https:\/\/resest.com\/wp-content\/uploads\/2017\/12\/Captura.png\" \/>\n\t<meta property=\"og:image:width\" content=\"602\" \/>\n\t<meta property=\"og:image:height\" content=\"307\" \/>\n\t<meta property=\"og:image:type\" content=\"image\/png\" \/>\n<meta name=\"author\" content=\"Resest\" \/>\n<meta name=\"twitter:label1\" content=\"Escrito por\" \/>\n\t<meta name=\"twitter:data1\" content=\"Resest\" \/>\n\t<meta name=\"twitter:label2\" content=\"Tiempo de lectura\" \/>\n\t<meta name=\"twitter:data2\" content=\"2 minutos\" \/>\n<script type=\"application\/ld+json\" class=\"yoast-schema-graph\">{\"@context\":\"https:\/\/schema.org\",\"@graph\":[{\"@type\":\"Article\",\"@id\":\"https:\/\/resest.com\/es\/blog-es\/cena-navidad-residencia-estudiantes-2\/#article\",\"isPartOf\":{\"@id\":\"https:\/\/resest.com\/es\/blog-es\/cena-navidad-residencia-estudiantes-2\/\"},\"author\":{\"name\":\"Resest\",\"@id\":\"https:\/\/resest.com\/es\/#\/schema\/person\/d9965768ae08730dafc3a7c835fcc47c\"},\"headline\":\"Cena de Navidad en la residencia de estudiantes\",\"datePublished\":\"2017-12-13T11:18:11+00:00\",\"dateModified\":\"2018-01-03T13:03:51+00:00\",\"mainEntityOfPage\":{\"@id\":\"https:\/\/resest.com\/es\/blog-es\/cena-navidad-residencia-estudiantes-2\/\"},\"wordCount\":433,\"commentCount\":0,\"publisher\":{\"@id\":\"https:\/\/resest.com\/es\/#organization\"},\"image\":{\"@id\":\"https:\/\/resest.com\/es\/blog-es\/cena-navidad-residencia-estudiantes-2\/#primaryimage\"},\"thumbnailUrl\":\"https:\/\/resest.com\/wp-content\/uploads\/2017\/12\/Captura.png\",\"articleSection\":[\"Blog\",\"Vida en la Residencia\"],\"inLanguage\":\"es\",\"potentialAction\":[{\"@type\":\"CommentAction\",\"name\":\"Comment\",\"target\":[\"https:\/\/resest.com\/es\/blog-es\/cena-navidad-residencia-estudiantes-2\/#respond\"]}]},{\"@type\":\"WebPage\",\"@id\":\"https:\/\/resest.com\/es\/blog-es\/cena-navidad-residencia-estudiantes-2\/\",\"url\":\"https:\/\/resest.com\/es\/blog-es\/cena-navidad-residencia-estudiantes-2\/\",\"name\":\"Cena de Navidad en la residencia de estudiantes \u2013 Resest\",\"isPartOf\":{\"@id\":\"https:\/\/resest.com\/es\/#website\"},\"primaryImageOfPage\":{\"@id\":\"https:\/\/resest.com\/es\/blog-es\/cena-navidad-residencia-estudiantes-2\/#primaryimage\"},\"image\":{\"@id\":\"https:\/\/resest.com\/es\/blog-es\/cena-navidad-residencia-estudiantes-2\/#primaryimage\"},\"thumbnailUrl\":\"https:\/\/resest.com\/wp-content\/uploads\/2017\/12\/Captura.png\",\"datePublished\":\"2017-12-13T11:18:11+00:00\",\"dateModified\":\"2018-01-03T13:03:51+00:00\",\"description\":\"El d\u00eda 14 de Diciembre hacemos una cena de Navidad en la residencia de estudiantes donde ofrecemos un men\u00fa tradicional navide\u00f1o. \u00bfQuieres verlo?\",\"breadcrumb\":{\"@id\":\"https:\/\/resest.com\/es\/blog-es\/cena-navidad-residencia-estudiantes-2\/#breadcrumb\"},\"inLanguage\":\"es\",\"potentialAction\":[{\"@type\":\"ReadAction\",\"target\":[\"https:\/\/resest.com\/es\/blog-es\/cena-navidad-residencia-estudiantes-2\/\"]}]},{\"@type\":\"ImageObject\",\"inLanguage\":\"es\",\"@id\":\"https:\/\/resest.com\/es\/blog-es\/cena-navidad-residencia-estudiantes-2\/#primaryimage\",\"url\":\"https:\/\/resest.com\/wp-content\/uploads\/2017\/12\/Captura.png\",\"contentUrl\":\"https:\/\/resest.com\/wp-content\/uploads\/2017\/12\/Captura.png\",\"width\":602,\"height\":307},{\"@type\":\"BreadcrumbList\",\"@id\":\"https:\/\/resest.com\/es\/blog-es\/cena-navidad-residencia-estudiantes-2\/#breadcrumb\",\"itemListElement\":[{\"@type\":\"ListItem\",\"position\":1,\"name\":\"Inici\",\"item\":\"https:\/\/resest.com\/es\/\"},{\"@type\":\"ListItem\",\"position\":2,\"name\":\"Cena de Navidad en la residencia de estudiantes\"}]},{\"@type\":\"WebSite\",\"@id\":\"https:\/\/resest.com\/es\/#website\",\"url\":\"https:\/\/resest.com\/es\/\",\"name\":\"Resid\u00e8ncia d&#039;Estudiants l&#039;Estaci\u00f3 de Sabadell | Resest\",\"description\":\"Otro sitio realizado con WordPress\",\"publisher\":{\"@id\":\"https:\/\/resest.com\/es\/#organization\"},\"potentialAction\":[{\"@type\":\"SearchAction\",\"target\":{\"@type\":\"EntryPoint\",\"urlTemplate\":\"https:\/\/resest.com\/es\/?s={search_term_string}\"},\"query-input\":{\"@type\":\"PropertyValueSpecification\",\"valueRequired\":true,\"valueName\":\"search_term_string\"}}],\"inLanguage\":\"es\"},{\"@type\":\"Organization\",\"@id\":\"https:\/\/resest.com\/es\/#organization\",\"name\":\"Resid\u00e8ncia d&#039;Estudiants l&#039;Estaci\u00f3 de Sabadell | Resest\",\"url\":\"https:\/\/resest.com\/es\/\",\"logo\":{\"@type\":\"ImageObject\",\"inLanguage\":\"es\",\"@id\":\"https:\/\/resest.com\/es\/#\/schema\/logo\/image\/\",\"url\":\"https:\/\/resest.com\/wp-content\/uploads\/2024\/03\/Facana-1.jpg\",\"contentUrl\":\"https:\/\/resest.com\/wp-content\/uploads\/2024\/03\/Facana-1.jpg\",\"width\":1200,\"height\":1009,\"caption\":\"Resid\u00e8ncia d&#039;Estudiants l&#039;Estaci\u00f3 de Sabadell | Resest\"},\"image\":{\"@id\":\"https:\/\/resest.com\/es\/#\/schema\/logo\/image\/\"}},{\"@type\":\"Person\",\"@id\":\"https:\/\/resest.com\/es\/#\/schema\/person\/d9965768ae08730dafc3a7c835fcc47c\",\"name\":\"Resest\",\"image\":{\"@type\":\"ImageObject\",\"inLanguage\":\"es\",\"@id\":\"https:\/\/resest.com\/es\/#\/schema\/person\/image\/\",\"url\":\"https:\/\/secure.gravatar.com\/avatar\/0c7509c85c836ff68bc43efa415976254ed1463e7bbc3edf38a658092e29e5b4?s=96&d=mm&r=g\",\"contentUrl\":\"https:\/\/secure.gravatar.com\/avatar\/0c7509c85c836ff68bc43efa415976254ed1463e7bbc3edf38a658092e29e5b4?s=96&d=mm&r=g\",\"caption\":\"Resest\"},\"url\":\"https:\/\/resest.com\/es\/author\/jordi\/\"}]}<\/script>\n<!-- \/ Yoast SEO plugin. -->","yoast_head_json":{"title":"Cena de Navidad en la residencia de estudiantes \u2013 Resest","description":"El d\u00eda 14 de Diciembre hacemos una cena de Navidad en la residencia de estudiantes donde ofrecemos un men\u00fa tradicional navide\u00f1o. \u00bfQuieres verlo?","robots":{"index":"index","follow":"follow","max-snippet":"max-snippet:-1","max-image-preview":"max-image-preview:large","max-video-preview":"max-video-preview:-1"},"canonical":"https:\/\/resest.com\/es\/blog-es\/cena-navidad-residencia-estudiantes-2\/","og_locale":"es_ES","og_type":"article","og_title":"Cena de Navidad en la residencia de estudiantes \u2013 Resest","og_description":"El d\u00eda 14 de Diciembre hacemos una cena de Navidad en la residencia de estudiantes donde ofrecemos un men\u00fa tradicional navide\u00f1o. \u00bfQuieres verlo?","og_url":"https:\/\/resest.com\/es\/blog-es\/cena-navidad-residencia-estudiantes-2\/","og_site_name":"Resid\u00e8ncia d&#039;Estudiants l&#039;Estaci\u00f3 de Sabadell | Resest","article_published_time":"2017-12-13T11:18:11+00:00","article_modified_time":"2018-01-03T13:03:51+00:00","og_image":[{"width":602,"height":307,"url":"https:\/\/resest.com\/wp-content\/uploads\/2017\/12\/Captura.png","type":"image\/png"}],"author":"Resest","twitter_misc":{"Escrito por":"Resest","Tiempo de lectura":"2 minutos"},"schema":{"@context":"https:\/\/schema.org","@graph":[{"@type":"Article","@id":"https:\/\/resest.com\/es\/blog-es\/cena-navidad-residencia-estudiantes-2\/#article","isPartOf":{"@id":"https:\/\/resest.com\/es\/blog-es\/cena-navidad-residencia-estudiantes-2\/"},"author":{"name":"Resest","@id":"https:\/\/resest.com\/es\/#\/schema\/person\/d9965768ae08730dafc3a7c835fcc47c"},"headline":"Cena de Navidad en la residencia de estudiantes","datePublished":"2017-12-13T11:18:11+00:00","dateModified":"2018-01-03T13:03:51+00:00","mainEntityOfPage":{"@id":"https:\/\/resest.com\/es\/blog-es\/cena-navidad-residencia-estudiantes-2\/"},"wordCount":433,"commentCount":0,"publisher":{"@id":"https:\/\/resest.com\/es\/#organization"},"image":{"@id":"https:\/\/resest.com\/es\/blog-es\/cena-navidad-residencia-estudiantes-2\/#primaryimage"},"thumbnailUrl":"https:\/\/resest.com\/wp-content\/uploads\/2017\/12\/Captura.png","articleSection":["Blog","Vida en la Residencia"],"inLanguage":"es","potentialAction":[{"@type":"CommentAction","name":"Comment","target":["https:\/\/resest.com\/es\/blog-es\/cena-navidad-residencia-estudiantes-2\/#respond"]}]},{"@type":"WebPage","@id":"https:\/\/resest.com\/es\/blog-es\/cena-navidad-residencia-estudiantes-2\/","url":"https:\/\/resest.com\/es\/blog-es\/cena-navidad-residencia-estudiantes-2\/","name":"Cena de Navidad en la residencia de estudiantes \u2013 Resest","isPartOf":{"@id":"https:\/\/resest.com\/es\/#website"},"primaryImageOfPage":{"@id":"https:\/\/resest.com\/es\/blog-es\/cena-navidad-residencia-estudiantes-2\/#primaryimage"},"image":{"@id":"https:\/\/resest.com\/es\/blog-es\/cena-navidad-residencia-estudiantes-2\/#primaryimage"},"thumbnailUrl":"https:\/\/resest.com\/wp-content\/uploads\/2017\/12\/Captura.png","datePublished":"2017-12-13T11:18:11+00:00","dateModified":"2018-01-03T13:03:51+00:00","description":"El d\u00eda 14 de Diciembre hacemos una cena de Navidad en la residencia de estudiantes donde ofrecemos un men\u00fa tradicional navide\u00f1o. \u00bfQuieres verlo?","breadcrumb":{"@id":"https:\/\/resest.com\/es\/blog-es\/cena-navidad-residencia-estudiantes-2\/#breadcrumb"},"inLanguage":"es","potentialAction":[{"@type":"ReadAction","target":["https:\/\/resest.com\/es\/blog-es\/cena-navidad-residencia-estudiantes-2\/"]}]},{"@type":"ImageObject","inLanguage":"es","@id":"https:\/\/resest.com\/es\/blog-es\/cena-navidad-residencia-estudiantes-2\/#primaryimage","url":"https:\/\/resest.com\/wp-content\/uploads\/2017\/12\/Captura.png","contentUrl":"https:\/\/resest.com\/wp-content\/uploads\/2017\/12\/Captura.png","width":602,"height":307},{"@type":"BreadcrumbList","@id":"https:\/\/resest.com\/es\/blog-es\/cena-navidad-residencia-estudiantes-2\/#breadcrumb","itemListElement":[{"@type":"ListItem","position":1,"name":"Inici","item":"https:\/\/resest.com\/es\/"},{"@type":"ListItem","position":2,"name":"Cena de Navidad en la residencia de estudiantes"}]},{"@type":"WebSite","@id":"https:\/\/resest.com\/es\/#website","url":"https:\/\/resest.com\/es\/","name":"Resid\u00e8ncia d&#039;Estudiants l&#039;Estaci\u00f3 de Sabadell | Resest","description":"Otro sitio realizado con WordPress","publisher":{"@id":"https:\/\/resest.com\/es\/#organization"},"potentialAction":[{"@type":"SearchAction","target":{"@type":"EntryPoint","urlTemplate":"https:\/\/resest.com\/es\/?s={search_term_string}"},"query-input":{"@type":"PropertyValueSpecification","valueRequired":true,"valueName":"search_term_string"}}],"inLanguage":"es"},{"@type":"Organization","@id":"https:\/\/resest.com\/es\/#organization","name":"Resid\u00e8ncia d&#039;Estudiants l&#039;Estaci\u00f3 de Sabadell | Resest","url":"https:\/\/resest.com\/es\/","logo":{"@type":"ImageObject","inLanguage":"es","@id":"https:\/\/resest.com\/es\/#\/schema\/logo\/image\/","url":"https:\/\/resest.com\/wp-content\/uploads\/2024\/03\/Facana-1.jpg","contentUrl":"https:\/\/resest.com\/wp-content\/uploads\/2024\/03\/Facana-1.jpg","width":1200,"height":1009,"caption":"Resid\u00e8ncia d&#039;Estudiants l&#039;Estaci\u00f3 de Sabadell | Resest"},"image":{"@id":"https:\/\/resest.com\/es\/#\/schema\/logo\/image\/"}},{"@type":"Person","@id":"https:\/\/resest.com\/es\/#\/schema\/person\/d9965768ae08730dafc3a7c835fcc47c","name":"Resest","image":{"@type":"ImageObject","inLanguage":"es","@id":"https:\/\/resest.com\/es\/#\/schema\/person\/image\/","url":"https:\/\/secure.gravatar.com\/avatar\/0c7509c85c836ff68bc43efa415976254ed1463e7bbc3edf38a658092e29e5b4?s=96&d=mm&r=g","contentUrl":"https:\/\/secure.gravatar.com\/avatar\/0c7509c85c836ff68bc43efa415976254ed1463e7bbc3edf38a658092e29e5b4?s=96&d=mm&r=g","caption":"Resest"},"url":"https:\/\/resest.com\/es\/author\/jordi\/"}]}},"_links":{"self":[{"href":"https:\/\/resest.com\/es\/wp-json\/wp\/v2\/posts\/6294","targetHints":{"allow":["GET"]}}],"collection":[{"href":"https:\/\/resest.com\/es\/wp-json\/wp\/v2\/posts"}],"about":[{"href":"https:\/\/resest.com\/es\/wp-json\/wp\/v2\/types\/post"}],"author":[{"embeddable":true,"href":"https:\/\/resest.com\/es\/wp-json\/wp\/v2\/users\/1"}],"replies":[{"embeddable":true,"href":"https:\/\/resest.com\/es\/wp-json\/wp\/v2\/comments?post=6294"}],"version-history":[{"count":0,"href":"https:\/\/resest.com\/es\/wp-json\/wp\/v2\/posts\/6294\/revisions"}],"wp:featuredmedia":[{"embeddable":true,"href":"https:\/\/resest.com\/es\/wp-json\/wp\/v2\/media\/6292"}],"wp:attachment":[{"href":"https:\/\/resest.com\/es\/wp-json\/wp\/v2\/media?parent=6294"}],"wp:term":[{"taxonomy":"category","embeddable":true,"href":"https:\/\/resest.com\/es\/wp-json\/wp\/v2\/categories?post=6294"},{"taxonomy":"post_tag","embeddable":true,"href":"https:\/\/resest.com\/es\/wp-json\/wp\/v2\/tags?post=6294"}],"curies":[{"name":"wp","href":"https:\/\/api.w.org\/{rel}","templated":true}]}}