{"id":5971,"date":"2017-09-19T10:43:55","date_gmt":"2017-09-19T09:43:55","guid":{"rendered":"http:\/\/resest.com\/?p=5971\/"},"modified":"2018-01-03T14:03:52","modified_gmt":"2018-01-03T13:03:52","slug":"dudas-primeros-dias-en-la-residencia-de-estudiantes","status":"publish","type":"post","link":"https:\/\/resest.com\/es\/blog-es\/dudas-primeros-dias-en-la-residencia-de-estudiantes\/","title":{"rendered":"Dudas sobre los primeros d\u00edas en la residencia de estudiantes"},"content":{"rendered":"<p>Muchos de nuestros estudiantes tienen algunas dudas sobre los primeros d\u00edas en la residencia de estudiantes. Tenemos algunos <a href=\"https:\/\/resest.com\/es\/blog-es\/5531\/\" target=\"_blank\" rel=\"noopener noreferrer\">testimonios en nuestro blog<\/a> pero aprovechando que iniciamos el curso acad\u00e9mico ahora, hablaremos un poco sobre estos primeros d\u00edas.<\/p>\n<p><u>\u00bfCon qui\u00e9n nos emparejan en la habitaci\u00f3n?<\/u><\/p>\n<p>Es un tema que a muchos les crea inquietud y a otros hasta miedo. Las <a href=\"https:\/\/resest.com\/es\/las-habitaciones-de-la-residencia-estudiantil-en-sabadell\/\" target=\"_blank\" rel=\"noopener noreferrer\">habitaciones<\/a> de la residencia est\u00e1n dise\u00f1adas para dos personas. Nosotros buscamos un compa\u00f1er@ de habitaci\u00f3n con el que tengas la m\u00e1xima afinidad. Utilizamos la edad, el idioma, el tipo de estudios, las aficiones, el pa\u00eds de d\u00f3nde vienes y nuestro criterio para hacer este \u201c<em>matching<\/em>\u201d. Deb\u00e9is saber que siempre que sea posible se intenta atender posibles deseos o preferencias de cada uno si se nos informa, como alojarse en la misma habitaci\u00f3n dos amigos de toda la vida o querer s\u00ed o s\u00ed una persona que hable otro idioma para as\u00ed aprender m\u00e1s.<\/p>\n<p><u>El primer d\u00eda en la residencia<\/u><\/p>\n<p>El d\u00eda en el que llegas a <a href=\"https:\/\/resest.com\/es\/\" target=\"_blank\" rel=\"noopener noreferrer\">nuestra residencia<\/a> significa un d\u00eda de gran cambio para ti. Es muy probable que te hayas mudado de ciudad, pa\u00eds o incluso continente, y que en poco iniciar\u00e1s tu etapa universitaria.<\/p>\n<p>Cuando llegues, te\u00a0 haremos\u00a0 una visita guiada por la residencia para que conozcas todas las instalaciones. Se te acompa\u00f1ar\u00e1 a tu habitaci\u00f3n para que te instales y finalmente, te presentaremos ante el resto de tus compa\u00f1eros. Tambi\u00e9n te explicaremos el funcionamiento de la residencia y te daremos un panel de la ciudad en el que est\u00e1n marcados los sitios y servicios de m\u00e1s inter\u00e9s, como el CAP (Centro M\u00e9dico), farmacias, supermercado, bibliotecas, gimnasios, tiendas y la manera de <a href=\"https:\/\/resest.com\/es\/ubicacion-residencia-estudiantil-en-sabadell-bellaterra\/\" target=\"_blank\" rel=\"noopener noreferrer\">desplazarte hasta la Universidad<\/a>.<\/p>\n<p><u>\u00bfC\u00f3mo funciona el tema de la comida?<\/u><\/p>\n<p>Con tu matr\u00edcula se incluye la media pensi\u00f3n. Esto quiere decir que se incluye el almuerzo o desayuno y la cena. Para aquellos que lo quieran, tambi\u00e9n se puede disponer de pensi\u00f3n completa y contar con la comida del medio d\u00eda. Algunos de nuestros estudiantes, por horarios, se ven casi obligados a comer en la Universidad, y es por ello que ofrecemos esta flexibilidad de servicio. La comida del medio d\u00eda se prepara para los que la contratan y puede comerse cuando se lo permita el horario.<\/p>\n<p>El desayuno se sirve de 6.30h hasta 10.15h de la ma\u00f1ana entre semana. Los fines de semana y festivos, se ofrece de 8.30h a 10.15h. La cena se sirve entre las 21-22h de la noche. Es la mejor ocasi\u00f3n para conocer a tus compa\u00f1eros en un ambiente m\u00e1s relajado.<\/p>\n<p>Recuerda que siempre tenemos en cuenta todo tipo de alergias e intolerancias al crear tu dieta.<\/p>\n<p>Estas son algunas dudas que a lo largo de los a\u00f1os nos hemos ido encontrando y que recogemos en este post. Si necesitas m\u00e1s informaci\u00f3n, no dudes en <a href=\"https:\/\/resest.com\/es\/contactar-alojamiento-estudiantil-bellaterra-uab\/\" target=\"_blank\" rel=\"noopener noreferrer\">contactar con nosotros.<\/a><\/p>\n<p><img loading=\"lazy\" decoding=\"async\" class=\"aligncenter wp-image-5968 size-full\" src=\"https:\/\/resest.com\/wp-content\/uploads\/2017\/09\/primeros-dias-en-la-residencia.jpg\" alt=\"primeros d\u00edas en la residencia de estudiantes\" width=\"400\" height=\"343\" srcset=\"https:\/\/resest.com\/wp-content\/uploads\/2017\/09\/primeros-dias-en-la-residencia.jpg 400w, https:\/\/resest.com\/wp-content\/uploads\/2017\/09\/primeros-dias-en-la-residencia-300x257.jpg 300w\" sizes=\"auto, (max-width: 400px) 100vw, 400px\" \/><\/p>\n","protected":false},"excerpt":{"rendered":"<p>Muchos de nuestros estudiantes tienen algunas dudas sobre los primeros d\u00edas en la residencia de estudiantes. Tenemos algunos testimonios en nuestro blog pero aprovechando que iniciamos el curso acad\u00e9mico ahora, hablaremos un poco sobre estos primeros d\u00edas. \u00bfCon qui\u00e9n nos emparejan en la habitaci\u00f3n? Es un tema que a muchos les crea inquietud y a&hellip;<\/p>\n","protected":false},"author":1,"featured_media":5968,"comment_status":"open","ping_status":"open","sticky":false,"template":"","format":"standard","meta":{"footnotes":""},"categories":[1,66],"tags":[],"class_list":["post-5971","post","type-post","status-publish","format-standard","has-post-thumbnail","hentry","category-blog-es","category-vida-en-la-residencia-es","entry","has-media"],"yoast_head":"<!-- This site is optimized with the Yoast SEO plugin v26.4 - https:\/\/yoast.com\/wordpress\/plugins\/seo\/ -->\n<title>Los primeros d\u00edas en la residencia de estudiantes - Resest<\/title>\n<meta name=\"description\" content=\"En este post resolveremos algunas dudas que tienen nuestros hu\u00e9spedes durante los primeros d\u00edas en la residencia de estudiantes.\" \/>\n<meta name=\"robots\" content=\"index, follow, max-snippet:-1, max-image-preview:large, max-video-preview:-1\" \/>\n<link rel=\"canonical\" href=\"https:\/\/resest.com\/es\/blog-es\/dudas-primeros-dias-en-la-residencia-de-estudiantes\/\" \/>\n<meta property=\"og:locale\" content=\"es_ES\" \/>\n<meta property=\"og:type\" content=\"article\" \/>\n<meta property=\"og:title\" content=\"Los primeros d\u00edas en la residencia de estudiantes - Resest\" \/>\n<meta property=\"og:description\" content=\"En este post resolveremos algunas dudas que tienen nuestros hu\u00e9spedes durante los primeros d\u00edas en la residencia de estudiantes.\" \/>\n<meta property=\"og:url\" content=\"https:\/\/resest.com\/es\/blog-es\/dudas-primeros-dias-en-la-residencia-de-estudiantes\/\" \/>\n<meta property=\"og:site_name\" content=\"Resid\u00e8ncia d&#039;Estudiants l&#039;Estaci\u00f3 de Sabadell | Resest\" \/>\n<meta property=\"article:published_time\" content=\"2017-09-19T09:43:55+00:00\" \/>\n<meta property=\"article:modified_time\" content=\"2018-01-03T13:03:52+00:00\" \/>\n<meta property=\"og:image\" content=\"https:\/\/resest.com\/wp-content\/uploads\/2017\/09\/primeros-dias-en-la-residencia.jpg\" \/>\n\t<meta property=\"og:image:width\" content=\"400\" \/>\n\t<meta property=\"og:image:height\" content=\"343\" \/>\n\t<meta property=\"og:image:type\" content=\"image\/jpeg\" \/>\n<meta name=\"author\" content=\"Resest\" \/>\n<meta name=\"twitter:label1\" content=\"Escrito por\" \/>\n\t<meta name=\"twitter:data1\" content=\"Resest\" \/>\n\t<meta name=\"twitter:label2\" content=\"Tiempo de lectura\" \/>\n\t<meta name=\"twitter:data2\" content=\"3 minutos\" \/>\n<script type=\"application\/ld+json\" class=\"yoast-schema-graph\">{\"@context\":\"https:\/\/schema.org\",\"@graph\":[{\"@type\":\"Article\",\"@id\":\"https:\/\/resest.com\/es\/blog-es\/dudas-primeros-dias-en-la-residencia-de-estudiantes\/#article\",\"isPartOf\":{\"@id\":\"https:\/\/resest.com\/es\/blog-es\/dudas-primeros-dias-en-la-residencia-de-estudiantes\/\"},\"author\":{\"name\":\"Resest\",\"@id\":\"https:\/\/resest.com\/es\/#\/schema\/person\/d9965768ae08730dafc3a7c835fcc47c\"},\"headline\":\"Dudas sobre los primeros d\u00edas en la residencia de estudiantes\",\"datePublished\":\"2017-09-19T09:43:55+00:00\",\"dateModified\":\"2018-01-03T13:03:52+00:00\",\"mainEntityOfPage\":{\"@id\":\"https:\/\/resest.com\/es\/blog-es\/dudas-primeros-dias-en-la-residencia-de-estudiantes\/\"},\"wordCount\":522,\"commentCount\":0,\"publisher\":{\"@id\":\"https:\/\/resest.com\/es\/#organization\"},\"image\":{\"@id\":\"https:\/\/resest.com\/es\/blog-es\/dudas-primeros-dias-en-la-residencia-de-estudiantes\/#primaryimage\"},\"thumbnailUrl\":\"https:\/\/resest.com\/wp-content\/uploads\/2017\/09\/primeros-dias-en-la-residencia.jpg\",\"articleSection\":[\"Blog\",\"Vida en la Residencia\"],\"inLanguage\":\"es\",\"potentialAction\":[{\"@type\":\"CommentAction\",\"name\":\"Comment\",\"target\":[\"https:\/\/resest.com\/es\/blog-es\/dudas-primeros-dias-en-la-residencia-de-estudiantes\/#respond\"]}]},{\"@type\":\"WebPage\",\"@id\":\"https:\/\/resest.com\/es\/blog-es\/dudas-primeros-dias-en-la-residencia-de-estudiantes\/\",\"url\":\"https:\/\/resest.com\/es\/blog-es\/dudas-primeros-dias-en-la-residencia-de-estudiantes\/\",\"name\":\"Los primeros d\u00edas en la residencia de estudiantes - Resest\",\"isPartOf\":{\"@id\":\"https:\/\/resest.com\/es\/#website\"},\"primaryImageOfPage\":{\"@id\":\"https:\/\/resest.com\/es\/blog-es\/dudas-primeros-dias-en-la-residencia-de-estudiantes\/#primaryimage\"},\"image\":{\"@id\":\"https:\/\/resest.com\/es\/blog-es\/dudas-primeros-dias-en-la-residencia-de-estudiantes\/#primaryimage\"},\"thumbnailUrl\":\"https:\/\/resest.com\/wp-content\/uploads\/2017\/09\/primeros-dias-en-la-residencia.jpg\",\"datePublished\":\"2017-09-19T09:43:55+00:00\",\"dateModified\":\"2018-01-03T13:03:52+00:00\",\"description\":\"En este post resolveremos algunas dudas que tienen nuestros hu\u00e9spedes durante los primeros d\u00edas en la residencia de estudiantes.\",\"breadcrumb\":{\"@id\":\"https:\/\/resest.com\/es\/blog-es\/dudas-primeros-dias-en-la-residencia-de-estudiantes\/#breadcrumb\"},\"inLanguage\":\"es\",\"potentialAction\":[{\"@type\":\"ReadAction\",\"target\":[\"https:\/\/resest.com\/es\/blog-es\/dudas-primeros-dias-en-la-residencia-de-estudiantes\/\"]}]},{\"@type\":\"ImageObject\",\"inLanguage\":\"es\",\"@id\":\"https:\/\/resest.com\/es\/blog-es\/dudas-primeros-dias-en-la-residencia-de-estudiantes\/#primaryimage\",\"url\":\"https:\/\/resest.com\/wp-content\/uploads\/2017\/09\/primeros-dias-en-la-residencia.jpg\",\"contentUrl\":\"https:\/\/resest.com\/wp-content\/uploads\/2017\/09\/primeros-dias-en-la-residencia.jpg\",\"width\":400,\"height\":343,\"caption\":\"primeros d\u00edas en la residencia de estudiantes\"},{\"@type\":\"BreadcrumbList\",\"@id\":\"https:\/\/resest.com\/es\/blog-es\/dudas-primeros-dias-en-la-residencia-de-estudiantes\/#breadcrumb\",\"itemListElement\":[{\"@type\":\"ListItem\",\"position\":1,\"name\":\"Inici\",\"item\":\"https:\/\/resest.com\/es\/\"},{\"@type\":\"ListItem\",\"position\":2,\"name\":\"Dudas sobre los primeros d\u00edas en la residencia de estudiantes\"}]},{\"@type\":\"WebSite\",\"@id\":\"https:\/\/resest.com\/es\/#website\",\"url\":\"https:\/\/resest.com\/es\/\",\"name\":\"Resid\u00e8ncia d&#039;Estudiants l&#039;Estaci\u00f3 de Sabadell | Resest\",\"description\":\"Otro sitio realizado con WordPress\",\"publisher\":{\"@id\":\"https:\/\/resest.com\/es\/#organization\"},\"potentialAction\":[{\"@type\":\"SearchAction\",\"target\":{\"@type\":\"EntryPoint\",\"urlTemplate\":\"https:\/\/resest.com\/es\/?s={search_term_string}\"},\"query-input\":{\"@type\":\"PropertyValueSpecification\",\"valueRequired\":true,\"valueName\":\"search_term_string\"}}],\"inLanguage\":\"es\"},{\"@type\":\"Organization\",\"@id\":\"https:\/\/resest.com\/es\/#organization\",\"name\":\"Resid\u00e8ncia d&#039;Estudiants l&#039;Estaci\u00f3 de Sabadell | Resest\",\"url\":\"https:\/\/resest.com\/es\/\",\"logo\":{\"@type\":\"ImageObject\",\"inLanguage\":\"es\",\"@id\":\"https:\/\/resest.com\/es\/#\/schema\/logo\/image\/\",\"url\":\"https:\/\/resest.com\/wp-content\/uploads\/2024\/03\/Facana-1.jpg\",\"contentUrl\":\"https:\/\/resest.com\/wp-content\/uploads\/2024\/03\/Facana-1.jpg\",\"width\":1200,\"height\":1009,\"caption\":\"Resid\u00e8ncia d&#039;Estudiants l&#039;Estaci\u00f3 de Sabadell | Resest\"},\"image\":{\"@id\":\"https:\/\/resest.com\/es\/#\/schema\/logo\/image\/\"}},{\"@type\":\"Person\",\"@id\":\"https:\/\/resest.com\/es\/#\/schema\/person\/d9965768ae08730dafc3a7c835fcc47c\",\"name\":\"Resest\",\"image\":{\"@type\":\"ImageObject\",\"inLanguage\":\"es\",\"@id\":\"https:\/\/resest.com\/es\/#\/schema\/person\/image\/\",\"url\":\"https:\/\/secure.gravatar.com\/avatar\/0c7509c85c836ff68bc43efa415976254ed1463e7bbc3edf38a658092e29e5b4?s=96&d=mm&r=g\",\"contentUrl\":\"https:\/\/secure.gravatar.com\/avatar\/0c7509c85c836ff68bc43efa415976254ed1463e7bbc3edf38a658092e29e5b4?s=96&d=mm&r=g\",\"caption\":\"Resest\"},\"url\":\"https:\/\/resest.com\/es\/author\/jordi\/\"}]}<\/script>\n<!-- \/ Yoast SEO plugin. -->","yoast_head_json":{"title":"Los primeros d\u00edas en la residencia de estudiantes - Resest","description":"En este post resolveremos algunas dudas que tienen nuestros hu\u00e9spedes durante los primeros d\u00edas en la residencia de estudiantes.","robots":{"index":"index","follow":"follow","max-snippet":"max-snippet:-1","max-image-preview":"max-image-preview:large","max-video-preview":"max-video-preview:-1"},"canonical":"https:\/\/resest.com\/es\/blog-es\/dudas-primeros-dias-en-la-residencia-de-estudiantes\/","og_locale":"es_ES","og_type":"article","og_title":"Los primeros d\u00edas en la residencia de estudiantes - Resest","og_description":"En este post resolveremos algunas dudas que tienen nuestros hu\u00e9spedes durante los primeros d\u00edas en la residencia de estudiantes.","og_url":"https:\/\/resest.com\/es\/blog-es\/dudas-primeros-dias-en-la-residencia-de-estudiantes\/","og_site_name":"Resid\u00e8ncia d&#039;Estudiants l&#039;Estaci\u00f3 de Sabadell | Resest","article_published_time":"2017-09-19T09:43:55+00:00","article_modified_time":"2018-01-03T13:03:52+00:00","og_image":[{"width":400,"height":343,"url":"https:\/\/resest.com\/wp-content\/uploads\/2017\/09\/primeros-dias-en-la-residencia.jpg","type":"image\/jpeg"}],"author":"Resest","twitter_misc":{"Escrito por":"Resest","Tiempo de lectura":"3 minutos"},"schema":{"@context":"https:\/\/schema.org","@graph":[{"@type":"Article","@id":"https:\/\/resest.com\/es\/blog-es\/dudas-primeros-dias-en-la-residencia-de-estudiantes\/#article","isPartOf":{"@id":"https:\/\/resest.com\/es\/blog-es\/dudas-primeros-dias-en-la-residencia-de-estudiantes\/"},"author":{"name":"Resest","@id":"https:\/\/resest.com\/es\/#\/schema\/person\/d9965768ae08730dafc3a7c835fcc47c"},"headline":"Dudas sobre los primeros d\u00edas en la residencia de estudiantes","datePublished":"2017-09-19T09:43:55+00:00","dateModified":"2018-01-03T13:03:52+00:00","mainEntityOfPage":{"@id":"https:\/\/resest.com\/es\/blog-es\/dudas-primeros-dias-en-la-residencia-de-estudiantes\/"},"wordCount":522,"commentCount":0,"publisher":{"@id":"https:\/\/resest.com\/es\/#organization"},"image":{"@id":"https:\/\/resest.com\/es\/blog-es\/dudas-primeros-dias-en-la-residencia-de-estudiantes\/#primaryimage"},"thumbnailUrl":"https:\/\/resest.com\/wp-content\/uploads\/2017\/09\/primeros-dias-en-la-residencia.jpg","articleSection":["Blog","Vida en la Residencia"],"inLanguage":"es","potentialAction":[{"@type":"CommentAction","name":"Comment","target":["https:\/\/resest.com\/es\/blog-es\/dudas-primeros-dias-en-la-residencia-de-estudiantes\/#respond"]}]},{"@type":"WebPage","@id":"https:\/\/resest.com\/es\/blog-es\/dudas-primeros-dias-en-la-residencia-de-estudiantes\/","url":"https:\/\/resest.com\/es\/blog-es\/dudas-primeros-dias-en-la-residencia-de-estudiantes\/","name":"Los primeros d\u00edas en la residencia de estudiantes - Resest","isPartOf":{"@id":"https:\/\/resest.com\/es\/#website"},"primaryImageOfPage":{"@id":"https:\/\/resest.com\/es\/blog-es\/dudas-primeros-dias-en-la-residencia-de-estudiantes\/#primaryimage"},"image":{"@id":"https:\/\/resest.com\/es\/blog-es\/dudas-primeros-dias-en-la-residencia-de-estudiantes\/#primaryimage"},"thumbnailUrl":"https:\/\/resest.com\/wp-content\/uploads\/2017\/09\/primeros-dias-en-la-residencia.jpg","datePublished":"2017-09-19T09:43:55+00:00","dateModified":"2018-01-03T13:03:52+00:00","description":"En este post resolveremos algunas dudas que tienen nuestros hu\u00e9spedes durante los primeros d\u00edas en la residencia de estudiantes.","breadcrumb":{"@id":"https:\/\/resest.com\/es\/blog-es\/dudas-primeros-dias-en-la-residencia-de-estudiantes\/#breadcrumb"},"inLanguage":"es","potentialAction":[{"@type":"ReadAction","target":["https:\/\/resest.com\/es\/blog-es\/dudas-primeros-dias-en-la-residencia-de-estudiantes\/"]}]},{"@type":"ImageObject","inLanguage":"es","@id":"https:\/\/resest.com\/es\/blog-es\/dudas-primeros-dias-en-la-residencia-de-estudiantes\/#primaryimage","url":"https:\/\/resest.com\/wp-content\/uploads\/2017\/09\/primeros-dias-en-la-residencia.jpg","contentUrl":"https:\/\/resest.com\/wp-content\/uploads\/2017\/09\/primeros-dias-en-la-residencia.jpg","width":400,"height":343,"caption":"primeros d\u00edas en la residencia de estudiantes"},{"@type":"BreadcrumbList","@id":"https:\/\/resest.com\/es\/blog-es\/dudas-primeros-dias-en-la-residencia-de-estudiantes\/#breadcrumb","itemListElement":[{"@type":"ListItem","position":1,"name":"Inici","item":"https:\/\/resest.com\/es\/"},{"@type":"ListItem","position":2,"name":"Dudas sobre los primeros d\u00edas en la residencia de estudiantes"}]},{"@type":"WebSite","@id":"https:\/\/resest.com\/es\/#website","url":"https:\/\/resest.com\/es\/","name":"Resid\u00e8ncia d&#039;Estudiants l&#039;Estaci\u00f3 de Sabadell | Resest","description":"Otro sitio realizado con WordPress","publisher":{"@id":"https:\/\/resest.com\/es\/#organization"},"potentialAction":[{"@type":"SearchAction","target":{"@type":"EntryPoint","urlTemplate":"https:\/\/resest.com\/es\/?s={search_term_string}"},"query-input":{"@type":"PropertyValueSpecification","valueRequired":true,"valueName":"search_term_string"}}],"inLanguage":"es"},{"@type":"Organization","@id":"https:\/\/resest.com\/es\/#organization","name":"Resid\u00e8ncia d&#039;Estudiants l&#039;Estaci\u00f3 de Sabadell | Resest","url":"https:\/\/resest.com\/es\/","logo":{"@type":"ImageObject","inLanguage":"es","@id":"https:\/\/resest.com\/es\/#\/schema\/logo\/image\/","url":"https:\/\/resest.com\/wp-content\/uploads\/2024\/03\/Facana-1.jpg","contentUrl":"https:\/\/resest.com\/wp-content\/uploads\/2024\/03\/Facana-1.jpg","width":1200,"height":1009,"caption":"Resid\u00e8ncia d&#039;Estudiants l&#039;Estaci\u00f3 de Sabadell | Resest"},"image":{"@id":"https:\/\/resest.com\/es\/#\/schema\/logo\/image\/"}},{"@type":"Person","@id":"https:\/\/resest.com\/es\/#\/schema\/person\/d9965768ae08730dafc3a7c835fcc47c","name":"Resest","image":{"@type":"ImageObject","inLanguage":"es","@id":"https:\/\/resest.com\/es\/#\/schema\/person\/image\/","url":"https:\/\/secure.gravatar.com\/avatar\/0c7509c85c836ff68bc43efa415976254ed1463e7bbc3edf38a658092e29e5b4?s=96&d=mm&r=g","contentUrl":"https:\/\/secure.gravatar.com\/avatar\/0c7509c85c836ff68bc43efa415976254ed1463e7bbc3edf38a658092e29e5b4?s=96&d=mm&r=g","caption":"Resest"},"url":"https:\/\/resest.com\/es\/author\/jordi\/"}]}},"_links":{"self":[{"href":"https:\/\/resest.com\/es\/wp-json\/wp\/v2\/posts\/5971","targetHints":{"allow":["GET"]}}],"collection":[{"href":"https:\/\/resest.com\/es\/wp-json\/wp\/v2\/posts"}],"about":[{"href":"https:\/\/resest.com\/es\/wp-json\/wp\/v2\/types\/post"}],"author":[{"embeddable":true,"href":"https:\/\/resest.com\/es\/wp-json\/wp\/v2\/users\/1"}],"replies":[{"embeddable":true,"href":"https:\/\/resest.com\/es\/wp-json\/wp\/v2\/comments?post=5971"}],"version-history":[{"count":0,"href":"https:\/\/resest.com\/es\/wp-json\/wp\/v2\/posts\/5971\/revisions"}],"wp:featuredmedia":[{"embeddable":true,"href":"https:\/\/resest.com\/es\/wp-json\/wp\/v2\/media\/5968"}],"wp:attachment":[{"href":"https:\/\/resest.com\/es\/wp-json\/wp\/v2\/media?parent=5971"}],"wp:term":[{"taxonomy":"category","embeddable":true,"href":"https:\/\/resest.com\/es\/wp-json\/wp\/v2\/categories?post=5971"},{"taxonomy":"post_tag","embeddable":true,"href":"https:\/\/resest.com\/es\/wp-json\/wp\/v2\/tags?post=5971"}],"curies":[{"name":"wp","href":"https:\/\/api.w.org\/{rel}","templated":true}]}}