{"id":5768,"date":"2017-08-02T10:31:25","date_gmt":"2017-08-02T09:31:25","guid":{"rendered":"http:\/\/resest.com\/?p=5768\/"},"modified":"2019-02-18T13:28:30","modified_gmt":"2019-02-18T12:28:30","slug":"residencia-estudiantes-abierta-agosto","status":"publish","type":"post","link":"https:\/\/resest.com\/es\/blog-es\/residencia-estudiantes-abierta-agosto\/","title":{"rendered":"\u00a1Disponibles en Agosto!"},"content":{"rendered":"<p style=\"text-align: center;\">\u00a1Recordad que la\u00a0<a href=\"https:\/\/resest.com\/es\/\">Residencia de estudiantes La Estaci\u00f3n de Sabadell<\/a>\u00a0estar\u00e1 disponible durante todo el mes de agosto!<\/p>\n<p style=\"text-align: center;\">Pod\u00e9is\u00a0<a href=\"https:\/\/resest.com\/es\/contactar\/\">contactar<\/a>\u00a0con nosotros a trav\u00e9s de nuestro\u00a0e-mail\u00a0<a href=\"mailto:info@resest.com\">info@resest.com<\/a>\u00a0o al tel\u00e9fono\u00a0<strong>616.989.342.<\/strong><\/p>\n<p style=\"text-align: center;\">\n","protected":false},"excerpt":{"rendered":"<p>\u00a1Recordad que la\u00a0Residencia de estudiantes La Estaci\u00f3n de Sabadell\u00a0estar\u00e1 disponible durante todo el mes de agosto! Pod\u00e9is\u00a0contactar\u00a0con nosotros a trav\u00e9s de nuestro\u00a0e-mail\u00a0info@resest.com\u00a0o al tel\u00e9fono\u00a0616.989.342.<\/p>\n","protected":false},"author":3,"featured_media":3739,"comment_status":"open","ping_status":"open","sticky":false,"template":"","format":"standard","meta":{"footnotes":""},"categories":[1,66],"tags":[],"class_list":["post-5768","post","type-post","status-publish","format-standard","has-post-thumbnail","hentry","category-blog-es","category-vida-en-la-residencia-es","entry","has-media"],"yoast_head":"<!-- This site is optimized with the Yoast SEO plugin v26.4 - https:\/\/yoast.com\/wordpress\/plugins\/seo\/ -->\n<title>La residencia de estudiantes estar\u00e1 abierta en Agosto - Resest<\/title>\n<meta name=\"description\" content=\"La residencia de estudiantes l&#039;Estaci\u00f3 de Sabadell estar\u00e1 abierta durante todo el mes de Agosto para aquellos residentes que decidan venir antes.\" \/>\n<meta name=\"robots\" content=\"index, follow, max-snippet:-1, max-image-preview:large, max-video-preview:-1\" \/>\n<link rel=\"canonical\" href=\"https:\/\/resest.com\/es\/blog-es\/residencia-estudiantes-abierta-agosto\/\" \/>\n<meta property=\"og:locale\" content=\"es_ES\" \/>\n<meta property=\"og:type\" content=\"article\" \/>\n<meta property=\"og:title\" content=\"La residencia de estudiantes estar\u00e1 abierta en Agosto - Resest\" \/>\n<meta property=\"og:description\" content=\"La residencia de estudiantes l&#039;Estaci\u00f3 de Sabadell estar\u00e1 abierta durante todo el mes de Agosto para aquellos residentes que decidan venir antes.\" \/>\n<meta property=\"og:url\" content=\"https:\/\/resest.com\/es\/blog-es\/residencia-estudiantes-abierta-agosto\/\" \/>\n<meta property=\"og:site_name\" content=\"Resid\u00e8ncia d&#039;Estudiants l&#039;Estaci\u00f3 de Sabadell | Resest\" \/>\n<meta property=\"article:published_time\" content=\"2017-08-02T09:31:25+00:00\" \/>\n<meta property=\"article:modified_time\" content=\"2019-02-18T12:28:30+00:00\" \/>\n<meta property=\"og:image\" content=\"https:\/\/resest.com\/wp-content\/uploads\/2015\/08\/4591wreseweb-1.jpg\" \/>\n\t<meta property=\"og:image:width\" content=\"1134\" \/>\n\t<meta property=\"og:image:height\" content=\"621\" \/>\n\t<meta property=\"og:image:type\" content=\"image\/jpeg\" \/>\n<meta name=\"author\" content=\"Resest\" \/>\n<meta name=\"twitter:label1\" content=\"Escrito por\" \/>\n\t<meta name=\"twitter:data1\" content=\"Resest\" \/>\n<script type=\"application\/ld+json\" class=\"yoast-schema-graph\">{\"@context\":\"https:\/\/schema.org\",\"@graph\":[{\"@type\":\"Article\",\"@id\":\"https:\/\/resest.com\/es\/blog-es\/residencia-estudiantes-abierta-agosto\/#article\",\"isPartOf\":{\"@id\":\"https:\/\/resest.com\/es\/blog-es\/residencia-estudiantes-abierta-agosto\/\"},\"author\":{\"name\":\"Resest\",\"@id\":\"https:\/\/resest.com\/es\/#\/schema\/person\/f66d2b5dae2cd0a989ab720dd211d2a9\"},\"headline\":\"\u00a1Disponibles en Agosto!\",\"datePublished\":\"2017-08-02T09:31:25+00:00\",\"dateModified\":\"2019-02-18T12:28:30+00:00\",\"mainEntityOfPage\":{\"@id\":\"https:\/\/resest.com\/es\/blog-es\/residencia-estudiantes-abierta-agosto\/\"},\"wordCount\":40,\"commentCount\":0,\"publisher\":{\"@id\":\"https:\/\/resest.com\/es\/#organization\"},\"image\":{\"@id\":\"https:\/\/resest.com\/es\/blog-es\/residencia-estudiantes-abierta-agosto\/#primaryimage\"},\"thumbnailUrl\":\"https:\/\/resest.com\/wp-content\/uploads\/2015\/08\/4591wreseweb-1.jpg\",\"articleSection\":[\"Blog\",\"Vida en la Residencia\"],\"inLanguage\":\"es\",\"potentialAction\":[{\"@type\":\"CommentAction\",\"name\":\"Comment\",\"target\":[\"https:\/\/resest.com\/es\/blog-es\/residencia-estudiantes-abierta-agosto\/#respond\"]}]},{\"@type\":\"WebPage\",\"@id\":\"https:\/\/resest.com\/es\/blog-es\/residencia-estudiantes-abierta-agosto\/\",\"url\":\"https:\/\/resest.com\/es\/blog-es\/residencia-estudiantes-abierta-agosto\/\",\"name\":\"La residencia de estudiantes estar\u00e1 abierta en Agosto - Resest\",\"isPartOf\":{\"@id\":\"https:\/\/resest.com\/es\/#website\"},\"primaryImageOfPage\":{\"@id\":\"https:\/\/resest.com\/es\/blog-es\/residencia-estudiantes-abierta-agosto\/#primaryimage\"},\"image\":{\"@id\":\"https:\/\/resest.com\/es\/blog-es\/residencia-estudiantes-abierta-agosto\/#primaryimage\"},\"thumbnailUrl\":\"https:\/\/resest.com\/wp-content\/uploads\/2015\/08\/4591wreseweb-1.jpg\",\"datePublished\":\"2017-08-02T09:31:25+00:00\",\"dateModified\":\"2019-02-18T12:28:30+00:00\",\"description\":\"La residencia de estudiantes l'Estaci\u00f3 de Sabadell estar\u00e1 abierta durante todo el mes de Agosto para aquellos residentes que decidan venir antes.\",\"breadcrumb\":{\"@id\":\"https:\/\/resest.com\/es\/blog-es\/residencia-estudiantes-abierta-agosto\/#breadcrumb\"},\"inLanguage\":\"es\",\"potentialAction\":[{\"@type\":\"ReadAction\",\"target\":[\"https:\/\/resest.com\/es\/blog-es\/residencia-estudiantes-abierta-agosto\/\"]}]},{\"@type\":\"ImageObject\",\"inLanguage\":\"es\",\"@id\":\"https:\/\/resest.com\/es\/blog-es\/residencia-estudiantes-abierta-agosto\/#primaryimage\",\"url\":\"https:\/\/resest.com\/wp-content\/uploads\/2015\/08\/4591wreseweb-1.jpg\",\"contentUrl\":\"https:\/\/resest.com\/wp-content\/uploads\/2015\/08\/4591wreseweb-1.jpg\",\"width\":1134,\"height\":621,\"caption\":\"residencia de estudiantes\"},{\"@type\":\"BreadcrumbList\",\"@id\":\"https:\/\/resest.com\/es\/blog-es\/residencia-estudiantes-abierta-agosto\/#breadcrumb\",\"itemListElement\":[{\"@type\":\"ListItem\",\"position\":1,\"name\":\"Inici\",\"item\":\"https:\/\/resest.com\/es\/\"},{\"@type\":\"ListItem\",\"position\":2,\"name\":\"\u00a1Disponibles en Agosto!\"}]},{\"@type\":\"WebSite\",\"@id\":\"https:\/\/resest.com\/es\/#website\",\"url\":\"https:\/\/resest.com\/es\/\",\"name\":\"Resid\u00e8ncia d&#039;Estudiants l&#039;Estaci\u00f3 de Sabadell | Resest\",\"description\":\"Otro sitio realizado con WordPress\",\"publisher\":{\"@id\":\"https:\/\/resest.com\/es\/#organization\"},\"potentialAction\":[{\"@type\":\"SearchAction\",\"target\":{\"@type\":\"EntryPoint\",\"urlTemplate\":\"https:\/\/resest.com\/es\/?s={search_term_string}\"},\"query-input\":{\"@type\":\"PropertyValueSpecification\",\"valueRequired\":true,\"valueName\":\"search_term_string\"}}],\"inLanguage\":\"es\"},{\"@type\":\"Organization\",\"@id\":\"https:\/\/resest.com\/es\/#organization\",\"name\":\"Resid\u00e8ncia d&#039;Estudiants l&#039;Estaci\u00f3 de Sabadell | Resest\",\"url\":\"https:\/\/resest.com\/es\/\",\"logo\":{\"@type\":\"ImageObject\",\"inLanguage\":\"es\",\"@id\":\"https:\/\/resest.com\/es\/#\/schema\/logo\/image\/\",\"url\":\"https:\/\/resest.com\/wp-content\/uploads\/2024\/03\/Facana-1.jpg\",\"contentUrl\":\"https:\/\/resest.com\/wp-content\/uploads\/2024\/03\/Facana-1.jpg\",\"width\":1200,\"height\":1009,\"caption\":\"Resid\u00e8ncia d&#039;Estudiants l&#039;Estaci\u00f3 de Sabadell | Resest\"},\"image\":{\"@id\":\"https:\/\/resest.com\/es\/#\/schema\/logo\/image\/\"}},{\"@type\":\"Person\",\"@id\":\"https:\/\/resest.com\/es\/#\/schema\/person\/f66d2b5dae2cd0a989ab720dd211d2a9\",\"name\":\"Resest\",\"image\":{\"@type\":\"ImageObject\",\"inLanguage\":\"es\",\"@id\":\"https:\/\/resest.com\/es\/#\/schema\/person\/image\/\",\"url\":\"https:\/\/secure.gravatar.com\/avatar\/a5d542eca874617a8a62a45c724821a615f770cf5bde5e61a93a7a2562faba7a?s=96&d=mm&r=g\",\"contentUrl\":\"https:\/\/secure.gravatar.com\/avatar\/a5d542eca874617a8a62a45c724821a615f770cf5bde5e61a93a7a2562faba7a?s=96&d=mm&r=g\",\"caption\":\"Resest\"},\"url\":\"https:\/\/resest.com\/es\/author\/resest\/\"}]}<\/script>\n<!-- \/ Yoast SEO plugin. -->","yoast_head_json":{"title":"La residencia de estudiantes estar\u00e1 abierta en Agosto - Resest","description":"La residencia de estudiantes l'Estaci\u00f3 de Sabadell estar\u00e1 abierta durante todo el mes de Agosto para aquellos residentes que decidan venir antes.","robots":{"index":"index","follow":"follow","max-snippet":"max-snippet:-1","max-image-preview":"max-image-preview:large","max-video-preview":"max-video-preview:-1"},"canonical":"https:\/\/resest.com\/es\/blog-es\/residencia-estudiantes-abierta-agosto\/","og_locale":"es_ES","og_type":"article","og_title":"La residencia de estudiantes estar\u00e1 abierta en Agosto - Resest","og_description":"La residencia de estudiantes l'Estaci\u00f3 de Sabadell estar\u00e1 abierta durante todo el mes de Agosto para aquellos residentes que decidan venir antes.","og_url":"https:\/\/resest.com\/es\/blog-es\/residencia-estudiantes-abierta-agosto\/","og_site_name":"Resid\u00e8ncia d&#039;Estudiants l&#039;Estaci\u00f3 de Sabadell | Resest","article_published_time":"2017-08-02T09:31:25+00:00","article_modified_time":"2019-02-18T12:28:30+00:00","og_image":[{"width":1134,"height":621,"url":"https:\/\/resest.com\/wp-content\/uploads\/2015\/08\/4591wreseweb-1.jpg","type":"image\/jpeg"}],"author":"Resest","twitter_misc":{"Escrito por":"Resest"},"schema":{"@context":"https:\/\/schema.org","@graph":[{"@type":"Article","@id":"https:\/\/resest.com\/es\/blog-es\/residencia-estudiantes-abierta-agosto\/#article","isPartOf":{"@id":"https:\/\/resest.com\/es\/blog-es\/residencia-estudiantes-abierta-agosto\/"},"author":{"name":"Resest","@id":"https:\/\/resest.com\/es\/#\/schema\/person\/f66d2b5dae2cd0a989ab720dd211d2a9"},"headline":"\u00a1Disponibles en Agosto!","datePublished":"2017-08-02T09:31:25+00:00","dateModified":"2019-02-18T12:28:30+00:00","mainEntityOfPage":{"@id":"https:\/\/resest.com\/es\/blog-es\/residencia-estudiantes-abierta-agosto\/"},"wordCount":40,"commentCount":0,"publisher":{"@id":"https:\/\/resest.com\/es\/#organization"},"image":{"@id":"https:\/\/resest.com\/es\/blog-es\/residencia-estudiantes-abierta-agosto\/#primaryimage"},"thumbnailUrl":"https:\/\/resest.com\/wp-content\/uploads\/2015\/08\/4591wreseweb-1.jpg","articleSection":["Blog","Vida en la Residencia"],"inLanguage":"es","potentialAction":[{"@type":"CommentAction","name":"Comment","target":["https:\/\/resest.com\/es\/blog-es\/residencia-estudiantes-abierta-agosto\/#respond"]}]},{"@type":"WebPage","@id":"https:\/\/resest.com\/es\/blog-es\/residencia-estudiantes-abierta-agosto\/","url":"https:\/\/resest.com\/es\/blog-es\/residencia-estudiantes-abierta-agosto\/","name":"La residencia de estudiantes estar\u00e1 abierta en Agosto - Resest","isPartOf":{"@id":"https:\/\/resest.com\/es\/#website"},"primaryImageOfPage":{"@id":"https:\/\/resest.com\/es\/blog-es\/residencia-estudiantes-abierta-agosto\/#primaryimage"},"image":{"@id":"https:\/\/resest.com\/es\/blog-es\/residencia-estudiantes-abierta-agosto\/#primaryimage"},"thumbnailUrl":"https:\/\/resest.com\/wp-content\/uploads\/2015\/08\/4591wreseweb-1.jpg","datePublished":"2017-08-02T09:31:25+00:00","dateModified":"2019-02-18T12:28:30+00:00","description":"La residencia de estudiantes l'Estaci\u00f3 de Sabadell estar\u00e1 abierta durante todo el mes de Agosto para aquellos residentes que decidan venir antes.","breadcrumb":{"@id":"https:\/\/resest.com\/es\/blog-es\/residencia-estudiantes-abierta-agosto\/#breadcrumb"},"inLanguage":"es","potentialAction":[{"@type":"ReadAction","target":["https:\/\/resest.com\/es\/blog-es\/residencia-estudiantes-abierta-agosto\/"]}]},{"@type":"ImageObject","inLanguage":"es","@id":"https:\/\/resest.com\/es\/blog-es\/residencia-estudiantes-abierta-agosto\/#primaryimage","url":"https:\/\/resest.com\/wp-content\/uploads\/2015\/08\/4591wreseweb-1.jpg","contentUrl":"https:\/\/resest.com\/wp-content\/uploads\/2015\/08\/4591wreseweb-1.jpg","width":1134,"height":621,"caption":"residencia de estudiantes"},{"@type":"BreadcrumbList","@id":"https:\/\/resest.com\/es\/blog-es\/residencia-estudiantes-abierta-agosto\/#breadcrumb","itemListElement":[{"@type":"ListItem","position":1,"name":"Inici","item":"https:\/\/resest.com\/es\/"},{"@type":"ListItem","position":2,"name":"\u00a1Disponibles en Agosto!"}]},{"@type":"WebSite","@id":"https:\/\/resest.com\/es\/#website","url":"https:\/\/resest.com\/es\/","name":"Resid\u00e8ncia d&#039;Estudiants l&#039;Estaci\u00f3 de Sabadell | Resest","description":"Otro sitio realizado con WordPress","publisher":{"@id":"https:\/\/resest.com\/es\/#organization"},"potentialAction":[{"@type":"SearchAction","target":{"@type":"EntryPoint","urlTemplate":"https:\/\/resest.com\/es\/?s={search_term_string}"},"query-input":{"@type":"PropertyValueSpecification","valueRequired":true,"valueName":"search_term_string"}}],"inLanguage":"es"},{"@type":"Organization","@id":"https:\/\/resest.com\/es\/#organization","name":"Resid\u00e8ncia d&#039;Estudiants l&#039;Estaci\u00f3 de Sabadell | Resest","url":"https:\/\/resest.com\/es\/","logo":{"@type":"ImageObject","inLanguage":"es","@id":"https:\/\/resest.com\/es\/#\/schema\/logo\/image\/","url":"https:\/\/resest.com\/wp-content\/uploads\/2024\/03\/Facana-1.jpg","contentUrl":"https:\/\/resest.com\/wp-content\/uploads\/2024\/03\/Facana-1.jpg","width":1200,"height":1009,"caption":"Resid\u00e8ncia d&#039;Estudiants l&#039;Estaci\u00f3 de Sabadell | Resest"},"image":{"@id":"https:\/\/resest.com\/es\/#\/schema\/logo\/image\/"}},{"@type":"Person","@id":"https:\/\/resest.com\/es\/#\/schema\/person\/f66d2b5dae2cd0a989ab720dd211d2a9","name":"Resest","image":{"@type":"ImageObject","inLanguage":"es","@id":"https:\/\/resest.com\/es\/#\/schema\/person\/image\/","url":"https:\/\/secure.gravatar.com\/avatar\/a5d542eca874617a8a62a45c724821a615f770cf5bde5e61a93a7a2562faba7a?s=96&d=mm&r=g","contentUrl":"https:\/\/secure.gravatar.com\/avatar\/a5d542eca874617a8a62a45c724821a615f770cf5bde5e61a93a7a2562faba7a?s=96&d=mm&r=g","caption":"Resest"},"url":"https:\/\/resest.com\/es\/author\/resest\/"}]}},"_links":{"self":[{"href":"https:\/\/resest.com\/es\/wp-json\/wp\/v2\/posts\/5768","targetHints":{"allow":["GET"]}}],"collection":[{"href":"https:\/\/resest.com\/es\/wp-json\/wp\/v2\/posts"}],"about":[{"href":"https:\/\/resest.com\/es\/wp-json\/wp\/v2\/types\/post"}],"author":[{"embeddable":true,"href":"https:\/\/resest.com\/es\/wp-json\/wp\/v2\/users\/3"}],"replies":[{"embeddable":true,"href":"https:\/\/resest.com\/es\/wp-json\/wp\/v2\/comments?post=5768"}],"version-history":[{"count":0,"href":"https:\/\/resest.com\/es\/wp-json\/wp\/v2\/posts\/5768\/revisions"}],"wp:featuredmedia":[{"embeddable":true,"href":"https:\/\/resest.com\/es\/wp-json\/wp\/v2\/media\/3739"}],"wp:attachment":[{"href":"https:\/\/resest.com\/es\/wp-json\/wp\/v2\/media?parent=5768"}],"wp:term":[{"taxonomy":"category","embeddable":true,"href":"https:\/\/resest.com\/es\/wp-json\/wp\/v2\/categories?post=5768"},{"taxonomy":"post_tag","embeddable":true,"href":"https:\/\/resest.com\/es\/wp-json\/wp\/v2\/tags?post=5768"}],"curies":[{"name":"wp","href":"https:\/\/api.w.org\/{rel}","templated":true}]}}