{"id":3577,"date":"2015-05-27T17:19:03","date_gmt":"2015-05-27T16:19:03","guid":{"rendered":"http:\/\/resest.com\/?p=3577"},"modified":"2015-05-28T11:21:06","modified_gmt":"2015-05-28T10:21:06","slug":"contactanos-para-la-promocion-de-verano-de-la-residencia-destudiants-lestacio-de-sabadell","status":"publish","type":"post","link":"https:\/\/resest.com\/es\/blog-es\/contactanos-para-la-promocion-de-verano-de-la-residencia-destudiants-lestacio-de-sabadell\/","title":{"rendered":"Cont\u00e1ctanos para la promoci\u00f3n de verano de la Resid\u00e8ncia d\u2019Estudiants l\u2019Estaci\u00f3 de Sabadell."},"content":{"rendered":"<p>Si est\u00e1s planeando alg\u00fan\u00a0<strong>curso, actividad o vacaciones de verano<\/strong>\u00a0en Barcelona o Sabadell, la\u00a0<a title=\"RESEST\" href=\"http:\/\/www.youtube.com\/watch?v=hZeaMUJa_CU\" target=\"_blank\"><strong>Resid\u00e8ncia d\u2019Estudiants l\u2019Estaci\u00f3 de Sabadell<\/strong><\/a>\u00a0es la mejor opci\u00f3n de\u00a0<strong>alojamiento<\/strong>. Situada enfrente de la estaci\u00f3n del ferrocarril de \u201cSabadell Estaci\u00f3\u201d, estamos a 6 minutos de la Universidad Aut\u00f3noma de Barcelona (UAB) y a 35 minutos del centro de Barcelona.<\/p>\n<p>La residencia de estudiantes tiene una gran terraza de 120m<sup>2<\/sup> amueblada y con wifi, para tomar el sol con comodidad y m\u00e1s\u00a0<a title=\"Instalaciones RESEST\" href=\"https:\/\/resest.com\/es\/instalaciones\/\" target=\"_blank\">instalaciones de calidad<\/a>.<\/p>\n<p><b>Cont\u00e1ctanos<\/b>\u00a0rellenando el formulario en\u00a0<a title=\"Contacto RESEST\" href=\"https:\/\/resest.com\/es\/contactar\/\" target=\"_blank\"><strong>www.resest.com<\/strong><\/a>\u00a0o por e-mail en\u00a0<a href=\"mailto:info@resest.com\"><strong>info@resest.com<\/strong><\/a>\u00a0y te informaremos de las ofertas de alojamiento de verano en Barcelona\u00a0y Sabadell\u00a0de\u00a0la residencia para particulares o para grupos organizados.<\/p>\n<p>Precios muy competitivos.<\/p>\n<p>\u00a1Te esperamos!<\/p>\n","protected":false},"excerpt":{"rendered":"<p>Si est\u00e1s planeando alg\u00fan\u00a0curso, actividad o vacaciones de verano\u00a0en Barcelona o Sabadell, la\u00a0Resid\u00e8ncia d\u2019Estudiants l\u2019Estaci\u00f3 de Sabadell\u00a0es la mejor opci\u00f3n de\u00a0alojamiento. Situada enfrente de la estaci\u00f3n del ferrocarril de \u201cSabadell Estaci\u00f3\u201d, estamos a 6 minutos de la Universidad Aut\u00f3noma de Barcelona (UAB) y a 35 minutos del centro de Barcelona. La residencia de estudiantes tiene&hellip;<\/p>\n","protected":false},"author":3,"featured_media":0,"comment_status":"open","ping_status":"open","sticky":false,"template":"","format":"standard","meta":{"footnotes":""},"categories":[1],"tags":[],"class_list":["post-3577","post","type-post","status-publish","format-standard","hentry","category-blog-es","entry","no-media"],"yoast_head":"<!-- This site is optimized with the Yoast SEO plugin v26.4 - https:\/\/yoast.com\/wordpress\/plugins\/seo\/ -->\n<title>Promoci\u00f3n alojamiento de verano en Barcelona - RESEST<\/title>\n<meta name=\"description\" content=\"Disfruta de tus vacaciones solo o en compa\u00f1\u00eda gracias al alojamiento de verano en Barcelona y Sabadell que te ofrece RESEST. \u00a1Promociones especiales!\" \/>\n<meta name=\"robots\" content=\"index, follow, max-snippet:-1, max-image-preview:large, max-video-preview:-1\" \/>\n<link rel=\"canonical\" href=\"https:\/\/resest.com\/es\/blog-es\/contactanos-para-la-promocion-de-verano-de-la-residencia-destudiants-lestacio-de-sabadell\/\" \/>\n<meta property=\"og:locale\" content=\"es_ES\" \/>\n<meta property=\"og:type\" content=\"article\" \/>\n<meta property=\"og:title\" content=\"Promoci\u00f3n alojamiento de verano en Barcelona - RESEST\" \/>\n<meta property=\"og:description\" content=\"Disfruta de tus vacaciones solo o en compa\u00f1\u00eda gracias al alojamiento de verano en Barcelona y Sabadell que te ofrece RESEST. \u00a1Promociones especiales!\" \/>\n<meta property=\"og:url\" content=\"https:\/\/resest.com\/es\/blog-es\/contactanos-para-la-promocion-de-verano-de-la-residencia-destudiants-lestacio-de-sabadell\/\" \/>\n<meta property=\"og:site_name\" content=\"Resid\u00e8ncia d&#039;Estudiants l&#039;Estaci\u00f3 de Sabadell | Resest\" \/>\n<meta property=\"article:published_time\" content=\"2015-05-27T16:19:03+00:00\" \/>\n<meta property=\"article:modified_time\" content=\"2015-05-28T10:21:06+00:00\" \/>\n<meta name=\"author\" content=\"Resest\" \/>\n<meta name=\"twitter:label1\" content=\"Escrito por\" \/>\n\t<meta name=\"twitter:data1\" content=\"Resest\" \/>\n\t<meta name=\"twitter:label2\" content=\"Tiempo de lectura\" \/>\n\t<meta name=\"twitter:data2\" content=\"1 minuto\" \/>\n<script type=\"application\/ld+json\" class=\"yoast-schema-graph\">{\"@context\":\"https:\/\/schema.org\",\"@graph\":[{\"@type\":\"Article\",\"@id\":\"https:\/\/resest.com\/es\/blog-es\/contactanos-para-la-promocion-de-verano-de-la-residencia-destudiants-lestacio-de-sabadell\/#article\",\"isPartOf\":{\"@id\":\"https:\/\/resest.com\/es\/blog-es\/contactanos-para-la-promocion-de-verano-de-la-residencia-destudiants-lestacio-de-sabadell\/\"},\"author\":{\"name\":\"Resest\",\"@id\":\"https:\/\/resest.com\/es\/#\/schema\/person\/f66d2b5dae2cd0a989ab720dd211d2a9\"},\"headline\":\"Cont\u00e1ctanos para la promoci\u00f3n de verano de la Resid\u00e8ncia d\u2019Estudiants l\u2019Estaci\u00f3 de Sabadell.\",\"datePublished\":\"2015-05-27T16:19:03+00:00\",\"dateModified\":\"2015-05-28T10:21:06+00:00\",\"mainEntityOfPage\":{\"@id\":\"https:\/\/resest.com\/es\/blog-es\/contactanos-para-la-promocion-de-verano-de-la-residencia-destudiants-lestacio-de-sabadell\/\"},\"wordCount\":149,\"commentCount\":0,\"publisher\":{\"@id\":\"https:\/\/resest.com\/es\/#organization\"},\"articleSection\":[\"Blog\"],\"inLanguage\":\"es\",\"potentialAction\":[{\"@type\":\"CommentAction\",\"name\":\"Comment\",\"target\":[\"https:\/\/resest.com\/es\/blog-es\/contactanos-para-la-promocion-de-verano-de-la-residencia-destudiants-lestacio-de-sabadell\/#respond\"]}]},{\"@type\":\"WebPage\",\"@id\":\"https:\/\/resest.com\/es\/blog-es\/contactanos-para-la-promocion-de-verano-de-la-residencia-destudiants-lestacio-de-sabadell\/\",\"url\":\"https:\/\/resest.com\/es\/blog-es\/contactanos-para-la-promocion-de-verano-de-la-residencia-destudiants-lestacio-de-sabadell\/\",\"name\":\"Promoci\u00f3n alojamiento de verano en Barcelona - RESEST\",\"isPartOf\":{\"@id\":\"https:\/\/resest.com\/es\/#website\"},\"datePublished\":\"2015-05-27T16:19:03+00:00\",\"dateModified\":\"2015-05-28T10:21:06+00:00\",\"description\":\"Disfruta de tus vacaciones solo o en compa\u00f1\u00eda gracias al alojamiento de verano en Barcelona y Sabadell que te ofrece RESEST. \u00a1Promociones especiales!\",\"breadcrumb\":{\"@id\":\"https:\/\/resest.com\/es\/blog-es\/contactanos-para-la-promocion-de-verano-de-la-residencia-destudiants-lestacio-de-sabadell\/#breadcrumb\"},\"inLanguage\":\"es\",\"potentialAction\":[{\"@type\":\"ReadAction\",\"target\":[\"https:\/\/resest.com\/es\/blog-es\/contactanos-para-la-promocion-de-verano-de-la-residencia-destudiants-lestacio-de-sabadell\/\"]}]},{\"@type\":\"BreadcrumbList\",\"@id\":\"https:\/\/resest.com\/es\/blog-es\/contactanos-para-la-promocion-de-verano-de-la-residencia-destudiants-lestacio-de-sabadell\/#breadcrumb\",\"itemListElement\":[{\"@type\":\"ListItem\",\"position\":1,\"name\":\"Inici\",\"item\":\"https:\/\/resest.com\/es\/\"},{\"@type\":\"ListItem\",\"position\":2,\"name\":\"Cont\u00e1ctanos para la promoci\u00f3n de verano de la Resid\u00e8ncia d\u2019Estudiants l\u2019Estaci\u00f3 de Sabadell.\"}]},{\"@type\":\"WebSite\",\"@id\":\"https:\/\/resest.com\/es\/#website\",\"url\":\"https:\/\/resest.com\/es\/\",\"name\":\"Resid\u00e8ncia d&#039;Estudiants l&#039;Estaci\u00f3 de Sabadell | Resest\",\"description\":\"Otro sitio realizado con WordPress\",\"publisher\":{\"@id\":\"https:\/\/resest.com\/es\/#organization\"},\"potentialAction\":[{\"@type\":\"SearchAction\",\"target\":{\"@type\":\"EntryPoint\",\"urlTemplate\":\"https:\/\/resest.com\/es\/?s={search_term_string}\"},\"query-input\":{\"@type\":\"PropertyValueSpecification\",\"valueRequired\":true,\"valueName\":\"search_term_string\"}}],\"inLanguage\":\"es\"},{\"@type\":\"Organization\",\"@id\":\"https:\/\/resest.com\/es\/#organization\",\"name\":\"Resid\u00e8ncia d&#039;Estudiants l&#039;Estaci\u00f3 de Sabadell | Resest\",\"url\":\"https:\/\/resest.com\/es\/\",\"logo\":{\"@type\":\"ImageObject\",\"inLanguage\":\"es\",\"@id\":\"https:\/\/resest.com\/es\/#\/schema\/logo\/image\/\",\"url\":\"https:\/\/resest.com\/wp-content\/uploads\/2024\/03\/Facana-1.jpg\",\"contentUrl\":\"https:\/\/resest.com\/wp-content\/uploads\/2024\/03\/Facana-1.jpg\",\"width\":1200,\"height\":1009,\"caption\":\"Resid\u00e8ncia d&#039;Estudiants l&#039;Estaci\u00f3 de Sabadell | Resest\"},\"image\":{\"@id\":\"https:\/\/resest.com\/es\/#\/schema\/logo\/image\/\"}},{\"@type\":\"Person\",\"@id\":\"https:\/\/resest.com\/es\/#\/schema\/person\/f66d2b5dae2cd0a989ab720dd211d2a9\",\"name\":\"Resest\",\"image\":{\"@type\":\"ImageObject\",\"inLanguage\":\"es\",\"@id\":\"https:\/\/resest.com\/es\/#\/schema\/person\/image\/\",\"url\":\"https:\/\/secure.gravatar.com\/avatar\/a5d542eca874617a8a62a45c724821a615f770cf5bde5e61a93a7a2562faba7a?s=96&d=mm&r=g\",\"contentUrl\":\"https:\/\/secure.gravatar.com\/avatar\/a5d542eca874617a8a62a45c724821a615f770cf5bde5e61a93a7a2562faba7a?s=96&d=mm&r=g\",\"caption\":\"Resest\"},\"url\":\"https:\/\/resest.com\/es\/author\/resest\/\"}]}<\/script>\n<!-- \/ Yoast SEO plugin. -->","yoast_head_json":{"title":"Promoci\u00f3n alojamiento de verano en Barcelona - RESEST","description":"Disfruta de tus vacaciones solo o en compa\u00f1\u00eda gracias al alojamiento de verano en Barcelona y Sabadell que te ofrece RESEST. \u00a1Promociones especiales!","robots":{"index":"index","follow":"follow","max-snippet":"max-snippet:-1","max-image-preview":"max-image-preview:large","max-video-preview":"max-video-preview:-1"},"canonical":"https:\/\/resest.com\/es\/blog-es\/contactanos-para-la-promocion-de-verano-de-la-residencia-destudiants-lestacio-de-sabadell\/","og_locale":"es_ES","og_type":"article","og_title":"Promoci\u00f3n alojamiento de verano en Barcelona - RESEST","og_description":"Disfruta de tus vacaciones solo o en compa\u00f1\u00eda gracias al alojamiento de verano en Barcelona y Sabadell que te ofrece RESEST. \u00a1Promociones especiales!","og_url":"https:\/\/resest.com\/es\/blog-es\/contactanos-para-la-promocion-de-verano-de-la-residencia-destudiants-lestacio-de-sabadell\/","og_site_name":"Resid\u00e8ncia d&#039;Estudiants l&#039;Estaci\u00f3 de Sabadell | Resest","article_published_time":"2015-05-27T16:19:03+00:00","article_modified_time":"2015-05-28T10:21:06+00:00","author":"Resest","twitter_misc":{"Escrito por":"Resest","Tiempo de lectura":"1 minuto"},"schema":{"@context":"https:\/\/schema.org","@graph":[{"@type":"Article","@id":"https:\/\/resest.com\/es\/blog-es\/contactanos-para-la-promocion-de-verano-de-la-residencia-destudiants-lestacio-de-sabadell\/#article","isPartOf":{"@id":"https:\/\/resest.com\/es\/blog-es\/contactanos-para-la-promocion-de-verano-de-la-residencia-destudiants-lestacio-de-sabadell\/"},"author":{"name":"Resest","@id":"https:\/\/resest.com\/es\/#\/schema\/person\/f66d2b5dae2cd0a989ab720dd211d2a9"},"headline":"Cont\u00e1ctanos para la promoci\u00f3n de verano de la Resid\u00e8ncia d\u2019Estudiants l\u2019Estaci\u00f3 de Sabadell.","datePublished":"2015-05-27T16:19:03+00:00","dateModified":"2015-05-28T10:21:06+00:00","mainEntityOfPage":{"@id":"https:\/\/resest.com\/es\/blog-es\/contactanos-para-la-promocion-de-verano-de-la-residencia-destudiants-lestacio-de-sabadell\/"},"wordCount":149,"commentCount":0,"publisher":{"@id":"https:\/\/resest.com\/es\/#organization"},"articleSection":["Blog"],"inLanguage":"es","potentialAction":[{"@type":"CommentAction","name":"Comment","target":["https:\/\/resest.com\/es\/blog-es\/contactanos-para-la-promocion-de-verano-de-la-residencia-destudiants-lestacio-de-sabadell\/#respond"]}]},{"@type":"WebPage","@id":"https:\/\/resest.com\/es\/blog-es\/contactanos-para-la-promocion-de-verano-de-la-residencia-destudiants-lestacio-de-sabadell\/","url":"https:\/\/resest.com\/es\/blog-es\/contactanos-para-la-promocion-de-verano-de-la-residencia-destudiants-lestacio-de-sabadell\/","name":"Promoci\u00f3n alojamiento de verano en Barcelona - RESEST","isPartOf":{"@id":"https:\/\/resest.com\/es\/#website"},"datePublished":"2015-05-27T16:19:03+00:00","dateModified":"2015-05-28T10:21:06+00:00","description":"Disfruta de tus vacaciones solo o en compa\u00f1\u00eda gracias al alojamiento de verano en Barcelona y Sabadell que te ofrece RESEST. \u00a1Promociones especiales!","breadcrumb":{"@id":"https:\/\/resest.com\/es\/blog-es\/contactanos-para-la-promocion-de-verano-de-la-residencia-destudiants-lestacio-de-sabadell\/#breadcrumb"},"inLanguage":"es","potentialAction":[{"@type":"ReadAction","target":["https:\/\/resest.com\/es\/blog-es\/contactanos-para-la-promocion-de-verano-de-la-residencia-destudiants-lestacio-de-sabadell\/"]}]},{"@type":"BreadcrumbList","@id":"https:\/\/resest.com\/es\/blog-es\/contactanos-para-la-promocion-de-verano-de-la-residencia-destudiants-lestacio-de-sabadell\/#breadcrumb","itemListElement":[{"@type":"ListItem","position":1,"name":"Inici","item":"https:\/\/resest.com\/es\/"},{"@type":"ListItem","position":2,"name":"Cont\u00e1ctanos para la promoci\u00f3n de verano de la Resid\u00e8ncia d\u2019Estudiants l\u2019Estaci\u00f3 de Sabadell."}]},{"@type":"WebSite","@id":"https:\/\/resest.com\/es\/#website","url":"https:\/\/resest.com\/es\/","name":"Resid\u00e8ncia d&#039;Estudiants l&#039;Estaci\u00f3 de Sabadell | Resest","description":"Otro sitio realizado con WordPress","publisher":{"@id":"https:\/\/resest.com\/es\/#organization"},"potentialAction":[{"@type":"SearchAction","target":{"@type":"EntryPoint","urlTemplate":"https:\/\/resest.com\/es\/?s={search_term_string}"},"query-input":{"@type":"PropertyValueSpecification","valueRequired":true,"valueName":"search_term_string"}}],"inLanguage":"es"},{"@type":"Organization","@id":"https:\/\/resest.com\/es\/#organization","name":"Resid\u00e8ncia d&#039;Estudiants l&#039;Estaci\u00f3 de Sabadell | Resest","url":"https:\/\/resest.com\/es\/","logo":{"@type":"ImageObject","inLanguage":"es","@id":"https:\/\/resest.com\/es\/#\/schema\/logo\/image\/","url":"https:\/\/resest.com\/wp-content\/uploads\/2024\/03\/Facana-1.jpg","contentUrl":"https:\/\/resest.com\/wp-content\/uploads\/2024\/03\/Facana-1.jpg","width":1200,"height":1009,"caption":"Resid\u00e8ncia d&#039;Estudiants l&#039;Estaci\u00f3 de Sabadell | Resest"},"image":{"@id":"https:\/\/resest.com\/es\/#\/schema\/logo\/image\/"}},{"@type":"Person","@id":"https:\/\/resest.com\/es\/#\/schema\/person\/f66d2b5dae2cd0a989ab720dd211d2a9","name":"Resest","image":{"@type":"ImageObject","inLanguage":"es","@id":"https:\/\/resest.com\/es\/#\/schema\/person\/image\/","url":"https:\/\/secure.gravatar.com\/avatar\/a5d542eca874617a8a62a45c724821a615f770cf5bde5e61a93a7a2562faba7a?s=96&d=mm&r=g","contentUrl":"https:\/\/secure.gravatar.com\/avatar\/a5d542eca874617a8a62a45c724821a615f770cf5bde5e61a93a7a2562faba7a?s=96&d=mm&r=g","caption":"Resest"},"url":"https:\/\/resest.com\/es\/author\/resest\/"}]}},"_links":{"self":[{"href":"https:\/\/resest.com\/es\/wp-json\/wp\/v2\/posts\/3577","targetHints":{"allow":["GET"]}}],"collection":[{"href":"https:\/\/resest.com\/es\/wp-json\/wp\/v2\/posts"}],"about":[{"href":"https:\/\/resest.com\/es\/wp-json\/wp\/v2\/types\/post"}],"author":[{"embeddable":true,"href":"https:\/\/resest.com\/es\/wp-json\/wp\/v2\/users\/3"}],"replies":[{"embeddable":true,"href":"https:\/\/resest.com\/es\/wp-json\/wp\/v2\/comments?post=3577"}],"version-history":[{"count":0,"href":"https:\/\/resest.com\/es\/wp-json\/wp\/v2\/posts\/3577\/revisions"}],"wp:attachment":[{"href":"https:\/\/resest.com\/es\/wp-json\/wp\/v2\/media?parent=3577"}],"wp:term":[{"taxonomy":"category","embeddable":true,"href":"https:\/\/resest.com\/es\/wp-json\/wp\/v2\/categories?post=3577"},{"taxonomy":"post_tag","embeddable":true,"href":"https:\/\/resest.com\/es\/wp-json\/wp\/v2\/tags?post=3577"}],"curies":[{"name":"wp","href":"https:\/\/api.w.org\/{rel}","templated":true}]}}