{"id":3404,"date":"2015-04-10T11:44:01","date_gmt":"2015-04-10T10:44:01","guid":{"rendered":"http:\/\/resest.com\/?p=3404"},"modified":"2015-05-26T14:46:30","modified_gmt":"2015-05-26T13:46:30","slug":"puertas-abiertas-en-la-residencia-de-estudiantes-lestacio-de-sabadell-2","status":"publish","type":"post","link":"https:\/\/resest.com\/es\/blog-es\/puertas-abiertas-en-la-residencia-de-estudiantes-lestacio-de-sabadell-2\/","title":{"rendered":"Puertas Abiertas en la Residencia de Estudiantes l\u2019Estaci\u00f3 de Sabadell"},"content":{"rendered":"<p style=\"text-align: center;\">El pr\u00f3ximo s\u00e1bado 18 de abril de 10 a 13 de la ma\u00f1ana las puertas de la <strong><a href=\"https:\/\/resest.com\/es\/instalaciones\/\" target=\"_blank\">Residencia de Estudiantes l\u2019Estaci\u00f3<\/a><\/strong> estaran abiertas para todos aquellos que quieran visitar nuestras instalaciones.<\/p>\n<p style=\"text-align: center;\"><a href=\"https:\/\/resest.com\/wp-content\/uploads\/2015\/03\/01.jpg\"><img loading=\"lazy\" decoding=\"async\" class=\"aligncenter wp-image-3343 size-full\" src=\"https:\/\/resest.com\/wp-content\/uploads\/2015\/03\/01.jpg\" alt=\"Residencia Estudiantes l\u2019Estaci\u00f3 Sabadell\" width=\"400\" height=\"354\" srcset=\"https:\/\/resest.com\/wp-content\/uploads\/2015\/03\/01.jpg 400w, https:\/\/resest.com\/wp-content\/uploads\/2015\/03\/01-300x266.jpg 300w\" sizes=\"auto, (max-width: 400px) 100vw, 400px\" \/><\/a><\/p>\n<p style=\"text-align: center;\"><strong>Tel\u00e9fono de contacto 616.989.342<\/strong><\/p>\n","protected":false},"excerpt":{"rendered":"<p>El pr\u00f3ximo s\u00e1bado 18 de abril de 10 a 13 de la ma\u00f1ana las puertas de la Residencia de Estudiantes l\u2019Estaci\u00f3 estaran abiertas para todos aquellos que quieran visitar nuestras instalaciones. Tel\u00e9fono de contacto 616.989.342<\/p>\n","protected":false},"author":3,"featured_media":0,"comment_status":"open","ping_status":"open","sticky":false,"template":"","format":"standard","meta":{"footnotes":""},"categories":[1],"tags":[],"class_list":["post-3404","post","type-post","status-publish","format-standard","hentry","category-blog-es","entry","no-media"],"yoast_head":"<!-- This site is optimized with the Yoast SEO plugin v26.4 - https:\/\/yoast.com\/wordpress\/plugins\/seo\/ -->\n<title>Puertas Abiertas en Residencia Estudiantes l\u2019Estaci\u00f3 Sabadell<\/title>\n<meta name=\"description\" content=\"Inf\u00f3rmate de la jornada de puertas abiertas que ofrece la Residencia Estudiantes l\u2019Estaci\u00f3 Sabadell para gente interesada en conocer instalaciones y m\u00e1s.\" \/>\n<meta name=\"robots\" content=\"index, follow, max-snippet:-1, max-image-preview:large, max-video-preview:-1\" \/>\n<link rel=\"canonical\" href=\"https:\/\/resest.com\/es\/blog-es\/puertas-abiertas-en-la-residencia-de-estudiantes-lestacio-de-sabadell-2\/\" \/>\n<meta property=\"og:locale\" content=\"es_ES\" \/>\n<meta property=\"og:type\" content=\"article\" \/>\n<meta property=\"og:title\" content=\"Puertas Abiertas en Residencia Estudiantes l\u2019Estaci\u00f3 Sabadell\" \/>\n<meta property=\"og:description\" content=\"Inf\u00f3rmate de la jornada de puertas abiertas que ofrece la Residencia Estudiantes l\u2019Estaci\u00f3 Sabadell para gente interesada en conocer instalaciones y m\u00e1s.\" \/>\n<meta property=\"og:url\" content=\"https:\/\/resest.com\/es\/blog-es\/puertas-abiertas-en-la-residencia-de-estudiantes-lestacio-de-sabadell-2\/\" \/>\n<meta property=\"og:site_name\" content=\"Resid\u00e8ncia d&#039;Estudiants l&#039;Estaci\u00f3 de Sabadell | Resest\" \/>\n<meta property=\"article:published_time\" content=\"2015-04-10T10:44:01+00:00\" \/>\n<meta property=\"article:modified_time\" content=\"2015-05-26T13:46:30+00:00\" \/>\n<meta property=\"og:image\" content=\"https:\/\/resest.com\/wp-content\/uploads\/2015\/03\/01.jpg\" \/>\n<meta name=\"author\" content=\"Resest\" \/>\n<meta name=\"twitter:label1\" content=\"Escrito por\" \/>\n\t<meta name=\"twitter:data1\" content=\"Resest\" \/>\n<script type=\"application\/ld+json\" class=\"yoast-schema-graph\">{\"@context\":\"https:\/\/schema.org\",\"@graph\":[{\"@type\":\"Article\",\"@id\":\"https:\/\/resest.com\/es\/blog-es\/puertas-abiertas-en-la-residencia-de-estudiantes-lestacio-de-sabadell-2\/#article\",\"isPartOf\":{\"@id\":\"https:\/\/resest.com\/es\/blog-es\/puertas-abiertas-en-la-residencia-de-estudiantes-lestacio-de-sabadell-2\/\"},\"author\":{\"name\":\"Resest\",\"@id\":\"https:\/\/resest.com\/es\/#\/schema\/person\/f66d2b5dae2cd0a989ab720dd211d2a9\"},\"headline\":\"Puertas Abiertas en la Residencia de Estudiantes l\u2019Estaci\u00f3 de Sabadell\",\"datePublished\":\"2015-04-10T10:44:01+00:00\",\"dateModified\":\"2015-05-26T13:46:30+00:00\",\"mainEntityOfPage\":{\"@id\":\"https:\/\/resest.com\/es\/blog-es\/puertas-abiertas-en-la-residencia-de-estudiantes-lestacio-de-sabadell-2\/\"},\"wordCount\":47,\"commentCount\":0,\"publisher\":{\"@id\":\"https:\/\/resest.com\/es\/#organization\"},\"image\":{\"@id\":\"https:\/\/resest.com\/es\/blog-es\/puertas-abiertas-en-la-residencia-de-estudiantes-lestacio-de-sabadell-2\/#primaryimage\"},\"thumbnailUrl\":\"https:\/\/resest.com\/wp-content\/uploads\/2015\/03\/01.jpg\",\"articleSection\":[\"Blog\"],\"inLanguage\":\"es\",\"potentialAction\":[{\"@type\":\"CommentAction\",\"name\":\"Comment\",\"target\":[\"https:\/\/resest.com\/es\/blog-es\/puertas-abiertas-en-la-residencia-de-estudiantes-lestacio-de-sabadell-2\/#respond\"]}]},{\"@type\":\"WebPage\",\"@id\":\"https:\/\/resest.com\/es\/blog-es\/puertas-abiertas-en-la-residencia-de-estudiantes-lestacio-de-sabadell-2\/\",\"url\":\"https:\/\/resest.com\/es\/blog-es\/puertas-abiertas-en-la-residencia-de-estudiantes-lestacio-de-sabadell-2\/\",\"name\":\"Puertas Abiertas en Residencia Estudiantes l\u2019Estaci\u00f3 Sabadell\",\"isPartOf\":{\"@id\":\"https:\/\/resest.com\/es\/#website\"},\"primaryImageOfPage\":{\"@id\":\"https:\/\/resest.com\/es\/blog-es\/puertas-abiertas-en-la-residencia-de-estudiantes-lestacio-de-sabadell-2\/#primaryimage\"},\"image\":{\"@id\":\"https:\/\/resest.com\/es\/blog-es\/puertas-abiertas-en-la-residencia-de-estudiantes-lestacio-de-sabadell-2\/#primaryimage\"},\"thumbnailUrl\":\"https:\/\/resest.com\/wp-content\/uploads\/2015\/03\/01.jpg\",\"datePublished\":\"2015-04-10T10:44:01+00:00\",\"dateModified\":\"2015-05-26T13:46:30+00:00\",\"description\":\"Inf\u00f3rmate de la jornada de puertas abiertas que ofrece la Residencia Estudiantes l\u2019Estaci\u00f3 Sabadell para gente interesada en conocer instalaciones y m\u00e1s.\",\"breadcrumb\":{\"@id\":\"https:\/\/resest.com\/es\/blog-es\/puertas-abiertas-en-la-residencia-de-estudiantes-lestacio-de-sabadell-2\/#breadcrumb\"},\"inLanguage\":\"es\",\"potentialAction\":[{\"@type\":\"ReadAction\",\"target\":[\"https:\/\/resest.com\/es\/blog-es\/puertas-abiertas-en-la-residencia-de-estudiantes-lestacio-de-sabadell-2\/\"]}]},{\"@type\":\"ImageObject\",\"inLanguage\":\"es\",\"@id\":\"https:\/\/resest.com\/es\/blog-es\/puertas-abiertas-en-la-residencia-de-estudiantes-lestacio-de-sabadell-2\/#primaryimage\",\"url\":\"https:\/\/resest.com\/wp-content\/uploads\/2015\/03\/01.jpg\",\"contentUrl\":\"https:\/\/resest.com\/wp-content\/uploads\/2015\/03\/01.jpg\"},{\"@type\":\"BreadcrumbList\",\"@id\":\"https:\/\/resest.com\/es\/blog-es\/puertas-abiertas-en-la-residencia-de-estudiantes-lestacio-de-sabadell-2\/#breadcrumb\",\"itemListElement\":[{\"@type\":\"ListItem\",\"position\":1,\"name\":\"Inici\",\"item\":\"https:\/\/resest.com\/es\/\"},{\"@type\":\"ListItem\",\"position\":2,\"name\":\"Puertas Abiertas en la Residencia de Estudiantes l\u2019Estaci\u00f3 de Sabadell\"}]},{\"@type\":\"WebSite\",\"@id\":\"https:\/\/resest.com\/es\/#website\",\"url\":\"https:\/\/resest.com\/es\/\",\"name\":\"Resid\u00e8ncia d&#039;Estudiants l&#039;Estaci\u00f3 de Sabadell | Resest\",\"description\":\"Otro sitio realizado con WordPress\",\"publisher\":{\"@id\":\"https:\/\/resest.com\/es\/#organization\"},\"potentialAction\":[{\"@type\":\"SearchAction\",\"target\":{\"@type\":\"EntryPoint\",\"urlTemplate\":\"https:\/\/resest.com\/es\/?s={search_term_string}\"},\"query-input\":{\"@type\":\"PropertyValueSpecification\",\"valueRequired\":true,\"valueName\":\"search_term_string\"}}],\"inLanguage\":\"es\"},{\"@type\":\"Organization\",\"@id\":\"https:\/\/resest.com\/es\/#organization\",\"name\":\"Resid\u00e8ncia d&#039;Estudiants l&#039;Estaci\u00f3 de Sabadell | Resest\",\"url\":\"https:\/\/resest.com\/es\/\",\"logo\":{\"@type\":\"ImageObject\",\"inLanguage\":\"es\",\"@id\":\"https:\/\/resest.com\/es\/#\/schema\/logo\/image\/\",\"url\":\"https:\/\/resest.com\/wp-content\/uploads\/2024\/03\/Facana-1.jpg\",\"contentUrl\":\"https:\/\/resest.com\/wp-content\/uploads\/2024\/03\/Facana-1.jpg\",\"width\":1200,\"height\":1009,\"caption\":\"Resid\u00e8ncia d&#039;Estudiants l&#039;Estaci\u00f3 de Sabadell | Resest\"},\"image\":{\"@id\":\"https:\/\/resest.com\/es\/#\/schema\/logo\/image\/\"}},{\"@type\":\"Person\",\"@id\":\"https:\/\/resest.com\/es\/#\/schema\/person\/f66d2b5dae2cd0a989ab720dd211d2a9\",\"name\":\"Resest\",\"image\":{\"@type\":\"ImageObject\",\"inLanguage\":\"es\",\"@id\":\"https:\/\/resest.com\/es\/#\/schema\/person\/image\/\",\"url\":\"https:\/\/secure.gravatar.com\/avatar\/a5d542eca874617a8a62a45c724821a615f770cf5bde5e61a93a7a2562faba7a?s=96&d=mm&r=g\",\"contentUrl\":\"https:\/\/secure.gravatar.com\/avatar\/a5d542eca874617a8a62a45c724821a615f770cf5bde5e61a93a7a2562faba7a?s=96&d=mm&r=g\",\"caption\":\"Resest\"},\"url\":\"https:\/\/resest.com\/es\/author\/resest\/\"}]}<\/script>\n<!-- \/ Yoast SEO plugin. -->","yoast_head_json":{"title":"Puertas Abiertas en Residencia Estudiantes l\u2019Estaci\u00f3 Sabadell","description":"Inf\u00f3rmate de la jornada de puertas abiertas que ofrece la Residencia Estudiantes l\u2019Estaci\u00f3 Sabadell para gente interesada en conocer instalaciones y m\u00e1s.","robots":{"index":"index","follow":"follow","max-snippet":"max-snippet:-1","max-image-preview":"max-image-preview:large","max-video-preview":"max-video-preview:-1"},"canonical":"https:\/\/resest.com\/es\/blog-es\/puertas-abiertas-en-la-residencia-de-estudiantes-lestacio-de-sabadell-2\/","og_locale":"es_ES","og_type":"article","og_title":"Puertas Abiertas en Residencia Estudiantes l\u2019Estaci\u00f3 Sabadell","og_description":"Inf\u00f3rmate de la jornada de puertas abiertas que ofrece la Residencia Estudiantes l\u2019Estaci\u00f3 Sabadell para gente interesada en conocer instalaciones y m\u00e1s.","og_url":"https:\/\/resest.com\/es\/blog-es\/puertas-abiertas-en-la-residencia-de-estudiantes-lestacio-de-sabadell-2\/","og_site_name":"Resid\u00e8ncia d&#039;Estudiants l&#039;Estaci\u00f3 de Sabadell | Resest","article_published_time":"2015-04-10T10:44:01+00:00","article_modified_time":"2015-05-26T13:46:30+00:00","og_image":[{"url":"https:\/\/resest.com\/wp-content\/uploads\/2015\/03\/01.jpg","type":"","width":"","height":""}],"author":"Resest","twitter_misc":{"Escrito por":"Resest"},"schema":{"@context":"https:\/\/schema.org","@graph":[{"@type":"Article","@id":"https:\/\/resest.com\/es\/blog-es\/puertas-abiertas-en-la-residencia-de-estudiantes-lestacio-de-sabadell-2\/#article","isPartOf":{"@id":"https:\/\/resest.com\/es\/blog-es\/puertas-abiertas-en-la-residencia-de-estudiantes-lestacio-de-sabadell-2\/"},"author":{"name":"Resest","@id":"https:\/\/resest.com\/es\/#\/schema\/person\/f66d2b5dae2cd0a989ab720dd211d2a9"},"headline":"Puertas Abiertas en la Residencia de Estudiantes l\u2019Estaci\u00f3 de Sabadell","datePublished":"2015-04-10T10:44:01+00:00","dateModified":"2015-05-26T13:46:30+00:00","mainEntityOfPage":{"@id":"https:\/\/resest.com\/es\/blog-es\/puertas-abiertas-en-la-residencia-de-estudiantes-lestacio-de-sabadell-2\/"},"wordCount":47,"commentCount":0,"publisher":{"@id":"https:\/\/resest.com\/es\/#organization"},"image":{"@id":"https:\/\/resest.com\/es\/blog-es\/puertas-abiertas-en-la-residencia-de-estudiantes-lestacio-de-sabadell-2\/#primaryimage"},"thumbnailUrl":"https:\/\/resest.com\/wp-content\/uploads\/2015\/03\/01.jpg","articleSection":["Blog"],"inLanguage":"es","potentialAction":[{"@type":"CommentAction","name":"Comment","target":["https:\/\/resest.com\/es\/blog-es\/puertas-abiertas-en-la-residencia-de-estudiantes-lestacio-de-sabadell-2\/#respond"]}]},{"@type":"WebPage","@id":"https:\/\/resest.com\/es\/blog-es\/puertas-abiertas-en-la-residencia-de-estudiantes-lestacio-de-sabadell-2\/","url":"https:\/\/resest.com\/es\/blog-es\/puertas-abiertas-en-la-residencia-de-estudiantes-lestacio-de-sabadell-2\/","name":"Puertas Abiertas en Residencia Estudiantes l\u2019Estaci\u00f3 Sabadell","isPartOf":{"@id":"https:\/\/resest.com\/es\/#website"},"primaryImageOfPage":{"@id":"https:\/\/resest.com\/es\/blog-es\/puertas-abiertas-en-la-residencia-de-estudiantes-lestacio-de-sabadell-2\/#primaryimage"},"image":{"@id":"https:\/\/resest.com\/es\/blog-es\/puertas-abiertas-en-la-residencia-de-estudiantes-lestacio-de-sabadell-2\/#primaryimage"},"thumbnailUrl":"https:\/\/resest.com\/wp-content\/uploads\/2015\/03\/01.jpg","datePublished":"2015-04-10T10:44:01+00:00","dateModified":"2015-05-26T13:46:30+00:00","description":"Inf\u00f3rmate de la jornada de puertas abiertas que ofrece la Residencia Estudiantes l\u2019Estaci\u00f3 Sabadell para gente interesada en conocer instalaciones y m\u00e1s.","breadcrumb":{"@id":"https:\/\/resest.com\/es\/blog-es\/puertas-abiertas-en-la-residencia-de-estudiantes-lestacio-de-sabadell-2\/#breadcrumb"},"inLanguage":"es","potentialAction":[{"@type":"ReadAction","target":["https:\/\/resest.com\/es\/blog-es\/puertas-abiertas-en-la-residencia-de-estudiantes-lestacio-de-sabadell-2\/"]}]},{"@type":"ImageObject","inLanguage":"es","@id":"https:\/\/resest.com\/es\/blog-es\/puertas-abiertas-en-la-residencia-de-estudiantes-lestacio-de-sabadell-2\/#primaryimage","url":"https:\/\/resest.com\/wp-content\/uploads\/2015\/03\/01.jpg","contentUrl":"https:\/\/resest.com\/wp-content\/uploads\/2015\/03\/01.jpg"},{"@type":"BreadcrumbList","@id":"https:\/\/resest.com\/es\/blog-es\/puertas-abiertas-en-la-residencia-de-estudiantes-lestacio-de-sabadell-2\/#breadcrumb","itemListElement":[{"@type":"ListItem","position":1,"name":"Inici","item":"https:\/\/resest.com\/es\/"},{"@type":"ListItem","position":2,"name":"Puertas Abiertas en la Residencia de Estudiantes l\u2019Estaci\u00f3 de Sabadell"}]},{"@type":"WebSite","@id":"https:\/\/resest.com\/es\/#website","url":"https:\/\/resest.com\/es\/","name":"Resid\u00e8ncia d&#039;Estudiants l&#039;Estaci\u00f3 de Sabadell | Resest","description":"Otro sitio realizado con WordPress","publisher":{"@id":"https:\/\/resest.com\/es\/#organization"},"potentialAction":[{"@type":"SearchAction","target":{"@type":"EntryPoint","urlTemplate":"https:\/\/resest.com\/es\/?s={search_term_string}"},"query-input":{"@type":"PropertyValueSpecification","valueRequired":true,"valueName":"search_term_string"}}],"inLanguage":"es"},{"@type":"Organization","@id":"https:\/\/resest.com\/es\/#organization","name":"Resid\u00e8ncia d&#039;Estudiants l&#039;Estaci\u00f3 de Sabadell | Resest","url":"https:\/\/resest.com\/es\/","logo":{"@type":"ImageObject","inLanguage":"es","@id":"https:\/\/resest.com\/es\/#\/schema\/logo\/image\/","url":"https:\/\/resest.com\/wp-content\/uploads\/2024\/03\/Facana-1.jpg","contentUrl":"https:\/\/resest.com\/wp-content\/uploads\/2024\/03\/Facana-1.jpg","width":1200,"height":1009,"caption":"Resid\u00e8ncia d&#039;Estudiants l&#039;Estaci\u00f3 de Sabadell | Resest"},"image":{"@id":"https:\/\/resest.com\/es\/#\/schema\/logo\/image\/"}},{"@type":"Person","@id":"https:\/\/resest.com\/es\/#\/schema\/person\/f66d2b5dae2cd0a989ab720dd211d2a9","name":"Resest","image":{"@type":"ImageObject","inLanguage":"es","@id":"https:\/\/resest.com\/es\/#\/schema\/person\/image\/","url":"https:\/\/secure.gravatar.com\/avatar\/a5d542eca874617a8a62a45c724821a615f770cf5bde5e61a93a7a2562faba7a?s=96&d=mm&r=g","contentUrl":"https:\/\/secure.gravatar.com\/avatar\/a5d542eca874617a8a62a45c724821a615f770cf5bde5e61a93a7a2562faba7a?s=96&d=mm&r=g","caption":"Resest"},"url":"https:\/\/resest.com\/es\/author\/resest\/"}]}},"_links":{"self":[{"href":"https:\/\/resest.com\/es\/wp-json\/wp\/v2\/posts\/3404","targetHints":{"allow":["GET"]}}],"collection":[{"href":"https:\/\/resest.com\/es\/wp-json\/wp\/v2\/posts"}],"about":[{"href":"https:\/\/resest.com\/es\/wp-json\/wp\/v2\/types\/post"}],"author":[{"embeddable":true,"href":"https:\/\/resest.com\/es\/wp-json\/wp\/v2\/users\/3"}],"replies":[{"embeddable":true,"href":"https:\/\/resest.com\/es\/wp-json\/wp\/v2\/comments?post=3404"}],"version-history":[{"count":0,"href":"https:\/\/resest.com\/es\/wp-json\/wp\/v2\/posts\/3404\/revisions"}],"wp:attachment":[{"href":"https:\/\/resest.com\/es\/wp-json\/wp\/v2\/media?parent=3404"}],"wp:term":[{"taxonomy":"category","embeddable":true,"href":"https:\/\/resest.com\/es\/wp-json\/wp\/v2\/categories?post=3404"},{"taxonomy":"post_tag","embeddable":true,"href":"https:\/\/resest.com\/es\/wp-json\/wp\/v2\/tags?post=3404"}],"curies":[{"name":"wp","href":"https:\/\/api.w.org\/{rel}","templated":true}]}}