{"id":2323,"date":"2013-03-19T10:41:55","date_gmt":"2013-03-19T09:41:55","guid":{"rendered":"http:\/\/resest.com\/?p=2323"},"modified":"2015-05-26T12:57:37","modified_gmt":"2015-05-26T11:57:37","slug":"la-residencia-de-estudiantes-la-estacio-de-sabadell-ya-tiene-blog","status":"publish","type":"post","link":"https:\/\/resest.com\/es\/blog-es\/la-residencia-de-estudiantes-la-estacio-de-sabadell-ya-tiene-blog\/","title":{"rendered":"\u00a1La Residencia de estudiantes la Estaci\u00f3 de Sabadell ya tiene blog!"},"content":{"rendered":"<p>Abrimos este nuevo espacio para poder informaros de todas las novedades que puedan ser interesantes <strong>para todos los estudiantes<\/strong> de la zona de Sabadell y Barcelona.<\/p>\n<p>En este espacio queremos <strong>compartir todas las experiencias<\/strong> de la Residencia estudiantil, de los estudiantes de la residencia e ir comentando <strong>todas las novedades<\/strong> que puedan ser de inter\u00e9s para los estudiantes de las universidades cercanas a Sabadell y Barcelona.<\/p>\n<p>\u00a1Esperamos que pod\u00e1is disfrutar de este espacio!<\/p>\n<p>Visita nuestra\u00a0<a href=\"https:\/\/resest.com\/\">web<\/a>\u00a0y\u00a0<a href=\"https:\/\/resest.com\/serveis\/\">servicios<\/a>\u00a0para m\u00e1s informaci\u00f3n sobre la Residencia de Estudiantes en Sabadell. Tambi\u00e9n puedes\u00a0<a href=\"https:\/\/resest.com\/contactar\/\">contactar<\/a>\u00a0directamente con nosotros.<\/p>\n","protected":false},"excerpt":{"rendered":"<p>Abrimos este nuevo espacio para poder informaros de todas las novedades que puedan ser interesantes para todos los estudiantes de la zona de Sabadell y Barcelona. En este espacio queremos compartir todas las experiencias de la Residencia estudiantil, de los estudiantes de la residencia e ir comentando todas las novedades que puedan ser de inter\u00e9s&hellip;<\/p>\n","protected":false},"author":3,"featured_media":0,"comment_status":"closed","ping_status":"open","sticky":false,"template":"","format":"standard","meta":{"footnotes":""},"categories":[1],"tags":[],"class_list":["post-2323","post","type-post","status-publish","format-standard","hentry","category-blog-es","entry","no-media"],"yoast_head":"<!-- This site is optimized with the Yoast SEO plugin v26.4 - https:\/\/yoast.com\/wordpress\/plugins\/seo\/ -->\n<title>\u00a1La Residencia de estudiantes la Estaci\u00f3 de Sabadell ya tiene blog!<\/title>\n<meta name=\"description\" content=\"Sigue las novedades del blog que empieza con este post de la residencia de estudiantes Resest para alumnos en las zonas Barcelona, Sabadell y Bellaterra.\" \/>\n<meta name=\"robots\" content=\"index, follow, max-snippet:-1, max-image-preview:large, max-video-preview:-1\" \/>\n<link rel=\"canonical\" href=\"https:\/\/resest.com\/es\/blog-es\/la-residencia-de-estudiantes-la-estacio-de-sabadell-ya-tiene-blog\/\" \/>\n<meta property=\"og:locale\" content=\"es_ES\" \/>\n<meta property=\"og:type\" content=\"article\" \/>\n<meta property=\"og:title\" content=\"\u00a1La Residencia de estudiantes la Estaci\u00f3 de Sabadell ya tiene blog!\" \/>\n<meta property=\"og:description\" content=\"Sigue las novedades del blog que empieza con este post de la residencia de estudiantes Resest para alumnos en las zonas Barcelona, Sabadell y Bellaterra.\" \/>\n<meta property=\"og:url\" content=\"https:\/\/resest.com\/es\/blog-es\/la-residencia-de-estudiantes-la-estacio-de-sabadell-ya-tiene-blog\/\" \/>\n<meta property=\"og:site_name\" content=\"Resid\u00e8ncia d&#039;Estudiants l&#039;Estaci\u00f3 de Sabadell | Resest\" \/>\n<meta property=\"article:published_time\" content=\"2013-03-19T09:41:55+00:00\" \/>\n<meta property=\"article:modified_time\" content=\"2015-05-26T11:57:37+00:00\" \/>\n<meta name=\"author\" content=\"Resest\" \/>\n<meta name=\"twitter:label1\" content=\"Escrito por\" \/>\n\t<meta name=\"twitter:data1\" content=\"Resest\" \/>\n<script type=\"application\/ld+json\" class=\"yoast-schema-graph\">{\"@context\":\"https:\/\/schema.org\",\"@graph\":[{\"@type\":\"Article\",\"@id\":\"https:\/\/resest.com\/es\/blog-es\/la-residencia-de-estudiantes-la-estacio-de-sabadell-ya-tiene-blog\/#article\",\"isPartOf\":{\"@id\":\"https:\/\/resest.com\/es\/blog-es\/la-residencia-de-estudiantes-la-estacio-de-sabadell-ya-tiene-blog\/\"},\"author\":{\"name\":\"Resest\",\"@id\":\"https:\/\/resest.com\/es\/#\/schema\/person\/f66d2b5dae2cd0a989ab720dd211d2a9\"},\"headline\":\"\u00a1La Residencia de estudiantes la Estaci\u00f3 de Sabadell ya tiene blog!\",\"datePublished\":\"2013-03-19T09:41:55+00:00\",\"dateModified\":\"2015-05-26T11:57:37+00:00\",\"mainEntityOfPage\":{\"@id\":\"https:\/\/resest.com\/es\/blog-es\/la-residencia-de-estudiantes-la-estacio-de-sabadell-ya-tiene-blog\/\"},\"wordCount\":110,\"publisher\":{\"@id\":\"https:\/\/resest.com\/es\/#organization\"},\"articleSection\":[\"Blog\"],\"inLanguage\":\"es\"},{\"@type\":\"WebPage\",\"@id\":\"https:\/\/resest.com\/es\/blog-es\/la-residencia-de-estudiantes-la-estacio-de-sabadell-ya-tiene-blog\/\",\"url\":\"https:\/\/resest.com\/es\/blog-es\/la-residencia-de-estudiantes-la-estacio-de-sabadell-ya-tiene-blog\/\",\"name\":\"\u00a1La Residencia de estudiantes la Estaci\u00f3 de Sabadell ya tiene blog!\",\"isPartOf\":{\"@id\":\"https:\/\/resest.com\/es\/#website\"},\"datePublished\":\"2013-03-19T09:41:55+00:00\",\"dateModified\":\"2015-05-26T11:57:37+00:00\",\"description\":\"Sigue las novedades del blog que empieza con este post de la residencia de estudiantes Resest para alumnos en las zonas Barcelona, Sabadell y Bellaterra.\",\"breadcrumb\":{\"@id\":\"https:\/\/resest.com\/es\/blog-es\/la-residencia-de-estudiantes-la-estacio-de-sabadell-ya-tiene-blog\/#breadcrumb\"},\"inLanguage\":\"es\",\"potentialAction\":[{\"@type\":\"ReadAction\",\"target\":[\"https:\/\/resest.com\/es\/blog-es\/la-residencia-de-estudiantes-la-estacio-de-sabadell-ya-tiene-blog\/\"]}]},{\"@type\":\"BreadcrumbList\",\"@id\":\"https:\/\/resest.com\/es\/blog-es\/la-residencia-de-estudiantes-la-estacio-de-sabadell-ya-tiene-blog\/#breadcrumb\",\"itemListElement\":[{\"@type\":\"ListItem\",\"position\":1,\"name\":\"Inici\",\"item\":\"https:\/\/resest.com\/es\/\"},{\"@type\":\"ListItem\",\"position\":2,\"name\":\"\u00a1La Residencia de estudiantes la Estaci\u00f3 de Sabadell ya tiene blog!\"}]},{\"@type\":\"WebSite\",\"@id\":\"https:\/\/resest.com\/es\/#website\",\"url\":\"https:\/\/resest.com\/es\/\",\"name\":\"Resid\u00e8ncia d&#039;Estudiants l&#039;Estaci\u00f3 de Sabadell | Resest\",\"description\":\"Otro sitio realizado con WordPress\",\"publisher\":{\"@id\":\"https:\/\/resest.com\/es\/#organization\"},\"potentialAction\":[{\"@type\":\"SearchAction\",\"target\":{\"@type\":\"EntryPoint\",\"urlTemplate\":\"https:\/\/resest.com\/es\/?s={search_term_string}\"},\"query-input\":{\"@type\":\"PropertyValueSpecification\",\"valueRequired\":true,\"valueName\":\"search_term_string\"}}],\"inLanguage\":\"es\"},{\"@type\":\"Organization\",\"@id\":\"https:\/\/resest.com\/es\/#organization\",\"name\":\"Resid\u00e8ncia d&#039;Estudiants l&#039;Estaci\u00f3 de Sabadell | Resest\",\"url\":\"https:\/\/resest.com\/es\/\",\"logo\":{\"@type\":\"ImageObject\",\"inLanguage\":\"es\",\"@id\":\"https:\/\/resest.com\/es\/#\/schema\/logo\/image\/\",\"url\":\"https:\/\/resest.com\/wp-content\/uploads\/2024\/03\/Facana-1.jpg\",\"contentUrl\":\"https:\/\/resest.com\/wp-content\/uploads\/2024\/03\/Facana-1.jpg\",\"width\":1200,\"height\":1009,\"caption\":\"Resid\u00e8ncia d&#039;Estudiants l&#039;Estaci\u00f3 de Sabadell | Resest\"},\"image\":{\"@id\":\"https:\/\/resest.com\/es\/#\/schema\/logo\/image\/\"}},{\"@type\":\"Person\",\"@id\":\"https:\/\/resest.com\/es\/#\/schema\/person\/f66d2b5dae2cd0a989ab720dd211d2a9\",\"name\":\"Resest\",\"image\":{\"@type\":\"ImageObject\",\"inLanguage\":\"es\",\"@id\":\"https:\/\/resest.com\/es\/#\/schema\/person\/image\/\",\"url\":\"https:\/\/secure.gravatar.com\/avatar\/a5d542eca874617a8a62a45c724821a615f770cf5bde5e61a93a7a2562faba7a?s=96&d=mm&r=g\",\"contentUrl\":\"https:\/\/secure.gravatar.com\/avatar\/a5d542eca874617a8a62a45c724821a615f770cf5bde5e61a93a7a2562faba7a?s=96&d=mm&r=g\",\"caption\":\"Resest\"},\"url\":\"https:\/\/resest.com\/es\/author\/resest\/\"}]}<\/script>\n<!-- \/ Yoast SEO plugin. -->","yoast_head_json":{"title":"\u00a1La Residencia de estudiantes la Estaci\u00f3 de Sabadell ya tiene blog!","description":"Sigue las novedades del blog que empieza con este post de la residencia de estudiantes Resest para alumnos en las zonas Barcelona, Sabadell y Bellaterra.","robots":{"index":"index","follow":"follow","max-snippet":"max-snippet:-1","max-image-preview":"max-image-preview:large","max-video-preview":"max-video-preview:-1"},"canonical":"https:\/\/resest.com\/es\/blog-es\/la-residencia-de-estudiantes-la-estacio-de-sabadell-ya-tiene-blog\/","og_locale":"es_ES","og_type":"article","og_title":"\u00a1La Residencia de estudiantes la Estaci\u00f3 de Sabadell ya tiene blog!","og_description":"Sigue las novedades del blog que empieza con este post de la residencia de estudiantes Resest para alumnos en las zonas Barcelona, Sabadell y Bellaterra.","og_url":"https:\/\/resest.com\/es\/blog-es\/la-residencia-de-estudiantes-la-estacio-de-sabadell-ya-tiene-blog\/","og_site_name":"Resid\u00e8ncia d&#039;Estudiants l&#039;Estaci\u00f3 de Sabadell | Resest","article_published_time":"2013-03-19T09:41:55+00:00","article_modified_time":"2015-05-26T11:57:37+00:00","author":"Resest","twitter_misc":{"Escrito por":"Resest"},"schema":{"@context":"https:\/\/schema.org","@graph":[{"@type":"Article","@id":"https:\/\/resest.com\/es\/blog-es\/la-residencia-de-estudiantes-la-estacio-de-sabadell-ya-tiene-blog\/#article","isPartOf":{"@id":"https:\/\/resest.com\/es\/blog-es\/la-residencia-de-estudiantes-la-estacio-de-sabadell-ya-tiene-blog\/"},"author":{"name":"Resest","@id":"https:\/\/resest.com\/es\/#\/schema\/person\/f66d2b5dae2cd0a989ab720dd211d2a9"},"headline":"\u00a1La Residencia de estudiantes la Estaci\u00f3 de Sabadell ya tiene blog!","datePublished":"2013-03-19T09:41:55+00:00","dateModified":"2015-05-26T11:57:37+00:00","mainEntityOfPage":{"@id":"https:\/\/resest.com\/es\/blog-es\/la-residencia-de-estudiantes-la-estacio-de-sabadell-ya-tiene-blog\/"},"wordCount":110,"publisher":{"@id":"https:\/\/resest.com\/es\/#organization"},"articleSection":["Blog"],"inLanguage":"es"},{"@type":"WebPage","@id":"https:\/\/resest.com\/es\/blog-es\/la-residencia-de-estudiantes-la-estacio-de-sabadell-ya-tiene-blog\/","url":"https:\/\/resest.com\/es\/blog-es\/la-residencia-de-estudiantes-la-estacio-de-sabadell-ya-tiene-blog\/","name":"\u00a1La Residencia de estudiantes la Estaci\u00f3 de Sabadell ya tiene blog!","isPartOf":{"@id":"https:\/\/resest.com\/es\/#website"},"datePublished":"2013-03-19T09:41:55+00:00","dateModified":"2015-05-26T11:57:37+00:00","description":"Sigue las novedades del blog que empieza con este post de la residencia de estudiantes Resest para alumnos en las zonas Barcelona, Sabadell y Bellaterra.","breadcrumb":{"@id":"https:\/\/resest.com\/es\/blog-es\/la-residencia-de-estudiantes-la-estacio-de-sabadell-ya-tiene-blog\/#breadcrumb"},"inLanguage":"es","potentialAction":[{"@type":"ReadAction","target":["https:\/\/resest.com\/es\/blog-es\/la-residencia-de-estudiantes-la-estacio-de-sabadell-ya-tiene-blog\/"]}]},{"@type":"BreadcrumbList","@id":"https:\/\/resest.com\/es\/blog-es\/la-residencia-de-estudiantes-la-estacio-de-sabadell-ya-tiene-blog\/#breadcrumb","itemListElement":[{"@type":"ListItem","position":1,"name":"Inici","item":"https:\/\/resest.com\/es\/"},{"@type":"ListItem","position":2,"name":"\u00a1La Residencia de estudiantes la Estaci\u00f3 de Sabadell ya tiene blog!"}]},{"@type":"WebSite","@id":"https:\/\/resest.com\/es\/#website","url":"https:\/\/resest.com\/es\/","name":"Resid\u00e8ncia d&#039;Estudiants l&#039;Estaci\u00f3 de Sabadell | Resest","description":"Otro sitio realizado con WordPress","publisher":{"@id":"https:\/\/resest.com\/es\/#organization"},"potentialAction":[{"@type":"SearchAction","target":{"@type":"EntryPoint","urlTemplate":"https:\/\/resest.com\/es\/?s={search_term_string}"},"query-input":{"@type":"PropertyValueSpecification","valueRequired":true,"valueName":"search_term_string"}}],"inLanguage":"es"},{"@type":"Organization","@id":"https:\/\/resest.com\/es\/#organization","name":"Resid\u00e8ncia d&#039;Estudiants l&#039;Estaci\u00f3 de Sabadell | Resest","url":"https:\/\/resest.com\/es\/","logo":{"@type":"ImageObject","inLanguage":"es","@id":"https:\/\/resest.com\/es\/#\/schema\/logo\/image\/","url":"https:\/\/resest.com\/wp-content\/uploads\/2024\/03\/Facana-1.jpg","contentUrl":"https:\/\/resest.com\/wp-content\/uploads\/2024\/03\/Facana-1.jpg","width":1200,"height":1009,"caption":"Resid\u00e8ncia d&#039;Estudiants l&#039;Estaci\u00f3 de Sabadell | Resest"},"image":{"@id":"https:\/\/resest.com\/es\/#\/schema\/logo\/image\/"}},{"@type":"Person","@id":"https:\/\/resest.com\/es\/#\/schema\/person\/f66d2b5dae2cd0a989ab720dd211d2a9","name":"Resest","image":{"@type":"ImageObject","inLanguage":"es","@id":"https:\/\/resest.com\/es\/#\/schema\/person\/image\/","url":"https:\/\/secure.gravatar.com\/avatar\/a5d542eca874617a8a62a45c724821a615f770cf5bde5e61a93a7a2562faba7a?s=96&d=mm&r=g","contentUrl":"https:\/\/secure.gravatar.com\/avatar\/a5d542eca874617a8a62a45c724821a615f770cf5bde5e61a93a7a2562faba7a?s=96&d=mm&r=g","caption":"Resest"},"url":"https:\/\/resest.com\/es\/author\/resest\/"}]}},"_links":{"self":[{"href":"https:\/\/resest.com\/es\/wp-json\/wp\/v2\/posts\/2323","targetHints":{"allow":["GET"]}}],"collection":[{"href":"https:\/\/resest.com\/es\/wp-json\/wp\/v2\/posts"}],"about":[{"href":"https:\/\/resest.com\/es\/wp-json\/wp\/v2\/types\/post"}],"author":[{"embeddable":true,"href":"https:\/\/resest.com\/es\/wp-json\/wp\/v2\/users\/3"}],"replies":[{"embeddable":true,"href":"https:\/\/resest.com\/es\/wp-json\/wp\/v2\/comments?post=2323"}],"version-history":[{"count":0,"href":"https:\/\/resest.com\/es\/wp-json\/wp\/v2\/posts\/2323\/revisions"}],"wp:attachment":[{"href":"https:\/\/resest.com\/es\/wp-json\/wp\/v2\/media?parent=2323"}],"wp:term":[{"taxonomy":"category","embeddable":true,"href":"https:\/\/resest.com\/es\/wp-json\/wp\/v2\/categories?post=2323"},{"taxonomy":"post_tag","embeddable":true,"href":"https:\/\/resest.com\/es\/wp-json\/wp\/v2\/tags?post=2323"}],"curies":[{"name":"wp","href":"https:\/\/api.w.org\/{rel}","templated":true}]}}