{"id":2230,"date":"2015-01-05T12:38:21","date_gmt":"2015-01-05T11:38:21","guid":{"rendered":"http:\/\/www.resest.com\/?p=2081"},"modified":"2015-05-26T13:09:55","modified_gmt":"2015-05-26T12:09:55","slug":"sacosta-la-cavalcada-de-reis","status":"publish","type":"post","link":"https:\/\/resest.com\/es\/blog-es\/sacosta-la-cavalcada-de-reis\/","title":{"rendered":"Se acerca la cabalgata de Reyes!"},"content":{"rendered":"<p>Esta tarde tendr\u00e1 lugar la tradicional cabalgata de Reyes que recorrer\u00e1 todo <a href=\"https:\/\/resest.com\/ubicacio\/\" target=\"_blank\"><strong>Sabadell<\/strong><\/a>.<\/p>\n<p style=\"text-align: justify;\"><img loading=\"lazy\" decoding=\"async\" class=\"aligncenter size-full wp-image-2082\" title=\"reis 2015\" src=\"http:\/\/www.resest.com\/wp-content\/uploads\/reis-2015.jpg\" alt=\"\" width=\"500\" height=\"331\" \/><\/p>\n<p>La <a href=\"http:\/\/es.wikipedia.org\/wiki\/Cabalgata_de_Reyes_Magos\" target=\"_blank\"><strong>Cabalgata de Reyes<\/strong> <\/a>saldr\u00e1 de la plaza de la Nova Creu, en la Creu de Barber\u00e0, a las 18 horas. Media hora antes, sus Majestades ser\u00e1n recibidas por ni\u00f1os en un escenario para la ocasi\u00f3n y recibir\u00e1n las llaves de la ciudad de la mano del alcalde. Se prev\u00e9 que el recorrido dure unas tres hora, as\u00ed que a las 21 horas el recorrido terminar\u00e1 en el barrio de Can Deu.<\/p>\n<p>Fuente: <strong><a href=\"http:\/\/www.isabadell.cat\/sabadell\/societat\/aixi-sera-la-cavalcada-de-reis-aquest-2015\/\" target=\"_blank\">isabadell.cat<\/a><\/strong><\/p>\n","protected":false},"excerpt":{"rendered":"<p>Esta tarde tendr\u00e1 lugar la tradicional cabalgata de Reyes que recorrer\u00e1 todo Sabadell. La Cabalgata de Reyes saldr\u00e1 de la plaza de la Nova Creu, en la Creu de Barber\u00e0, a las 18 horas. Media hora antes, sus Majestades ser\u00e1n recibidas por ni\u00f1os en un escenario para la ocasi\u00f3n y recibir\u00e1n las llaves de la&hellip;<\/p>\n","protected":false},"author":3,"featured_media":0,"comment_status":"closed","ping_status":"open","sticky":false,"template":"","format":"standard","meta":{"footnotes":""},"categories":[1],"tags":[],"class_list":["post-2230","post","type-post","status-publish","format-standard","hentry","category-blog-es","entry","no-media"],"yoast_head":"<!-- This site is optimized with the Yoast SEO plugin v26.4 - https:\/\/yoast.com\/wordpress\/plugins\/seo\/ -->\n<title>Se acerca la cabalgata de Reyes! - Residencia Estudiantil Sabadell<\/title>\n<meta name=\"description\" content=\"Invitaci\u00f3n de la Residencia Estudiantil Sabadell Resest para no perderte la pr\u00f3xima cabalgata de reyes de la localidad.\" \/>\n<meta name=\"robots\" content=\"index, follow, max-snippet:-1, max-image-preview:large, max-video-preview:-1\" \/>\n<link rel=\"canonical\" href=\"https:\/\/resest.com\/es\/blog-es\/sacosta-la-cavalcada-de-reis\/\" \/>\n<meta property=\"og:locale\" content=\"es_ES\" \/>\n<meta property=\"og:type\" content=\"article\" \/>\n<meta property=\"og:title\" content=\"Se acerca la cabalgata de Reyes! - Residencia Estudiantil Sabadell\" \/>\n<meta property=\"og:description\" content=\"Invitaci\u00f3n de la Residencia Estudiantil Sabadell Resest para no perderte la pr\u00f3xima cabalgata de reyes de la localidad.\" \/>\n<meta property=\"og:url\" content=\"https:\/\/resest.com\/es\/blog-es\/sacosta-la-cavalcada-de-reis\/\" \/>\n<meta property=\"og:site_name\" content=\"Resid\u00e8ncia d&#039;Estudiants l&#039;Estaci\u00f3 de Sabadell | Resest\" \/>\n<meta property=\"article:published_time\" content=\"2015-01-05T11:38:21+00:00\" \/>\n<meta property=\"article:modified_time\" content=\"2015-05-26T12:09:55+00:00\" \/>\n<meta property=\"og:image\" content=\"http:\/\/www.resest.com\/wp-content\/uploads\/reis-2015.jpg\" \/>\n<meta name=\"author\" content=\"Resest\" \/>\n<meta name=\"twitter:label1\" content=\"Escrito por\" \/>\n\t<meta name=\"twitter:data1\" content=\"Resest\" \/>\n<script type=\"application\/ld+json\" class=\"yoast-schema-graph\">{\"@context\":\"https:\/\/schema.org\",\"@graph\":[{\"@type\":\"Article\",\"@id\":\"https:\/\/resest.com\/es\/blog-es\/sacosta-la-cavalcada-de-reis\/#article\",\"isPartOf\":{\"@id\":\"https:\/\/resest.com\/es\/blog-es\/sacosta-la-cavalcada-de-reis\/\"},\"author\":{\"name\":\"Resest\",\"@id\":\"https:\/\/resest.com\/es\/#\/schema\/person\/f66d2b5dae2cd0a989ab720dd211d2a9\"},\"headline\":\"Se acerca la cabalgata de Reyes!\",\"datePublished\":\"2015-01-05T11:38:21+00:00\",\"dateModified\":\"2015-05-26T12:09:55+00:00\",\"mainEntityOfPage\":{\"@id\":\"https:\/\/resest.com\/es\/blog-es\/sacosta-la-cavalcada-de-reis\/\"},\"wordCount\":96,\"publisher\":{\"@id\":\"https:\/\/resest.com\/es\/#organization\"},\"image\":{\"@id\":\"https:\/\/resest.com\/es\/blog-es\/sacosta-la-cavalcada-de-reis\/#primaryimage\"},\"thumbnailUrl\":\"http:\/\/www.resest.com\/wp-content\/uploads\/reis-2015.jpg\",\"articleSection\":[\"Blog\"],\"inLanguage\":\"es\"},{\"@type\":\"WebPage\",\"@id\":\"https:\/\/resest.com\/es\/blog-es\/sacosta-la-cavalcada-de-reis\/\",\"url\":\"https:\/\/resest.com\/es\/blog-es\/sacosta-la-cavalcada-de-reis\/\",\"name\":\"Se acerca la cabalgata de Reyes! - Residencia Estudiantil Sabadell\",\"isPartOf\":{\"@id\":\"https:\/\/resest.com\/es\/#website\"},\"primaryImageOfPage\":{\"@id\":\"https:\/\/resest.com\/es\/blog-es\/sacosta-la-cavalcada-de-reis\/#primaryimage\"},\"image\":{\"@id\":\"https:\/\/resest.com\/es\/blog-es\/sacosta-la-cavalcada-de-reis\/#primaryimage\"},\"thumbnailUrl\":\"http:\/\/www.resest.com\/wp-content\/uploads\/reis-2015.jpg\",\"datePublished\":\"2015-01-05T11:38:21+00:00\",\"dateModified\":\"2015-05-26T12:09:55+00:00\",\"description\":\"Invitaci\u00f3n de la Residencia Estudiantil Sabadell Resest para no perderte la pr\u00f3xima cabalgata de reyes de la localidad.\",\"breadcrumb\":{\"@id\":\"https:\/\/resest.com\/es\/blog-es\/sacosta-la-cavalcada-de-reis\/#breadcrumb\"},\"inLanguage\":\"es\",\"potentialAction\":[{\"@type\":\"ReadAction\",\"target\":[\"https:\/\/resest.com\/es\/blog-es\/sacosta-la-cavalcada-de-reis\/\"]}]},{\"@type\":\"ImageObject\",\"inLanguage\":\"es\",\"@id\":\"https:\/\/resest.com\/es\/blog-es\/sacosta-la-cavalcada-de-reis\/#primaryimage\",\"url\":\"http:\/\/www.resest.com\/wp-content\/uploads\/reis-2015.jpg\",\"contentUrl\":\"http:\/\/www.resest.com\/wp-content\/uploads\/reis-2015.jpg\"},{\"@type\":\"BreadcrumbList\",\"@id\":\"https:\/\/resest.com\/es\/blog-es\/sacosta-la-cavalcada-de-reis\/#breadcrumb\",\"itemListElement\":[{\"@type\":\"ListItem\",\"position\":1,\"name\":\"Inici\",\"item\":\"https:\/\/resest.com\/es\/\"},{\"@type\":\"ListItem\",\"position\":2,\"name\":\"Se acerca la cabalgata de Reyes!\"}]},{\"@type\":\"WebSite\",\"@id\":\"https:\/\/resest.com\/es\/#website\",\"url\":\"https:\/\/resest.com\/es\/\",\"name\":\"Resid\u00e8ncia d&#039;Estudiants l&#039;Estaci\u00f3 de Sabadell | Resest\",\"description\":\"Otro sitio realizado con WordPress\",\"publisher\":{\"@id\":\"https:\/\/resest.com\/es\/#organization\"},\"potentialAction\":[{\"@type\":\"SearchAction\",\"target\":{\"@type\":\"EntryPoint\",\"urlTemplate\":\"https:\/\/resest.com\/es\/?s={search_term_string}\"},\"query-input\":{\"@type\":\"PropertyValueSpecification\",\"valueRequired\":true,\"valueName\":\"search_term_string\"}}],\"inLanguage\":\"es\"},{\"@type\":\"Organization\",\"@id\":\"https:\/\/resest.com\/es\/#organization\",\"name\":\"Resid\u00e8ncia d&#039;Estudiants l&#039;Estaci\u00f3 de Sabadell | Resest\",\"url\":\"https:\/\/resest.com\/es\/\",\"logo\":{\"@type\":\"ImageObject\",\"inLanguage\":\"es\",\"@id\":\"https:\/\/resest.com\/es\/#\/schema\/logo\/image\/\",\"url\":\"https:\/\/resest.com\/wp-content\/uploads\/2024\/03\/Facana-1.jpg\",\"contentUrl\":\"https:\/\/resest.com\/wp-content\/uploads\/2024\/03\/Facana-1.jpg\",\"width\":1200,\"height\":1009,\"caption\":\"Resid\u00e8ncia d&#039;Estudiants l&#039;Estaci\u00f3 de Sabadell | Resest\"},\"image\":{\"@id\":\"https:\/\/resest.com\/es\/#\/schema\/logo\/image\/\"}},{\"@type\":\"Person\",\"@id\":\"https:\/\/resest.com\/es\/#\/schema\/person\/f66d2b5dae2cd0a989ab720dd211d2a9\",\"name\":\"Resest\",\"image\":{\"@type\":\"ImageObject\",\"inLanguage\":\"es\",\"@id\":\"https:\/\/resest.com\/es\/#\/schema\/person\/image\/\",\"url\":\"https:\/\/secure.gravatar.com\/avatar\/a5d542eca874617a8a62a45c724821a615f770cf5bde5e61a93a7a2562faba7a?s=96&d=mm&r=g\",\"contentUrl\":\"https:\/\/secure.gravatar.com\/avatar\/a5d542eca874617a8a62a45c724821a615f770cf5bde5e61a93a7a2562faba7a?s=96&d=mm&r=g\",\"caption\":\"Resest\"},\"url\":\"https:\/\/resest.com\/es\/author\/resest\/\"}]}<\/script>\n<!-- \/ Yoast SEO plugin. -->","yoast_head_json":{"title":"Se acerca la cabalgata de Reyes! - Residencia Estudiantil Sabadell","description":"Invitaci\u00f3n de la Residencia Estudiantil Sabadell Resest para no perderte la pr\u00f3xima cabalgata de reyes de la localidad.","robots":{"index":"index","follow":"follow","max-snippet":"max-snippet:-1","max-image-preview":"max-image-preview:large","max-video-preview":"max-video-preview:-1"},"canonical":"https:\/\/resest.com\/es\/blog-es\/sacosta-la-cavalcada-de-reis\/","og_locale":"es_ES","og_type":"article","og_title":"Se acerca la cabalgata de Reyes! - Residencia Estudiantil Sabadell","og_description":"Invitaci\u00f3n de la Residencia Estudiantil Sabadell Resest para no perderte la pr\u00f3xima cabalgata de reyes de la localidad.","og_url":"https:\/\/resest.com\/es\/blog-es\/sacosta-la-cavalcada-de-reis\/","og_site_name":"Resid\u00e8ncia d&#039;Estudiants l&#039;Estaci\u00f3 de Sabadell | Resest","article_published_time":"2015-01-05T11:38:21+00:00","article_modified_time":"2015-05-26T12:09:55+00:00","og_image":[{"url":"http:\/\/www.resest.com\/wp-content\/uploads\/reis-2015.jpg","type":"","width":"","height":""}],"author":"Resest","twitter_misc":{"Escrito por":"Resest"},"schema":{"@context":"https:\/\/schema.org","@graph":[{"@type":"Article","@id":"https:\/\/resest.com\/es\/blog-es\/sacosta-la-cavalcada-de-reis\/#article","isPartOf":{"@id":"https:\/\/resest.com\/es\/blog-es\/sacosta-la-cavalcada-de-reis\/"},"author":{"name":"Resest","@id":"https:\/\/resest.com\/es\/#\/schema\/person\/f66d2b5dae2cd0a989ab720dd211d2a9"},"headline":"Se acerca la cabalgata de Reyes!","datePublished":"2015-01-05T11:38:21+00:00","dateModified":"2015-05-26T12:09:55+00:00","mainEntityOfPage":{"@id":"https:\/\/resest.com\/es\/blog-es\/sacosta-la-cavalcada-de-reis\/"},"wordCount":96,"publisher":{"@id":"https:\/\/resest.com\/es\/#organization"},"image":{"@id":"https:\/\/resest.com\/es\/blog-es\/sacosta-la-cavalcada-de-reis\/#primaryimage"},"thumbnailUrl":"http:\/\/www.resest.com\/wp-content\/uploads\/reis-2015.jpg","articleSection":["Blog"],"inLanguage":"es"},{"@type":"WebPage","@id":"https:\/\/resest.com\/es\/blog-es\/sacosta-la-cavalcada-de-reis\/","url":"https:\/\/resest.com\/es\/blog-es\/sacosta-la-cavalcada-de-reis\/","name":"Se acerca la cabalgata de Reyes! - Residencia Estudiantil Sabadell","isPartOf":{"@id":"https:\/\/resest.com\/es\/#website"},"primaryImageOfPage":{"@id":"https:\/\/resest.com\/es\/blog-es\/sacosta-la-cavalcada-de-reis\/#primaryimage"},"image":{"@id":"https:\/\/resest.com\/es\/blog-es\/sacosta-la-cavalcada-de-reis\/#primaryimage"},"thumbnailUrl":"http:\/\/www.resest.com\/wp-content\/uploads\/reis-2015.jpg","datePublished":"2015-01-05T11:38:21+00:00","dateModified":"2015-05-26T12:09:55+00:00","description":"Invitaci\u00f3n de la Residencia Estudiantil Sabadell Resest para no perderte la pr\u00f3xima cabalgata de reyes de la localidad.","breadcrumb":{"@id":"https:\/\/resest.com\/es\/blog-es\/sacosta-la-cavalcada-de-reis\/#breadcrumb"},"inLanguage":"es","potentialAction":[{"@type":"ReadAction","target":["https:\/\/resest.com\/es\/blog-es\/sacosta-la-cavalcada-de-reis\/"]}]},{"@type":"ImageObject","inLanguage":"es","@id":"https:\/\/resest.com\/es\/blog-es\/sacosta-la-cavalcada-de-reis\/#primaryimage","url":"http:\/\/www.resest.com\/wp-content\/uploads\/reis-2015.jpg","contentUrl":"http:\/\/www.resest.com\/wp-content\/uploads\/reis-2015.jpg"},{"@type":"BreadcrumbList","@id":"https:\/\/resest.com\/es\/blog-es\/sacosta-la-cavalcada-de-reis\/#breadcrumb","itemListElement":[{"@type":"ListItem","position":1,"name":"Inici","item":"https:\/\/resest.com\/es\/"},{"@type":"ListItem","position":2,"name":"Se acerca la cabalgata de Reyes!"}]},{"@type":"WebSite","@id":"https:\/\/resest.com\/es\/#website","url":"https:\/\/resest.com\/es\/","name":"Resid\u00e8ncia d&#039;Estudiants l&#039;Estaci\u00f3 de Sabadell | Resest","description":"Otro sitio realizado con WordPress","publisher":{"@id":"https:\/\/resest.com\/es\/#organization"},"potentialAction":[{"@type":"SearchAction","target":{"@type":"EntryPoint","urlTemplate":"https:\/\/resest.com\/es\/?s={search_term_string}"},"query-input":{"@type":"PropertyValueSpecification","valueRequired":true,"valueName":"search_term_string"}}],"inLanguage":"es"},{"@type":"Organization","@id":"https:\/\/resest.com\/es\/#organization","name":"Resid\u00e8ncia d&#039;Estudiants l&#039;Estaci\u00f3 de Sabadell | Resest","url":"https:\/\/resest.com\/es\/","logo":{"@type":"ImageObject","inLanguage":"es","@id":"https:\/\/resest.com\/es\/#\/schema\/logo\/image\/","url":"https:\/\/resest.com\/wp-content\/uploads\/2024\/03\/Facana-1.jpg","contentUrl":"https:\/\/resest.com\/wp-content\/uploads\/2024\/03\/Facana-1.jpg","width":1200,"height":1009,"caption":"Resid\u00e8ncia d&#039;Estudiants l&#039;Estaci\u00f3 de Sabadell | Resest"},"image":{"@id":"https:\/\/resest.com\/es\/#\/schema\/logo\/image\/"}},{"@type":"Person","@id":"https:\/\/resest.com\/es\/#\/schema\/person\/f66d2b5dae2cd0a989ab720dd211d2a9","name":"Resest","image":{"@type":"ImageObject","inLanguage":"es","@id":"https:\/\/resest.com\/es\/#\/schema\/person\/image\/","url":"https:\/\/secure.gravatar.com\/avatar\/a5d542eca874617a8a62a45c724821a615f770cf5bde5e61a93a7a2562faba7a?s=96&d=mm&r=g","contentUrl":"https:\/\/secure.gravatar.com\/avatar\/a5d542eca874617a8a62a45c724821a615f770cf5bde5e61a93a7a2562faba7a?s=96&d=mm&r=g","caption":"Resest"},"url":"https:\/\/resest.com\/es\/author\/resest\/"}]}},"_links":{"self":[{"href":"https:\/\/resest.com\/es\/wp-json\/wp\/v2\/posts\/2230","targetHints":{"allow":["GET"]}}],"collection":[{"href":"https:\/\/resest.com\/es\/wp-json\/wp\/v2\/posts"}],"about":[{"href":"https:\/\/resest.com\/es\/wp-json\/wp\/v2\/types\/post"}],"author":[{"embeddable":true,"href":"https:\/\/resest.com\/es\/wp-json\/wp\/v2\/users\/3"}],"replies":[{"embeddable":true,"href":"https:\/\/resest.com\/es\/wp-json\/wp\/v2\/comments?post=2230"}],"version-history":[{"count":0,"href":"https:\/\/resest.com\/es\/wp-json\/wp\/v2\/posts\/2230\/revisions"}],"wp:attachment":[{"href":"https:\/\/resest.com\/es\/wp-json\/wp\/v2\/media?parent=2230"}],"wp:term":[{"taxonomy":"category","embeddable":true,"href":"https:\/\/resest.com\/es\/wp-json\/wp\/v2\/categories?post=2230"},{"taxonomy":"post_tag","embeddable":true,"href":"https:\/\/resest.com\/es\/wp-json\/wp\/v2\/tags?post=2230"}],"curies":[{"name":"wp","href":"https:\/\/api.w.org\/{rel}","templated":true}]}}