{"id":2227,"date":"2014-11-04T10:04:13","date_gmt":"2014-11-04T09:04:13","guid":{"rendered":"http:\/\/www.resest.com\/?p=1944"},"modified":"2015-01-19T10:03:44","modified_gmt":"2015-01-19T09:03:44","slug":"el-halloween-va-arribar-a-la-residencia-2","status":"publish","type":"post","link":"https:\/\/resest.com\/es\/blog-es\/el-halloween-va-arribar-a-la-residencia-2\/","title":{"rendered":"\u00a1Halloween lleg\u00f3 a la Residencia!"},"content":{"rendered":"<p>La semana pasada la <strong><a href=\"https:\/\/resest.com\" target=\"_blank\">Residencia<\/a><\/strong> se visti\u00f3 para <strong><a href=\"http:\/\/es.wikipedia.org\/wiki\/Halloween\" target=\"_blank\">Halloween<\/a><\/strong>, pero no se olvid\u00f3 de la \u00ab<strong><a href=\"http:\/\/ca.wikipedia.org\/wiki\/Castanyada\" target=\"_blank\">Castanyada<\/a><\/strong>\u00ab. Los residentes hicieron \u00ab<strong><a href=\"http:\/\/canalcocina.es\/video-receta\/panellets?gclid=CNnW_cTJ4MECFQKWtAodgQwAJg\" target=\"_blank\">panellets<\/a><\/strong>\u00ab, \u00a0muchos de ellos por primera vez, y as\u00ed se produjo una fusi\u00f3n de tradiciones cada vez m\u00e1s habitual.<\/p>\n<p style=\"text-align: center;\"><a href=\"https:\/\/www.facebook.com\/ResidenciaResest\"><img loading=\"lazy\" decoding=\"async\" title=\"Fent panellets\" src=\"http:\/\/www.resest.com\/wp-content\/uploads\/fent-panellets-620x596.jpg\" alt=\"\" width=\"372\" height=\"358\" \/><\/a><\/p>\n<p style=\"text-align: center;\"><a href=\"https:\/\/www.facebook.com\/ResidenciaResest\"><img loading=\"lazy\" decoding=\"async\" class=\"aligncenter\" title=\"Panellets!\" src=\"http:\/\/www.resest.com\/wp-content\/uploads\/DSC_17541-620x348.jpg\" alt=\"\" width=\"372\" height=\"209\" \/><\/a><\/p>\n<p style=\"text-align: center;\"><a href=\"https:\/\/www.facebook.com\/ResidenciaResest\"><img loading=\"lazy\" decoding=\"async\" class=\"aligncenter\" title=\"Halloween a la Resid\u00e8ncia\" src=\"http:\/\/www.resest.com\/wp-content\/uploads\/DSC_1784-620x348.jpg\" alt=\"\" width=\"372\" height=\"209\" \/><\/a><\/p>\n<p style=\"text-align: center;\"><a href=\"https:\/\/www.facebook.com\/ResidenciaResest\"><img loading=\"lazy\" decoding=\"async\" class=\"aligncenter\" title=\"Halloween a la Resid\u00e8ncia\" src=\"http:\/\/www.resest.com\/wp-content\/uploads\/DSC_1785-620x348.jpg\" alt=\"\" width=\"372\" height=\"209\" \/><\/a><\/p>\n<p style=\"text-align: center;\"><a href=\"https:\/\/www.facebook.com\/ResidenciaResest\"><img loading=\"lazy\" decoding=\"async\" class=\"aligncenter\" title=\"Halloween a la Resid\u00e8ncia\" src=\"http:\/\/www.resest.com\/wp-content\/uploads\/DSC_1772-620x348.jpg\" alt=\"\" width=\"372\" height=\"209\" \/><\/a><\/p>\n","protected":false},"excerpt":{"rendered":"<p>La semana pasada la Residencia se visti\u00f3 para Halloween, pero no se olvid\u00f3 de la \u00abCastanyada\u00ab. Los residentes hicieron \u00abpanellets\u00ab, \u00a0muchos de ellos por primera vez, y as\u00ed se produjo una fusi\u00f3n de tradiciones cada vez m\u00e1s habitual.<\/p>\n","protected":false},"author":3,"featured_media":0,"comment_status":"closed","ping_status":"open","sticky":false,"template":"","format":"standard","meta":{"footnotes":""},"categories":[1],"tags":[],"class_list":["post-2227","post","type-post","status-publish","format-standard","hentry","category-blog-es","entry","no-media"],"yoast_head":"<!-- This site is optimized with the Yoast SEO plugin v26.4 - https:\/\/yoast.com\/wordpress\/plugins\/seo\/ -->\n<title>\u00a1Halloween lleg\u00f3 a la Residencia!<\/title>\n<meta name=\"description\" content=\"En la Residencia estudiantil Resest se celebr\u00f3 la fusi\u00f3n de las tradiciones con Halloween y la &quot;Castanyada&quot;. Nuestros residentes hicieron &quot;panellets&quot;.\" \/>\n<meta name=\"robots\" content=\"index, follow, max-snippet:-1, max-image-preview:large, max-video-preview:-1\" \/>\n<link rel=\"canonical\" href=\"https:\/\/resest.com\/es\/blog-es\/el-halloween-va-arribar-a-la-residencia-2\/\" \/>\n<meta property=\"og:locale\" content=\"es_ES\" \/>\n<meta property=\"og:type\" content=\"article\" \/>\n<meta property=\"og:title\" content=\"\u00a1Halloween lleg\u00f3 a la Residencia!\" \/>\n<meta property=\"og:description\" content=\"En la Residencia estudiantil Resest se celebr\u00f3 la fusi\u00f3n de las tradiciones con Halloween y la &quot;Castanyada&quot;. Nuestros residentes hicieron &quot;panellets&quot;.\" \/>\n<meta property=\"og:url\" content=\"https:\/\/resest.com\/es\/blog-es\/el-halloween-va-arribar-a-la-residencia-2\/\" \/>\n<meta property=\"og:site_name\" content=\"Resid\u00e8ncia d&#039;Estudiants l&#039;Estaci\u00f3 de Sabadell | Resest\" \/>\n<meta property=\"article:published_time\" content=\"2014-11-04T09:04:13+00:00\" \/>\n<meta property=\"article:modified_time\" content=\"2015-01-19T09:03:44+00:00\" \/>\n<meta property=\"og:image\" content=\"http:\/\/www.resest.com\/wp-content\/uploads\/fent-panellets-620x596.jpg\" \/>\n<meta name=\"author\" content=\"Resest\" \/>\n<meta name=\"twitter:label1\" content=\"Escrito por\" \/>\n\t<meta name=\"twitter:data1\" content=\"Resest\" \/>\n<script type=\"application\/ld+json\" class=\"yoast-schema-graph\">{\"@context\":\"https:\/\/schema.org\",\"@graph\":[{\"@type\":\"Article\",\"@id\":\"https:\/\/resest.com\/es\/blog-es\/el-halloween-va-arribar-a-la-residencia-2\/#article\",\"isPartOf\":{\"@id\":\"https:\/\/resest.com\/es\/blog-es\/el-halloween-va-arribar-a-la-residencia-2\/\"},\"author\":{\"name\":\"Resest\",\"@id\":\"https:\/\/resest.com\/es\/#\/schema\/person\/f66d2b5dae2cd0a989ab720dd211d2a9\"},\"headline\":\"\u00a1Halloween lleg\u00f3 a la Residencia!\",\"datePublished\":\"2014-11-04T09:04:13+00:00\",\"dateModified\":\"2015-01-19T09:03:44+00:00\",\"mainEntityOfPage\":{\"@id\":\"https:\/\/resest.com\/es\/blog-es\/el-halloween-va-arribar-a-la-residencia-2\/\"},\"wordCount\":45,\"publisher\":{\"@id\":\"https:\/\/resest.com\/es\/#organization\"},\"image\":{\"@id\":\"https:\/\/resest.com\/es\/blog-es\/el-halloween-va-arribar-a-la-residencia-2\/#primaryimage\"},\"thumbnailUrl\":\"http:\/\/www.resest.com\/wp-content\/uploads\/fent-panellets-620x596.jpg\",\"articleSection\":[\"Blog\"],\"inLanguage\":\"es\"},{\"@type\":\"WebPage\",\"@id\":\"https:\/\/resest.com\/es\/blog-es\/el-halloween-va-arribar-a-la-residencia-2\/\",\"url\":\"https:\/\/resest.com\/es\/blog-es\/el-halloween-va-arribar-a-la-residencia-2\/\",\"name\":\"\u00a1Halloween lleg\u00f3 a la Residencia!\",\"isPartOf\":{\"@id\":\"https:\/\/resest.com\/es\/#website\"},\"primaryImageOfPage\":{\"@id\":\"https:\/\/resest.com\/es\/blog-es\/el-halloween-va-arribar-a-la-residencia-2\/#primaryimage\"},\"image\":{\"@id\":\"https:\/\/resest.com\/es\/blog-es\/el-halloween-va-arribar-a-la-residencia-2\/#primaryimage\"},\"thumbnailUrl\":\"http:\/\/www.resest.com\/wp-content\/uploads\/fent-panellets-620x596.jpg\",\"datePublished\":\"2014-11-04T09:04:13+00:00\",\"dateModified\":\"2015-01-19T09:03:44+00:00\",\"description\":\"En la Residencia estudiantil Resest se celebr\u00f3 la fusi\u00f3n de las tradiciones con Halloween y la \\\"Castanyada\\\". Nuestros residentes hicieron \\\"panellets\\\".\",\"breadcrumb\":{\"@id\":\"https:\/\/resest.com\/es\/blog-es\/el-halloween-va-arribar-a-la-residencia-2\/#breadcrumb\"},\"inLanguage\":\"es\",\"potentialAction\":[{\"@type\":\"ReadAction\",\"target\":[\"https:\/\/resest.com\/es\/blog-es\/el-halloween-va-arribar-a-la-residencia-2\/\"]}]},{\"@type\":\"ImageObject\",\"inLanguage\":\"es\",\"@id\":\"https:\/\/resest.com\/es\/blog-es\/el-halloween-va-arribar-a-la-residencia-2\/#primaryimage\",\"url\":\"http:\/\/www.resest.com\/wp-content\/uploads\/fent-panellets-620x596.jpg\",\"contentUrl\":\"http:\/\/www.resest.com\/wp-content\/uploads\/fent-panellets-620x596.jpg\"},{\"@type\":\"BreadcrumbList\",\"@id\":\"https:\/\/resest.com\/es\/blog-es\/el-halloween-va-arribar-a-la-residencia-2\/#breadcrumb\",\"itemListElement\":[{\"@type\":\"ListItem\",\"position\":1,\"name\":\"Inici\",\"item\":\"https:\/\/resest.com\/es\/\"},{\"@type\":\"ListItem\",\"position\":2,\"name\":\"\u00a1Halloween lleg\u00f3 a la Residencia!\"}]},{\"@type\":\"WebSite\",\"@id\":\"https:\/\/resest.com\/es\/#website\",\"url\":\"https:\/\/resest.com\/es\/\",\"name\":\"Resid\u00e8ncia d&#039;Estudiants l&#039;Estaci\u00f3 de Sabadell | Resest\",\"description\":\"Otro sitio realizado con WordPress\",\"publisher\":{\"@id\":\"https:\/\/resest.com\/es\/#organization\"},\"potentialAction\":[{\"@type\":\"SearchAction\",\"target\":{\"@type\":\"EntryPoint\",\"urlTemplate\":\"https:\/\/resest.com\/es\/?s={search_term_string}\"},\"query-input\":{\"@type\":\"PropertyValueSpecification\",\"valueRequired\":true,\"valueName\":\"search_term_string\"}}],\"inLanguage\":\"es\"},{\"@type\":\"Organization\",\"@id\":\"https:\/\/resest.com\/es\/#organization\",\"name\":\"Resid\u00e8ncia d&#039;Estudiants l&#039;Estaci\u00f3 de Sabadell | Resest\",\"url\":\"https:\/\/resest.com\/es\/\",\"logo\":{\"@type\":\"ImageObject\",\"inLanguage\":\"es\",\"@id\":\"https:\/\/resest.com\/es\/#\/schema\/logo\/image\/\",\"url\":\"https:\/\/resest.com\/wp-content\/uploads\/2024\/03\/Facana-1.jpg\",\"contentUrl\":\"https:\/\/resest.com\/wp-content\/uploads\/2024\/03\/Facana-1.jpg\",\"width\":1200,\"height\":1009,\"caption\":\"Resid\u00e8ncia d&#039;Estudiants l&#039;Estaci\u00f3 de Sabadell | Resest\"},\"image\":{\"@id\":\"https:\/\/resest.com\/es\/#\/schema\/logo\/image\/\"}},{\"@type\":\"Person\",\"@id\":\"https:\/\/resest.com\/es\/#\/schema\/person\/f66d2b5dae2cd0a989ab720dd211d2a9\",\"name\":\"Resest\",\"image\":{\"@type\":\"ImageObject\",\"inLanguage\":\"es\",\"@id\":\"https:\/\/resest.com\/es\/#\/schema\/person\/image\/\",\"url\":\"https:\/\/secure.gravatar.com\/avatar\/a5d542eca874617a8a62a45c724821a615f770cf5bde5e61a93a7a2562faba7a?s=96&d=mm&r=g\",\"contentUrl\":\"https:\/\/secure.gravatar.com\/avatar\/a5d542eca874617a8a62a45c724821a615f770cf5bde5e61a93a7a2562faba7a?s=96&d=mm&r=g\",\"caption\":\"Resest\"},\"url\":\"https:\/\/resest.com\/es\/author\/resest\/\"}]}<\/script>\n<!-- \/ Yoast SEO plugin. -->","yoast_head_json":{"title":"\u00a1Halloween lleg\u00f3 a la Residencia!","description":"En la Residencia estudiantil Resest se celebr\u00f3 la fusi\u00f3n de las tradiciones con Halloween y la \"Castanyada\". Nuestros residentes hicieron \"panellets\".","robots":{"index":"index","follow":"follow","max-snippet":"max-snippet:-1","max-image-preview":"max-image-preview:large","max-video-preview":"max-video-preview:-1"},"canonical":"https:\/\/resest.com\/es\/blog-es\/el-halloween-va-arribar-a-la-residencia-2\/","og_locale":"es_ES","og_type":"article","og_title":"\u00a1Halloween lleg\u00f3 a la Residencia!","og_description":"En la Residencia estudiantil Resest se celebr\u00f3 la fusi\u00f3n de las tradiciones con Halloween y la \"Castanyada\". Nuestros residentes hicieron \"panellets\".","og_url":"https:\/\/resest.com\/es\/blog-es\/el-halloween-va-arribar-a-la-residencia-2\/","og_site_name":"Resid\u00e8ncia d&#039;Estudiants l&#039;Estaci\u00f3 de Sabadell | Resest","article_published_time":"2014-11-04T09:04:13+00:00","article_modified_time":"2015-01-19T09:03:44+00:00","og_image":[{"url":"http:\/\/www.resest.com\/wp-content\/uploads\/fent-panellets-620x596.jpg","type":"","width":"","height":""}],"author":"Resest","twitter_misc":{"Escrito por":"Resest"},"schema":{"@context":"https:\/\/schema.org","@graph":[{"@type":"Article","@id":"https:\/\/resest.com\/es\/blog-es\/el-halloween-va-arribar-a-la-residencia-2\/#article","isPartOf":{"@id":"https:\/\/resest.com\/es\/blog-es\/el-halloween-va-arribar-a-la-residencia-2\/"},"author":{"name":"Resest","@id":"https:\/\/resest.com\/es\/#\/schema\/person\/f66d2b5dae2cd0a989ab720dd211d2a9"},"headline":"\u00a1Halloween lleg\u00f3 a la Residencia!","datePublished":"2014-11-04T09:04:13+00:00","dateModified":"2015-01-19T09:03:44+00:00","mainEntityOfPage":{"@id":"https:\/\/resest.com\/es\/blog-es\/el-halloween-va-arribar-a-la-residencia-2\/"},"wordCount":45,"publisher":{"@id":"https:\/\/resest.com\/es\/#organization"},"image":{"@id":"https:\/\/resest.com\/es\/blog-es\/el-halloween-va-arribar-a-la-residencia-2\/#primaryimage"},"thumbnailUrl":"http:\/\/www.resest.com\/wp-content\/uploads\/fent-panellets-620x596.jpg","articleSection":["Blog"],"inLanguage":"es"},{"@type":"WebPage","@id":"https:\/\/resest.com\/es\/blog-es\/el-halloween-va-arribar-a-la-residencia-2\/","url":"https:\/\/resest.com\/es\/blog-es\/el-halloween-va-arribar-a-la-residencia-2\/","name":"\u00a1Halloween lleg\u00f3 a la Residencia!","isPartOf":{"@id":"https:\/\/resest.com\/es\/#website"},"primaryImageOfPage":{"@id":"https:\/\/resest.com\/es\/blog-es\/el-halloween-va-arribar-a-la-residencia-2\/#primaryimage"},"image":{"@id":"https:\/\/resest.com\/es\/blog-es\/el-halloween-va-arribar-a-la-residencia-2\/#primaryimage"},"thumbnailUrl":"http:\/\/www.resest.com\/wp-content\/uploads\/fent-panellets-620x596.jpg","datePublished":"2014-11-04T09:04:13+00:00","dateModified":"2015-01-19T09:03:44+00:00","description":"En la Residencia estudiantil Resest se celebr\u00f3 la fusi\u00f3n de las tradiciones con Halloween y la \"Castanyada\". Nuestros residentes hicieron \"panellets\".","breadcrumb":{"@id":"https:\/\/resest.com\/es\/blog-es\/el-halloween-va-arribar-a-la-residencia-2\/#breadcrumb"},"inLanguage":"es","potentialAction":[{"@type":"ReadAction","target":["https:\/\/resest.com\/es\/blog-es\/el-halloween-va-arribar-a-la-residencia-2\/"]}]},{"@type":"ImageObject","inLanguage":"es","@id":"https:\/\/resest.com\/es\/blog-es\/el-halloween-va-arribar-a-la-residencia-2\/#primaryimage","url":"http:\/\/www.resest.com\/wp-content\/uploads\/fent-panellets-620x596.jpg","contentUrl":"http:\/\/www.resest.com\/wp-content\/uploads\/fent-panellets-620x596.jpg"},{"@type":"BreadcrumbList","@id":"https:\/\/resest.com\/es\/blog-es\/el-halloween-va-arribar-a-la-residencia-2\/#breadcrumb","itemListElement":[{"@type":"ListItem","position":1,"name":"Inici","item":"https:\/\/resest.com\/es\/"},{"@type":"ListItem","position":2,"name":"\u00a1Halloween lleg\u00f3 a la Residencia!"}]},{"@type":"WebSite","@id":"https:\/\/resest.com\/es\/#website","url":"https:\/\/resest.com\/es\/","name":"Resid\u00e8ncia d&#039;Estudiants l&#039;Estaci\u00f3 de Sabadell | Resest","description":"Otro sitio realizado con WordPress","publisher":{"@id":"https:\/\/resest.com\/es\/#organization"},"potentialAction":[{"@type":"SearchAction","target":{"@type":"EntryPoint","urlTemplate":"https:\/\/resest.com\/es\/?s={search_term_string}"},"query-input":{"@type":"PropertyValueSpecification","valueRequired":true,"valueName":"search_term_string"}}],"inLanguage":"es"},{"@type":"Organization","@id":"https:\/\/resest.com\/es\/#organization","name":"Resid\u00e8ncia d&#039;Estudiants l&#039;Estaci\u00f3 de Sabadell | Resest","url":"https:\/\/resest.com\/es\/","logo":{"@type":"ImageObject","inLanguage":"es","@id":"https:\/\/resest.com\/es\/#\/schema\/logo\/image\/","url":"https:\/\/resest.com\/wp-content\/uploads\/2024\/03\/Facana-1.jpg","contentUrl":"https:\/\/resest.com\/wp-content\/uploads\/2024\/03\/Facana-1.jpg","width":1200,"height":1009,"caption":"Resid\u00e8ncia d&#039;Estudiants l&#039;Estaci\u00f3 de Sabadell | Resest"},"image":{"@id":"https:\/\/resest.com\/es\/#\/schema\/logo\/image\/"}},{"@type":"Person","@id":"https:\/\/resest.com\/es\/#\/schema\/person\/f66d2b5dae2cd0a989ab720dd211d2a9","name":"Resest","image":{"@type":"ImageObject","inLanguage":"es","@id":"https:\/\/resest.com\/es\/#\/schema\/person\/image\/","url":"https:\/\/secure.gravatar.com\/avatar\/a5d542eca874617a8a62a45c724821a615f770cf5bde5e61a93a7a2562faba7a?s=96&d=mm&r=g","contentUrl":"https:\/\/secure.gravatar.com\/avatar\/a5d542eca874617a8a62a45c724821a615f770cf5bde5e61a93a7a2562faba7a?s=96&d=mm&r=g","caption":"Resest"},"url":"https:\/\/resest.com\/es\/author\/resest\/"}]}},"_links":{"self":[{"href":"https:\/\/resest.com\/es\/wp-json\/wp\/v2\/posts\/2227","targetHints":{"allow":["GET"]}}],"collection":[{"href":"https:\/\/resest.com\/es\/wp-json\/wp\/v2\/posts"}],"about":[{"href":"https:\/\/resest.com\/es\/wp-json\/wp\/v2\/types\/post"}],"author":[{"embeddable":true,"href":"https:\/\/resest.com\/es\/wp-json\/wp\/v2\/users\/3"}],"replies":[{"embeddable":true,"href":"https:\/\/resest.com\/es\/wp-json\/wp\/v2\/comments?post=2227"}],"version-history":[{"count":0,"href":"https:\/\/resest.com\/es\/wp-json\/wp\/v2\/posts\/2227\/revisions"}],"wp:attachment":[{"href":"https:\/\/resest.com\/es\/wp-json\/wp\/v2\/media?parent=2227"}],"wp:term":[{"taxonomy":"category","embeddable":true,"href":"https:\/\/resest.com\/es\/wp-json\/wp\/v2\/categories?post=2227"},{"taxonomy":"post_tag","embeddable":true,"href":"https:\/\/resest.com\/es\/wp-json\/wp\/v2\/tags?post=2227"}],"curies":[{"name":"wp","href":"https:\/\/api.w.org\/{rel}","templated":true}]}}