{"id":2224,"date":"2014-09-12T16:51:04","date_gmt":"2014-09-12T15:51:04","guid":{"rendered":"http:\/\/www.resest.com\/?p=1864"},"modified":"2015-01-19T10:08:04","modified_gmt":"2015-01-19T09:08:04","slug":"classes-obertes-de-lindy-hop","status":"publish","type":"post","link":"https:\/\/resest.com\/es\/blog-es\/classes-obertes-de-lindy-hop\/","title":{"rendered":"\u00a1Clases abiertas de Lindy Hop!"},"content":{"rendered":"<p style=\"text-align: justify;\">Pr\u00f3ximos eventos para \u00e9ste fin de semana de<strong><a href=\"http:\/\/es.wikipedia.org\/wiki\/Lindy_Hop\" target=\"_blank\"> lindy hop<\/a><\/strong>:<\/p>\n<p style=\"text-align: justify;\"><img loading=\"lazy\" decoding=\"async\" title=\"Lindy Hop\" src=\"http:\/\/www.resest.com\/wp-content\/uploads\/10414484_1518516221710172_2649214966032865375_n-620x229.jpg\" alt=\"\" width=\"620\" height=\"229\" \/><\/p>\n<p style=\"text-align: justify;\"><strong>S\u00e1bado 13 de 19:00 a 20:30h en la Pla\u00e7a del Treball<\/strong><\/p>\n<p style=\"text-align: justify;\">\u00a1An\u00edmate a probar la clase abierta de lindy hop con los profesores de El Gimn\u00e0s en la Fiesta Mayor de Gr\u00e0cia! Luego se har\u00e1 un baile social para todos los bailarines de swing.<\/p>\n<p style=\"text-align: justify;\">M\u00e1s informaci\u00f3n en:\u00a0<a href=\"https:\/\/www.facebook.com\/events\/810533782311876\/?ref=3&amp;ref_newsfeed_story_type=regular\" target=\"_blank\">https:\/\/www.facebook.com\/<wbr>events\/810533782311876\/?ref=3&amp;<wbr>ref_newsfeed_story_type=<wbr>regular<\/wbr><\/wbr><\/wbr><\/a><\/p>\n<p style=\"text-align: justify;\"><strong>Domingo 14 a las 19:30 en la Pla\u00e7a del \u00c0ngel, 4 (The Wild Geese)<\/strong><\/p>\n<p style=\"text-align: justify;\">Se inaugura la temporada de la mejor manera, con m\u00fasica en directo de la mano de Sin Ensayo en The Wild Geese bar.<\/p>\n<p style=\"text-align: justify;\">M\u00e1s informaci\u00f3n en:\u00a0<a href=\"https:\/\/www.facebook.com\/events\/278820872314291\/\" target=\"_blank\">https:\/\/www.facebook.com\/<wbr>events\/278820872314291\/<\/wbr><\/a><\/p>\n<p style=\"text-align: justify;\">\u00a1Os esperamos!<\/p>\n<div id=\"event_description\" style=\"text-align: justify;\" data-referrer=\"event_description\"><\/div>\n<div id=\"event_wall\" data-referrer=\"event_wall\">\n<div id=\"pagelet_event_composer\" data-referrer=\"pagelet_event_composer\"><\/div>\n<\/div>\n","protected":false},"excerpt":{"rendered":"<p>Pr\u00f3ximos eventos para \u00e9ste fin de semana de lindy hop: S\u00e1bado 13 de 19:00 a 20:30h en la Pla\u00e7a del Treball \u00a1An\u00edmate a probar la clase abierta de lindy hop con los profesores de El Gimn\u00e0s en la Fiesta Mayor de Gr\u00e0cia! Luego se har\u00e1 un baile social para todos los bailarines de swing. M\u00e1s&hellip;<\/p>\n","protected":false},"author":3,"featured_media":0,"comment_status":"closed","ping_status":"open","sticky":false,"template":"","format":"standard","meta":{"footnotes":""},"categories":[1],"tags":[],"class_list":["post-2224","post","type-post","status-publish","format-standard","hentry","category-blog-es","entry","no-media"],"yoast_head":"<!-- This site is optimized with the Yoast SEO plugin v26.4 - https:\/\/yoast.com\/wordpress\/plugins\/seo\/ -->\n<title>\u00a1Clases abiertas de Lindy Hop!<\/title>\n<meta name=\"description\" content=\"Resest, alojamiento estudiantil te invita a probar la clase abierta de lindy hop con los profesores de El Gimn\u00e0s en la Fiesta Mayor de Gr\u00e0cia.\" \/>\n<meta name=\"robots\" content=\"index, follow, max-snippet:-1, max-image-preview:large, max-video-preview:-1\" \/>\n<link rel=\"canonical\" href=\"https:\/\/resest.com\/es\/blog-es\/classes-obertes-de-lindy-hop\/\" \/>\n<meta property=\"og:locale\" content=\"es_ES\" \/>\n<meta property=\"og:type\" content=\"article\" \/>\n<meta property=\"og:title\" content=\"\u00a1Clases abiertas de Lindy Hop!\" \/>\n<meta property=\"og:description\" content=\"Resest, alojamiento estudiantil te invita a probar la clase abierta de lindy hop con los profesores de El Gimn\u00e0s en la Fiesta Mayor de Gr\u00e0cia.\" \/>\n<meta property=\"og:url\" content=\"https:\/\/resest.com\/es\/blog-es\/classes-obertes-de-lindy-hop\/\" \/>\n<meta property=\"og:site_name\" content=\"Resid\u00e8ncia d&#039;Estudiants l&#039;Estaci\u00f3 de Sabadell | Resest\" \/>\n<meta property=\"article:published_time\" content=\"2014-09-12T15:51:04+00:00\" \/>\n<meta property=\"article:modified_time\" content=\"2015-01-19T09:08:04+00:00\" \/>\n<meta property=\"og:image\" content=\"http:\/\/www.resest.com\/wp-content\/uploads\/10414484_1518516221710172_2649214966032865375_n-620x229.jpg\" \/>\n<meta name=\"author\" content=\"Resest\" \/>\n<meta name=\"twitter:label1\" content=\"Escrito por\" \/>\n\t<meta name=\"twitter:data1\" content=\"Resest\" \/>\n\t<meta name=\"twitter:label2\" content=\"Tiempo de lectura\" \/>\n\t<meta name=\"twitter:data2\" content=\"1 minuto\" \/>\n<script type=\"application\/ld+json\" class=\"yoast-schema-graph\">{\"@context\":\"https:\/\/schema.org\",\"@graph\":[{\"@type\":\"Article\",\"@id\":\"https:\/\/resest.com\/es\/blog-es\/classes-obertes-de-lindy-hop\/#article\",\"isPartOf\":{\"@id\":\"https:\/\/resest.com\/es\/blog-es\/classes-obertes-de-lindy-hop\/\"},\"author\":{\"name\":\"Resest\",\"@id\":\"https:\/\/resest.com\/es\/#\/schema\/person\/f66d2b5dae2cd0a989ab720dd211d2a9\"},\"headline\":\"\u00a1Clases abiertas de Lindy Hop!\",\"datePublished\":\"2014-09-12T15:51:04+00:00\",\"dateModified\":\"2015-01-19T09:08:04+00:00\",\"mainEntityOfPage\":{\"@id\":\"https:\/\/resest.com\/es\/blog-es\/classes-obertes-de-lindy-hop\/\"},\"wordCount\":128,\"publisher\":{\"@id\":\"https:\/\/resest.com\/es\/#organization\"},\"image\":{\"@id\":\"https:\/\/resest.com\/es\/blog-es\/classes-obertes-de-lindy-hop\/#primaryimage\"},\"thumbnailUrl\":\"http:\/\/www.resest.com\/wp-content\/uploads\/10414484_1518516221710172_2649214966032865375_n-620x229.jpg\",\"articleSection\":[\"Blog\"],\"inLanguage\":\"es\"},{\"@type\":\"WebPage\",\"@id\":\"https:\/\/resest.com\/es\/blog-es\/classes-obertes-de-lindy-hop\/\",\"url\":\"https:\/\/resest.com\/es\/blog-es\/classes-obertes-de-lindy-hop\/\",\"name\":\"\u00a1Clases abiertas de Lindy Hop!\",\"isPartOf\":{\"@id\":\"https:\/\/resest.com\/es\/#website\"},\"primaryImageOfPage\":{\"@id\":\"https:\/\/resest.com\/es\/blog-es\/classes-obertes-de-lindy-hop\/#primaryimage\"},\"image\":{\"@id\":\"https:\/\/resest.com\/es\/blog-es\/classes-obertes-de-lindy-hop\/#primaryimage\"},\"thumbnailUrl\":\"http:\/\/www.resest.com\/wp-content\/uploads\/10414484_1518516221710172_2649214966032865375_n-620x229.jpg\",\"datePublished\":\"2014-09-12T15:51:04+00:00\",\"dateModified\":\"2015-01-19T09:08:04+00:00\",\"description\":\"Resest, alojamiento estudiantil te invita a probar la clase abierta de lindy hop con los profesores de El Gimn\u00e0s en la Fiesta Mayor de Gr\u00e0cia.\",\"breadcrumb\":{\"@id\":\"https:\/\/resest.com\/es\/blog-es\/classes-obertes-de-lindy-hop\/#breadcrumb\"},\"inLanguage\":\"es\",\"potentialAction\":[{\"@type\":\"ReadAction\",\"target\":[\"https:\/\/resest.com\/es\/blog-es\/classes-obertes-de-lindy-hop\/\"]}]},{\"@type\":\"ImageObject\",\"inLanguage\":\"es\",\"@id\":\"https:\/\/resest.com\/es\/blog-es\/classes-obertes-de-lindy-hop\/#primaryimage\",\"url\":\"http:\/\/www.resest.com\/wp-content\/uploads\/10414484_1518516221710172_2649214966032865375_n-620x229.jpg\",\"contentUrl\":\"http:\/\/www.resest.com\/wp-content\/uploads\/10414484_1518516221710172_2649214966032865375_n-620x229.jpg\"},{\"@type\":\"BreadcrumbList\",\"@id\":\"https:\/\/resest.com\/es\/blog-es\/classes-obertes-de-lindy-hop\/#breadcrumb\",\"itemListElement\":[{\"@type\":\"ListItem\",\"position\":1,\"name\":\"Inici\",\"item\":\"https:\/\/resest.com\/es\/\"},{\"@type\":\"ListItem\",\"position\":2,\"name\":\"\u00a1Clases abiertas de Lindy Hop!\"}]},{\"@type\":\"WebSite\",\"@id\":\"https:\/\/resest.com\/es\/#website\",\"url\":\"https:\/\/resest.com\/es\/\",\"name\":\"Resid\u00e8ncia d&#039;Estudiants l&#039;Estaci\u00f3 de Sabadell | Resest\",\"description\":\"Otro sitio realizado con WordPress\",\"publisher\":{\"@id\":\"https:\/\/resest.com\/es\/#organization\"},\"potentialAction\":[{\"@type\":\"SearchAction\",\"target\":{\"@type\":\"EntryPoint\",\"urlTemplate\":\"https:\/\/resest.com\/es\/?s={search_term_string}\"},\"query-input\":{\"@type\":\"PropertyValueSpecification\",\"valueRequired\":true,\"valueName\":\"search_term_string\"}}],\"inLanguage\":\"es\"},{\"@type\":\"Organization\",\"@id\":\"https:\/\/resest.com\/es\/#organization\",\"name\":\"Resid\u00e8ncia d&#039;Estudiants l&#039;Estaci\u00f3 de Sabadell | Resest\",\"url\":\"https:\/\/resest.com\/es\/\",\"logo\":{\"@type\":\"ImageObject\",\"inLanguage\":\"es\",\"@id\":\"https:\/\/resest.com\/es\/#\/schema\/logo\/image\/\",\"url\":\"https:\/\/resest.com\/wp-content\/uploads\/2024\/03\/Facana-1.jpg\",\"contentUrl\":\"https:\/\/resest.com\/wp-content\/uploads\/2024\/03\/Facana-1.jpg\",\"width\":1200,\"height\":1009,\"caption\":\"Resid\u00e8ncia d&#039;Estudiants l&#039;Estaci\u00f3 de Sabadell | Resest\"},\"image\":{\"@id\":\"https:\/\/resest.com\/es\/#\/schema\/logo\/image\/\"}},{\"@type\":\"Person\",\"@id\":\"https:\/\/resest.com\/es\/#\/schema\/person\/f66d2b5dae2cd0a989ab720dd211d2a9\",\"name\":\"Resest\",\"image\":{\"@type\":\"ImageObject\",\"inLanguage\":\"es\",\"@id\":\"https:\/\/resest.com\/es\/#\/schema\/person\/image\/\",\"url\":\"https:\/\/secure.gravatar.com\/avatar\/a5d542eca874617a8a62a45c724821a615f770cf5bde5e61a93a7a2562faba7a?s=96&d=mm&r=g\",\"contentUrl\":\"https:\/\/secure.gravatar.com\/avatar\/a5d542eca874617a8a62a45c724821a615f770cf5bde5e61a93a7a2562faba7a?s=96&d=mm&r=g\",\"caption\":\"Resest\"},\"url\":\"https:\/\/resest.com\/es\/author\/resest\/\"}]}<\/script>\n<!-- \/ Yoast SEO plugin. -->","yoast_head_json":{"title":"\u00a1Clases abiertas de Lindy Hop!","description":"Resest, alojamiento estudiantil te invita a probar la clase abierta de lindy hop con los profesores de El Gimn\u00e0s en la Fiesta Mayor de Gr\u00e0cia.","robots":{"index":"index","follow":"follow","max-snippet":"max-snippet:-1","max-image-preview":"max-image-preview:large","max-video-preview":"max-video-preview:-1"},"canonical":"https:\/\/resest.com\/es\/blog-es\/classes-obertes-de-lindy-hop\/","og_locale":"es_ES","og_type":"article","og_title":"\u00a1Clases abiertas de Lindy Hop!","og_description":"Resest, alojamiento estudiantil te invita a probar la clase abierta de lindy hop con los profesores de El Gimn\u00e0s en la Fiesta Mayor de Gr\u00e0cia.","og_url":"https:\/\/resest.com\/es\/blog-es\/classes-obertes-de-lindy-hop\/","og_site_name":"Resid\u00e8ncia d&#039;Estudiants l&#039;Estaci\u00f3 de Sabadell | Resest","article_published_time":"2014-09-12T15:51:04+00:00","article_modified_time":"2015-01-19T09:08:04+00:00","og_image":[{"url":"http:\/\/www.resest.com\/wp-content\/uploads\/10414484_1518516221710172_2649214966032865375_n-620x229.jpg","type":"","width":"","height":""}],"author":"Resest","twitter_misc":{"Escrito por":"Resest","Tiempo de lectura":"1 minuto"},"schema":{"@context":"https:\/\/schema.org","@graph":[{"@type":"Article","@id":"https:\/\/resest.com\/es\/blog-es\/classes-obertes-de-lindy-hop\/#article","isPartOf":{"@id":"https:\/\/resest.com\/es\/blog-es\/classes-obertes-de-lindy-hop\/"},"author":{"name":"Resest","@id":"https:\/\/resest.com\/es\/#\/schema\/person\/f66d2b5dae2cd0a989ab720dd211d2a9"},"headline":"\u00a1Clases abiertas de Lindy Hop!","datePublished":"2014-09-12T15:51:04+00:00","dateModified":"2015-01-19T09:08:04+00:00","mainEntityOfPage":{"@id":"https:\/\/resest.com\/es\/blog-es\/classes-obertes-de-lindy-hop\/"},"wordCount":128,"publisher":{"@id":"https:\/\/resest.com\/es\/#organization"},"image":{"@id":"https:\/\/resest.com\/es\/blog-es\/classes-obertes-de-lindy-hop\/#primaryimage"},"thumbnailUrl":"http:\/\/www.resest.com\/wp-content\/uploads\/10414484_1518516221710172_2649214966032865375_n-620x229.jpg","articleSection":["Blog"],"inLanguage":"es"},{"@type":"WebPage","@id":"https:\/\/resest.com\/es\/blog-es\/classes-obertes-de-lindy-hop\/","url":"https:\/\/resest.com\/es\/blog-es\/classes-obertes-de-lindy-hop\/","name":"\u00a1Clases abiertas de Lindy Hop!","isPartOf":{"@id":"https:\/\/resest.com\/es\/#website"},"primaryImageOfPage":{"@id":"https:\/\/resest.com\/es\/blog-es\/classes-obertes-de-lindy-hop\/#primaryimage"},"image":{"@id":"https:\/\/resest.com\/es\/blog-es\/classes-obertes-de-lindy-hop\/#primaryimage"},"thumbnailUrl":"http:\/\/www.resest.com\/wp-content\/uploads\/10414484_1518516221710172_2649214966032865375_n-620x229.jpg","datePublished":"2014-09-12T15:51:04+00:00","dateModified":"2015-01-19T09:08:04+00:00","description":"Resest, alojamiento estudiantil te invita a probar la clase abierta de lindy hop con los profesores de El Gimn\u00e0s en la Fiesta Mayor de Gr\u00e0cia.","breadcrumb":{"@id":"https:\/\/resest.com\/es\/blog-es\/classes-obertes-de-lindy-hop\/#breadcrumb"},"inLanguage":"es","potentialAction":[{"@type":"ReadAction","target":["https:\/\/resest.com\/es\/blog-es\/classes-obertes-de-lindy-hop\/"]}]},{"@type":"ImageObject","inLanguage":"es","@id":"https:\/\/resest.com\/es\/blog-es\/classes-obertes-de-lindy-hop\/#primaryimage","url":"http:\/\/www.resest.com\/wp-content\/uploads\/10414484_1518516221710172_2649214966032865375_n-620x229.jpg","contentUrl":"http:\/\/www.resest.com\/wp-content\/uploads\/10414484_1518516221710172_2649214966032865375_n-620x229.jpg"},{"@type":"BreadcrumbList","@id":"https:\/\/resest.com\/es\/blog-es\/classes-obertes-de-lindy-hop\/#breadcrumb","itemListElement":[{"@type":"ListItem","position":1,"name":"Inici","item":"https:\/\/resest.com\/es\/"},{"@type":"ListItem","position":2,"name":"\u00a1Clases abiertas de Lindy Hop!"}]},{"@type":"WebSite","@id":"https:\/\/resest.com\/es\/#website","url":"https:\/\/resest.com\/es\/","name":"Resid\u00e8ncia d&#039;Estudiants l&#039;Estaci\u00f3 de Sabadell | Resest","description":"Otro sitio realizado con WordPress","publisher":{"@id":"https:\/\/resest.com\/es\/#organization"},"potentialAction":[{"@type":"SearchAction","target":{"@type":"EntryPoint","urlTemplate":"https:\/\/resest.com\/es\/?s={search_term_string}"},"query-input":{"@type":"PropertyValueSpecification","valueRequired":true,"valueName":"search_term_string"}}],"inLanguage":"es"},{"@type":"Organization","@id":"https:\/\/resest.com\/es\/#organization","name":"Resid\u00e8ncia d&#039;Estudiants l&#039;Estaci\u00f3 de Sabadell | Resest","url":"https:\/\/resest.com\/es\/","logo":{"@type":"ImageObject","inLanguage":"es","@id":"https:\/\/resest.com\/es\/#\/schema\/logo\/image\/","url":"https:\/\/resest.com\/wp-content\/uploads\/2024\/03\/Facana-1.jpg","contentUrl":"https:\/\/resest.com\/wp-content\/uploads\/2024\/03\/Facana-1.jpg","width":1200,"height":1009,"caption":"Resid\u00e8ncia d&#039;Estudiants l&#039;Estaci\u00f3 de Sabadell | Resest"},"image":{"@id":"https:\/\/resest.com\/es\/#\/schema\/logo\/image\/"}},{"@type":"Person","@id":"https:\/\/resest.com\/es\/#\/schema\/person\/f66d2b5dae2cd0a989ab720dd211d2a9","name":"Resest","image":{"@type":"ImageObject","inLanguage":"es","@id":"https:\/\/resest.com\/es\/#\/schema\/person\/image\/","url":"https:\/\/secure.gravatar.com\/avatar\/a5d542eca874617a8a62a45c724821a615f770cf5bde5e61a93a7a2562faba7a?s=96&d=mm&r=g","contentUrl":"https:\/\/secure.gravatar.com\/avatar\/a5d542eca874617a8a62a45c724821a615f770cf5bde5e61a93a7a2562faba7a?s=96&d=mm&r=g","caption":"Resest"},"url":"https:\/\/resest.com\/es\/author\/resest\/"}]}},"_links":{"self":[{"href":"https:\/\/resest.com\/es\/wp-json\/wp\/v2\/posts\/2224","targetHints":{"allow":["GET"]}}],"collection":[{"href":"https:\/\/resest.com\/es\/wp-json\/wp\/v2\/posts"}],"about":[{"href":"https:\/\/resest.com\/es\/wp-json\/wp\/v2\/types\/post"}],"author":[{"embeddable":true,"href":"https:\/\/resest.com\/es\/wp-json\/wp\/v2\/users\/3"}],"replies":[{"embeddable":true,"href":"https:\/\/resest.com\/es\/wp-json\/wp\/v2\/comments?post=2224"}],"version-history":[{"count":0,"href":"https:\/\/resest.com\/es\/wp-json\/wp\/v2\/posts\/2224\/revisions"}],"wp:attachment":[{"href":"https:\/\/resest.com\/es\/wp-json\/wp\/v2\/media?parent=2224"}],"wp:term":[{"taxonomy":"category","embeddable":true,"href":"https:\/\/resest.com\/es\/wp-json\/wp\/v2\/categories?post=2224"},{"taxonomy":"post_tag","embeddable":true,"href":"https:\/\/resest.com\/es\/wp-json\/wp\/v2\/tags?post=2224"}],"curies":[{"name":"wp","href":"https:\/\/api.w.org\/{rel}","templated":true}]}}