{"id":2223,"date":"2014-09-03T10:58:15","date_gmt":"2014-09-03T09:58:15","guid":{"rendered":"http:\/\/www.resest.com\/?p=1842"},"modified":"2015-01-19T10:11:45","modified_gmt":"2015-01-19T09:11:45","slug":"la-festa-major-ja-es-aqui","status":"publish","type":"post","link":"https:\/\/resest.com\/es\/blog-es\/la-festa-major-ja-es-aqui\/","title":{"rendered":"\u00a1La Fiesta Mayor ya est\u00e1 aqu\u00ed!"},"content":{"rendered":"<p>Os presentamos las actividades m\u00e1s populares de la <strong><a href=\"http:\/\/ca.wikipedia.org\/wiki\/Festa_major\" target=\"_blank\">Fiesta Mayor del 2014<\/a><\/strong>:<\/p>\n<p>-Despertar de Fiesta Mayor. Plaza Sant Roc. Viernes a partir de las 19 horas<\/p>\n<p>-Fiesta FlaixBac. Ronda Ponent. Viernes a las 23.30 horas<\/p>\n<p>-Iniciaci\u00f3n al submarinismo. Can Marcet. S\u00e1bado<\/p>\n<p>-Festival solidario Qwellness.\u00a0(carretera de Terrassa, 265). S\u00e1bado a las 9.30 horas<\/p>\n<p>-Fideu\u00e1 popular. Parc\u00a0Catalunya. S\u00e1bado a las 14 horas<\/p>\n<p>-Pasacalle de Fiesta Mayor. S\u00e1bado a las 18 horas<\/p>\n<p>-Concierto Se atormenta una vecina. Ronda Ponente. S\u00e1bado a las 23.30 horas<\/p>\n<p>-Cursa popular de Fiesta Mayor, 14 kilometros y Medio Marat\u00f3n. Pabell\u00f3n de Sol i Padr\u00eds. Domingo a partir de las 9 horas<\/p>\n<p>-Jornada castellera. Plaza Sant Roc. Domingo a las 12 horas<\/p>\n<p>-Pasacalle de Gigantes. Domingo a las 18.30 horas<\/p>\n<p>-Pasacalle infernal. Domingo a las 21 horas<\/p>\n<p>-Habaneras al Mercado Central. Domingo a las 23 horas<\/p>\n<p>-Concierto: Txarango. Ronda Ponent. Domingo a las 24h<\/p>\n<p>-Bicicletada popular. Ronda Ponent. Lunes a las 11 horas<\/p>\n<p>-Fuegos artificiales. Parc Catalunya. Lunes a las 22h.<\/p>\n<p><img loading=\"lazy\" decoding=\"async\" title=\"bannerweb\" src=\"http:\/\/www.resest.com\/wp-content\/uploads\/bannerweb-e1409737552855-620x68.jpg\" alt=\"\" width=\"620\" height=\"68\" \/><\/p>\n<p>Ferias de Fiesta Mayor:<\/p>\n<p>-Feria de artesan\u00eda. Calle de la Industria<\/p>\n<p>-Feria de atracciones. Avenida de Francesc Maci\u00e0<\/p>\n<p>-Feria de arte, moda y dise\u00f1o. Museo de Arte<\/p>\n<p>y\u00a0muchas m\u00e1s&#8230;!<br \/>\nPod\u00e9is consultar el programa\u00a0en la web del <strong><a href=\"http:\/\/www.sabadell.cat\/ca\/festamajor\" target=\"_blank\">Ayuntamiento de Sabadell<\/a><\/strong><\/p>\n","protected":false},"excerpt":{"rendered":"<p>Os presentamos las actividades m\u00e1s populares de la Fiesta Mayor del 2014: -Despertar de Fiesta Mayor. Plaza Sant Roc. Viernes a partir de las 19 horas -Fiesta FlaixBac. Ronda Ponent. Viernes a las 23.30 horas -Iniciaci\u00f3n al submarinismo. Can Marcet. S\u00e1bado -Festival solidario Qwellness.\u00a0(carretera de Terrassa, 265). S\u00e1bado a las 9.30 horas -Fideu\u00e1 popular. Parc\u00a0Catalunya.&hellip;<\/p>\n","protected":false},"author":3,"featured_media":0,"comment_status":"closed","ping_status":"open","sticky":false,"template":"","format":"standard","meta":{"footnotes":""},"categories":[1],"tags":[],"class_list":["post-2223","post","type-post","status-publish","format-standard","hentry","category-blog-es","entry","no-media"],"yoast_head":"<!-- This site is optimized with the Yoast SEO plugin v26.4 - https:\/\/yoast.com\/wordpress\/plugins\/seo\/ -->\n<title>\u00a1La Fiesta Mayor ya est\u00e1 aqu\u00ed!<\/title>\n<meta name=\"description\" content=\"Resest residencia para estudiantes en Barcelona, Bellaterra y Sabadell os presentamos las actividades m\u00e1s populares de la Fiesta Mayor del 2014.\" \/>\n<meta name=\"robots\" content=\"index, follow, max-snippet:-1, max-image-preview:large, max-video-preview:-1\" \/>\n<link rel=\"canonical\" href=\"https:\/\/resest.com\/es\/blog-es\/la-festa-major-ja-es-aqui\/\" \/>\n<meta property=\"og:locale\" content=\"es_ES\" \/>\n<meta property=\"og:type\" content=\"article\" \/>\n<meta property=\"og:title\" content=\"\u00a1La Fiesta Mayor ya est\u00e1 aqu\u00ed!\" \/>\n<meta property=\"og:description\" content=\"Resest residencia para estudiantes en Barcelona, Bellaterra y Sabadell os presentamos las actividades m\u00e1s populares de la Fiesta Mayor del 2014.\" \/>\n<meta property=\"og:url\" content=\"https:\/\/resest.com\/es\/blog-es\/la-festa-major-ja-es-aqui\/\" \/>\n<meta property=\"og:site_name\" content=\"Resid\u00e8ncia d&#039;Estudiants l&#039;Estaci\u00f3 de Sabadell | Resest\" \/>\n<meta property=\"article:published_time\" content=\"2014-09-03T09:58:15+00:00\" \/>\n<meta property=\"article:modified_time\" content=\"2015-01-19T09:11:45+00:00\" \/>\n<meta property=\"og:image\" content=\"http:\/\/www.resest.com\/wp-content\/uploads\/bannerweb-e1409737552855-620x68.jpg\" \/>\n<meta name=\"author\" content=\"Resest\" \/>\n<meta name=\"twitter:label1\" content=\"Escrito por\" \/>\n\t<meta name=\"twitter:data1\" content=\"Resest\" \/>\n\t<meta name=\"twitter:label2\" content=\"Tiempo de lectura\" \/>\n\t<meta name=\"twitter:data2\" content=\"1 minuto\" \/>\n<script type=\"application\/ld+json\" class=\"yoast-schema-graph\">{\"@context\":\"https:\/\/schema.org\",\"@graph\":[{\"@type\":\"Article\",\"@id\":\"https:\/\/resest.com\/es\/blog-es\/la-festa-major-ja-es-aqui\/#article\",\"isPartOf\":{\"@id\":\"https:\/\/resest.com\/es\/blog-es\/la-festa-major-ja-es-aqui\/\"},\"author\":{\"name\":\"Resest\",\"@id\":\"https:\/\/resest.com\/es\/#\/schema\/person\/f66d2b5dae2cd0a989ab720dd211d2a9\"},\"headline\":\"\u00a1La Fiesta Mayor ya est\u00e1 aqu\u00ed!\",\"datePublished\":\"2014-09-03T09:58:15+00:00\",\"dateModified\":\"2015-01-19T09:11:45+00:00\",\"mainEntityOfPage\":{\"@id\":\"https:\/\/resest.com\/es\/blog-es\/la-festa-major-ja-es-aqui\/\"},\"wordCount\":210,\"publisher\":{\"@id\":\"https:\/\/resest.com\/es\/#organization\"},\"image\":{\"@id\":\"https:\/\/resest.com\/es\/blog-es\/la-festa-major-ja-es-aqui\/#primaryimage\"},\"thumbnailUrl\":\"http:\/\/www.resest.com\/wp-content\/uploads\/bannerweb-e1409737552855-620x68.jpg\",\"articleSection\":[\"Blog\"],\"inLanguage\":\"es\"},{\"@type\":\"WebPage\",\"@id\":\"https:\/\/resest.com\/es\/blog-es\/la-festa-major-ja-es-aqui\/\",\"url\":\"https:\/\/resest.com\/es\/blog-es\/la-festa-major-ja-es-aqui\/\",\"name\":\"\u00a1La Fiesta Mayor ya est\u00e1 aqu\u00ed!\",\"isPartOf\":{\"@id\":\"https:\/\/resest.com\/es\/#website\"},\"primaryImageOfPage\":{\"@id\":\"https:\/\/resest.com\/es\/blog-es\/la-festa-major-ja-es-aqui\/#primaryimage\"},\"image\":{\"@id\":\"https:\/\/resest.com\/es\/blog-es\/la-festa-major-ja-es-aqui\/#primaryimage\"},\"thumbnailUrl\":\"http:\/\/www.resest.com\/wp-content\/uploads\/bannerweb-e1409737552855-620x68.jpg\",\"datePublished\":\"2014-09-03T09:58:15+00:00\",\"dateModified\":\"2015-01-19T09:11:45+00:00\",\"description\":\"Resest residencia para estudiantes en Barcelona, Bellaterra y Sabadell os presentamos las actividades m\u00e1s populares de la Fiesta Mayor del 2014.\",\"breadcrumb\":{\"@id\":\"https:\/\/resest.com\/es\/blog-es\/la-festa-major-ja-es-aqui\/#breadcrumb\"},\"inLanguage\":\"es\",\"potentialAction\":[{\"@type\":\"ReadAction\",\"target\":[\"https:\/\/resest.com\/es\/blog-es\/la-festa-major-ja-es-aqui\/\"]}]},{\"@type\":\"ImageObject\",\"inLanguage\":\"es\",\"@id\":\"https:\/\/resest.com\/es\/blog-es\/la-festa-major-ja-es-aqui\/#primaryimage\",\"url\":\"http:\/\/www.resest.com\/wp-content\/uploads\/bannerweb-e1409737552855-620x68.jpg\",\"contentUrl\":\"http:\/\/www.resest.com\/wp-content\/uploads\/bannerweb-e1409737552855-620x68.jpg\"},{\"@type\":\"BreadcrumbList\",\"@id\":\"https:\/\/resest.com\/es\/blog-es\/la-festa-major-ja-es-aqui\/#breadcrumb\",\"itemListElement\":[{\"@type\":\"ListItem\",\"position\":1,\"name\":\"Inici\",\"item\":\"https:\/\/resest.com\/es\/\"},{\"@type\":\"ListItem\",\"position\":2,\"name\":\"\u00a1La Fiesta Mayor ya est\u00e1 aqu\u00ed!\"}]},{\"@type\":\"WebSite\",\"@id\":\"https:\/\/resest.com\/es\/#website\",\"url\":\"https:\/\/resest.com\/es\/\",\"name\":\"Resid\u00e8ncia d&#039;Estudiants l&#039;Estaci\u00f3 de Sabadell | Resest\",\"description\":\"Otro sitio realizado con WordPress\",\"publisher\":{\"@id\":\"https:\/\/resest.com\/es\/#organization\"},\"potentialAction\":[{\"@type\":\"SearchAction\",\"target\":{\"@type\":\"EntryPoint\",\"urlTemplate\":\"https:\/\/resest.com\/es\/?s={search_term_string}\"},\"query-input\":{\"@type\":\"PropertyValueSpecification\",\"valueRequired\":true,\"valueName\":\"search_term_string\"}}],\"inLanguage\":\"es\"},{\"@type\":\"Organization\",\"@id\":\"https:\/\/resest.com\/es\/#organization\",\"name\":\"Resid\u00e8ncia d&#039;Estudiants l&#039;Estaci\u00f3 de Sabadell | Resest\",\"url\":\"https:\/\/resest.com\/es\/\",\"logo\":{\"@type\":\"ImageObject\",\"inLanguage\":\"es\",\"@id\":\"https:\/\/resest.com\/es\/#\/schema\/logo\/image\/\",\"url\":\"https:\/\/resest.com\/wp-content\/uploads\/2024\/03\/Facana-1.jpg\",\"contentUrl\":\"https:\/\/resest.com\/wp-content\/uploads\/2024\/03\/Facana-1.jpg\",\"width\":1200,\"height\":1009,\"caption\":\"Resid\u00e8ncia d&#039;Estudiants l&#039;Estaci\u00f3 de Sabadell | Resest\"},\"image\":{\"@id\":\"https:\/\/resest.com\/es\/#\/schema\/logo\/image\/\"}},{\"@type\":\"Person\",\"@id\":\"https:\/\/resest.com\/es\/#\/schema\/person\/f66d2b5dae2cd0a989ab720dd211d2a9\",\"name\":\"Resest\",\"image\":{\"@type\":\"ImageObject\",\"inLanguage\":\"es\",\"@id\":\"https:\/\/resest.com\/es\/#\/schema\/person\/image\/\",\"url\":\"https:\/\/secure.gravatar.com\/avatar\/a5d542eca874617a8a62a45c724821a615f770cf5bde5e61a93a7a2562faba7a?s=96&d=mm&r=g\",\"contentUrl\":\"https:\/\/secure.gravatar.com\/avatar\/a5d542eca874617a8a62a45c724821a615f770cf5bde5e61a93a7a2562faba7a?s=96&d=mm&r=g\",\"caption\":\"Resest\"},\"url\":\"https:\/\/resest.com\/es\/author\/resest\/\"}]}<\/script>\n<!-- \/ Yoast SEO plugin. -->","yoast_head_json":{"title":"\u00a1La Fiesta Mayor ya est\u00e1 aqu\u00ed!","description":"Resest residencia para estudiantes en Barcelona, Bellaterra y Sabadell os presentamos las actividades m\u00e1s populares de la Fiesta Mayor del 2014.","robots":{"index":"index","follow":"follow","max-snippet":"max-snippet:-1","max-image-preview":"max-image-preview:large","max-video-preview":"max-video-preview:-1"},"canonical":"https:\/\/resest.com\/es\/blog-es\/la-festa-major-ja-es-aqui\/","og_locale":"es_ES","og_type":"article","og_title":"\u00a1La Fiesta Mayor ya est\u00e1 aqu\u00ed!","og_description":"Resest residencia para estudiantes en Barcelona, Bellaterra y Sabadell os presentamos las actividades m\u00e1s populares de la Fiesta Mayor del 2014.","og_url":"https:\/\/resest.com\/es\/blog-es\/la-festa-major-ja-es-aqui\/","og_site_name":"Resid\u00e8ncia d&#039;Estudiants l&#039;Estaci\u00f3 de Sabadell | Resest","article_published_time":"2014-09-03T09:58:15+00:00","article_modified_time":"2015-01-19T09:11:45+00:00","og_image":[{"url":"http:\/\/www.resest.com\/wp-content\/uploads\/bannerweb-e1409737552855-620x68.jpg","type":"","width":"","height":""}],"author":"Resest","twitter_misc":{"Escrito por":"Resest","Tiempo de lectura":"1 minuto"},"schema":{"@context":"https:\/\/schema.org","@graph":[{"@type":"Article","@id":"https:\/\/resest.com\/es\/blog-es\/la-festa-major-ja-es-aqui\/#article","isPartOf":{"@id":"https:\/\/resest.com\/es\/blog-es\/la-festa-major-ja-es-aqui\/"},"author":{"name":"Resest","@id":"https:\/\/resest.com\/es\/#\/schema\/person\/f66d2b5dae2cd0a989ab720dd211d2a9"},"headline":"\u00a1La Fiesta Mayor ya est\u00e1 aqu\u00ed!","datePublished":"2014-09-03T09:58:15+00:00","dateModified":"2015-01-19T09:11:45+00:00","mainEntityOfPage":{"@id":"https:\/\/resest.com\/es\/blog-es\/la-festa-major-ja-es-aqui\/"},"wordCount":210,"publisher":{"@id":"https:\/\/resest.com\/es\/#organization"},"image":{"@id":"https:\/\/resest.com\/es\/blog-es\/la-festa-major-ja-es-aqui\/#primaryimage"},"thumbnailUrl":"http:\/\/www.resest.com\/wp-content\/uploads\/bannerweb-e1409737552855-620x68.jpg","articleSection":["Blog"],"inLanguage":"es"},{"@type":"WebPage","@id":"https:\/\/resest.com\/es\/blog-es\/la-festa-major-ja-es-aqui\/","url":"https:\/\/resest.com\/es\/blog-es\/la-festa-major-ja-es-aqui\/","name":"\u00a1La Fiesta Mayor ya est\u00e1 aqu\u00ed!","isPartOf":{"@id":"https:\/\/resest.com\/es\/#website"},"primaryImageOfPage":{"@id":"https:\/\/resest.com\/es\/blog-es\/la-festa-major-ja-es-aqui\/#primaryimage"},"image":{"@id":"https:\/\/resest.com\/es\/blog-es\/la-festa-major-ja-es-aqui\/#primaryimage"},"thumbnailUrl":"http:\/\/www.resest.com\/wp-content\/uploads\/bannerweb-e1409737552855-620x68.jpg","datePublished":"2014-09-03T09:58:15+00:00","dateModified":"2015-01-19T09:11:45+00:00","description":"Resest residencia para estudiantes en Barcelona, Bellaterra y Sabadell os presentamos las actividades m\u00e1s populares de la Fiesta Mayor del 2014.","breadcrumb":{"@id":"https:\/\/resest.com\/es\/blog-es\/la-festa-major-ja-es-aqui\/#breadcrumb"},"inLanguage":"es","potentialAction":[{"@type":"ReadAction","target":["https:\/\/resest.com\/es\/blog-es\/la-festa-major-ja-es-aqui\/"]}]},{"@type":"ImageObject","inLanguage":"es","@id":"https:\/\/resest.com\/es\/blog-es\/la-festa-major-ja-es-aqui\/#primaryimage","url":"http:\/\/www.resest.com\/wp-content\/uploads\/bannerweb-e1409737552855-620x68.jpg","contentUrl":"http:\/\/www.resest.com\/wp-content\/uploads\/bannerweb-e1409737552855-620x68.jpg"},{"@type":"BreadcrumbList","@id":"https:\/\/resest.com\/es\/blog-es\/la-festa-major-ja-es-aqui\/#breadcrumb","itemListElement":[{"@type":"ListItem","position":1,"name":"Inici","item":"https:\/\/resest.com\/es\/"},{"@type":"ListItem","position":2,"name":"\u00a1La Fiesta Mayor ya est\u00e1 aqu\u00ed!"}]},{"@type":"WebSite","@id":"https:\/\/resest.com\/es\/#website","url":"https:\/\/resest.com\/es\/","name":"Resid\u00e8ncia d&#039;Estudiants l&#039;Estaci\u00f3 de Sabadell | Resest","description":"Otro sitio realizado con WordPress","publisher":{"@id":"https:\/\/resest.com\/es\/#organization"},"potentialAction":[{"@type":"SearchAction","target":{"@type":"EntryPoint","urlTemplate":"https:\/\/resest.com\/es\/?s={search_term_string}"},"query-input":{"@type":"PropertyValueSpecification","valueRequired":true,"valueName":"search_term_string"}}],"inLanguage":"es"},{"@type":"Organization","@id":"https:\/\/resest.com\/es\/#organization","name":"Resid\u00e8ncia d&#039;Estudiants l&#039;Estaci\u00f3 de Sabadell | Resest","url":"https:\/\/resest.com\/es\/","logo":{"@type":"ImageObject","inLanguage":"es","@id":"https:\/\/resest.com\/es\/#\/schema\/logo\/image\/","url":"https:\/\/resest.com\/wp-content\/uploads\/2024\/03\/Facana-1.jpg","contentUrl":"https:\/\/resest.com\/wp-content\/uploads\/2024\/03\/Facana-1.jpg","width":1200,"height":1009,"caption":"Resid\u00e8ncia d&#039;Estudiants l&#039;Estaci\u00f3 de Sabadell | Resest"},"image":{"@id":"https:\/\/resest.com\/es\/#\/schema\/logo\/image\/"}},{"@type":"Person","@id":"https:\/\/resest.com\/es\/#\/schema\/person\/f66d2b5dae2cd0a989ab720dd211d2a9","name":"Resest","image":{"@type":"ImageObject","inLanguage":"es","@id":"https:\/\/resest.com\/es\/#\/schema\/person\/image\/","url":"https:\/\/secure.gravatar.com\/avatar\/a5d542eca874617a8a62a45c724821a615f770cf5bde5e61a93a7a2562faba7a?s=96&d=mm&r=g","contentUrl":"https:\/\/secure.gravatar.com\/avatar\/a5d542eca874617a8a62a45c724821a615f770cf5bde5e61a93a7a2562faba7a?s=96&d=mm&r=g","caption":"Resest"},"url":"https:\/\/resest.com\/es\/author\/resest\/"}]}},"_links":{"self":[{"href":"https:\/\/resest.com\/es\/wp-json\/wp\/v2\/posts\/2223","targetHints":{"allow":["GET"]}}],"collection":[{"href":"https:\/\/resest.com\/es\/wp-json\/wp\/v2\/posts"}],"about":[{"href":"https:\/\/resest.com\/es\/wp-json\/wp\/v2\/types\/post"}],"author":[{"embeddable":true,"href":"https:\/\/resest.com\/es\/wp-json\/wp\/v2\/users\/3"}],"replies":[{"embeddable":true,"href":"https:\/\/resest.com\/es\/wp-json\/wp\/v2\/comments?post=2223"}],"version-history":[{"count":0,"href":"https:\/\/resest.com\/es\/wp-json\/wp\/v2\/posts\/2223\/revisions"}],"wp:attachment":[{"href":"https:\/\/resest.com\/es\/wp-json\/wp\/v2\/media?parent=2223"}],"wp:term":[{"taxonomy":"category","embeddable":true,"href":"https:\/\/resest.com\/es\/wp-json\/wp\/v2\/categories?post=2223"},{"taxonomy":"post_tag","embeddable":true,"href":"https:\/\/resest.com\/es\/wp-json\/wp\/v2\/tags?post=2223"}],"curies":[{"name":"wp","href":"https:\/\/api.w.org\/{rel}","templated":true}]}}