{"id":2222,"date":"2014-08-20T10:50:09","date_gmt":"2014-08-20T09:50:09","guid":{"rendered":"http:\/\/www.resest.com\/?p=1824"},"modified":"2018-07-20T08:59:55","modified_gmt":"2018-07-20T07:59:55","slug":"fiesta-mayor-de-sabadell","status":"publish","type":"post","link":"https:\/\/resest.com\/es\/blog-es\/fiesta-mayor-de-sabadell\/","title":{"rendered":"\u00a1Fiesta Mayor de Sabadell &#8217;14!"},"content":{"rendered":"<p>\u00a1Los pr\u00f3ximos d\u00edas 5, 6, 7 \u00a0y 8 de septiembre se celebrar\u00e1 la Fiesta Mayor de Sabadell!<\/p>\n<p>Por si os quer\u00e9is ir preparando, aqu\u00ed ten\u00e9is un peque\u00f1o avance del programa&#8230;<\/p>\n<p><strong><a href=\"http:\/\/www.isabadell.cat\/calendar\/\" target=\"_blank\" rel=\"noopener\">Agenda de actividades<\/a><\/strong><\/p>\n<p><img loading=\"lazy\" decoding=\"async\" title=\"Festa Major 2014\" src=\"http:\/\/www.resest.com\/wp-content\/uploads\/Festa-Major-2014-441x620.jpg\" alt=\"\" width=\"441\" height=\"620\" \/><\/p>\n<p>Fuente:\u00a0<strong><a href=\"http:\/\/www.isabadell.cat\" target=\"_blank\" rel=\"noopener\">www.isabadell.cat<\/a><\/strong><\/p>\n<div><\/div>\n","protected":false},"excerpt":{"rendered":"<p>\u00a1Los pr\u00f3ximos d\u00edas 5, 6, 7 \u00a0y 8 de septiembre se celebrar\u00e1 la Fiesta Mayor de Sabadell! Por si os quer\u00e9is ir preparando, aqu\u00ed ten\u00e9is un peque\u00f1o avance del programa&#8230; Agenda de actividades Fuente:\u00a0www.isabadell.cat<\/p>\n","protected":false},"author":3,"featured_media":0,"comment_status":"closed","ping_status":"open","sticky":false,"template":"","format":"standard","meta":{"footnotes":""},"categories":[1],"tags":[],"class_list":["post-2222","post","type-post","status-publish","format-standard","hentry","category-blog-es","entry","no-media"],"yoast_head":"<!-- This site is optimized with the Yoast SEO plugin v26.4 - https:\/\/yoast.com\/wordpress\/plugins\/seo\/ -->\n<title>\u00a1Fiesta Mayor de Sabadell &#039;14!<\/title>\n<meta name=\"description\" content=\"Este Septiembre se celebrar\u00e1 la Fiesta Mayor de Sabadell y Resest, residencia estudiantil te invita a asistir.\" \/>\n<meta name=\"robots\" content=\"index, follow, max-snippet:-1, max-image-preview:large, max-video-preview:-1\" \/>\n<link rel=\"canonical\" href=\"https:\/\/resest.com\/es\/blog-es\/fiesta-mayor-de-sabadell\/\" \/>\n<meta property=\"og:locale\" content=\"es_ES\" \/>\n<meta property=\"og:type\" content=\"article\" \/>\n<meta property=\"og:title\" content=\"\u00a1Fiesta Mayor de Sabadell &#039;14!\" \/>\n<meta property=\"og:description\" content=\"Este Septiembre se celebrar\u00e1 la Fiesta Mayor de Sabadell y Resest, residencia estudiantil te invita a asistir.\" \/>\n<meta property=\"og:url\" content=\"https:\/\/resest.com\/es\/blog-es\/fiesta-mayor-de-sabadell\/\" \/>\n<meta property=\"og:site_name\" content=\"Resid\u00e8ncia d&#039;Estudiants l&#039;Estaci\u00f3 de Sabadell | Resest\" \/>\n<meta property=\"article:published_time\" content=\"2014-08-20T09:50:09+00:00\" \/>\n<meta property=\"article:modified_time\" content=\"2018-07-20T07:59:55+00:00\" \/>\n<meta property=\"og:image\" content=\"http:\/\/www.resest.com\/wp-content\/uploads\/Festa-Major-2014-441x620.jpg\" \/>\n<meta name=\"author\" content=\"Resest\" \/>\n<meta name=\"twitter:label1\" content=\"Escrito por\" \/>\n\t<meta name=\"twitter:data1\" content=\"Resest\" \/>\n<script type=\"application\/ld+json\" class=\"yoast-schema-graph\">{\"@context\":\"https:\/\/schema.org\",\"@graph\":[{\"@type\":\"Article\",\"@id\":\"https:\/\/resest.com\/es\/blog-es\/fiesta-mayor-de-sabadell\/#article\",\"isPartOf\":{\"@id\":\"https:\/\/resest.com\/es\/blog-es\/fiesta-mayor-de-sabadell\/\"},\"author\":{\"name\":\"Resest\",\"@id\":\"https:\/\/resest.com\/es\/#\/schema\/person\/f66d2b5dae2cd0a989ab720dd211d2a9\"},\"headline\":\"\u00a1Fiesta Mayor de Sabadell &#8217;14!\",\"datePublished\":\"2014-08-20T09:50:09+00:00\",\"dateModified\":\"2018-07-20T07:59:55+00:00\",\"mainEntityOfPage\":{\"@id\":\"https:\/\/resest.com\/es\/blog-es\/fiesta-mayor-de-sabadell\/\"},\"wordCount\":42,\"publisher\":{\"@id\":\"https:\/\/resest.com\/es\/#organization\"},\"image\":{\"@id\":\"https:\/\/resest.com\/es\/blog-es\/fiesta-mayor-de-sabadell\/#primaryimage\"},\"thumbnailUrl\":\"http:\/\/www.resest.com\/wp-content\/uploads\/Festa-Major-2014-441x620.jpg\",\"articleSection\":[\"Blog\"],\"inLanguage\":\"es\"},{\"@type\":\"WebPage\",\"@id\":\"https:\/\/resest.com\/es\/blog-es\/fiesta-mayor-de-sabadell\/\",\"url\":\"https:\/\/resest.com\/es\/blog-es\/fiesta-mayor-de-sabadell\/\",\"name\":\"\u00a1Fiesta Mayor de Sabadell '14!\",\"isPartOf\":{\"@id\":\"https:\/\/resest.com\/es\/#website\"},\"primaryImageOfPage\":{\"@id\":\"https:\/\/resest.com\/es\/blog-es\/fiesta-mayor-de-sabadell\/#primaryimage\"},\"image\":{\"@id\":\"https:\/\/resest.com\/es\/blog-es\/fiesta-mayor-de-sabadell\/#primaryimage\"},\"thumbnailUrl\":\"http:\/\/www.resest.com\/wp-content\/uploads\/Festa-Major-2014-441x620.jpg\",\"datePublished\":\"2014-08-20T09:50:09+00:00\",\"dateModified\":\"2018-07-20T07:59:55+00:00\",\"description\":\"Este Septiembre se celebrar\u00e1 la Fiesta Mayor de Sabadell y Resest, residencia estudiantil te invita a asistir.\",\"breadcrumb\":{\"@id\":\"https:\/\/resest.com\/es\/blog-es\/fiesta-mayor-de-sabadell\/#breadcrumb\"},\"inLanguage\":\"es\",\"potentialAction\":[{\"@type\":\"ReadAction\",\"target\":[\"https:\/\/resest.com\/es\/blog-es\/fiesta-mayor-de-sabadell\/\"]}]},{\"@type\":\"ImageObject\",\"inLanguage\":\"es\",\"@id\":\"https:\/\/resest.com\/es\/blog-es\/fiesta-mayor-de-sabadell\/#primaryimage\",\"url\":\"http:\/\/www.resest.com\/wp-content\/uploads\/Festa-Major-2014-441x620.jpg\",\"contentUrl\":\"http:\/\/www.resest.com\/wp-content\/uploads\/Festa-Major-2014-441x620.jpg\"},{\"@type\":\"BreadcrumbList\",\"@id\":\"https:\/\/resest.com\/es\/blog-es\/fiesta-mayor-de-sabadell\/#breadcrumb\",\"itemListElement\":[{\"@type\":\"ListItem\",\"position\":1,\"name\":\"Inici\",\"item\":\"https:\/\/resest.com\/es\/\"},{\"@type\":\"ListItem\",\"position\":2,\"name\":\"\u00a1Fiesta Mayor de Sabadell &#8217;14!\"}]},{\"@type\":\"WebSite\",\"@id\":\"https:\/\/resest.com\/es\/#website\",\"url\":\"https:\/\/resest.com\/es\/\",\"name\":\"Resid\u00e8ncia d&#039;Estudiants l&#039;Estaci\u00f3 de Sabadell | Resest\",\"description\":\"Otro sitio realizado con WordPress\",\"publisher\":{\"@id\":\"https:\/\/resest.com\/es\/#organization\"},\"potentialAction\":[{\"@type\":\"SearchAction\",\"target\":{\"@type\":\"EntryPoint\",\"urlTemplate\":\"https:\/\/resest.com\/es\/?s={search_term_string}\"},\"query-input\":{\"@type\":\"PropertyValueSpecification\",\"valueRequired\":true,\"valueName\":\"search_term_string\"}}],\"inLanguage\":\"es\"},{\"@type\":\"Organization\",\"@id\":\"https:\/\/resest.com\/es\/#organization\",\"name\":\"Resid\u00e8ncia d&#039;Estudiants l&#039;Estaci\u00f3 de Sabadell | Resest\",\"url\":\"https:\/\/resest.com\/es\/\",\"logo\":{\"@type\":\"ImageObject\",\"inLanguage\":\"es\",\"@id\":\"https:\/\/resest.com\/es\/#\/schema\/logo\/image\/\",\"url\":\"https:\/\/resest.com\/wp-content\/uploads\/2024\/03\/Facana-1.jpg\",\"contentUrl\":\"https:\/\/resest.com\/wp-content\/uploads\/2024\/03\/Facana-1.jpg\",\"width\":1200,\"height\":1009,\"caption\":\"Resid\u00e8ncia d&#039;Estudiants l&#039;Estaci\u00f3 de Sabadell | Resest\"},\"image\":{\"@id\":\"https:\/\/resest.com\/es\/#\/schema\/logo\/image\/\"}},{\"@type\":\"Person\",\"@id\":\"https:\/\/resest.com\/es\/#\/schema\/person\/f66d2b5dae2cd0a989ab720dd211d2a9\",\"name\":\"Resest\",\"image\":{\"@type\":\"ImageObject\",\"inLanguage\":\"es\",\"@id\":\"https:\/\/resest.com\/es\/#\/schema\/person\/image\/\",\"url\":\"https:\/\/secure.gravatar.com\/avatar\/a5d542eca874617a8a62a45c724821a615f770cf5bde5e61a93a7a2562faba7a?s=96&d=mm&r=g\",\"contentUrl\":\"https:\/\/secure.gravatar.com\/avatar\/a5d542eca874617a8a62a45c724821a615f770cf5bde5e61a93a7a2562faba7a?s=96&d=mm&r=g\",\"caption\":\"Resest\"},\"url\":\"https:\/\/resest.com\/es\/author\/resest\/\"}]}<\/script>\n<!-- \/ Yoast SEO plugin. -->","yoast_head_json":{"title":"\u00a1Fiesta Mayor de Sabadell '14!","description":"Este Septiembre se celebrar\u00e1 la Fiesta Mayor de Sabadell y Resest, residencia estudiantil te invita a asistir.","robots":{"index":"index","follow":"follow","max-snippet":"max-snippet:-1","max-image-preview":"max-image-preview:large","max-video-preview":"max-video-preview:-1"},"canonical":"https:\/\/resest.com\/es\/blog-es\/fiesta-mayor-de-sabadell\/","og_locale":"es_ES","og_type":"article","og_title":"\u00a1Fiesta Mayor de Sabadell '14!","og_description":"Este Septiembre se celebrar\u00e1 la Fiesta Mayor de Sabadell y Resest, residencia estudiantil te invita a asistir.","og_url":"https:\/\/resest.com\/es\/blog-es\/fiesta-mayor-de-sabadell\/","og_site_name":"Resid\u00e8ncia d&#039;Estudiants l&#039;Estaci\u00f3 de Sabadell | Resest","article_published_time":"2014-08-20T09:50:09+00:00","article_modified_time":"2018-07-20T07:59:55+00:00","og_image":[{"url":"http:\/\/www.resest.com\/wp-content\/uploads\/Festa-Major-2014-441x620.jpg","type":"","width":"","height":""}],"author":"Resest","twitter_misc":{"Escrito por":"Resest"},"schema":{"@context":"https:\/\/schema.org","@graph":[{"@type":"Article","@id":"https:\/\/resest.com\/es\/blog-es\/fiesta-mayor-de-sabadell\/#article","isPartOf":{"@id":"https:\/\/resest.com\/es\/blog-es\/fiesta-mayor-de-sabadell\/"},"author":{"name":"Resest","@id":"https:\/\/resest.com\/es\/#\/schema\/person\/f66d2b5dae2cd0a989ab720dd211d2a9"},"headline":"\u00a1Fiesta Mayor de Sabadell &#8217;14!","datePublished":"2014-08-20T09:50:09+00:00","dateModified":"2018-07-20T07:59:55+00:00","mainEntityOfPage":{"@id":"https:\/\/resest.com\/es\/blog-es\/fiesta-mayor-de-sabadell\/"},"wordCount":42,"publisher":{"@id":"https:\/\/resest.com\/es\/#organization"},"image":{"@id":"https:\/\/resest.com\/es\/blog-es\/fiesta-mayor-de-sabadell\/#primaryimage"},"thumbnailUrl":"http:\/\/www.resest.com\/wp-content\/uploads\/Festa-Major-2014-441x620.jpg","articleSection":["Blog"],"inLanguage":"es"},{"@type":"WebPage","@id":"https:\/\/resest.com\/es\/blog-es\/fiesta-mayor-de-sabadell\/","url":"https:\/\/resest.com\/es\/blog-es\/fiesta-mayor-de-sabadell\/","name":"\u00a1Fiesta Mayor de Sabadell '14!","isPartOf":{"@id":"https:\/\/resest.com\/es\/#website"},"primaryImageOfPage":{"@id":"https:\/\/resest.com\/es\/blog-es\/fiesta-mayor-de-sabadell\/#primaryimage"},"image":{"@id":"https:\/\/resest.com\/es\/blog-es\/fiesta-mayor-de-sabadell\/#primaryimage"},"thumbnailUrl":"http:\/\/www.resest.com\/wp-content\/uploads\/Festa-Major-2014-441x620.jpg","datePublished":"2014-08-20T09:50:09+00:00","dateModified":"2018-07-20T07:59:55+00:00","description":"Este Septiembre se celebrar\u00e1 la Fiesta Mayor de Sabadell y Resest, residencia estudiantil te invita a asistir.","breadcrumb":{"@id":"https:\/\/resest.com\/es\/blog-es\/fiesta-mayor-de-sabadell\/#breadcrumb"},"inLanguage":"es","potentialAction":[{"@type":"ReadAction","target":["https:\/\/resest.com\/es\/blog-es\/fiesta-mayor-de-sabadell\/"]}]},{"@type":"ImageObject","inLanguage":"es","@id":"https:\/\/resest.com\/es\/blog-es\/fiesta-mayor-de-sabadell\/#primaryimage","url":"http:\/\/www.resest.com\/wp-content\/uploads\/Festa-Major-2014-441x620.jpg","contentUrl":"http:\/\/www.resest.com\/wp-content\/uploads\/Festa-Major-2014-441x620.jpg"},{"@type":"BreadcrumbList","@id":"https:\/\/resest.com\/es\/blog-es\/fiesta-mayor-de-sabadell\/#breadcrumb","itemListElement":[{"@type":"ListItem","position":1,"name":"Inici","item":"https:\/\/resest.com\/es\/"},{"@type":"ListItem","position":2,"name":"\u00a1Fiesta Mayor de Sabadell &#8217;14!"}]},{"@type":"WebSite","@id":"https:\/\/resest.com\/es\/#website","url":"https:\/\/resest.com\/es\/","name":"Resid\u00e8ncia d&#039;Estudiants l&#039;Estaci\u00f3 de Sabadell | Resest","description":"Otro sitio realizado con WordPress","publisher":{"@id":"https:\/\/resest.com\/es\/#organization"},"potentialAction":[{"@type":"SearchAction","target":{"@type":"EntryPoint","urlTemplate":"https:\/\/resest.com\/es\/?s={search_term_string}"},"query-input":{"@type":"PropertyValueSpecification","valueRequired":true,"valueName":"search_term_string"}}],"inLanguage":"es"},{"@type":"Organization","@id":"https:\/\/resest.com\/es\/#organization","name":"Resid\u00e8ncia d&#039;Estudiants l&#039;Estaci\u00f3 de Sabadell | Resest","url":"https:\/\/resest.com\/es\/","logo":{"@type":"ImageObject","inLanguage":"es","@id":"https:\/\/resest.com\/es\/#\/schema\/logo\/image\/","url":"https:\/\/resest.com\/wp-content\/uploads\/2024\/03\/Facana-1.jpg","contentUrl":"https:\/\/resest.com\/wp-content\/uploads\/2024\/03\/Facana-1.jpg","width":1200,"height":1009,"caption":"Resid\u00e8ncia d&#039;Estudiants l&#039;Estaci\u00f3 de Sabadell | Resest"},"image":{"@id":"https:\/\/resest.com\/es\/#\/schema\/logo\/image\/"}},{"@type":"Person","@id":"https:\/\/resest.com\/es\/#\/schema\/person\/f66d2b5dae2cd0a989ab720dd211d2a9","name":"Resest","image":{"@type":"ImageObject","inLanguage":"es","@id":"https:\/\/resest.com\/es\/#\/schema\/person\/image\/","url":"https:\/\/secure.gravatar.com\/avatar\/a5d542eca874617a8a62a45c724821a615f770cf5bde5e61a93a7a2562faba7a?s=96&d=mm&r=g","contentUrl":"https:\/\/secure.gravatar.com\/avatar\/a5d542eca874617a8a62a45c724821a615f770cf5bde5e61a93a7a2562faba7a?s=96&d=mm&r=g","caption":"Resest"},"url":"https:\/\/resest.com\/es\/author\/resest\/"}]}},"_links":{"self":[{"href":"https:\/\/resest.com\/es\/wp-json\/wp\/v2\/posts\/2222","targetHints":{"allow":["GET"]}}],"collection":[{"href":"https:\/\/resest.com\/es\/wp-json\/wp\/v2\/posts"}],"about":[{"href":"https:\/\/resest.com\/es\/wp-json\/wp\/v2\/types\/post"}],"author":[{"embeddable":true,"href":"https:\/\/resest.com\/es\/wp-json\/wp\/v2\/users\/3"}],"replies":[{"embeddable":true,"href":"https:\/\/resest.com\/es\/wp-json\/wp\/v2\/comments?post=2222"}],"version-history":[{"count":0,"href":"https:\/\/resest.com\/es\/wp-json\/wp\/v2\/posts\/2222\/revisions"}],"wp:attachment":[{"href":"https:\/\/resest.com\/es\/wp-json\/wp\/v2\/media?parent=2222"}],"wp:term":[{"taxonomy":"category","embeddable":true,"href":"https:\/\/resest.com\/es\/wp-json\/wp\/v2\/categories?post=2222"},{"taxonomy":"post_tag","embeddable":true,"href":"https:\/\/resest.com\/es\/wp-json\/wp\/v2\/tags?post=2222"}],"curies":[{"name":"wp","href":"https:\/\/api.w.org\/{rel}","templated":true}]}}