{"id":2217,"date":"2014-05-20T11:45:48","date_gmt":"2014-05-20T10:45:48","guid":{"rendered":"http:\/\/www.resest.com\/?p=1647"},"modified":"2015-01-19T10:27:22","modified_gmt":"2015-01-19T09:27:22","slug":"resest-propone-fiesta-seriefilos-2","status":"publish","type":"post","link":"https:\/\/resest.com\/es\/blog-es\/resest-propone-fiesta-seriefilos-2\/","title":{"rendered":"Llega la gran fiesta de los seri\u00e9filos"},"content":{"rendered":"<p>Llega la gran fiesta de las series en Sabadell: por primera vez tus series favoritas y otras in\u00e9ditas para descubrir, en pantalla grande, versi\u00f3n original y entrada gratis.<\/p>\n<p><img loading=\"lazy\" decoding=\"async\" title=\"verkami_70f98d13362f5b07aa9060fbbb39831c\" src=\"http:\/\/www.resest.com\/wp-content\/uploads\/verkami_70f98d13362f5b07aa9060fbbb39831c.jpg\" alt=\"\" width=\"360\" height=\"508\" \/><\/p>\n<p>Durante la semana podr\u00e9is disfrutar de todo\u00a0lo que\u00a0rodea las ficciones televisivas:<\/p>\n<p dir=\"ltr\">. Debate y coloquios<\/p>\n<p dir=\"ltr\">. Coleccionismo<\/p>\n<p dir=\"ltr\">. Performance<\/p>\n<p dir=\"ltr\">. Talleres<\/p>\n<p dir=\"ltr\">. Gastronom\u00eda\u00a0y m\u00fasica de series<\/p>\n<p dir=\"ltr\">Des de \u00ab<span style=\"text-decoration: underline;\"><strong><a href=\"https:\/\/www.facebook.com\/interferenciesculturacreativa\" target=\"_blank\">Interfer\u00e8ncies<\/a><\/strong><\/span><strong><a href=\"https:\/\/www.facebook.com\/interferenciesculturacreativa\" target=\"_blank\">\u00ab<\/a><\/strong> cultura creativa se promueve el di\u00e1logo y la participaci\u00f3n acerca de un tema que ocupa un lugar importante dentro de nuestras vidas: las series, uno de los productos culturales m\u00e1s celebrados del momento, con un \u00e9xito de p\u00fablico y de cr\u00edtica incuestionables.<\/p>\n<p>\u00a0Del 23 de mayo al 1 de junio<\/p>\n<p dir=\"ltr\">Fuente: <strong><a href=\"http:\/\/www.festivaldeseries.cat\/\">Festivaldeseries.cat<\/a><\/strong><\/p>\n","protected":false},"excerpt":{"rendered":"<p>Llega la gran fiesta de las series en Sabadell: por primera vez tus series favoritas y otras in\u00e9ditas para descubrir, en pantalla grande, versi\u00f3n original y entrada gratis. Durante la semana podr\u00e9is disfrutar de todo\u00a0lo que\u00a0rodea las ficciones televisivas: . Debate y coloquios . Coleccionismo . Performance . Talleres . Gastronom\u00eda\u00a0y m\u00fasica de series Des&hellip;<\/p>\n","protected":false},"author":3,"featured_media":0,"comment_status":"open","ping_status":"open","sticky":false,"template":"","format":"standard","meta":{"footnotes":""},"categories":[1],"tags":[],"class_list":["post-2217","post","type-post","status-publish","format-standard","hentry","category-blog-es","entry","no-media"],"yoast_head":"<!-- This site is optimized with the Yoast SEO plugin v26.4 - https:\/\/yoast.com\/wordpress\/plugins\/seo\/ -->\n<title>Fiesta de los seri\u00e9filos para los residentes en Resest<\/title>\n<meta name=\"description\" content=\"Si te gustan las series y resides cerca de Sabadell como los estudiantes alojados en Resest podr\u00e1s asistir a este gran evento dedicado a todos ellos.\" \/>\n<meta name=\"robots\" content=\"index, follow, max-snippet:-1, max-image-preview:large, max-video-preview:-1\" \/>\n<link rel=\"canonical\" href=\"https:\/\/resest.com\/es\/blog-es\/resest-propone-fiesta-seriefilos-2\/\" \/>\n<meta property=\"og:locale\" content=\"es_ES\" \/>\n<meta property=\"og:type\" content=\"article\" \/>\n<meta property=\"og:title\" content=\"Fiesta de los seri\u00e9filos para los residentes en Resest\" \/>\n<meta property=\"og:description\" content=\"Si te gustan las series y resides cerca de Sabadell como los estudiantes alojados en Resest podr\u00e1s asistir a este gran evento dedicado a todos ellos.\" \/>\n<meta property=\"og:url\" content=\"https:\/\/resest.com\/es\/blog-es\/resest-propone-fiesta-seriefilos-2\/\" \/>\n<meta property=\"og:site_name\" content=\"Resid\u00e8ncia d&#039;Estudiants l&#039;Estaci\u00f3 de Sabadell | Resest\" \/>\n<meta property=\"article:published_time\" content=\"2014-05-20T10:45:48+00:00\" \/>\n<meta property=\"article:modified_time\" content=\"2015-01-19T09:27:22+00:00\" \/>\n<meta property=\"og:image\" content=\"http:\/\/www.resest.com\/wp-content\/uploads\/verkami_70f98d13362f5b07aa9060fbbb39831c.jpg\" \/>\n<meta name=\"author\" content=\"Resest\" \/>\n<meta name=\"twitter:label1\" content=\"Escrito por\" \/>\n\t<meta name=\"twitter:data1\" content=\"Resest\" \/>\n\t<meta name=\"twitter:label2\" content=\"Tiempo de lectura\" \/>\n\t<meta name=\"twitter:data2\" content=\"1 minuto\" \/>\n<script type=\"application\/ld+json\" class=\"yoast-schema-graph\">{\"@context\":\"https:\/\/schema.org\",\"@graph\":[{\"@type\":\"Article\",\"@id\":\"https:\/\/resest.com\/es\/blog-es\/resest-propone-fiesta-seriefilos-2\/#article\",\"isPartOf\":{\"@id\":\"https:\/\/resest.com\/es\/blog-es\/resest-propone-fiesta-seriefilos-2\/\"},\"author\":{\"name\":\"Resest\",\"@id\":\"https:\/\/resest.com\/es\/#\/schema\/person\/f66d2b5dae2cd0a989ab720dd211d2a9\"},\"headline\":\"Llega la gran fiesta de los seri\u00e9filos\",\"datePublished\":\"2014-05-20T10:45:48+00:00\",\"dateModified\":\"2015-01-19T09:27:22+00:00\",\"mainEntityOfPage\":{\"@id\":\"https:\/\/resest.com\/es\/blog-es\/resest-propone-fiesta-seriefilos-2\/\"},\"wordCount\":125,\"commentCount\":0,\"publisher\":{\"@id\":\"https:\/\/resest.com\/es\/#organization\"},\"image\":{\"@id\":\"https:\/\/resest.com\/es\/blog-es\/resest-propone-fiesta-seriefilos-2\/#primaryimage\"},\"thumbnailUrl\":\"http:\/\/www.resest.com\/wp-content\/uploads\/verkami_70f98d13362f5b07aa9060fbbb39831c.jpg\",\"articleSection\":[\"Blog\"],\"inLanguage\":\"es\",\"potentialAction\":[{\"@type\":\"CommentAction\",\"name\":\"Comment\",\"target\":[\"https:\/\/resest.com\/es\/blog-es\/resest-propone-fiesta-seriefilos-2\/#respond\"]}]},{\"@type\":\"WebPage\",\"@id\":\"https:\/\/resest.com\/es\/blog-es\/resest-propone-fiesta-seriefilos-2\/\",\"url\":\"https:\/\/resest.com\/es\/blog-es\/resest-propone-fiesta-seriefilos-2\/\",\"name\":\"Fiesta de los seri\u00e9filos para los residentes en Resest\",\"isPartOf\":{\"@id\":\"https:\/\/resest.com\/es\/#website\"},\"primaryImageOfPage\":{\"@id\":\"https:\/\/resest.com\/es\/blog-es\/resest-propone-fiesta-seriefilos-2\/#primaryimage\"},\"image\":{\"@id\":\"https:\/\/resest.com\/es\/blog-es\/resest-propone-fiesta-seriefilos-2\/#primaryimage\"},\"thumbnailUrl\":\"http:\/\/www.resest.com\/wp-content\/uploads\/verkami_70f98d13362f5b07aa9060fbbb39831c.jpg\",\"datePublished\":\"2014-05-20T10:45:48+00:00\",\"dateModified\":\"2015-01-19T09:27:22+00:00\",\"description\":\"Si te gustan las series y resides cerca de Sabadell como los estudiantes alojados en Resest podr\u00e1s asistir a este gran evento dedicado a todos ellos.\",\"breadcrumb\":{\"@id\":\"https:\/\/resest.com\/es\/blog-es\/resest-propone-fiesta-seriefilos-2\/#breadcrumb\"},\"inLanguage\":\"es\",\"potentialAction\":[{\"@type\":\"ReadAction\",\"target\":[\"https:\/\/resest.com\/es\/blog-es\/resest-propone-fiesta-seriefilos-2\/\"]}]},{\"@type\":\"ImageObject\",\"inLanguage\":\"es\",\"@id\":\"https:\/\/resest.com\/es\/blog-es\/resest-propone-fiesta-seriefilos-2\/#primaryimage\",\"url\":\"http:\/\/www.resest.com\/wp-content\/uploads\/verkami_70f98d13362f5b07aa9060fbbb39831c.jpg\",\"contentUrl\":\"http:\/\/www.resest.com\/wp-content\/uploads\/verkami_70f98d13362f5b07aa9060fbbb39831c.jpg\"},{\"@type\":\"BreadcrumbList\",\"@id\":\"https:\/\/resest.com\/es\/blog-es\/resest-propone-fiesta-seriefilos-2\/#breadcrumb\",\"itemListElement\":[{\"@type\":\"ListItem\",\"position\":1,\"name\":\"Inici\",\"item\":\"https:\/\/resest.com\/es\/\"},{\"@type\":\"ListItem\",\"position\":2,\"name\":\"Llega la gran fiesta de los seri\u00e9filos\"}]},{\"@type\":\"WebSite\",\"@id\":\"https:\/\/resest.com\/es\/#website\",\"url\":\"https:\/\/resest.com\/es\/\",\"name\":\"Resid\u00e8ncia d&#039;Estudiants l&#039;Estaci\u00f3 de Sabadell | Resest\",\"description\":\"Otro sitio realizado con WordPress\",\"publisher\":{\"@id\":\"https:\/\/resest.com\/es\/#organization\"},\"potentialAction\":[{\"@type\":\"SearchAction\",\"target\":{\"@type\":\"EntryPoint\",\"urlTemplate\":\"https:\/\/resest.com\/es\/?s={search_term_string}\"},\"query-input\":{\"@type\":\"PropertyValueSpecification\",\"valueRequired\":true,\"valueName\":\"search_term_string\"}}],\"inLanguage\":\"es\"},{\"@type\":\"Organization\",\"@id\":\"https:\/\/resest.com\/es\/#organization\",\"name\":\"Resid\u00e8ncia d&#039;Estudiants l&#039;Estaci\u00f3 de Sabadell | Resest\",\"url\":\"https:\/\/resest.com\/es\/\",\"logo\":{\"@type\":\"ImageObject\",\"inLanguage\":\"es\",\"@id\":\"https:\/\/resest.com\/es\/#\/schema\/logo\/image\/\",\"url\":\"https:\/\/resest.com\/wp-content\/uploads\/2024\/03\/Facana-1.jpg\",\"contentUrl\":\"https:\/\/resest.com\/wp-content\/uploads\/2024\/03\/Facana-1.jpg\",\"width\":1200,\"height\":1009,\"caption\":\"Resid\u00e8ncia d&#039;Estudiants l&#039;Estaci\u00f3 de Sabadell | Resest\"},\"image\":{\"@id\":\"https:\/\/resest.com\/es\/#\/schema\/logo\/image\/\"}},{\"@type\":\"Person\",\"@id\":\"https:\/\/resest.com\/es\/#\/schema\/person\/f66d2b5dae2cd0a989ab720dd211d2a9\",\"name\":\"Resest\",\"image\":{\"@type\":\"ImageObject\",\"inLanguage\":\"es\",\"@id\":\"https:\/\/resest.com\/es\/#\/schema\/person\/image\/\",\"url\":\"https:\/\/secure.gravatar.com\/avatar\/a5d542eca874617a8a62a45c724821a615f770cf5bde5e61a93a7a2562faba7a?s=96&d=mm&r=g\",\"contentUrl\":\"https:\/\/secure.gravatar.com\/avatar\/a5d542eca874617a8a62a45c724821a615f770cf5bde5e61a93a7a2562faba7a?s=96&d=mm&r=g\",\"caption\":\"Resest\"},\"url\":\"https:\/\/resest.com\/es\/author\/resest\/\"}]}<\/script>\n<!-- \/ Yoast SEO plugin. -->","yoast_head_json":{"title":"Fiesta de los seri\u00e9filos para los residentes en Resest","description":"Si te gustan las series y resides cerca de Sabadell como los estudiantes alojados en Resest podr\u00e1s asistir a este gran evento dedicado a todos ellos.","robots":{"index":"index","follow":"follow","max-snippet":"max-snippet:-1","max-image-preview":"max-image-preview:large","max-video-preview":"max-video-preview:-1"},"canonical":"https:\/\/resest.com\/es\/blog-es\/resest-propone-fiesta-seriefilos-2\/","og_locale":"es_ES","og_type":"article","og_title":"Fiesta de los seri\u00e9filos para los residentes en Resest","og_description":"Si te gustan las series y resides cerca de Sabadell como los estudiantes alojados en Resest podr\u00e1s asistir a este gran evento dedicado a todos ellos.","og_url":"https:\/\/resest.com\/es\/blog-es\/resest-propone-fiesta-seriefilos-2\/","og_site_name":"Resid\u00e8ncia d&#039;Estudiants l&#039;Estaci\u00f3 de Sabadell | Resest","article_published_time":"2014-05-20T10:45:48+00:00","article_modified_time":"2015-01-19T09:27:22+00:00","og_image":[{"url":"http:\/\/www.resest.com\/wp-content\/uploads\/verkami_70f98d13362f5b07aa9060fbbb39831c.jpg","type":"","width":"","height":""}],"author":"Resest","twitter_misc":{"Escrito por":"Resest","Tiempo de lectura":"1 minuto"},"schema":{"@context":"https:\/\/schema.org","@graph":[{"@type":"Article","@id":"https:\/\/resest.com\/es\/blog-es\/resest-propone-fiesta-seriefilos-2\/#article","isPartOf":{"@id":"https:\/\/resest.com\/es\/blog-es\/resest-propone-fiesta-seriefilos-2\/"},"author":{"name":"Resest","@id":"https:\/\/resest.com\/es\/#\/schema\/person\/f66d2b5dae2cd0a989ab720dd211d2a9"},"headline":"Llega la gran fiesta de los seri\u00e9filos","datePublished":"2014-05-20T10:45:48+00:00","dateModified":"2015-01-19T09:27:22+00:00","mainEntityOfPage":{"@id":"https:\/\/resest.com\/es\/blog-es\/resest-propone-fiesta-seriefilos-2\/"},"wordCount":125,"commentCount":0,"publisher":{"@id":"https:\/\/resest.com\/es\/#organization"},"image":{"@id":"https:\/\/resest.com\/es\/blog-es\/resest-propone-fiesta-seriefilos-2\/#primaryimage"},"thumbnailUrl":"http:\/\/www.resest.com\/wp-content\/uploads\/verkami_70f98d13362f5b07aa9060fbbb39831c.jpg","articleSection":["Blog"],"inLanguage":"es","potentialAction":[{"@type":"CommentAction","name":"Comment","target":["https:\/\/resest.com\/es\/blog-es\/resest-propone-fiesta-seriefilos-2\/#respond"]}]},{"@type":"WebPage","@id":"https:\/\/resest.com\/es\/blog-es\/resest-propone-fiesta-seriefilos-2\/","url":"https:\/\/resest.com\/es\/blog-es\/resest-propone-fiesta-seriefilos-2\/","name":"Fiesta de los seri\u00e9filos para los residentes en Resest","isPartOf":{"@id":"https:\/\/resest.com\/es\/#website"},"primaryImageOfPage":{"@id":"https:\/\/resest.com\/es\/blog-es\/resest-propone-fiesta-seriefilos-2\/#primaryimage"},"image":{"@id":"https:\/\/resest.com\/es\/blog-es\/resest-propone-fiesta-seriefilos-2\/#primaryimage"},"thumbnailUrl":"http:\/\/www.resest.com\/wp-content\/uploads\/verkami_70f98d13362f5b07aa9060fbbb39831c.jpg","datePublished":"2014-05-20T10:45:48+00:00","dateModified":"2015-01-19T09:27:22+00:00","description":"Si te gustan las series y resides cerca de Sabadell como los estudiantes alojados en Resest podr\u00e1s asistir a este gran evento dedicado a todos ellos.","breadcrumb":{"@id":"https:\/\/resest.com\/es\/blog-es\/resest-propone-fiesta-seriefilos-2\/#breadcrumb"},"inLanguage":"es","potentialAction":[{"@type":"ReadAction","target":["https:\/\/resest.com\/es\/blog-es\/resest-propone-fiesta-seriefilos-2\/"]}]},{"@type":"ImageObject","inLanguage":"es","@id":"https:\/\/resest.com\/es\/blog-es\/resest-propone-fiesta-seriefilos-2\/#primaryimage","url":"http:\/\/www.resest.com\/wp-content\/uploads\/verkami_70f98d13362f5b07aa9060fbbb39831c.jpg","contentUrl":"http:\/\/www.resest.com\/wp-content\/uploads\/verkami_70f98d13362f5b07aa9060fbbb39831c.jpg"},{"@type":"BreadcrumbList","@id":"https:\/\/resest.com\/es\/blog-es\/resest-propone-fiesta-seriefilos-2\/#breadcrumb","itemListElement":[{"@type":"ListItem","position":1,"name":"Inici","item":"https:\/\/resest.com\/es\/"},{"@type":"ListItem","position":2,"name":"Llega la gran fiesta de los seri\u00e9filos"}]},{"@type":"WebSite","@id":"https:\/\/resest.com\/es\/#website","url":"https:\/\/resest.com\/es\/","name":"Resid\u00e8ncia d&#039;Estudiants l&#039;Estaci\u00f3 de Sabadell | Resest","description":"Otro sitio realizado con WordPress","publisher":{"@id":"https:\/\/resest.com\/es\/#organization"},"potentialAction":[{"@type":"SearchAction","target":{"@type":"EntryPoint","urlTemplate":"https:\/\/resest.com\/es\/?s={search_term_string}"},"query-input":{"@type":"PropertyValueSpecification","valueRequired":true,"valueName":"search_term_string"}}],"inLanguage":"es"},{"@type":"Organization","@id":"https:\/\/resest.com\/es\/#organization","name":"Resid\u00e8ncia d&#039;Estudiants l&#039;Estaci\u00f3 de Sabadell | Resest","url":"https:\/\/resest.com\/es\/","logo":{"@type":"ImageObject","inLanguage":"es","@id":"https:\/\/resest.com\/es\/#\/schema\/logo\/image\/","url":"https:\/\/resest.com\/wp-content\/uploads\/2024\/03\/Facana-1.jpg","contentUrl":"https:\/\/resest.com\/wp-content\/uploads\/2024\/03\/Facana-1.jpg","width":1200,"height":1009,"caption":"Resid\u00e8ncia d&#039;Estudiants l&#039;Estaci\u00f3 de Sabadell | Resest"},"image":{"@id":"https:\/\/resest.com\/es\/#\/schema\/logo\/image\/"}},{"@type":"Person","@id":"https:\/\/resest.com\/es\/#\/schema\/person\/f66d2b5dae2cd0a989ab720dd211d2a9","name":"Resest","image":{"@type":"ImageObject","inLanguage":"es","@id":"https:\/\/resest.com\/es\/#\/schema\/person\/image\/","url":"https:\/\/secure.gravatar.com\/avatar\/a5d542eca874617a8a62a45c724821a615f770cf5bde5e61a93a7a2562faba7a?s=96&d=mm&r=g","contentUrl":"https:\/\/secure.gravatar.com\/avatar\/a5d542eca874617a8a62a45c724821a615f770cf5bde5e61a93a7a2562faba7a?s=96&d=mm&r=g","caption":"Resest"},"url":"https:\/\/resest.com\/es\/author\/resest\/"}]}},"_links":{"self":[{"href":"https:\/\/resest.com\/es\/wp-json\/wp\/v2\/posts\/2217","targetHints":{"allow":["GET"]}}],"collection":[{"href":"https:\/\/resest.com\/es\/wp-json\/wp\/v2\/posts"}],"about":[{"href":"https:\/\/resest.com\/es\/wp-json\/wp\/v2\/types\/post"}],"author":[{"embeddable":true,"href":"https:\/\/resest.com\/es\/wp-json\/wp\/v2\/users\/3"}],"replies":[{"embeddable":true,"href":"https:\/\/resest.com\/es\/wp-json\/wp\/v2\/comments?post=2217"}],"version-history":[{"count":0,"href":"https:\/\/resest.com\/es\/wp-json\/wp\/v2\/posts\/2217\/revisions"}],"wp:attachment":[{"href":"https:\/\/resest.com\/es\/wp-json\/wp\/v2\/media?parent=2217"}],"wp:term":[{"taxonomy":"category","embeddable":true,"href":"https:\/\/resest.com\/es\/wp-json\/wp\/v2\/categories?post=2217"},{"taxonomy":"post_tag","embeddable":true,"href":"https:\/\/resest.com\/es\/wp-json\/wp\/v2\/tags?post=2217"}],"curies":[{"name":"wp","href":"https:\/\/api.w.org\/{rel}","templated":true}]}}