{"id":2216,"date":"2014-05-14T10:26:54","date_gmt":"2014-05-14T09:26:54","guid":{"rendered":"http:\/\/www.resest.com\/?p=1631"},"modified":"2018-07-20T08:34:06","modified_gmt":"2018-07-20T07:34:06","slug":"medievalia-fiesta-en-sabadell-2","status":"publish","type":"post","link":"https:\/\/resest.com\/es\/blog-es\/medievalia-fiesta-en-sabadell-2\/","title":{"rendered":"\u00a1Llega a Sabadell la Feria Medievalia!"},"content":{"rendered":"<p>La decimoctava edici\u00f3n de <strong><a href=\"http:\/\/www.isabadell.cat\/tag\/medievalia\/\" target=\"_blank\" rel=\"noopener\">Mediev\u00e0lia<\/a><\/strong>, se pondr\u00e1 en marcha el pr\u00f3ximo viernes 16 de mayo a las 5 de la tarde y hasta domingo 18 de mayo, transformando las calles del <a href=\"http:\/\/www.mercatcentralsabadell.com\/\" target=\"_blank\" rel=\"noopener\"><strong>Mercado Central de Sabadel<\/strong>l<\/a>, en un mercado con paradas medievales, espect\u00e1culos y demostraciones de oficios.<\/p>\n<p><img loading=\"lazy\" decoding=\"async\" title=\"medievalia\" src=\"http:\/\/www.resest.com\/wp-content\/uploads\/medievalia.jpg\" alt=\"\" width=\"309\" height=\"426\" \/><\/p>\n<p>\u201cAmics de Mediev\u00e0lia\u201d han contado por esta edici\u00f3n con varias entidades de Sabadell que se han involucrado para hacer crecer Mediev\u00e0lia. Es el caso de los \u201cBastoners\u201d que celebran su aniversario, con una exhibici\u00f3n de baile. El grupo de teatro \u201cEl Ciervo\u201d y el \u201cCentro Asana\u201d, entre otros, contin\u00faan colaborando un a\u00f1o m\u00e1s con el encuentro medieval.<\/p>\n<p>A partir de s\u00e1bado por la tarde se podr\u00e1 ver una demostraci\u00f3n de construcci\u00f3n de colmenas de abejas, demostraci\u00f3n del oficio de los vitrales, de forjador, de cestero y de picapedrero entre otros.<\/p>\n<p>Al mismo tiempo que las demostraciones, se realizar\u00e1n talleres de dibujo, de vitrales, de confecci\u00f3n de un juguete con ca\u00f1as de r\u00edo, de modelado en barro y joyer\u00eda y un taller de confecci\u00f3n de velas con cera de abeja.<\/p>\n<p>Este a\u00f1o, como novedad, se ha editado un programa de las actividades que se realizar\u00e1n durante todo el fin de semana y que contar\u00e1n con combates de luchadores, espect\u00e1culos itinerantes, malabares, t\u00edteres, tiro al arco, cuentos, degustaci\u00f3n de <strong><a href=\"http:\/\/www.isabadell.cat\/sabadell\/societat\/medievalia-escalfa-motors-amb-el-concurs-de-cuina-medieval\/\" target=\"_blank\" rel=\"noopener\">cocina medieval<\/a><\/strong>, paseadas en burro, \u201cbastoners\u201d, danzas de Bollywood y un concurso de disfraces medievales. Pod\u00e9is consultar todos los horarios al <strong><a href=\"https:\/\/www.facebook.com\/medievaliasabadell\" target=\"_blank\" rel=\"noopener\">Facebook de Medievalia<\/a><\/strong>.<\/p>\n<p>Font:<strong><a title=\"Medievalia\" href=\"http:\/\/www.isabadell.cat\/portada\/medievalia-comenca-amb-forca-al-mercat-central\/\" target=\"_blank\" rel=\"noopener\"> iSabadell<\/a><\/strong><\/p>\n<p>Visita nuestra\u00a0<a href=\"https:\/\/resest.com\/\">web<\/a>\u00a0y\u00a0<a href=\"https:\/\/resest.com\/serveis\/\">servicios<\/a>\u00a0para m\u00e1s informaci\u00f3n sobre la Residencia de Estudiantes en Sabadell. Tambi\u00e9n puedes\u00a0<a href=\"https:\/\/resest.com\/contactar\/\">contactar<\/a>\u00a0directamente con nosotros.<\/p>\n","protected":false},"excerpt":{"rendered":"<p>La decimoctava edici\u00f3n de Mediev\u00e0lia, se pondr\u00e1 en marcha el pr\u00f3ximo viernes 16 de mayo a las 5 de la tarde y hasta domingo 18 de mayo, transformando las calles del Mercado Central de Sabadell, en un mercado con paradas medievales, espect\u00e1culos y demostraciones de oficios. \u201cAmics de Mediev\u00e0lia\u201d han contado por esta edici\u00f3n con&hellip;<\/p>\n","protected":false},"author":3,"featured_media":0,"comment_status":"closed","ping_status":"open","sticky":false,"template":"","format":"standard","meta":{"footnotes":""},"categories":[1],"tags":[],"class_list":["post-2216","post","type-post","status-publish","format-standard","hentry","category-blog-es","entry","no-media"],"yoast_head":"<!-- This site is optimized with the Yoast SEO plugin v26.4 - https:\/\/yoast.com\/wordpress\/plugins\/seo\/ -->\n<title>Residencia Estudiantes Sabadell con Medievalia<\/title>\n<meta name=\"description\" content=\"Disfruta de las fiestas de Sabadell, ciudad de la Residencia Resest donde ofrecen todo tipo de ocio socio-cultural, esta vez la feria Medievalia.\" \/>\n<meta name=\"robots\" content=\"index, follow, max-snippet:-1, max-image-preview:large, max-video-preview:-1\" \/>\n<link rel=\"canonical\" href=\"https:\/\/resest.com\/es\/blog-es\/medievalia-fiesta-en-sabadell-2\/\" \/>\n<meta property=\"og:locale\" content=\"es_ES\" \/>\n<meta property=\"og:type\" content=\"article\" \/>\n<meta property=\"og:title\" content=\"Residencia Estudiantes Sabadell con Medievalia\" \/>\n<meta property=\"og:description\" content=\"Disfruta de las fiestas de Sabadell, ciudad de la Residencia Resest donde ofrecen todo tipo de ocio socio-cultural, esta vez la feria Medievalia.\" \/>\n<meta property=\"og:url\" content=\"https:\/\/resest.com\/es\/blog-es\/medievalia-fiesta-en-sabadell-2\/\" \/>\n<meta property=\"og:site_name\" content=\"Resid\u00e8ncia d&#039;Estudiants l&#039;Estaci\u00f3 de Sabadell | Resest\" \/>\n<meta property=\"article:published_time\" content=\"2014-05-14T09:26:54+00:00\" \/>\n<meta property=\"article:modified_time\" content=\"2018-07-20T07:34:06+00:00\" \/>\n<meta property=\"og:image\" content=\"http:\/\/www.resest.com\/wp-content\/uploads\/medievalia.jpg\" \/>\n<meta name=\"author\" content=\"Resest\" \/>\n<meta name=\"twitter:label1\" content=\"Escrito por\" \/>\n\t<meta name=\"twitter:data1\" content=\"Resest\" \/>\n\t<meta name=\"twitter:label2\" content=\"Tiempo de lectura\" \/>\n\t<meta name=\"twitter:data2\" content=\"1 minuto\" \/>\n<script type=\"application\/ld+json\" class=\"yoast-schema-graph\">{\"@context\":\"https:\/\/schema.org\",\"@graph\":[{\"@type\":\"Article\",\"@id\":\"https:\/\/resest.com\/es\/blog-es\/medievalia-fiesta-en-sabadell-2\/#article\",\"isPartOf\":{\"@id\":\"https:\/\/resest.com\/es\/blog-es\/medievalia-fiesta-en-sabadell-2\/\"},\"author\":{\"name\":\"Resest\",\"@id\":\"https:\/\/resest.com\/es\/#\/schema\/person\/f66d2b5dae2cd0a989ab720dd211d2a9\"},\"headline\":\"\u00a1Llega a Sabadell la Feria Medievalia!\",\"datePublished\":\"2014-05-14T09:26:54+00:00\",\"dateModified\":\"2018-07-20T07:34:06+00:00\",\"mainEntityOfPage\":{\"@id\":\"https:\/\/resest.com\/es\/blog-es\/medievalia-fiesta-en-sabadell-2\/\"},\"wordCount\":294,\"publisher\":{\"@id\":\"https:\/\/resest.com\/es\/#organization\"},\"image\":{\"@id\":\"https:\/\/resest.com\/es\/blog-es\/medievalia-fiesta-en-sabadell-2\/#primaryimage\"},\"thumbnailUrl\":\"http:\/\/www.resest.com\/wp-content\/uploads\/medievalia.jpg\",\"articleSection\":[\"Blog\"],\"inLanguage\":\"es\"},{\"@type\":\"WebPage\",\"@id\":\"https:\/\/resest.com\/es\/blog-es\/medievalia-fiesta-en-sabadell-2\/\",\"url\":\"https:\/\/resest.com\/es\/blog-es\/medievalia-fiesta-en-sabadell-2\/\",\"name\":\"Residencia Estudiantes Sabadell con Medievalia\",\"isPartOf\":{\"@id\":\"https:\/\/resest.com\/es\/#website\"},\"primaryImageOfPage\":{\"@id\":\"https:\/\/resest.com\/es\/blog-es\/medievalia-fiesta-en-sabadell-2\/#primaryimage\"},\"image\":{\"@id\":\"https:\/\/resest.com\/es\/blog-es\/medievalia-fiesta-en-sabadell-2\/#primaryimage\"},\"thumbnailUrl\":\"http:\/\/www.resest.com\/wp-content\/uploads\/medievalia.jpg\",\"datePublished\":\"2014-05-14T09:26:54+00:00\",\"dateModified\":\"2018-07-20T07:34:06+00:00\",\"description\":\"Disfruta de las fiestas de Sabadell, ciudad de la Residencia Resest donde ofrecen todo tipo de ocio socio-cultural, esta vez la feria Medievalia.\",\"breadcrumb\":{\"@id\":\"https:\/\/resest.com\/es\/blog-es\/medievalia-fiesta-en-sabadell-2\/#breadcrumb\"},\"inLanguage\":\"es\",\"potentialAction\":[{\"@type\":\"ReadAction\",\"target\":[\"https:\/\/resest.com\/es\/blog-es\/medievalia-fiesta-en-sabadell-2\/\"]}]},{\"@type\":\"ImageObject\",\"inLanguage\":\"es\",\"@id\":\"https:\/\/resest.com\/es\/blog-es\/medievalia-fiesta-en-sabadell-2\/#primaryimage\",\"url\":\"http:\/\/www.resest.com\/wp-content\/uploads\/medievalia.jpg\",\"contentUrl\":\"http:\/\/www.resest.com\/wp-content\/uploads\/medievalia.jpg\"},{\"@type\":\"BreadcrumbList\",\"@id\":\"https:\/\/resest.com\/es\/blog-es\/medievalia-fiesta-en-sabadell-2\/#breadcrumb\",\"itemListElement\":[{\"@type\":\"ListItem\",\"position\":1,\"name\":\"Inici\",\"item\":\"https:\/\/resest.com\/es\/\"},{\"@type\":\"ListItem\",\"position\":2,\"name\":\"\u00a1Llega a Sabadell la Feria Medievalia!\"}]},{\"@type\":\"WebSite\",\"@id\":\"https:\/\/resest.com\/es\/#website\",\"url\":\"https:\/\/resest.com\/es\/\",\"name\":\"Resid\u00e8ncia d&#039;Estudiants l&#039;Estaci\u00f3 de Sabadell | Resest\",\"description\":\"Otro sitio realizado con WordPress\",\"publisher\":{\"@id\":\"https:\/\/resest.com\/es\/#organization\"},\"potentialAction\":[{\"@type\":\"SearchAction\",\"target\":{\"@type\":\"EntryPoint\",\"urlTemplate\":\"https:\/\/resest.com\/es\/?s={search_term_string}\"},\"query-input\":{\"@type\":\"PropertyValueSpecification\",\"valueRequired\":true,\"valueName\":\"search_term_string\"}}],\"inLanguage\":\"es\"},{\"@type\":\"Organization\",\"@id\":\"https:\/\/resest.com\/es\/#organization\",\"name\":\"Resid\u00e8ncia d&#039;Estudiants l&#039;Estaci\u00f3 de Sabadell | Resest\",\"url\":\"https:\/\/resest.com\/es\/\",\"logo\":{\"@type\":\"ImageObject\",\"inLanguage\":\"es\",\"@id\":\"https:\/\/resest.com\/es\/#\/schema\/logo\/image\/\",\"url\":\"https:\/\/resest.com\/wp-content\/uploads\/2024\/03\/Facana-1.jpg\",\"contentUrl\":\"https:\/\/resest.com\/wp-content\/uploads\/2024\/03\/Facana-1.jpg\",\"width\":1200,\"height\":1009,\"caption\":\"Resid\u00e8ncia d&#039;Estudiants l&#039;Estaci\u00f3 de Sabadell | Resest\"},\"image\":{\"@id\":\"https:\/\/resest.com\/es\/#\/schema\/logo\/image\/\"}},{\"@type\":\"Person\",\"@id\":\"https:\/\/resest.com\/es\/#\/schema\/person\/f66d2b5dae2cd0a989ab720dd211d2a9\",\"name\":\"Resest\",\"image\":{\"@type\":\"ImageObject\",\"inLanguage\":\"es\",\"@id\":\"https:\/\/resest.com\/es\/#\/schema\/person\/image\/\",\"url\":\"https:\/\/secure.gravatar.com\/avatar\/a5d542eca874617a8a62a45c724821a615f770cf5bde5e61a93a7a2562faba7a?s=96&d=mm&r=g\",\"contentUrl\":\"https:\/\/secure.gravatar.com\/avatar\/a5d542eca874617a8a62a45c724821a615f770cf5bde5e61a93a7a2562faba7a?s=96&d=mm&r=g\",\"caption\":\"Resest\"},\"url\":\"https:\/\/resest.com\/es\/author\/resest\/\"}]}<\/script>\n<!-- \/ Yoast SEO plugin. -->","yoast_head_json":{"title":"Residencia Estudiantes Sabadell con Medievalia","description":"Disfruta de las fiestas de Sabadell, ciudad de la Residencia Resest donde ofrecen todo tipo de ocio socio-cultural, esta vez la feria Medievalia.","robots":{"index":"index","follow":"follow","max-snippet":"max-snippet:-1","max-image-preview":"max-image-preview:large","max-video-preview":"max-video-preview:-1"},"canonical":"https:\/\/resest.com\/es\/blog-es\/medievalia-fiesta-en-sabadell-2\/","og_locale":"es_ES","og_type":"article","og_title":"Residencia Estudiantes Sabadell con Medievalia","og_description":"Disfruta de las fiestas de Sabadell, ciudad de la Residencia Resest donde ofrecen todo tipo de ocio socio-cultural, esta vez la feria Medievalia.","og_url":"https:\/\/resest.com\/es\/blog-es\/medievalia-fiesta-en-sabadell-2\/","og_site_name":"Resid\u00e8ncia d&#039;Estudiants l&#039;Estaci\u00f3 de Sabadell | Resest","article_published_time":"2014-05-14T09:26:54+00:00","article_modified_time":"2018-07-20T07:34:06+00:00","og_image":[{"url":"http:\/\/www.resest.com\/wp-content\/uploads\/medievalia.jpg","type":"","width":"","height":""}],"author":"Resest","twitter_misc":{"Escrito por":"Resest","Tiempo de lectura":"1 minuto"},"schema":{"@context":"https:\/\/schema.org","@graph":[{"@type":"Article","@id":"https:\/\/resest.com\/es\/blog-es\/medievalia-fiesta-en-sabadell-2\/#article","isPartOf":{"@id":"https:\/\/resest.com\/es\/blog-es\/medievalia-fiesta-en-sabadell-2\/"},"author":{"name":"Resest","@id":"https:\/\/resest.com\/es\/#\/schema\/person\/f66d2b5dae2cd0a989ab720dd211d2a9"},"headline":"\u00a1Llega a Sabadell la Feria Medievalia!","datePublished":"2014-05-14T09:26:54+00:00","dateModified":"2018-07-20T07:34:06+00:00","mainEntityOfPage":{"@id":"https:\/\/resest.com\/es\/blog-es\/medievalia-fiesta-en-sabadell-2\/"},"wordCount":294,"publisher":{"@id":"https:\/\/resest.com\/es\/#organization"},"image":{"@id":"https:\/\/resest.com\/es\/blog-es\/medievalia-fiesta-en-sabadell-2\/#primaryimage"},"thumbnailUrl":"http:\/\/www.resest.com\/wp-content\/uploads\/medievalia.jpg","articleSection":["Blog"],"inLanguage":"es"},{"@type":"WebPage","@id":"https:\/\/resest.com\/es\/blog-es\/medievalia-fiesta-en-sabadell-2\/","url":"https:\/\/resest.com\/es\/blog-es\/medievalia-fiesta-en-sabadell-2\/","name":"Residencia Estudiantes Sabadell con Medievalia","isPartOf":{"@id":"https:\/\/resest.com\/es\/#website"},"primaryImageOfPage":{"@id":"https:\/\/resest.com\/es\/blog-es\/medievalia-fiesta-en-sabadell-2\/#primaryimage"},"image":{"@id":"https:\/\/resest.com\/es\/blog-es\/medievalia-fiesta-en-sabadell-2\/#primaryimage"},"thumbnailUrl":"http:\/\/www.resest.com\/wp-content\/uploads\/medievalia.jpg","datePublished":"2014-05-14T09:26:54+00:00","dateModified":"2018-07-20T07:34:06+00:00","description":"Disfruta de las fiestas de Sabadell, ciudad de la Residencia Resest donde ofrecen todo tipo de ocio socio-cultural, esta vez la feria Medievalia.","breadcrumb":{"@id":"https:\/\/resest.com\/es\/blog-es\/medievalia-fiesta-en-sabadell-2\/#breadcrumb"},"inLanguage":"es","potentialAction":[{"@type":"ReadAction","target":["https:\/\/resest.com\/es\/blog-es\/medievalia-fiesta-en-sabadell-2\/"]}]},{"@type":"ImageObject","inLanguage":"es","@id":"https:\/\/resest.com\/es\/blog-es\/medievalia-fiesta-en-sabadell-2\/#primaryimage","url":"http:\/\/www.resest.com\/wp-content\/uploads\/medievalia.jpg","contentUrl":"http:\/\/www.resest.com\/wp-content\/uploads\/medievalia.jpg"},{"@type":"BreadcrumbList","@id":"https:\/\/resest.com\/es\/blog-es\/medievalia-fiesta-en-sabadell-2\/#breadcrumb","itemListElement":[{"@type":"ListItem","position":1,"name":"Inici","item":"https:\/\/resest.com\/es\/"},{"@type":"ListItem","position":2,"name":"\u00a1Llega a Sabadell la Feria Medievalia!"}]},{"@type":"WebSite","@id":"https:\/\/resest.com\/es\/#website","url":"https:\/\/resest.com\/es\/","name":"Resid\u00e8ncia d&#039;Estudiants l&#039;Estaci\u00f3 de Sabadell | Resest","description":"Otro sitio realizado con WordPress","publisher":{"@id":"https:\/\/resest.com\/es\/#organization"},"potentialAction":[{"@type":"SearchAction","target":{"@type":"EntryPoint","urlTemplate":"https:\/\/resest.com\/es\/?s={search_term_string}"},"query-input":{"@type":"PropertyValueSpecification","valueRequired":true,"valueName":"search_term_string"}}],"inLanguage":"es"},{"@type":"Organization","@id":"https:\/\/resest.com\/es\/#organization","name":"Resid\u00e8ncia d&#039;Estudiants l&#039;Estaci\u00f3 de Sabadell | Resest","url":"https:\/\/resest.com\/es\/","logo":{"@type":"ImageObject","inLanguage":"es","@id":"https:\/\/resest.com\/es\/#\/schema\/logo\/image\/","url":"https:\/\/resest.com\/wp-content\/uploads\/2024\/03\/Facana-1.jpg","contentUrl":"https:\/\/resest.com\/wp-content\/uploads\/2024\/03\/Facana-1.jpg","width":1200,"height":1009,"caption":"Resid\u00e8ncia d&#039;Estudiants l&#039;Estaci\u00f3 de Sabadell | Resest"},"image":{"@id":"https:\/\/resest.com\/es\/#\/schema\/logo\/image\/"}},{"@type":"Person","@id":"https:\/\/resest.com\/es\/#\/schema\/person\/f66d2b5dae2cd0a989ab720dd211d2a9","name":"Resest","image":{"@type":"ImageObject","inLanguage":"es","@id":"https:\/\/resest.com\/es\/#\/schema\/person\/image\/","url":"https:\/\/secure.gravatar.com\/avatar\/a5d542eca874617a8a62a45c724821a615f770cf5bde5e61a93a7a2562faba7a?s=96&d=mm&r=g","contentUrl":"https:\/\/secure.gravatar.com\/avatar\/a5d542eca874617a8a62a45c724821a615f770cf5bde5e61a93a7a2562faba7a?s=96&d=mm&r=g","caption":"Resest"},"url":"https:\/\/resest.com\/es\/author\/resest\/"}]}},"_links":{"self":[{"href":"https:\/\/resest.com\/es\/wp-json\/wp\/v2\/posts\/2216","targetHints":{"allow":["GET"]}}],"collection":[{"href":"https:\/\/resest.com\/es\/wp-json\/wp\/v2\/posts"}],"about":[{"href":"https:\/\/resest.com\/es\/wp-json\/wp\/v2\/types\/post"}],"author":[{"embeddable":true,"href":"https:\/\/resest.com\/es\/wp-json\/wp\/v2\/users\/3"}],"replies":[{"embeddable":true,"href":"https:\/\/resest.com\/es\/wp-json\/wp\/v2\/comments?post=2216"}],"version-history":[{"count":0,"href":"https:\/\/resest.com\/es\/wp-json\/wp\/v2\/posts\/2216\/revisions"}],"wp:attachment":[{"href":"https:\/\/resest.com\/es\/wp-json\/wp\/v2\/media?parent=2216"}],"wp:term":[{"taxonomy":"category","embeddable":true,"href":"https:\/\/resest.com\/es\/wp-json\/wp\/v2\/categories?post=2216"},{"taxonomy":"post_tag","embeddable":true,"href":"https:\/\/resest.com\/es\/wp-json\/wp\/v2\/tags?post=2216"}],"curies":[{"name":"wp","href":"https:\/\/api.w.org\/{rel}","templated":true}]}}