{"id":2214,"date":"2014-04-22T12:18:56","date_gmt":"2014-04-22T11:18:56","guid":{"rendered":"http:\/\/www.resest.com\/?p=1602"},"modified":"2015-01-19T10:34:47","modified_gmt":"2015-01-19T09:34:47","slug":"dia-del-libro-con-resest-2","status":"publish","type":"post","link":"https:\/\/resest.com\/es\/blog-es\/dia-del-libro-con-resest-2\/","title":{"rendered":"D\u00eda del libro con Resest"},"content":{"rendered":"<p style=\"text-align: center;\">La residencia de estudiantes en Sabadell, Barcelona y Bellaterra desea un feliz d\u00eda de Sant Jordi, fiesta tradicional en Catalu\u00f1a que invita a todo el mundo a salir a la calle a comprar libros y rosas:<\/p>\n<p style=\"text-align: center;\"><img loading=\"lazy\" decoding=\"async\" class=\"aligncenter\" title=\"Felicitaci\u00f3 Sant Jordi\" src=\"http:\/\/www.resest.com\/wp-content\/uploads\/Felicitaci\u00f3-Sant-Jordi.jpg\" alt=\"\" width=\"576\" height=\"432\" \/><\/p>\n<p>Visita nuestra\u00a0<a href=\"https:\/\/resest.com\/\">web<\/a>\u00a0y\u00a0<a href=\"https:\/\/resest.com\/serveis\/\">servicios<\/a>\u00a0para m\u00e1s informaci\u00f3n sobre la Residencia de Estudiantes en Sabadell. Tambi\u00e9n puedes\u00a0<a href=\"https:\/\/resest.com\/contactar\/\">contactar<\/a>\u00a0directamente con nosotros.<\/p>\n","protected":false},"excerpt":{"rendered":"<p>La residencia de estudiantes en Sabadell, Barcelona y Bellaterra desea un feliz d\u00eda de Sant Jordi, fiesta tradicional en Catalu\u00f1a que invita a todo el mundo a salir a la calle a comprar libros y rosas: Visita nuestra\u00a0web\u00a0y\u00a0servicios\u00a0para m\u00e1s informaci\u00f3n sobre la Residencia de Estudiantes en Sabadell. Tambi\u00e9n puedes\u00a0contactar\u00a0directamente con nosotros.<\/p>\n","protected":false},"author":3,"featured_media":0,"comment_status":"closed","ping_status":"open","sticky":false,"template":"","format":"standard","meta":{"footnotes":""},"categories":[1],"tags":[],"class_list":["post-2214","post","type-post","status-publish","format-standard","hentry","category-blog-es","entry","no-media"],"yoast_head":"<!-- This site is optimized with the Yoast SEO plugin v26.4 - https:\/\/yoast.com\/wordpress\/plugins\/seo\/ -->\n<title>Resest con Sant Jordi<\/title>\n<meta name=\"description\" content=\"Vivie con la residencia Resest este Sant Jordi 2014 por la zona de Sabadell, Barcelona y Bellaterra.\" \/>\n<meta name=\"robots\" content=\"index, follow, max-snippet:-1, max-image-preview:large, max-video-preview:-1\" \/>\n<link rel=\"canonical\" href=\"https:\/\/resest.com\/es\/blog-es\/dia-del-libro-con-resest-2\/\" \/>\n<meta property=\"og:locale\" content=\"es_ES\" \/>\n<meta property=\"og:type\" content=\"article\" \/>\n<meta property=\"og:title\" content=\"Resest con Sant Jordi\" \/>\n<meta property=\"og:description\" content=\"Vivie con la residencia Resest este Sant Jordi 2014 por la zona de Sabadell, Barcelona y Bellaterra.\" \/>\n<meta property=\"og:url\" content=\"https:\/\/resest.com\/es\/blog-es\/dia-del-libro-con-resest-2\/\" \/>\n<meta property=\"og:site_name\" content=\"Resid\u00e8ncia d&#039;Estudiants l&#039;Estaci\u00f3 de Sabadell | Resest\" \/>\n<meta property=\"article:published_time\" content=\"2014-04-22T11:18:56+00:00\" \/>\n<meta property=\"article:modified_time\" content=\"2015-01-19T09:34:47+00:00\" \/>\n<meta name=\"author\" content=\"Resest\" \/>\n<meta name=\"twitter:label1\" content=\"Escrito por\" \/>\n\t<meta name=\"twitter:data1\" content=\"Resest\" \/>\n<script type=\"application\/ld+json\" class=\"yoast-schema-graph\">{\"@context\":\"https:\/\/schema.org\",\"@graph\":[{\"@type\":\"Article\",\"@id\":\"https:\/\/resest.com\/es\/blog-es\/dia-del-libro-con-resest-2\/#article\",\"isPartOf\":{\"@id\":\"https:\/\/resest.com\/es\/blog-es\/dia-del-libro-con-resest-2\/\"},\"author\":{\"name\":\"Resest\",\"@id\":\"https:\/\/resest.com\/es\/#\/schema\/person\/f66d2b5dae2cd0a989ab720dd211d2a9\"},\"headline\":\"D\u00eda del libro con Resest\",\"datePublished\":\"2014-04-22T11:18:56+00:00\",\"dateModified\":\"2015-01-19T09:34:47+00:00\",\"mainEntityOfPage\":{\"@id\":\"https:\/\/resest.com\/es\/blog-es\/dia-del-libro-con-resest-2\/\"},\"wordCount\":68,\"publisher\":{\"@id\":\"https:\/\/resest.com\/es\/#organization\"},\"articleSection\":[\"Blog\"],\"inLanguage\":\"es\"},{\"@type\":\"WebPage\",\"@id\":\"https:\/\/resest.com\/es\/blog-es\/dia-del-libro-con-resest-2\/\",\"url\":\"https:\/\/resest.com\/es\/blog-es\/dia-del-libro-con-resest-2\/\",\"name\":\"Resest con Sant Jordi\",\"isPartOf\":{\"@id\":\"https:\/\/resest.com\/es\/#website\"},\"datePublished\":\"2014-04-22T11:18:56+00:00\",\"dateModified\":\"2015-01-19T09:34:47+00:00\",\"description\":\"Vivie con la residencia Resest este Sant Jordi 2014 por la zona de Sabadell, Barcelona y Bellaterra.\",\"breadcrumb\":{\"@id\":\"https:\/\/resest.com\/es\/blog-es\/dia-del-libro-con-resest-2\/#breadcrumb\"},\"inLanguage\":\"es\",\"potentialAction\":[{\"@type\":\"ReadAction\",\"target\":[\"https:\/\/resest.com\/es\/blog-es\/dia-del-libro-con-resest-2\/\"]}]},{\"@type\":\"BreadcrumbList\",\"@id\":\"https:\/\/resest.com\/es\/blog-es\/dia-del-libro-con-resest-2\/#breadcrumb\",\"itemListElement\":[{\"@type\":\"ListItem\",\"position\":1,\"name\":\"Inici\",\"item\":\"https:\/\/resest.com\/es\/\"},{\"@type\":\"ListItem\",\"position\":2,\"name\":\"D\u00eda del libro con Resest\"}]},{\"@type\":\"WebSite\",\"@id\":\"https:\/\/resest.com\/es\/#website\",\"url\":\"https:\/\/resest.com\/es\/\",\"name\":\"Resid\u00e8ncia d&#039;Estudiants l&#039;Estaci\u00f3 de Sabadell | Resest\",\"description\":\"Otro sitio realizado con WordPress\",\"publisher\":{\"@id\":\"https:\/\/resest.com\/es\/#organization\"},\"potentialAction\":[{\"@type\":\"SearchAction\",\"target\":{\"@type\":\"EntryPoint\",\"urlTemplate\":\"https:\/\/resest.com\/es\/?s={search_term_string}\"},\"query-input\":{\"@type\":\"PropertyValueSpecification\",\"valueRequired\":true,\"valueName\":\"search_term_string\"}}],\"inLanguage\":\"es\"},{\"@type\":\"Organization\",\"@id\":\"https:\/\/resest.com\/es\/#organization\",\"name\":\"Resid\u00e8ncia d&#039;Estudiants l&#039;Estaci\u00f3 de Sabadell | Resest\",\"url\":\"https:\/\/resest.com\/es\/\",\"logo\":{\"@type\":\"ImageObject\",\"inLanguage\":\"es\",\"@id\":\"https:\/\/resest.com\/es\/#\/schema\/logo\/image\/\",\"url\":\"https:\/\/resest.com\/wp-content\/uploads\/2024\/03\/Facana-1.jpg\",\"contentUrl\":\"https:\/\/resest.com\/wp-content\/uploads\/2024\/03\/Facana-1.jpg\",\"width\":1200,\"height\":1009,\"caption\":\"Resid\u00e8ncia d&#039;Estudiants l&#039;Estaci\u00f3 de Sabadell | Resest\"},\"image\":{\"@id\":\"https:\/\/resest.com\/es\/#\/schema\/logo\/image\/\"}},{\"@type\":\"Person\",\"@id\":\"https:\/\/resest.com\/es\/#\/schema\/person\/f66d2b5dae2cd0a989ab720dd211d2a9\",\"name\":\"Resest\",\"image\":{\"@type\":\"ImageObject\",\"inLanguage\":\"es\",\"@id\":\"https:\/\/resest.com\/es\/#\/schema\/person\/image\/\",\"url\":\"https:\/\/secure.gravatar.com\/avatar\/a5d542eca874617a8a62a45c724821a615f770cf5bde5e61a93a7a2562faba7a?s=96&d=mm&r=g\",\"contentUrl\":\"https:\/\/secure.gravatar.com\/avatar\/a5d542eca874617a8a62a45c724821a615f770cf5bde5e61a93a7a2562faba7a?s=96&d=mm&r=g\",\"caption\":\"Resest\"},\"url\":\"https:\/\/resest.com\/es\/author\/resest\/\"}]}<\/script>\n<!-- \/ Yoast SEO plugin. -->","yoast_head_json":{"title":"Resest con Sant Jordi","description":"Vivie con la residencia Resest este Sant Jordi 2014 por la zona de Sabadell, Barcelona y Bellaterra.","robots":{"index":"index","follow":"follow","max-snippet":"max-snippet:-1","max-image-preview":"max-image-preview:large","max-video-preview":"max-video-preview:-1"},"canonical":"https:\/\/resest.com\/es\/blog-es\/dia-del-libro-con-resest-2\/","og_locale":"es_ES","og_type":"article","og_title":"Resest con Sant Jordi","og_description":"Vivie con la residencia Resest este Sant Jordi 2014 por la zona de Sabadell, Barcelona y Bellaterra.","og_url":"https:\/\/resest.com\/es\/blog-es\/dia-del-libro-con-resest-2\/","og_site_name":"Resid\u00e8ncia d&#039;Estudiants l&#039;Estaci\u00f3 de Sabadell | Resest","article_published_time":"2014-04-22T11:18:56+00:00","article_modified_time":"2015-01-19T09:34:47+00:00","author":"Resest","twitter_misc":{"Escrito por":"Resest"},"schema":{"@context":"https:\/\/schema.org","@graph":[{"@type":"Article","@id":"https:\/\/resest.com\/es\/blog-es\/dia-del-libro-con-resest-2\/#article","isPartOf":{"@id":"https:\/\/resest.com\/es\/blog-es\/dia-del-libro-con-resest-2\/"},"author":{"name":"Resest","@id":"https:\/\/resest.com\/es\/#\/schema\/person\/f66d2b5dae2cd0a989ab720dd211d2a9"},"headline":"D\u00eda del libro con Resest","datePublished":"2014-04-22T11:18:56+00:00","dateModified":"2015-01-19T09:34:47+00:00","mainEntityOfPage":{"@id":"https:\/\/resest.com\/es\/blog-es\/dia-del-libro-con-resest-2\/"},"wordCount":68,"publisher":{"@id":"https:\/\/resest.com\/es\/#organization"},"articleSection":["Blog"],"inLanguage":"es"},{"@type":"WebPage","@id":"https:\/\/resest.com\/es\/blog-es\/dia-del-libro-con-resest-2\/","url":"https:\/\/resest.com\/es\/blog-es\/dia-del-libro-con-resest-2\/","name":"Resest con Sant Jordi","isPartOf":{"@id":"https:\/\/resest.com\/es\/#website"},"datePublished":"2014-04-22T11:18:56+00:00","dateModified":"2015-01-19T09:34:47+00:00","description":"Vivie con la residencia Resest este Sant Jordi 2014 por la zona de Sabadell, Barcelona y Bellaterra.","breadcrumb":{"@id":"https:\/\/resest.com\/es\/blog-es\/dia-del-libro-con-resest-2\/#breadcrumb"},"inLanguage":"es","potentialAction":[{"@type":"ReadAction","target":["https:\/\/resest.com\/es\/blog-es\/dia-del-libro-con-resest-2\/"]}]},{"@type":"BreadcrumbList","@id":"https:\/\/resest.com\/es\/blog-es\/dia-del-libro-con-resest-2\/#breadcrumb","itemListElement":[{"@type":"ListItem","position":1,"name":"Inici","item":"https:\/\/resest.com\/es\/"},{"@type":"ListItem","position":2,"name":"D\u00eda del libro con Resest"}]},{"@type":"WebSite","@id":"https:\/\/resest.com\/es\/#website","url":"https:\/\/resest.com\/es\/","name":"Resid\u00e8ncia d&#039;Estudiants l&#039;Estaci\u00f3 de Sabadell | Resest","description":"Otro sitio realizado con WordPress","publisher":{"@id":"https:\/\/resest.com\/es\/#organization"},"potentialAction":[{"@type":"SearchAction","target":{"@type":"EntryPoint","urlTemplate":"https:\/\/resest.com\/es\/?s={search_term_string}"},"query-input":{"@type":"PropertyValueSpecification","valueRequired":true,"valueName":"search_term_string"}}],"inLanguage":"es"},{"@type":"Organization","@id":"https:\/\/resest.com\/es\/#organization","name":"Resid\u00e8ncia d&#039;Estudiants l&#039;Estaci\u00f3 de Sabadell | Resest","url":"https:\/\/resest.com\/es\/","logo":{"@type":"ImageObject","inLanguage":"es","@id":"https:\/\/resest.com\/es\/#\/schema\/logo\/image\/","url":"https:\/\/resest.com\/wp-content\/uploads\/2024\/03\/Facana-1.jpg","contentUrl":"https:\/\/resest.com\/wp-content\/uploads\/2024\/03\/Facana-1.jpg","width":1200,"height":1009,"caption":"Resid\u00e8ncia d&#039;Estudiants l&#039;Estaci\u00f3 de Sabadell | Resest"},"image":{"@id":"https:\/\/resest.com\/es\/#\/schema\/logo\/image\/"}},{"@type":"Person","@id":"https:\/\/resest.com\/es\/#\/schema\/person\/f66d2b5dae2cd0a989ab720dd211d2a9","name":"Resest","image":{"@type":"ImageObject","inLanguage":"es","@id":"https:\/\/resest.com\/es\/#\/schema\/person\/image\/","url":"https:\/\/secure.gravatar.com\/avatar\/a5d542eca874617a8a62a45c724821a615f770cf5bde5e61a93a7a2562faba7a?s=96&d=mm&r=g","contentUrl":"https:\/\/secure.gravatar.com\/avatar\/a5d542eca874617a8a62a45c724821a615f770cf5bde5e61a93a7a2562faba7a?s=96&d=mm&r=g","caption":"Resest"},"url":"https:\/\/resest.com\/es\/author\/resest\/"}]}},"_links":{"self":[{"href":"https:\/\/resest.com\/es\/wp-json\/wp\/v2\/posts\/2214","targetHints":{"allow":["GET"]}}],"collection":[{"href":"https:\/\/resest.com\/es\/wp-json\/wp\/v2\/posts"}],"about":[{"href":"https:\/\/resest.com\/es\/wp-json\/wp\/v2\/types\/post"}],"author":[{"embeddable":true,"href":"https:\/\/resest.com\/es\/wp-json\/wp\/v2\/users\/3"}],"replies":[{"embeddable":true,"href":"https:\/\/resest.com\/es\/wp-json\/wp\/v2\/comments?post=2214"}],"version-history":[{"count":0,"href":"https:\/\/resest.com\/es\/wp-json\/wp\/v2\/posts\/2214\/revisions"}],"wp:attachment":[{"href":"https:\/\/resest.com\/es\/wp-json\/wp\/v2\/media?parent=2214"}],"wp:term":[{"taxonomy":"category","embeddable":true,"href":"https:\/\/resest.com\/es\/wp-json\/wp\/v2\/categories?post=2214"},{"taxonomy":"post_tag","embeddable":true,"href":"https:\/\/resest.com\/es\/wp-json\/wp\/v2\/tags?post=2214"}],"curies":[{"name":"wp","href":"https:\/\/api.w.org\/{rel}","templated":true}]}}