{"id":2203,"date":"2013-11-29T12:20:21","date_gmt":"2013-11-29T11:20:21","guid":{"rendered":"http:\/\/www.resest.com\/?p=1434"},"modified":"2015-01-19T10:59:22","modified_gmt":"2015-01-19T09:59:22","slug":"alojamiento-estudiantil-propone-noche-compras-sabadell-2","status":"publish","type":"post","link":"https:\/\/resest.com\/es\/blog-es\/alojamiento-estudiantil-propone-noche-compras-sabadell-2\/","title":{"rendered":"\u00a1Noche de compras en Sabadell!"},"content":{"rendered":"<p>El s\u00e1bado 30 de noviembre Resest, residencia para estudiantes te trae\u2026<\/p>\n<p>\u00a1LATIR\u00c1 EL\u00a0<strong><a href=\"http:\/\/ca.sabadell.cat\/viure_sabadell\/p\/ViureSabadell_cat.asp\" target=\"_blank\">CENTRO DE SABADELL<\/a><\/strong>! Tiendas, pista de hielo, Feria de Santa Ll\u00facia, espect\u00e1culos y diversi\u00f3n hasta las 12 de la noche!<\/p>\n<p><img loading=\"lazy\" decoding=\"async\" class=\"wp-image-1435 alignleft\" title=\"Noche de compras en Sabadell\" src=\"http:\/\/www.resest.com\/wp-content\/uploads\/1477771_10200730143048044_33302602_n-294x620.jpg\" alt=\"compras en Sabadell\" width=\"191\" height=\"441\" \/><\/p>\n<p style=\"text-align: center;\"><img loading=\"lazy\" decoding=\"async\" class=\"wp-image-1437 aligncenter\" title=\"Compras en Sabadell\" src=\"http:\/\/www.resest.com\/wp-content\/uploads\/1479048_10200730142968042_1310717907_n-294x620.jpg\" alt=\"Compras en Sabadell\" width=\"189\" height=\"443\" \/><\/p>\n<p>\u00a1No te lo puedes perder!<\/p>\n<p>Visita nuestra\u00a0<a href=\"https:\/\/resest.com\/\">web<\/a>\u00a0y\u00a0<a href=\"https:\/\/resest.com\/serveis\/\">servicios<\/a>\u00a0para m\u00e1s informaci\u00f3n sobre la Residencia de Estudiantes en Sabadell. Tambi\u00e9n puedes\u00a0<a href=\"https:\/\/resest.com\/contactar\/\">contactar<\/a>\u00a0directamente con nosotros.<\/p>\n","protected":false},"excerpt":{"rendered":"<p>El s\u00e1bado 30 de noviembre Resest, residencia para estudiantes te trae\u2026 \u00a1LATIR\u00c1 EL\u00a0CENTRO DE SABADELL! Tiendas, pista de hielo, Feria de Santa Ll\u00facia, espect\u00e1culos y diversi\u00f3n hasta las 12 de la noche! \u00a1No te lo puedes perder! Visita nuestra\u00a0web\u00a0y\u00a0servicios\u00a0para m\u00e1s informaci\u00f3n sobre la Residencia de Estudiantes en Sabadell. Tambi\u00e9n puedes\u00a0contactar\u00a0directamente con nosotros.<\/p>\n","protected":false},"author":3,"featured_media":0,"comment_status":"closed","ping_status":"open","sticky":false,"template":"","format":"standard","meta":{"footnotes":""},"categories":[1],"tags":[],"class_list":["post-2203","post","type-post","status-publish","format-standard","hentry","category-blog-es","entry","no-media"],"yoast_head":"<!-- This site is optimized with the Yoast SEO plugin v26.4 - https:\/\/yoast.com\/wordpress\/plugins\/seo\/ -->\n<title>Alojamiento estudiantil con las noche de compras en Sabadell<\/title>\n<meta name=\"description\" content=\"El alojamiento estudiantil en Sabadell y zonas de Barcelona y Bellaterra Resest promueve la iniciativa en Sabadell de su noche de compras con celebraci\u00f3n.\" \/>\n<meta name=\"robots\" content=\"index, follow, max-snippet:-1, max-image-preview:large, max-video-preview:-1\" \/>\n<link rel=\"canonical\" href=\"https:\/\/resest.com\/es\/blog-es\/alojamiento-estudiantil-propone-noche-compras-sabadell-2\/\" \/>\n<meta property=\"og:locale\" content=\"es_ES\" \/>\n<meta property=\"og:type\" content=\"article\" \/>\n<meta property=\"og:title\" content=\"Alojamiento estudiantil con las noche de compras en Sabadell\" \/>\n<meta property=\"og:description\" content=\"El alojamiento estudiantil en Sabadell y zonas de Barcelona y Bellaterra Resest promueve la iniciativa en Sabadell de su noche de compras con celebraci\u00f3n.\" \/>\n<meta property=\"og:url\" content=\"https:\/\/resest.com\/es\/blog-es\/alojamiento-estudiantil-propone-noche-compras-sabadell-2\/\" \/>\n<meta property=\"og:site_name\" content=\"Resid\u00e8ncia d&#039;Estudiants l&#039;Estaci\u00f3 de Sabadell | Resest\" \/>\n<meta property=\"article:published_time\" content=\"2013-11-29T11:20:21+00:00\" \/>\n<meta property=\"article:modified_time\" content=\"2015-01-19T09:59:22+00:00\" \/>\n<meta property=\"og:image\" content=\"http:\/\/www.resest.com\/wp-content\/uploads\/1477771_10200730143048044_33302602_n-294x620.jpg\" \/>\n<meta name=\"author\" content=\"Resest\" \/>\n<meta name=\"twitter:label1\" content=\"Escrito por\" \/>\n\t<meta name=\"twitter:data1\" content=\"Resest\" \/>\n<script type=\"application\/ld+json\" class=\"yoast-schema-graph\">{\"@context\":\"https:\/\/schema.org\",\"@graph\":[{\"@type\":\"Article\",\"@id\":\"https:\/\/resest.com\/es\/blog-es\/alojamiento-estudiantil-propone-noche-compras-sabadell-2\/#article\",\"isPartOf\":{\"@id\":\"https:\/\/resest.com\/es\/blog-es\/alojamiento-estudiantil-propone-noche-compras-sabadell-2\/\"},\"author\":{\"name\":\"Resest\",\"@id\":\"https:\/\/resest.com\/es\/#\/schema\/person\/f66d2b5dae2cd0a989ab720dd211d2a9\"},\"headline\":\"\u00a1Noche de compras en Sabadell!\",\"datePublished\":\"2013-11-29T11:20:21+00:00\",\"dateModified\":\"2015-01-19T09:59:22+00:00\",\"mainEntityOfPage\":{\"@id\":\"https:\/\/resest.com\/es\/blog-es\/alojamiento-estudiantil-propone-noche-compras-sabadell-2\/\"},\"wordCount\":69,\"publisher\":{\"@id\":\"https:\/\/resest.com\/es\/#organization\"},\"image\":{\"@id\":\"https:\/\/resest.com\/es\/blog-es\/alojamiento-estudiantil-propone-noche-compras-sabadell-2\/#primaryimage\"},\"thumbnailUrl\":\"http:\/\/www.resest.com\/wp-content\/uploads\/1477771_10200730143048044_33302602_n-294x620.jpg\",\"articleSection\":[\"Blog\"],\"inLanguage\":\"es\"},{\"@type\":\"WebPage\",\"@id\":\"https:\/\/resest.com\/es\/blog-es\/alojamiento-estudiantil-propone-noche-compras-sabadell-2\/\",\"url\":\"https:\/\/resest.com\/es\/blog-es\/alojamiento-estudiantil-propone-noche-compras-sabadell-2\/\",\"name\":\"Alojamiento estudiantil con las noche de compras en Sabadell\",\"isPartOf\":{\"@id\":\"https:\/\/resest.com\/es\/#website\"},\"primaryImageOfPage\":{\"@id\":\"https:\/\/resest.com\/es\/blog-es\/alojamiento-estudiantil-propone-noche-compras-sabadell-2\/#primaryimage\"},\"image\":{\"@id\":\"https:\/\/resest.com\/es\/blog-es\/alojamiento-estudiantil-propone-noche-compras-sabadell-2\/#primaryimage\"},\"thumbnailUrl\":\"http:\/\/www.resest.com\/wp-content\/uploads\/1477771_10200730143048044_33302602_n-294x620.jpg\",\"datePublished\":\"2013-11-29T11:20:21+00:00\",\"dateModified\":\"2015-01-19T09:59:22+00:00\",\"description\":\"El alojamiento estudiantil en Sabadell y zonas de Barcelona y Bellaterra Resest promueve la iniciativa en Sabadell de su noche de compras con celebraci\u00f3n.\",\"breadcrumb\":{\"@id\":\"https:\/\/resest.com\/es\/blog-es\/alojamiento-estudiantil-propone-noche-compras-sabadell-2\/#breadcrumb\"},\"inLanguage\":\"es\",\"potentialAction\":[{\"@type\":\"ReadAction\",\"target\":[\"https:\/\/resest.com\/es\/blog-es\/alojamiento-estudiantil-propone-noche-compras-sabadell-2\/\"]}]},{\"@type\":\"ImageObject\",\"inLanguage\":\"es\",\"@id\":\"https:\/\/resest.com\/es\/blog-es\/alojamiento-estudiantil-propone-noche-compras-sabadell-2\/#primaryimage\",\"url\":\"http:\/\/www.resest.com\/wp-content\/uploads\/1477771_10200730143048044_33302602_n-294x620.jpg\",\"contentUrl\":\"http:\/\/www.resest.com\/wp-content\/uploads\/1477771_10200730143048044_33302602_n-294x620.jpg\"},{\"@type\":\"BreadcrumbList\",\"@id\":\"https:\/\/resest.com\/es\/blog-es\/alojamiento-estudiantil-propone-noche-compras-sabadell-2\/#breadcrumb\",\"itemListElement\":[{\"@type\":\"ListItem\",\"position\":1,\"name\":\"Inici\",\"item\":\"https:\/\/resest.com\/es\/\"},{\"@type\":\"ListItem\",\"position\":2,\"name\":\"\u00a1Noche de compras en Sabadell!\"}]},{\"@type\":\"WebSite\",\"@id\":\"https:\/\/resest.com\/es\/#website\",\"url\":\"https:\/\/resest.com\/es\/\",\"name\":\"Resid\u00e8ncia d&#039;Estudiants l&#039;Estaci\u00f3 de Sabadell | Resest\",\"description\":\"Otro sitio realizado con WordPress\",\"publisher\":{\"@id\":\"https:\/\/resest.com\/es\/#organization\"},\"potentialAction\":[{\"@type\":\"SearchAction\",\"target\":{\"@type\":\"EntryPoint\",\"urlTemplate\":\"https:\/\/resest.com\/es\/?s={search_term_string}\"},\"query-input\":{\"@type\":\"PropertyValueSpecification\",\"valueRequired\":true,\"valueName\":\"search_term_string\"}}],\"inLanguage\":\"es\"},{\"@type\":\"Organization\",\"@id\":\"https:\/\/resest.com\/es\/#organization\",\"name\":\"Resid\u00e8ncia d&#039;Estudiants l&#039;Estaci\u00f3 de Sabadell | Resest\",\"url\":\"https:\/\/resest.com\/es\/\",\"logo\":{\"@type\":\"ImageObject\",\"inLanguage\":\"es\",\"@id\":\"https:\/\/resest.com\/es\/#\/schema\/logo\/image\/\",\"url\":\"https:\/\/resest.com\/wp-content\/uploads\/2024\/03\/Facana-1.jpg\",\"contentUrl\":\"https:\/\/resest.com\/wp-content\/uploads\/2024\/03\/Facana-1.jpg\",\"width\":1200,\"height\":1009,\"caption\":\"Resid\u00e8ncia d&#039;Estudiants l&#039;Estaci\u00f3 de Sabadell | Resest\"},\"image\":{\"@id\":\"https:\/\/resest.com\/es\/#\/schema\/logo\/image\/\"}},{\"@type\":\"Person\",\"@id\":\"https:\/\/resest.com\/es\/#\/schema\/person\/f66d2b5dae2cd0a989ab720dd211d2a9\",\"name\":\"Resest\",\"image\":{\"@type\":\"ImageObject\",\"inLanguage\":\"es\",\"@id\":\"https:\/\/resest.com\/es\/#\/schema\/person\/image\/\",\"url\":\"https:\/\/secure.gravatar.com\/avatar\/a5d542eca874617a8a62a45c724821a615f770cf5bde5e61a93a7a2562faba7a?s=96&d=mm&r=g\",\"contentUrl\":\"https:\/\/secure.gravatar.com\/avatar\/a5d542eca874617a8a62a45c724821a615f770cf5bde5e61a93a7a2562faba7a?s=96&d=mm&r=g\",\"caption\":\"Resest\"},\"url\":\"https:\/\/resest.com\/es\/author\/resest\/\"}]}<\/script>\n<!-- \/ Yoast SEO plugin. -->","yoast_head_json":{"title":"Alojamiento estudiantil con las noche de compras en Sabadell","description":"El alojamiento estudiantil en Sabadell y zonas de Barcelona y Bellaterra Resest promueve la iniciativa en Sabadell de su noche de compras con celebraci\u00f3n.","robots":{"index":"index","follow":"follow","max-snippet":"max-snippet:-1","max-image-preview":"max-image-preview:large","max-video-preview":"max-video-preview:-1"},"canonical":"https:\/\/resest.com\/es\/blog-es\/alojamiento-estudiantil-propone-noche-compras-sabadell-2\/","og_locale":"es_ES","og_type":"article","og_title":"Alojamiento estudiantil con las noche de compras en Sabadell","og_description":"El alojamiento estudiantil en Sabadell y zonas de Barcelona y Bellaterra Resest promueve la iniciativa en Sabadell de su noche de compras con celebraci\u00f3n.","og_url":"https:\/\/resest.com\/es\/blog-es\/alojamiento-estudiantil-propone-noche-compras-sabadell-2\/","og_site_name":"Resid\u00e8ncia d&#039;Estudiants l&#039;Estaci\u00f3 de Sabadell | Resest","article_published_time":"2013-11-29T11:20:21+00:00","article_modified_time":"2015-01-19T09:59:22+00:00","og_image":[{"url":"http:\/\/www.resest.com\/wp-content\/uploads\/1477771_10200730143048044_33302602_n-294x620.jpg","type":"","width":"","height":""}],"author":"Resest","twitter_misc":{"Escrito por":"Resest"},"schema":{"@context":"https:\/\/schema.org","@graph":[{"@type":"Article","@id":"https:\/\/resest.com\/es\/blog-es\/alojamiento-estudiantil-propone-noche-compras-sabadell-2\/#article","isPartOf":{"@id":"https:\/\/resest.com\/es\/blog-es\/alojamiento-estudiantil-propone-noche-compras-sabadell-2\/"},"author":{"name":"Resest","@id":"https:\/\/resest.com\/es\/#\/schema\/person\/f66d2b5dae2cd0a989ab720dd211d2a9"},"headline":"\u00a1Noche de compras en Sabadell!","datePublished":"2013-11-29T11:20:21+00:00","dateModified":"2015-01-19T09:59:22+00:00","mainEntityOfPage":{"@id":"https:\/\/resest.com\/es\/blog-es\/alojamiento-estudiantil-propone-noche-compras-sabadell-2\/"},"wordCount":69,"publisher":{"@id":"https:\/\/resest.com\/es\/#organization"},"image":{"@id":"https:\/\/resest.com\/es\/blog-es\/alojamiento-estudiantil-propone-noche-compras-sabadell-2\/#primaryimage"},"thumbnailUrl":"http:\/\/www.resest.com\/wp-content\/uploads\/1477771_10200730143048044_33302602_n-294x620.jpg","articleSection":["Blog"],"inLanguage":"es"},{"@type":"WebPage","@id":"https:\/\/resest.com\/es\/blog-es\/alojamiento-estudiantil-propone-noche-compras-sabadell-2\/","url":"https:\/\/resest.com\/es\/blog-es\/alojamiento-estudiantil-propone-noche-compras-sabadell-2\/","name":"Alojamiento estudiantil con las noche de compras en Sabadell","isPartOf":{"@id":"https:\/\/resest.com\/es\/#website"},"primaryImageOfPage":{"@id":"https:\/\/resest.com\/es\/blog-es\/alojamiento-estudiantil-propone-noche-compras-sabadell-2\/#primaryimage"},"image":{"@id":"https:\/\/resest.com\/es\/blog-es\/alojamiento-estudiantil-propone-noche-compras-sabadell-2\/#primaryimage"},"thumbnailUrl":"http:\/\/www.resest.com\/wp-content\/uploads\/1477771_10200730143048044_33302602_n-294x620.jpg","datePublished":"2013-11-29T11:20:21+00:00","dateModified":"2015-01-19T09:59:22+00:00","description":"El alojamiento estudiantil en Sabadell y zonas de Barcelona y Bellaterra Resest promueve la iniciativa en Sabadell de su noche de compras con celebraci\u00f3n.","breadcrumb":{"@id":"https:\/\/resest.com\/es\/blog-es\/alojamiento-estudiantil-propone-noche-compras-sabadell-2\/#breadcrumb"},"inLanguage":"es","potentialAction":[{"@type":"ReadAction","target":["https:\/\/resest.com\/es\/blog-es\/alojamiento-estudiantil-propone-noche-compras-sabadell-2\/"]}]},{"@type":"ImageObject","inLanguage":"es","@id":"https:\/\/resest.com\/es\/blog-es\/alojamiento-estudiantil-propone-noche-compras-sabadell-2\/#primaryimage","url":"http:\/\/www.resest.com\/wp-content\/uploads\/1477771_10200730143048044_33302602_n-294x620.jpg","contentUrl":"http:\/\/www.resest.com\/wp-content\/uploads\/1477771_10200730143048044_33302602_n-294x620.jpg"},{"@type":"BreadcrumbList","@id":"https:\/\/resest.com\/es\/blog-es\/alojamiento-estudiantil-propone-noche-compras-sabadell-2\/#breadcrumb","itemListElement":[{"@type":"ListItem","position":1,"name":"Inici","item":"https:\/\/resest.com\/es\/"},{"@type":"ListItem","position":2,"name":"\u00a1Noche de compras en Sabadell!"}]},{"@type":"WebSite","@id":"https:\/\/resest.com\/es\/#website","url":"https:\/\/resest.com\/es\/","name":"Resid\u00e8ncia d&#039;Estudiants l&#039;Estaci\u00f3 de Sabadell | Resest","description":"Otro sitio realizado con WordPress","publisher":{"@id":"https:\/\/resest.com\/es\/#organization"},"potentialAction":[{"@type":"SearchAction","target":{"@type":"EntryPoint","urlTemplate":"https:\/\/resest.com\/es\/?s={search_term_string}"},"query-input":{"@type":"PropertyValueSpecification","valueRequired":true,"valueName":"search_term_string"}}],"inLanguage":"es"},{"@type":"Organization","@id":"https:\/\/resest.com\/es\/#organization","name":"Resid\u00e8ncia d&#039;Estudiants l&#039;Estaci\u00f3 de Sabadell | Resest","url":"https:\/\/resest.com\/es\/","logo":{"@type":"ImageObject","inLanguage":"es","@id":"https:\/\/resest.com\/es\/#\/schema\/logo\/image\/","url":"https:\/\/resest.com\/wp-content\/uploads\/2024\/03\/Facana-1.jpg","contentUrl":"https:\/\/resest.com\/wp-content\/uploads\/2024\/03\/Facana-1.jpg","width":1200,"height":1009,"caption":"Resid\u00e8ncia d&#039;Estudiants l&#039;Estaci\u00f3 de Sabadell | Resest"},"image":{"@id":"https:\/\/resest.com\/es\/#\/schema\/logo\/image\/"}},{"@type":"Person","@id":"https:\/\/resest.com\/es\/#\/schema\/person\/f66d2b5dae2cd0a989ab720dd211d2a9","name":"Resest","image":{"@type":"ImageObject","inLanguage":"es","@id":"https:\/\/resest.com\/es\/#\/schema\/person\/image\/","url":"https:\/\/secure.gravatar.com\/avatar\/a5d542eca874617a8a62a45c724821a615f770cf5bde5e61a93a7a2562faba7a?s=96&d=mm&r=g","contentUrl":"https:\/\/secure.gravatar.com\/avatar\/a5d542eca874617a8a62a45c724821a615f770cf5bde5e61a93a7a2562faba7a?s=96&d=mm&r=g","caption":"Resest"},"url":"https:\/\/resest.com\/es\/author\/resest\/"}]}},"_links":{"self":[{"href":"https:\/\/resest.com\/es\/wp-json\/wp\/v2\/posts\/2203","targetHints":{"allow":["GET"]}}],"collection":[{"href":"https:\/\/resest.com\/es\/wp-json\/wp\/v2\/posts"}],"about":[{"href":"https:\/\/resest.com\/es\/wp-json\/wp\/v2\/types\/post"}],"author":[{"embeddable":true,"href":"https:\/\/resest.com\/es\/wp-json\/wp\/v2\/users\/3"}],"replies":[{"embeddable":true,"href":"https:\/\/resest.com\/es\/wp-json\/wp\/v2\/comments?post=2203"}],"version-history":[{"count":0,"href":"https:\/\/resest.com\/es\/wp-json\/wp\/v2\/posts\/2203\/revisions"}],"wp:attachment":[{"href":"https:\/\/resest.com\/es\/wp-json\/wp\/v2\/media?parent=2203"}],"wp:term":[{"taxonomy":"category","embeddable":true,"href":"https:\/\/resest.com\/es\/wp-json\/wp\/v2\/categories?post=2203"},{"taxonomy":"post_tag","embeddable":true,"href":"https:\/\/resest.com\/es\/wp-json\/wp\/v2\/tags?post=2203"}],"curies":[{"name":"wp","href":"https:\/\/api.w.org\/{rel}","templated":true}]}}