{"id":2202,"date":"2013-11-20T10:44:28","date_gmt":"2013-11-20T09:44:28","guid":{"rendered":"http:\/\/www.resest.com\/?p=1425"},"modified":"2015-01-19T11:02:20","modified_gmt":"2015-01-19T10:02:20","slug":"resest-propone-la-semana-ciencia-2","status":"publish","type":"post","link":"https:\/\/resest.com\/es\/blog-es\/resest-propone-la-semana-ciencia-2\/","title":{"rendered":"\u00a1No os perd\u00e1is la 18a Semana de la Ciencia!"},"content":{"rendered":"<p>Otra propuesta de la \u201cResidencia d\u2019Estudiants l\u2019Estaci\u00f3 de Sabadell\u201d, <a href=\"milimetricserver.com\/resest\">Resest<\/a> para disfrutar del ocio organizado por la zona:<\/p>\n<p>Del 15 al 24 de noviembre se celebrar\u00e1 la 18a <strong>Semana de la\u00a0Ciencia\u00a0en Catalu\u00f1a<\/strong>.<\/p>\n<p>Durante toda la Semana de la Ciencia se celebraran muchas actividades de divulgaci\u00f3n cient\u00edfica en todo el territorio Catal\u00e1n; Jornadas de puertas abiertas, exposiciones, charlas informativas, juegos, talleres cient\u00edficos\u2026 todo un abanico de posibilidades a tu alcance.<\/p>\n<p>Los temas centrales de la edici\u00f3n de este a\u00f1o son <strong>la estad\u00edstica, el agua y Einstein<\/strong> en motivo de la celebraci\u00f3n, \u00e9ste 2013, del A\u00f1o Internacional de la Estad\u00edstica, el A\u00f1o Internacional de la Cooperaci\u00f3n en la Esfera del Agua y la conmemoraci\u00f3n del 90 aniversario de la visita de Albert Einstein a Catalu\u00f1a.<\/p>\n<p>Pod\u00e9is\u00a0encontrar m\u00e1s informaci\u00f3n\u00a0sobre las actividades en la\u00a0<strong><a href=\"http:\/\/setmanaciencia.fundaciorecerca.cat\/calendari\" target=\"_blank\">web<\/a>.<\/strong><\/p>\n<p>La Semana de la Ciencia es una iniciativa coordinada por la \u201dFundaci\u00f3 Catalana per a la Recerca i la Innovaci\u00f3\u201d.<\/p>\n<p>Fuente:\u00a0<strong><a href=\"http:\/\/setmanaciencia.fundaciorecerca.cat\/\">http:\/\/setmanaciencia.fundaciorecerca.cat<\/a><\/strong><\/p>\n","protected":false},"excerpt":{"rendered":"<p>Otra propuesta de la \u201cResidencia d\u2019Estudiants l\u2019Estaci\u00f3 de Sabadell\u201d, Resest para disfrutar del ocio organizado por la zona: Del 15 al 24 de noviembre se celebrar\u00e1 la 18a Semana de la\u00a0Ciencia\u00a0en Catalu\u00f1a. Durante toda la Semana de la Ciencia se celebraran muchas actividades de divulgaci\u00f3n cient\u00edfica en todo el territorio Catal\u00e1n; Jornadas de puertas abiertas,&hellip;<\/p>\n","protected":false},"author":3,"featured_media":0,"comment_status":"closed","ping_status":"open","sticky":false,"template":"","format":"standard","meta":{"footnotes":""},"categories":[1],"tags":[],"class_list":["post-2202","post","type-post","status-publish","format-standard","hentry","category-blog-es","entry","no-media"],"yoast_head":"<!-- This site is optimized with the Yoast SEO plugin v26.4 - https:\/\/yoast.com\/wordpress\/plugins\/seo\/ -->\n<title>Residencia d\u2019Estudiants l\u2019Estaci\u00f3 de Sabadell con la ciencia<\/title>\n<meta name=\"description\" content=\"Pr\u00f3ximamente se celebra la Semana de la ciencia y la Residencia d\u2019Estudiants l\u2019Estaci\u00f3 de Sabadell recomienda las actividades programadas con este evento.\" \/>\n<meta name=\"robots\" content=\"index, follow, max-snippet:-1, max-image-preview:large, max-video-preview:-1\" \/>\n<link rel=\"canonical\" href=\"https:\/\/resest.com\/es\/blog-es\/resest-propone-la-semana-ciencia-2\/\" \/>\n<meta property=\"og:locale\" content=\"es_ES\" \/>\n<meta property=\"og:type\" content=\"article\" \/>\n<meta property=\"og:title\" content=\"Residencia d\u2019Estudiants l\u2019Estaci\u00f3 de Sabadell con la ciencia\" \/>\n<meta property=\"og:description\" content=\"Pr\u00f3ximamente se celebra la Semana de la ciencia y la Residencia d\u2019Estudiants l\u2019Estaci\u00f3 de Sabadell recomienda las actividades programadas con este evento.\" \/>\n<meta property=\"og:url\" content=\"https:\/\/resest.com\/es\/blog-es\/resest-propone-la-semana-ciencia-2\/\" \/>\n<meta property=\"og:site_name\" content=\"Resid\u00e8ncia d&#039;Estudiants l&#039;Estaci\u00f3 de Sabadell | Resest\" \/>\n<meta property=\"article:published_time\" content=\"2013-11-20T09:44:28+00:00\" \/>\n<meta property=\"article:modified_time\" content=\"2015-01-19T10:02:20+00:00\" \/>\n<meta name=\"author\" content=\"Resest\" \/>\n<meta name=\"twitter:label1\" content=\"Escrito por\" \/>\n\t<meta name=\"twitter:data1\" content=\"Resest\" \/>\n\t<meta name=\"twitter:label2\" content=\"Tiempo de lectura\" \/>\n\t<meta name=\"twitter:data2\" content=\"1 minuto\" \/>\n<script type=\"application\/ld+json\" class=\"yoast-schema-graph\">{\"@context\":\"https:\/\/schema.org\",\"@graph\":[{\"@type\":\"Article\",\"@id\":\"https:\/\/resest.com\/es\/blog-es\/resest-propone-la-semana-ciencia-2\/#article\",\"isPartOf\":{\"@id\":\"https:\/\/resest.com\/es\/blog-es\/resest-propone-la-semana-ciencia-2\/\"},\"author\":{\"name\":\"Resest\",\"@id\":\"https:\/\/resest.com\/es\/#\/schema\/person\/f66d2b5dae2cd0a989ab720dd211d2a9\"},\"headline\":\"\u00a1No os perd\u00e1is la 18a Semana de la Ciencia!\",\"datePublished\":\"2013-11-20T09:44:28+00:00\",\"dateModified\":\"2015-01-19T10:02:20+00:00\",\"mainEntityOfPage\":{\"@id\":\"https:\/\/resest.com\/es\/blog-es\/resest-propone-la-semana-ciencia-2\/\"},\"wordCount\":186,\"publisher\":{\"@id\":\"https:\/\/resest.com\/es\/#organization\"},\"articleSection\":[\"Blog\"],\"inLanguage\":\"es\"},{\"@type\":\"WebPage\",\"@id\":\"https:\/\/resest.com\/es\/blog-es\/resest-propone-la-semana-ciencia-2\/\",\"url\":\"https:\/\/resest.com\/es\/blog-es\/resest-propone-la-semana-ciencia-2\/\",\"name\":\"Residencia d\u2019Estudiants l\u2019Estaci\u00f3 de Sabadell con la ciencia\",\"isPartOf\":{\"@id\":\"https:\/\/resest.com\/es\/#website\"},\"datePublished\":\"2013-11-20T09:44:28+00:00\",\"dateModified\":\"2015-01-19T10:02:20+00:00\",\"description\":\"Pr\u00f3ximamente se celebra la Semana de la ciencia y la Residencia d\u2019Estudiants l\u2019Estaci\u00f3 de Sabadell recomienda las actividades programadas con este evento.\",\"breadcrumb\":{\"@id\":\"https:\/\/resest.com\/es\/blog-es\/resest-propone-la-semana-ciencia-2\/#breadcrumb\"},\"inLanguage\":\"es\",\"potentialAction\":[{\"@type\":\"ReadAction\",\"target\":[\"https:\/\/resest.com\/es\/blog-es\/resest-propone-la-semana-ciencia-2\/\"]}]},{\"@type\":\"BreadcrumbList\",\"@id\":\"https:\/\/resest.com\/es\/blog-es\/resest-propone-la-semana-ciencia-2\/#breadcrumb\",\"itemListElement\":[{\"@type\":\"ListItem\",\"position\":1,\"name\":\"Inici\",\"item\":\"https:\/\/resest.com\/es\/\"},{\"@type\":\"ListItem\",\"position\":2,\"name\":\"\u00a1No os perd\u00e1is la 18a Semana de la Ciencia!\"}]},{\"@type\":\"WebSite\",\"@id\":\"https:\/\/resest.com\/es\/#website\",\"url\":\"https:\/\/resest.com\/es\/\",\"name\":\"Resid\u00e8ncia d&#039;Estudiants l&#039;Estaci\u00f3 de Sabadell | Resest\",\"description\":\"Otro sitio realizado con WordPress\",\"publisher\":{\"@id\":\"https:\/\/resest.com\/es\/#organization\"},\"potentialAction\":[{\"@type\":\"SearchAction\",\"target\":{\"@type\":\"EntryPoint\",\"urlTemplate\":\"https:\/\/resest.com\/es\/?s={search_term_string}\"},\"query-input\":{\"@type\":\"PropertyValueSpecification\",\"valueRequired\":true,\"valueName\":\"search_term_string\"}}],\"inLanguage\":\"es\"},{\"@type\":\"Organization\",\"@id\":\"https:\/\/resest.com\/es\/#organization\",\"name\":\"Resid\u00e8ncia d&#039;Estudiants l&#039;Estaci\u00f3 de Sabadell | Resest\",\"url\":\"https:\/\/resest.com\/es\/\",\"logo\":{\"@type\":\"ImageObject\",\"inLanguage\":\"es\",\"@id\":\"https:\/\/resest.com\/es\/#\/schema\/logo\/image\/\",\"url\":\"https:\/\/resest.com\/wp-content\/uploads\/2024\/03\/Facana-1.jpg\",\"contentUrl\":\"https:\/\/resest.com\/wp-content\/uploads\/2024\/03\/Facana-1.jpg\",\"width\":1200,\"height\":1009,\"caption\":\"Resid\u00e8ncia d&#039;Estudiants l&#039;Estaci\u00f3 de Sabadell | Resest\"},\"image\":{\"@id\":\"https:\/\/resest.com\/es\/#\/schema\/logo\/image\/\"}},{\"@type\":\"Person\",\"@id\":\"https:\/\/resest.com\/es\/#\/schema\/person\/f66d2b5dae2cd0a989ab720dd211d2a9\",\"name\":\"Resest\",\"image\":{\"@type\":\"ImageObject\",\"inLanguage\":\"es\",\"@id\":\"https:\/\/resest.com\/es\/#\/schema\/person\/image\/\",\"url\":\"https:\/\/secure.gravatar.com\/avatar\/a5d542eca874617a8a62a45c724821a615f770cf5bde5e61a93a7a2562faba7a?s=96&d=mm&r=g\",\"contentUrl\":\"https:\/\/secure.gravatar.com\/avatar\/a5d542eca874617a8a62a45c724821a615f770cf5bde5e61a93a7a2562faba7a?s=96&d=mm&r=g\",\"caption\":\"Resest\"},\"url\":\"https:\/\/resest.com\/es\/author\/resest\/\"}]}<\/script>\n<!-- \/ Yoast SEO plugin. -->","yoast_head_json":{"title":"Residencia d\u2019Estudiants l\u2019Estaci\u00f3 de Sabadell con la ciencia","description":"Pr\u00f3ximamente se celebra la Semana de la ciencia y la Residencia d\u2019Estudiants l\u2019Estaci\u00f3 de Sabadell recomienda las actividades programadas con este evento.","robots":{"index":"index","follow":"follow","max-snippet":"max-snippet:-1","max-image-preview":"max-image-preview:large","max-video-preview":"max-video-preview:-1"},"canonical":"https:\/\/resest.com\/es\/blog-es\/resest-propone-la-semana-ciencia-2\/","og_locale":"es_ES","og_type":"article","og_title":"Residencia d\u2019Estudiants l\u2019Estaci\u00f3 de Sabadell con la ciencia","og_description":"Pr\u00f3ximamente se celebra la Semana de la ciencia y la Residencia d\u2019Estudiants l\u2019Estaci\u00f3 de Sabadell recomienda las actividades programadas con este evento.","og_url":"https:\/\/resest.com\/es\/blog-es\/resest-propone-la-semana-ciencia-2\/","og_site_name":"Resid\u00e8ncia d&#039;Estudiants l&#039;Estaci\u00f3 de Sabadell | Resest","article_published_time":"2013-11-20T09:44:28+00:00","article_modified_time":"2015-01-19T10:02:20+00:00","author":"Resest","twitter_misc":{"Escrito por":"Resest","Tiempo de lectura":"1 minuto"},"schema":{"@context":"https:\/\/schema.org","@graph":[{"@type":"Article","@id":"https:\/\/resest.com\/es\/blog-es\/resest-propone-la-semana-ciencia-2\/#article","isPartOf":{"@id":"https:\/\/resest.com\/es\/blog-es\/resest-propone-la-semana-ciencia-2\/"},"author":{"name":"Resest","@id":"https:\/\/resest.com\/es\/#\/schema\/person\/f66d2b5dae2cd0a989ab720dd211d2a9"},"headline":"\u00a1No os perd\u00e1is la 18a Semana de la Ciencia!","datePublished":"2013-11-20T09:44:28+00:00","dateModified":"2015-01-19T10:02:20+00:00","mainEntityOfPage":{"@id":"https:\/\/resest.com\/es\/blog-es\/resest-propone-la-semana-ciencia-2\/"},"wordCount":186,"publisher":{"@id":"https:\/\/resest.com\/es\/#organization"},"articleSection":["Blog"],"inLanguage":"es"},{"@type":"WebPage","@id":"https:\/\/resest.com\/es\/blog-es\/resest-propone-la-semana-ciencia-2\/","url":"https:\/\/resest.com\/es\/blog-es\/resest-propone-la-semana-ciencia-2\/","name":"Residencia d\u2019Estudiants l\u2019Estaci\u00f3 de Sabadell con la ciencia","isPartOf":{"@id":"https:\/\/resest.com\/es\/#website"},"datePublished":"2013-11-20T09:44:28+00:00","dateModified":"2015-01-19T10:02:20+00:00","description":"Pr\u00f3ximamente se celebra la Semana de la ciencia y la Residencia d\u2019Estudiants l\u2019Estaci\u00f3 de Sabadell recomienda las actividades programadas con este evento.","breadcrumb":{"@id":"https:\/\/resest.com\/es\/blog-es\/resest-propone-la-semana-ciencia-2\/#breadcrumb"},"inLanguage":"es","potentialAction":[{"@type":"ReadAction","target":["https:\/\/resest.com\/es\/blog-es\/resest-propone-la-semana-ciencia-2\/"]}]},{"@type":"BreadcrumbList","@id":"https:\/\/resest.com\/es\/blog-es\/resest-propone-la-semana-ciencia-2\/#breadcrumb","itemListElement":[{"@type":"ListItem","position":1,"name":"Inici","item":"https:\/\/resest.com\/es\/"},{"@type":"ListItem","position":2,"name":"\u00a1No os perd\u00e1is la 18a Semana de la Ciencia!"}]},{"@type":"WebSite","@id":"https:\/\/resest.com\/es\/#website","url":"https:\/\/resest.com\/es\/","name":"Resid\u00e8ncia d&#039;Estudiants l&#039;Estaci\u00f3 de Sabadell | Resest","description":"Otro sitio realizado con WordPress","publisher":{"@id":"https:\/\/resest.com\/es\/#organization"},"potentialAction":[{"@type":"SearchAction","target":{"@type":"EntryPoint","urlTemplate":"https:\/\/resest.com\/es\/?s={search_term_string}"},"query-input":{"@type":"PropertyValueSpecification","valueRequired":true,"valueName":"search_term_string"}}],"inLanguage":"es"},{"@type":"Organization","@id":"https:\/\/resest.com\/es\/#organization","name":"Resid\u00e8ncia d&#039;Estudiants l&#039;Estaci\u00f3 de Sabadell | Resest","url":"https:\/\/resest.com\/es\/","logo":{"@type":"ImageObject","inLanguage":"es","@id":"https:\/\/resest.com\/es\/#\/schema\/logo\/image\/","url":"https:\/\/resest.com\/wp-content\/uploads\/2024\/03\/Facana-1.jpg","contentUrl":"https:\/\/resest.com\/wp-content\/uploads\/2024\/03\/Facana-1.jpg","width":1200,"height":1009,"caption":"Resid\u00e8ncia d&#039;Estudiants l&#039;Estaci\u00f3 de Sabadell | Resest"},"image":{"@id":"https:\/\/resest.com\/es\/#\/schema\/logo\/image\/"}},{"@type":"Person","@id":"https:\/\/resest.com\/es\/#\/schema\/person\/f66d2b5dae2cd0a989ab720dd211d2a9","name":"Resest","image":{"@type":"ImageObject","inLanguage":"es","@id":"https:\/\/resest.com\/es\/#\/schema\/person\/image\/","url":"https:\/\/secure.gravatar.com\/avatar\/a5d542eca874617a8a62a45c724821a615f770cf5bde5e61a93a7a2562faba7a?s=96&d=mm&r=g","contentUrl":"https:\/\/secure.gravatar.com\/avatar\/a5d542eca874617a8a62a45c724821a615f770cf5bde5e61a93a7a2562faba7a?s=96&d=mm&r=g","caption":"Resest"},"url":"https:\/\/resest.com\/es\/author\/resest\/"}]}},"_links":{"self":[{"href":"https:\/\/resest.com\/es\/wp-json\/wp\/v2\/posts\/2202","targetHints":{"allow":["GET"]}}],"collection":[{"href":"https:\/\/resest.com\/es\/wp-json\/wp\/v2\/posts"}],"about":[{"href":"https:\/\/resest.com\/es\/wp-json\/wp\/v2\/types\/post"}],"author":[{"embeddable":true,"href":"https:\/\/resest.com\/es\/wp-json\/wp\/v2\/users\/3"}],"replies":[{"embeddable":true,"href":"https:\/\/resest.com\/es\/wp-json\/wp\/v2\/comments?post=2202"}],"version-history":[{"count":0,"href":"https:\/\/resest.com\/es\/wp-json\/wp\/v2\/posts\/2202\/revisions"}],"wp:attachment":[{"href":"https:\/\/resest.com\/es\/wp-json\/wp\/v2\/media?parent=2202"}],"wp:term":[{"taxonomy":"category","embeddable":true,"href":"https:\/\/resest.com\/es\/wp-json\/wp\/v2\/categories?post=2202"},{"taxonomy":"post_tag","embeddable":true,"href":"https:\/\/resest.com\/es\/wp-json\/wp\/v2\/tags?post=2202"}],"curies":[{"name":"wp","href":"https:\/\/api.w.org\/{rel}","templated":true}]}}