{"id":2201,"date":"2013-10-29T11:05:47","date_gmt":"2013-10-29T10:05:47","guid":{"rendered":"http:\/\/www.resest.com\/?p=1385"},"modified":"2015-01-19T11:04:24","modified_gmt":"2015-01-19T10:04:24","slug":"residencia-estudiantes-sabadell-recomienda-conciertos-2","status":"publish","type":"post","link":"https:\/\/resest.com\/es\/blog-es\/residencia-estudiantes-sabadell-recomienda-conciertos-2\/","title":{"rendered":"\u00a1Concierto de Manel y Els Pets los d\u00edas 8 y 10 de noviembre!"},"content":{"rendered":"<p>Resest, residencia de estudiantes en Sabadell, Bellaterra y Barcelona presentan nuevas ofertas de ocio para los estudiantes alojados en la residencia y gente de las cercan\u00edas:<\/p>\n<p style=\"text-align: center;\"><img loading=\"lazy\" decoding=\"async\" class=\"wp-image-1386 aligncenter\" title=\"Els Manel\" src=\"http:\/\/www.resest.com\/wp-content\/uploads\/manel-620x282.jpg\" alt=\"Els Manel\" width=\"372\" height=\"169\" \/><\/p>\n<p style=\"text-align: justify;\">Despu\u00e9s de sorprendernos con <strong>\u00abEls millors professors europeus\u00bb<\/strong> (2008), hacer historia con <strong>\u00ab10 milles per veure una bona armadura\u00bb<\/strong>\u00a0(2011), el cuarteto barcelon\u00e9s de pop catal\u00e1n, <strong>Manel, <\/strong>vuelve a sorprendernos con un nuevo disco de canciones narrativas titulado <strong>\u00ab<\/strong><strong>Atletes, baixin de l\u2019escenari\u00bb<\/strong>. En este nuevo disco encontraremos de nuevo esas historias aparentemente cotidianas que esconden un universo perfectamente identificable. A veces ir\u00f3nicos, (\u00abUn directiu em va a acomiadar\u00bb), otras inquietantes(\u00abImagina\u2019t un nen\u00bb) pero siempre emocionantes, los componentes del grupo Guillem Gisbert, Roger\u00a0Padilla, Mart\u00ed\u00a0Maym\u00f3\u00a0y Arnau\u00a0Vallv\u00e9 nos presentan un repertorio m\u00e1s que generoso.<\/p>\n<p style=\"text-align: justify;\">Si quieres asistir al concierto de presentaci\u00f3n de <strong><a href=\"http:\/\/www.isabadell.cat\/2013\/06\/els-manel-concert-estrella-de-la-tardor-sabadellenca\/\" target=\"_blank\">Manel\u00a0en Sabadell<\/a>, <\/strong>podr\u00e1s hacerlo el pr\u00f3ximo <strong>8 de noviembre de 2013\u00a0 a las 21:30h<\/strong> al teatro de <strong>La Far\u00e1ndula<\/strong>. El coste de las entradas es de 19, 25 y 32\u20ac<\/p>\n<p style=\"text-align: center;\"><img loading=\"lazy\" decoding=\"async\" class=\"wp-image-1388 aligncenter\" title=\"Els Pets\" src=\"http:\/\/www.resest.com\/wp-content\/uploads\/els-pets1-620x412.jpg\" alt=\"Els Pets\" width=\"372\" height=\"247\" \/><\/p>\n<p style=\"text-align: justify;\">El grupo de Constant\u00ed suspendi\u00f3 el concierto previsto inicialmente para el dia 20 de setiembre, y tocar\u00e1n dos d\u00edas desp\u00faes de Manel.<\/p>\n<p style=\"text-align: justify;\">Con evidente ilusi\u00f3n y pocos d\u00edas despu\u00e9s de anunciar la cancelaci\u00f3n del concierto de <strong><a href=\"http:\/\/www.lavanguardia.com\/local\/sabadell\/20130920\/54387823369\/els-pets-la-farandula.html\" target=\"_blank\">Els Pets\u00a0en Sabadell<\/a>, <\/strong>UiU Promotores aseguran que \u00abese fin de semana, Sabadell parecer\u00e1 una ciudad de verdad\u00bb. Y es que en un s\u00f3lo fin de semana tocar\u00e1 el grupo m\u00e1s influente del pop catal\u00e1n actual y uno de los hist\u00f3ricos: Els Pets.<\/p>\n<p style=\"text-align: justify;\">Puedes asistir al concierto en <strong>La Far\u00e1ndula<\/strong> el dia <strong>10\/11\/2013\u00a0 a las 18:00h<\/strong> El coste de las entrada es de\u00a016, 21 y 25\u20ac<\/p>\n<p>Visita nuestra\u00a0<a href=\"https:\/\/resest.com\/\">web<\/a>\u00a0y\u00a0<a href=\"https:\/\/resest.com\/serveis\/\">servicios<\/a>\u00a0para m\u00e1s informaci\u00f3n sobre la Residencia de Estudiantes en Sabadell. Tambi\u00e9n puedes\u00a0<a href=\"https:\/\/resest.com\/contactar\/\">contactar<\/a>\u00a0directamente con nosotros.<\/p>\n","protected":false},"excerpt":{"rendered":"<p>Resest, residencia de estudiantes en Sabadell, Bellaterra y Barcelona presentan nuevas ofertas de ocio para los estudiantes alojados en la residencia y gente de las cercan\u00edas: Despu\u00e9s de sorprendernos con \u00abEls millors professors europeus\u00bb (2008), hacer historia con \u00ab10 milles per veure una bona armadura\u00bb\u00a0(2011), el cuarteto barcelon\u00e9s de pop catal\u00e1n, Manel, vuelve a sorprendernos&hellip;<\/p>\n","protected":false},"author":3,"featured_media":0,"comment_status":"closed","ping_status":"open","sticky":false,"template":"","format":"standard","meta":{"footnotes":""},"categories":[1],"tags":[],"class_list":["post-2201","post","type-post","status-publish","format-standard","hentry","category-blog-es","entry","no-media"],"yoast_head":"<!-- This site is optimized with the Yoast SEO plugin v26.4 - https:\/\/yoast.com\/wordpress\/plugins\/seo\/ -->\n<title>Residencia de estudiantes en Sabadell porpone conciertos en la ciudad<\/title>\n<meta name=\"description\" content=\"Els Manel i Els Pets llegan a Sabadell y la Residencia de estudiantes en Sabadell Resest propone sus conciertos como alternativa en los d\u00edas de ocio.\" \/>\n<meta name=\"robots\" content=\"index, follow, max-snippet:-1, max-image-preview:large, max-video-preview:-1\" \/>\n<link rel=\"canonical\" href=\"https:\/\/resest.com\/es\/blog-es\/residencia-estudiantes-sabadell-recomienda-conciertos-2\/\" \/>\n<meta property=\"og:locale\" content=\"es_ES\" \/>\n<meta property=\"og:type\" content=\"article\" \/>\n<meta property=\"og:title\" content=\"Residencia de estudiantes en Sabadell porpone conciertos en la ciudad\" \/>\n<meta property=\"og:description\" content=\"Els Manel i Els Pets llegan a Sabadell y la Residencia de estudiantes en Sabadell Resest propone sus conciertos como alternativa en los d\u00edas de ocio.\" \/>\n<meta property=\"og:url\" content=\"https:\/\/resest.com\/es\/blog-es\/residencia-estudiantes-sabadell-recomienda-conciertos-2\/\" \/>\n<meta property=\"og:site_name\" content=\"Resid\u00e8ncia d&#039;Estudiants l&#039;Estaci\u00f3 de Sabadell | Resest\" \/>\n<meta property=\"article:published_time\" content=\"2013-10-29T10:05:47+00:00\" \/>\n<meta property=\"article:modified_time\" content=\"2015-01-19T10:04:24+00:00\" \/>\n<meta property=\"og:image\" content=\"http:\/\/www.resest.com\/wp-content\/uploads\/manel-620x282.jpg\" \/>\n<meta name=\"author\" content=\"Resest\" \/>\n<meta name=\"twitter:label1\" content=\"Escrito por\" \/>\n\t<meta name=\"twitter:data1\" content=\"Resest\" \/>\n\t<meta name=\"twitter:label2\" content=\"Tiempo de lectura\" \/>\n\t<meta name=\"twitter:data2\" content=\"1 minuto\" \/>\n<script type=\"application\/ld+json\" class=\"yoast-schema-graph\">{\"@context\":\"https:\/\/schema.org\",\"@graph\":[{\"@type\":\"Article\",\"@id\":\"https:\/\/resest.com\/es\/blog-es\/residencia-estudiantes-sabadell-recomienda-conciertos-2\/#article\",\"isPartOf\":{\"@id\":\"https:\/\/resest.com\/es\/blog-es\/residencia-estudiantes-sabadell-recomienda-conciertos-2\/\"},\"author\":{\"name\":\"Resest\",\"@id\":\"https:\/\/resest.com\/es\/#\/schema\/person\/f66d2b5dae2cd0a989ab720dd211d2a9\"},\"headline\":\"\u00a1Concierto de Manel y Els Pets los d\u00edas 8 y 10 de noviembre!\",\"datePublished\":\"2013-10-29T10:05:47+00:00\",\"dateModified\":\"2015-01-19T10:04:24+00:00\",\"mainEntityOfPage\":{\"@id\":\"https:\/\/resest.com\/es\/blog-es\/residencia-estudiantes-sabadell-recomienda-conciertos-2\/\"},\"wordCount\":311,\"publisher\":{\"@id\":\"https:\/\/resest.com\/es\/#organization\"},\"image\":{\"@id\":\"https:\/\/resest.com\/es\/blog-es\/residencia-estudiantes-sabadell-recomienda-conciertos-2\/#primaryimage\"},\"thumbnailUrl\":\"http:\/\/www.resest.com\/wp-content\/uploads\/manel-620x282.jpg\",\"articleSection\":[\"Blog\"],\"inLanguage\":\"es\"},{\"@type\":\"WebPage\",\"@id\":\"https:\/\/resest.com\/es\/blog-es\/residencia-estudiantes-sabadell-recomienda-conciertos-2\/\",\"url\":\"https:\/\/resest.com\/es\/blog-es\/residencia-estudiantes-sabadell-recomienda-conciertos-2\/\",\"name\":\"Residencia de estudiantes en Sabadell porpone conciertos en la ciudad\",\"isPartOf\":{\"@id\":\"https:\/\/resest.com\/es\/#website\"},\"primaryImageOfPage\":{\"@id\":\"https:\/\/resest.com\/es\/blog-es\/residencia-estudiantes-sabadell-recomienda-conciertos-2\/#primaryimage\"},\"image\":{\"@id\":\"https:\/\/resest.com\/es\/blog-es\/residencia-estudiantes-sabadell-recomienda-conciertos-2\/#primaryimage\"},\"thumbnailUrl\":\"http:\/\/www.resest.com\/wp-content\/uploads\/manel-620x282.jpg\",\"datePublished\":\"2013-10-29T10:05:47+00:00\",\"dateModified\":\"2015-01-19T10:04:24+00:00\",\"description\":\"Els Manel i Els Pets llegan a Sabadell y la Residencia de estudiantes en Sabadell Resest propone sus conciertos como alternativa en los d\u00edas de ocio.\",\"breadcrumb\":{\"@id\":\"https:\/\/resest.com\/es\/blog-es\/residencia-estudiantes-sabadell-recomienda-conciertos-2\/#breadcrumb\"},\"inLanguage\":\"es\",\"potentialAction\":[{\"@type\":\"ReadAction\",\"target\":[\"https:\/\/resest.com\/es\/blog-es\/residencia-estudiantes-sabadell-recomienda-conciertos-2\/\"]}]},{\"@type\":\"ImageObject\",\"inLanguage\":\"es\",\"@id\":\"https:\/\/resest.com\/es\/blog-es\/residencia-estudiantes-sabadell-recomienda-conciertos-2\/#primaryimage\",\"url\":\"http:\/\/www.resest.com\/wp-content\/uploads\/manel-620x282.jpg\",\"contentUrl\":\"http:\/\/www.resest.com\/wp-content\/uploads\/manel-620x282.jpg\"},{\"@type\":\"BreadcrumbList\",\"@id\":\"https:\/\/resest.com\/es\/blog-es\/residencia-estudiantes-sabadell-recomienda-conciertos-2\/#breadcrumb\",\"itemListElement\":[{\"@type\":\"ListItem\",\"position\":1,\"name\":\"Inici\",\"item\":\"https:\/\/resest.com\/es\/\"},{\"@type\":\"ListItem\",\"position\":2,\"name\":\"\u00a1Concierto de Manel y Els Pets los d\u00edas 8 y 10 de noviembre!\"}]},{\"@type\":\"WebSite\",\"@id\":\"https:\/\/resest.com\/es\/#website\",\"url\":\"https:\/\/resest.com\/es\/\",\"name\":\"Resid\u00e8ncia d&#039;Estudiants l&#039;Estaci\u00f3 de Sabadell | Resest\",\"description\":\"Otro sitio realizado con WordPress\",\"publisher\":{\"@id\":\"https:\/\/resest.com\/es\/#organization\"},\"potentialAction\":[{\"@type\":\"SearchAction\",\"target\":{\"@type\":\"EntryPoint\",\"urlTemplate\":\"https:\/\/resest.com\/es\/?s={search_term_string}\"},\"query-input\":{\"@type\":\"PropertyValueSpecification\",\"valueRequired\":true,\"valueName\":\"search_term_string\"}}],\"inLanguage\":\"es\"},{\"@type\":\"Organization\",\"@id\":\"https:\/\/resest.com\/es\/#organization\",\"name\":\"Resid\u00e8ncia d&#039;Estudiants l&#039;Estaci\u00f3 de Sabadell | Resest\",\"url\":\"https:\/\/resest.com\/es\/\",\"logo\":{\"@type\":\"ImageObject\",\"inLanguage\":\"es\",\"@id\":\"https:\/\/resest.com\/es\/#\/schema\/logo\/image\/\",\"url\":\"https:\/\/resest.com\/wp-content\/uploads\/2024\/03\/Facana-1.jpg\",\"contentUrl\":\"https:\/\/resest.com\/wp-content\/uploads\/2024\/03\/Facana-1.jpg\",\"width\":1200,\"height\":1009,\"caption\":\"Resid\u00e8ncia d&#039;Estudiants l&#039;Estaci\u00f3 de Sabadell | Resest\"},\"image\":{\"@id\":\"https:\/\/resest.com\/es\/#\/schema\/logo\/image\/\"}},{\"@type\":\"Person\",\"@id\":\"https:\/\/resest.com\/es\/#\/schema\/person\/f66d2b5dae2cd0a989ab720dd211d2a9\",\"name\":\"Resest\",\"image\":{\"@type\":\"ImageObject\",\"inLanguage\":\"es\",\"@id\":\"https:\/\/resest.com\/es\/#\/schema\/person\/image\/\",\"url\":\"https:\/\/secure.gravatar.com\/avatar\/a5d542eca874617a8a62a45c724821a615f770cf5bde5e61a93a7a2562faba7a?s=96&d=mm&r=g\",\"contentUrl\":\"https:\/\/secure.gravatar.com\/avatar\/a5d542eca874617a8a62a45c724821a615f770cf5bde5e61a93a7a2562faba7a?s=96&d=mm&r=g\",\"caption\":\"Resest\"},\"url\":\"https:\/\/resest.com\/es\/author\/resest\/\"}]}<\/script>\n<!-- \/ Yoast SEO plugin. -->","yoast_head_json":{"title":"Residencia de estudiantes en Sabadell porpone conciertos en la ciudad","description":"Els Manel i Els Pets llegan a Sabadell y la Residencia de estudiantes en Sabadell Resest propone sus conciertos como alternativa en los d\u00edas de ocio.","robots":{"index":"index","follow":"follow","max-snippet":"max-snippet:-1","max-image-preview":"max-image-preview:large","max-video-preview":"max-video-preview:-1"},"canonical":"https:\/\/resest.com\/es\/blog-es\/residencia-estudiantes-sabadell-recomienda-conciertos-2\/","og_locale":"es_ES","og_type":"article","og_title":"Residencia de estudiantes en Sabadell porpone conciertos en la ciudad","og_description":"Els Manel i Els Pets llegan a Sabadell y la Residencia de estudiantes en Sabadell Resest propone sus conciertos como alternativa en los d\u00edas de ocio.","og_url":"https:\/\/resest.com\/es\/blog-es\/residencia-estudiantes-sabadell-recomienda-conciertos-2\/","og_site_name":"Resid\u00e8ncia d&#039;Estudiants l&#039;Estaci\u00f3 de Sabadell | Resest","article_published_time":"2013-10-29T10:05:47+00:00","article_modified_time":"2015-01-19T10:04:24+00:00","og_image":[{"url":"http:\/\/www.resest.com\/wp-content\/uploads\/manel-620x282.jpg","type":"","width":"","height":""}],"author":"Resest","twitter_misc":{"Escrito por":"Resest","Tiempo de lectura":"1 minuto"},"schema":{"@context":"https:\/\/schema.org","@graph":[{"@type":"Article","@id":"https:\/\/resest.com\/es\/blog-es\/residencia-estudiantes-sabadell-recomienda-conciertos-2\/#article","isPartOf":{"@id":"https:\/\/resest.com\/es\/blog-es\/residencia-estudiantes-sabadell-recomienda-conciertos-2\/"},"author":{"name":"Resest","@id":"https:\/\/resest.com\/es\/#\/schema\/person\/f66d2b5dae2cd0a989ab720dd211d2a9"},"headline":"\u00a1Concierto de Manel y Els Pets los d\u00edas 8 y 10 de noviembre!","datePublished":"2013-10-29T10:05:47+00:00","dateModified":"2015-01-19T10:04:24+00:00","mainEntityOfPage":{"@id":"https:\/\/resest.com\/es\/blog-es\/residencia-estudiantes-sabadell-recomienda-conciertos-2\/"},"wordCount":311,"publisher":{"@id":"https:\/\/resest.com\/es\/#organization"},"image":{"@id":"https:\/\/resest.com\/es\/blog-es\/residencia-estudiantes-sabadell-recomienda-conciertos-2\/#primaryimage"},"thumbnailUrl":"http:\/\/www.resest.com\/wp-content\/uploads\/manel-620x282.jpg","articleSection":["Blog"],"inLanguage":"es"},{"@type":"WebPage","@id":"https:\/\/resest.com\/es\/blog-es\/residencia-estudiantes-sabadell-recomienda-conciertos-2\/","url":"https:\/\/resest.com\/es\/blog-es\/residencia-estudiantes-sabadell-recomienda-conciertos-2\/","name":"Residencia de estudiantes en Sabadell porpone conciertos en la ciudad","isPartOf":{"@id":"https:\/\/resest.com\/es\/#website"},"primaryImageOfPage":{"@id":"https:\/\/resest.com\/es\/blog-es\/residencia-estudiantes-sabadell-recomienda-conciertos-2\/#primaryimage"},"image":{"@id":"https:\/\/resest.com\/es\/blog-es\/residencia-estudiantes-sabadell-recomienda-conciertos-2\/#primaryimage"},"thumbnailUrl":"http:\/\/www.resest.com\/wp-content\/uploads\/manel-620x282.jpg","datePublished":"2013-10-29T10:05:47+00:00","dateModified":"2015-01-19T10:04:24+00:00","description":"Els Manel i Els Pets llegan a Sabadell y la Residencia de estudiantes en Sabadell Resest propone sus conciertos como alternativa en los d\u00edas de ocio.","breadcrumb":{"@id":"https:\/\/resest.com\/es\/blog-es\/residencia-estudiantes-sabadell-recomienda-conciertos-2\/#breadcrumb"},"inLanguage":"es","potentialAction":[{"@type":"ReadAction","target":["https:\/\/resest.com\/es\/blog-es\/residencia-estudiantes-sabadell-recomienda-conciertos-2\/"]}]},{"@type":"ImageObject","inLanguage":"es","@id":"https:\/\/resest.com\/es\/blog-es\/residencia-estudiantes-sabadell-recomienda-conciertos-2\/#primaryimage","url":"http:\/\/www.resest.com\/wp-content\/uploads\/manel-620x282.jpg","contentUrl":"http:\/\/www.resest.com\/wp-content\/uploads\/manel-620x282.jpg"},{"@type":"BreadcrumbList","@id":"https:\/\/resest.com\/es\/blog-es\/residencia-estudiantes-sabadell-recomienda-conciertos-2\/#breadcrumb","itemListElement":[{"@type":"ListItem","position":1,"name":"Inici","item":"https:\/\/resest.com\/es\/"},{"@type":"ListItem","position":2,"name":"\u00a1Concierto de Manel y Els Pets los d\u00edas 8 y 10 de noviembre!"}]},{"@type":"WebSite","@id":"https:\/\/resest.com\/es\/#website","url":"https:\/\/resest.com\/es\/","name":"Resid\u00e8ncia d&#039;Estudiants l&#039;Estaci\u00f3 de Sabadell | Resest","description":"Otro sitio realizado con WordPress","publisher":{"@id":"https:\/\/resest.com\/es\/#organization"},"potentialAction":[{"@type":"SearchAction","target":{"@type":"EntryPoint","urlTemplate":"https:\/\/resest.com\/es\/?s={search_term_string}"},"query-input":{"@type":"PropertyValueSpecification","valueRequired":true,"valueName":"search_term_string"}}],"inLanguage":"es"},{"@type":"Organization","@id":"https:\/\/resest.com\/es\/#organization","name":"Resid\u00e8ncia d&#039;Estudiants l&#039;Estaci\u00f3 de Sabadell | Resest","url":"https:\/\/resest.com\/es\/","logo":{"@type":"ImageObject","inLanguage":"es","@id":"https:\/\/resest.com\/es\/#\/schema\/logo\/image\/","url":"https:\/\/resest.com\/wp-content\/uploads\/2024\/03\/Facana-1.jpg","contentUrl":"https:\/\/resest.com\/wp-content\/uploads\/2024\/03\/Facana-1.jpg","width":1200,"height":1009,"caption":"Resid\u00e8ncia d&#039;Estudiants l&#039;Estaci\u00f3 de Sabadell | Resest"},"image":{"@id":"https:\/\/resest.com\/es\/#\/schema\/logo\/image\/"}},{"@type":"Person","@id":"https:\/\/resest.com\/es\/#\/schema\/person\/f66d2b5dae2cd0a989ab720dd211d2a9","name":"Resest","image":{"@type":"ImageObject","inLanguage":"es","@id":"https:\/\/resest.com\/es\/#\/schema\/person\/image\/","url":"https:\/\/secure.gravatar.com\/avatar\/a5d542eca874617a8a62a45c724821a615f770cf5bde5e61a93a7a2562faba7a?s=96&d=mm&r=g","contentUrl":"https:\/\/secure.gravatar.com\/avatar\/a5d542eca874617a8a62a45c724821a615f770cf5bde5e61a93a7a2562faba7a?s=96&d=mm&r=g","caption":"Resest"},"url":"https:\/\/resest.com\/es\/author\/resest\/"}]}},"_links":{"self":[{"href":"https:\/\/resest.com\/es\/wp-json\/wp\/v2\/posts\/2201","targetHints":{"allow":["GET"]}}],"collection":[{"href":"https:\/\/resest.com\/es\/wp-json\/wp\/v2\/posts"}],"about":[{"href":"https:\/\/resest.com\/es\/wp-json\/wp\/v2\/types\/post"}],"author":[{"embeddable":true,"href":"https:\/\/resest.com\/es\/wp-json\/wp\/v2\/users\/3"}],"replies":[{"embeddable":true,"href":"https:\/\/resest.com\/es\/wp-json\/wp\/v2\/comments?post=2201"}],"version-history":[{"count":0,"href":"https:\/\/resest.com\/es\/wp-json\/wp\/v2\/posts\/2201\/revisions"}],"wp:attachment":[{"href":"https:\/\/resest.com\/es\/wp-json\/wp\/v2\/media?parent=2201"}],"wp:term":[{"taxonomy":"category","embeddable":true,"href":"https:\/\/resest.com\/es\/wp-json\/wp\/v2\/categories?post=2201"},{"taxonomy":"post_tag","embeddable":true,"href":"https:\/\/resest.com\/es\/wp-json\/wp\/v2\/tags?post=2201"}],"curies":[{"name":"wp","href":"https:\/\/api.w.org\/{rel}","templated":true}]}}