{"id":2199,"date":"2013-10-11T08:59:02","date_gmt":"2013-10-11T07:59:02","guid":{"rendered":"http:\/\/www.resest.com\/?p=1362"},"modified":"2015-01-19T11:13:32","modified_gmt":"2015-01-19T10:13:32","slug":"resest-trae-la-ronda-vallessana-2013-2","status":"publish","type":"post","link":"https:\/\/resest.com\/es\/blog-es\/resest-trae-la-ronda-vallessana-2013-2\/","title":{"rendered":"\u00a1Se inicia la cuenta atr\u00e1s para la RONDA VALLESANA 2013!"},"content":{"rendered":"<p>\u00a1El pr\u00f3ximo 20 de octubre se har\u00e1 la 34a edici\u00f3n de la <strong>Ronda Vallesana<\/strong>!<\/p>\n<p>Desde Resest, residencia para estudiantes en Barcelona, Sabadell y Bellaterra os animamos a formar parte de esta <strong>caminata tan popular<\/strong>, excursionista y cultural que discurre por el\u00a0<strong><a href=\"http:\/\/es.wikipedia.org\/wiki\/Valles_Oriental\" target=\"_blank\">Vall\u00e8s Oriental.<br \/>\n<\/a><\/strong><\/p>\n<p>La hora de salida ser\u00e1 entre las 7:30 y las 8:30 de la ma\u00f1ana.<\/p>\n<p>El itinerario:<\/p>\n<p>-Llinars del Vall\u00e8s (Pabell\u00f3n de Deportes)<br \/>\n-Sant Esteve del Coll<br \/>\n-La Torrassa del Moro<br \/>\n-Can Bordoi y Sant Andreu del Far<br \/>\n-Can Ferrerons<\/p>\n<p>-Llinars del Vall\u00e8s<\/p>\n<p>Encontrar\u00e9is dos opciones de itinerario:<\/p>\n<p>-Ronda corta: 16 Km, 475 m. de desnivel, 4h. 30\u2032<br \/>\n-Ronda larga: 24 Km, 636 m. de desnivel, 7h. 11\u2032<\/p>\n<p>Los precios de la salida son entre 10 y 15\u20ac por persona.<\/p>\n<p>Para m\u00e1s informaci\u00f3n pod\u00e9is consultar la web<a href=\"http:\/\/muntanya.ues.cat\/\" target=\"_blank\">\u00a0<strong>www.muntanya.ues.cat<\/strong><\/a>\u00a0o dirigiros a la <strong>Uni\u00f3n Excursonista de Sabadell<\/strong>.<\/p>\n<p>Visita nuestra\u00a0<a href=\"https:\/\/resest.com\/\">web<\/a>\u00a0y\u00a0<a href=\"https:\/\/resest.com\/serveis\/\">servicios<\/a>\u00a0para m\u00e1s informaci\u00f3n sobre la Residencia de Estudiantes en Sabadell. Tambi\u00e9n puedes\u00a0<a href=\"https:\/\/resest.com\/contactar\/\">contactar<\/a>\u00a0directamente con nosotros.<\/p>\n","protected":false},"excerpt":{"rendered":"<p>\u00a1El pr\u00f3ximo 20 de octubre se har\u00e1 la 34a edici\u00f3n de la Ronda Vallesana! Desde Resest, residencia para estudiantes en Barcelona, Sabadell y Bellaterra os animamos a formar parte de esta caminata tan popular, excursionista y cultural que discurre por el\u00a0Vall\u00e8s Oriental. La hora de salida ser\u00e1 entre las 7:30 y las 8:30 de la&hellip;<\/p>\n","protected":false},"author":3,"featured_media":0,"comment_status":"closed","ping_status":"open","sticky":false,"template":"","format":"standard","meta":{"footnotes":""},"categories":[1],"tags":[],"class_list":["post-2199","post","type-post","status-publish","format-standard","hentry","category-blog-es","entry","no-media"],"yoast_head":"<!-- This site is optimized with the Yoast SEO plugin v26.4 - https:\/\/yoast.com\/wordpress\/plugins\/seo\/ -->\n<title>Resest sigue con las propuestas de ocio, Ronda Vallesana esta vez.<\/title>\n<meta name=\"description\" content=\"La nueva propuesta de ocio de Resest se llama Ronda Vallesana. Invitan a todo el mundo a participar adem\u00e1s de a los mimos estudiantes de la residencia.\" \/>\n<meta name=\"robots\" content=\"index, follow, max-snippet:-1, max-image-preview:large, max-video-preview:-1\" \/>\n<link rel=\"canonical\" href=\"https:\/\/resest.com\/es\/blog-es\/resest-trae-la-ronda-vallessana-2013-2\/\" \/>\n<meta property=\"og:locale\" content=\"es_ES\" \/>\n<meta property=\"og:type\" content=\"article\" \/>\n<meta property=\"og:title\" content=\"Resest sigue con las propuestas de ocio, Ronda Vallesana esta vez.\" \/>\n<meta property=\"og:description\" content=\"La nueva propuesta de ocio de Resest se llama Ronda Vallesana. Invitan a todo el mundo a participar adem\u00e1s de a los mimos estudiantes de la residencia.\" \/>\n<meta property=\"og:url\" content=\"https:\/\/resest.com\/es\/blog-es\/resest-trae-la-ronda-vallessana-2013-2\/\" \/>\n<meta property=\"og:site_name\" content=\"Resid\u00e8ncia d&#039;Estudiants l&#039;Estaci\u00f3 de Sabadell | Resest\" \/>\n<meta property=\"article:published_time\" content=\"2013-10-11T07:59:02+00:00\" \/>\n<meta property=\"article:modified_time\" content=\"2015-01-19T10:13:32+00:00\" \/>\n<meta name=\"author\" content=\"Resest\" \/>\n<meta name=\"twitter:label1\" content=\"Escrito por\" \/>\n\t<meta name=\"twitter:data1\" content=\"Resest\" \/>\n\t<meta name=\"twitter:label2\" content=\"Tiempo de lectura\" \/>\n\t<meta name=\"twitter:data2\" content=\"1 minuto\" \/>\n<script type=\"application\/ld+json\" class=\"yoast-schema-graph\">{\"@context\":\"https:\/\/schema.org\",\"@graph\":[{\"@type\":\"Article\",\"@id\":\"https:\/\/resest.com\/es\/blog-es\/resest-trae-la-ronda-vallessana-2013-2\/#article\",\"isPartOf\":{\"@id\":\"https:\/\/resest.com\/es\/blog-es\/resest-trae-la-ronda-vallessana-2013-2\/\"},\"author\":{\"name\":\"Resest\",\"@id\":\"https:\/\/resest.com\/es\/#\/schema\/person\/f66d2b5dae2cd0a989ab720dd211d2a9\"},\"headline\":\"\u00a1Se inicia la cuenta atr\u00e1s para la RONDA VALLESANA 2013!\",\"datePublished\":\"2013-10-11T07:59:02+00:00\",\"dateModified\":\"2015-01-19T10:13:32+00:00\",\"mainEntityOfPage\":{\"@id\":\"https:\/\/resest.com\/es\/blog-es\/resest-trae-la-ronda-vallessana-2013-2\/\"},\"wordCount\":176,\"publisher\":{\"@id\":\"https:\/\/resest.com\/es\/#organization\"},\"articleSection\":[\"Blog\"],\"inLanguage\":\"es\"},{\"@type\":\"WebPage\",\"@id\":\"https:\/\/resest.com\/es\/blog-es\/resest-trae-la-ronda-vallessana-2013-2\/\",\"url\":\"https:\/\/resest.com\/es\/blog-es\/resest-trae-la-ronda-vallessana-2013-2\/\",\"name\":\"Resest sigue con las propuestas de ocio, Ronda Vallesana esta vez.\",\"isPartOf\":{\"@id\":\"https:\/\/resest.com\/es\/#website\"},\"datePublished\":\"2013-10-11T07:59:02+00:00\",\"dateModified\":\"2015-01-19T10:13:32+00:00\",\"description\":\"La nueva propuesta de ocio de Resest se llama Ronda Vallesana. Invitan a todo el mundo a participar adem\u00e1s de a los mimos estudiantes de la residencia.\",\"breadcrumb\":{\"@id\":\"https:\/\/resest.com\/es\/blog-es\/resest-trae-la-ronda-vallessana-2013-2\/#breadcrumb\"},\"inLanguage\":\"es\",\"potentialAction\":[{\"@type\":\"ReadAction\",\"target\":[\"https:\/\/resest.com\/es\/blog-es\/resest-trae-la-ronda-vallessana-2013-2\/\"]}]},{\"@type\":\"BreadcrumbList\",\"@id\":\"https:\/\/resest.com\/es\/blog-es\/resest-trae-la-ronda-vallessana-2013-2\/#breadcrumb\",\"itemListElement\":[{\"@type\":\"ListItem\",\"position\":1,\"name\":\"Inici\",\"item\":\"https:\/\/resest.com\/es\/\"},{\"@type\":\"ListItem\",\"position\":2,\"name\":\"\u00a1Se inicia la cuenta atr\u00e1s para la RONDA VALLESANA 2013!\"}]},{\"@type\":\"WebSite\",\"@id\":\"https:\/\/resest.com\/es\/#website\",\"url\":\"https:\/\/resest.com\/es\/\",\"name\":\"Resid\u00e8ncia d&#039;Estudiants l&#039;Estaci\u00f3 de Sabadell | Resest\",\"description\":\"Otro sitio realizado con WordPress\",\"publisher\":{\"@id\":\"https:\/\/resest.com\/es\/#organization\"},\"potentialAction\":[{\"@type\":\"SearchAction\",\"target\":{\"@type\":\"EntryPoint\",\"urlTemplate\":\"https:\/\/resest.com\/es\/?s={search_term_string}\"},\"query-input\":{\"@type\":\"PropertyValueSpecification\",\"valueRequired\":true,\"valueName\":\"search_term_string\"}}],\"inLanguage\":\"es\"},{\"@type\":\"Organization\",\"@id\":\"https:\/\/resest.com\/es\/#organization\",\"name\":\"Resid\u00e8ncia d&#039;Estudiants l&#039;Estaci\u00f3 de Sabadell | Resest\",\"url\":\"https:\/\/resest.com\/es\/\",\"logo\":{\"@type\":\"ImageObject\",\"inLanguage\":\"es\",\"@id\":\"https:\/\/resest.com\/es\/#\/schema\/logo\/image\/\",\"url\":\"https:\/\/resest.com\/wp-content\/uploads\/2024\/03\/Facana-1.jpg\",\"contentUrl\":\"https:\/\/resest.com\/wp-content\/uploads\/2024\/03\/Facana-1.jpg\",\"width\":1200,\"height\":1009,\"caption\":\"Resid\u00e8ncia d&#039;Estudiants l&#039;Estaci\u00f3 de Sabadell | Resest\"},\"image\":{\"@id\":\"https:\/\/resest.com\/es\/#\/schema\/logo\/image\/\"}},{\"@type\":\"Person\",\"@id\":\"https:\/\/resest.com\/es\/#\/schema\/person\/f66d2b5dae2cd0a989ab720dd211d2a9\",\"name\":\"Resest\",\"image\":{\"@type\":\"ImageObject\",\"inLanguage\":\"es\",\"@id\":\"https:\/\/resest.com\/es\/#\/schema\/person\/image\/\",\"url\":\"https:\/\/secure.gravatar.com\/avatar\/a5d542eca874617a8a62a45c724821a615f770cf5bde5e61a93a7a2562faba7a?s=96&d=mm&r=g\",\"contentUrl\":\"https:\/\/secure.gravatar.com\/avatar\/a5d542eca874617a8a62a45c724821a615f770cf5bde5e61a93a7a2562faba7a?s=96&d=mm&r=g\",\"caption\":\"Resest\"},\"url\":\"https:\/\/resest.com\/es\/author\/resest\/\"}]}<\/script>\n<!-- \/ Yoast SEO plugin. -->","yoast_head_json":{"title":"Resest sigue con las propuestas de ocio, Ronda Vallesana esta vez.","description":"La nueva propuesta de ocio de Resest se llama Ronda Vallesana. Invitan a todo el mundo a participar adem\u00e1s de a los mimos estudiantes de la residencia.","robots":{"index":"index","follow":"follow","max-snippet":"max-snippet:-1","max-image-preview":"max-image-preview:large","max-video-preview":"max-video-preview:-1"},"canonical":"https:\/\/resest.com\/es\/blog-es\/resest-trae-la-ronda-vallessana-2013-2\/","og_locale":"es_ES","og_type":"article","og_title":"Resest sigue con las propuestas de ocio, Ronda Vallesana esta vez.","og_description":"La nueva propuesta de ocio de Resest se llama Ronda Vallesana. Invitan a todo el mundo a participar adem\u00e1s de a los mimos estudiantes de la residencia.","og_url":"https:\/\/resest.com\/es\/blog-es\/resest-trae-la-ronda-vallessana-2013-2\/","og_site_name":"Resid\u00e8ncia d&#039;Estudiants l&#039;Estaci\u00f3 de Sabadell | Resest","article_published_time":"2013-10-11T07:59:02+00:00","article_modified_time":"2015-01-19T10:13:32+00:00","author":"Resest","twitter_misc":{"Escrito por":"Resest","Tiempo de lectura":"1 minuto"},"schema":{"@context":"https:\/\/schema.org","@graph":[{"@type":"Article","@id":"https:\/\/resest.com\/es\/blog-es\/resest-trae-la-ronda-vallessana-2013-2\/#article","isPartOf":{"@id":"https:\/\/resest.com\/es\/blog-es\/resest-trae-la-ronda-vallessana-2013-2\/"},"author":{"name":"Resest","@id":"https:\/\/resest.com\/es\/#\/schema\/person\/f66d2b5dae2cd0a989ab720dd211d2a9"},"headline":"\u00a1Se inicia la cuenta atr\u00e1s para la RONDA VALLESANA 2013!","datePublished":"2013-10-11T07:59:02+00:00","dateModified":"2015-01-19T10:13:32+00:00","mainEntityOfPage":{"@id":"https:\/\/resest.com\/es\/blog-es\/resest-trae-la-ronda-vallessana-2013-2\/"},"wordCount":176,"publisher":{"@id":"https:\/\/resest.com\/es\/#organization"},"articleSection":["Blog"],"inLanguage":"es"},{"@type":"WebPage","@id":"https:\/\/resest.com\/es\/blog-es\/resest-trae-la-ronda-vallessana-2013-2\/","url":"https:\/\/resest.com\/es\/blog-es\/resest-trae-la-ronda-vallessana-2013-2\/","name":"Resest sigue con las propuestas de ocio, Ronda Vallesana esta vez.","isPartOf":{"@id":"https:\/\/resest.com\/es\/#website"},"datePublished":"2013-10-11T07:59:02+00:00","dateModified":"2015-01-19T10:13:32+00:00","description":"La nueva propuesta de ocio de Resest se llama Ronda Vallesana. Invitan a todo el mundo a participar adem\u00e1s de a los mimos estudiantes de la residencia.","breadcrumb":{"@id":"https:\/\/resest.com\/es\/blog-es\/resest-trae-la-ronda-vallessana-2013-2\/#breadcrumb"},"inLanguage":"es","potentialAction":[{"@type":"ReadAction","target":["https:\/\/resest.com\/es\/blog-es\/resest-trae-la-ronda-vallessana-2013-2\/"]}]},{"@type":"BreadcrumbList","@id":"https:\/\/resest.com\/es\/blog-es\/resest-trae-la-ronda-vallessana-2013-2\/#breadcrumb","itemListElement":[{"@type":"ListItem","position":1,"name":"Inici","item":"https:\/\/resest.com\/es\/"},{"@type":"ListItem","position":2,"name":"\u00a1Se inicia la cuenta atr\u00e1s para la RONDA VALLESANA 2013!"}]},{"@type":"WebSite","@id":"https:\/\/resest.com\/es\/#website","url":"https:\/\/resest.com\/es\/","name":"Resid\u00e8ncia d&#039;Estudiants l&#039;Estaci\u00f3 de Sabadell | Resest","description":"Otro sitio realizado con WordPress","publisher":{"@id":"https:\/\/resest.com\/es\/#organization"},"potentialAction":[{"@type":"SearchAction","target":{"@type":"EntryPoint","urlTemplate":"https:\/\/resest.com\/es\/?s={search_term_string}"},"query-input":{"@type":"PropertyValueSpecification","valueRequired":true,"valueName":"search_term_string"}}],"inLanguage":"es"},{"@type":"Organization","@id":"https:\/\/resest.com\/es\/#organization","name":"Resid\u00e8ncia d&#039;Estudiants l&#039;Estaci\u00f3 de Sabadell | Resest","url":"https:\/\/resest.com\/es\/","logo":{"@type":"ImageObject","inLanguage":"es","@id":"https:\/\/resest.com\/es\/#\/schema\/logo\/image\/","url":"https:\/\/resest.com\/wp-content\/uploads\/2024\/03\/Facana-1.jpg","contentUrl":"https:\/\/resest.com\/wp-content\/uploads\/2024\/03\/Facana-1.jpg","width":1200,"height":1009,"caption":"Resid\u00e8ncia d&#039;Estudiants l&#039;Estaci\u00f3 de Sabadell | Resest"},"image":{"@id":"https:\/\/resest.com\/es\/#\/schema\/logo\/image\/"}},{"@type":"Person","@id":"https:\/\/resest.com\/es\/#\/schema\/person\/f66d2b5dae2cd0a989ab720dd211d2a9","name":"Resest","image":{"@type":"ImageObject","inLanguage":"es","@id":"https:\/\/resest.com\/es\/#\/schema\/person\/image\/","url":"https:\/\/secure.gravatar.com\/avatar\/a5d542eca874617a8a62a45c724821a615f770cf5bde5e61a93a7a2562faba7a?s=96&d=mm&r=g","contentUrl":"https:\/\/secure.gravatar.com\/avatar\/a5d542eca874617a8a62a45c724821a615f770cf5bde5e61a93a7a2562faba7a?s=96&d=mm&r=g","caption":"Resest"},"url":"https:\/\/resest.com\/es\/author\/resest\/"}]}},"_links":{"self":[{"href":"https:\/\/resest.com\/es\/wp-json\/wp\/v2\/posts\/2199","targetHints":{"allow":["GET"]}}],"collection":[{"href":"https:\/\/resest.com\/es\/wp-json\/wp\/v2\/posts"}],"about":[{"href":"https:\/\/resest.com\/es\/wp-json\/wp\/v2\/types\/post"}],"author":[{"embeddable":true,"href":"https:\/\/resest.com\/es\/wp-json\/wp\/v2\/users\/3"}],"replies":[{"embeddable":true,"href":"https:\/\/resest.com\/es\/wp-json\/wp\/v2\/comments?post=2199"}],"version-history":[{"count":0,"href":"https:\/\/resest.com\/es\/wp-json\/wp\/v2\/posts\/2199\/revisions"}],"wp:attachment":[{"href":"https:\/\/resest.com\/es\/wp-json\/wp\/v2\/media?parent=2199"}],"wp:term":[{"taxonomy":"category","embeddable":true,"href":"https:\/\/resest.com\/es\/wp-json\/wp\/v2\/categories?post=2199"},{"taxonomy":"post_tag","embeddable":true,"href":"https:\/\/resest.com\/es\/wp-json\/wp\/v2\/tags?post=2199"}],"curies":[{"name":"wp","href":"https:\/\/api.w.org\/{rel}","templated":true}]}}