{"id":2198,"date":"2013-10-01T09:51:24","date_gmt":"2013-10-01T08:51:24","guid":{"rendered":"http:\/\/www.resest.com\/?p=1333"},"modified":"2015-01-19T11:15:41","modified_gmt":"2015-01-19T10:15:41","slug":"alojamiento-estudiantil-habla-de-museo-del-gas-2","status":"publish","type":"post","link":"https:\/\/resest.com\/es\/blog-es\/alojamiento-estudiantil-habla-de-museo-del-gas-2\/","title":{"rendered":"\u00bfHab\u00e9is visitado el Museo del Gas en Sabadell?"},"content":{"rendered":"<p>El pr\u00f3ximo domingo 6 de octubre de 10 a 14h, entrada gratuita al\u00a0<strong><a href=\"http:\/\/www.fundaciongasnaturalfenosa.org\/es-ES\/MuseoGas\/Paginas\/subhome.aspx\" target=\"_blank\">Museo del Gas de Sabadell.<\/a><\/strong><\/p>\n<p>El <strong>Museo del Gas<\/strong> propone un recorrido por la historia de la compa\u00f1\u00eda, desde el a\u00f1o 1843 como\u00a0<em>Sociedad Catalana para el Alumbrado por Gas<\/em>\u00a0hasta la actual\u00a0<em>Gas Natural Fenosa<\/em>; una descripci\u00f3n de <strong>la evoluci\u00f3n de la industria del gas y la electricidad<\/strong> en los siglos XIX y XX a trav\u00e9s de los cambios sociales que conllevan las nuevas tecnolog\u00edas y los nuevos inventos; una reflexi\u00f3n sobre la importancia de utilizar de manera eficiente los <strong>recursos naturales<\/strong> y sobre la manera de <strong>obtener energ\u00eda<\/strong> de forma continuada, econ\u00f3mica y de bajo impacto ambiental; y, finalmente, des del mirador del edificio, una visi\u00f3n que muestra las <strong>medidas de sostenibilidad<\/strong> realizadas en la restauraci\u00f3n y la nueva construcci\u00f3n del mismo.<\/p>\n<p style=\"text-align: center;\"><img loading=\"lazy\" decoding=\"async\" class=\"aligncenter size-large wp-image-1354\" title=\"Museo del Gas en Sabadell\" src=\"http:\/\/www.resest.com\/wp-content\/uploads\/Museu2-620x360.jpg\" alt=\"Museo del Gas\" width=\"620\" height=\"360\" \/><\/p>\n<p>El Museo del Gas ofrece un amplio abanico de <strong>actividades y talleres did\u00e1cticos <\/strong>dirigidos al p\u00fablico infantil. Combina la exposici\u00f3n permanente y las temporales con la organizaci\u00f3n de cursos y conferencias. El edificio tambi\u00e9n cuenta con la sede institucional y las oficinas de la <strong>Fundaci\u00f3n Gas Natural Fenosa<\/strong>.<\/p>\n<p>El Museo\u00a0<strong>re\u00fane una colecci\u00f3n<\/strong> de unas 3.500 piezas y objetos relacionados con el mundo del gas y la electricidad, que se han ido recuperando desde 1977. Hay que destacar la Colecci\u00f3n Catalana de Gas, formada por aparatos dom\u00e9sticos de gas pertenecientes a la \u00e9poca comprendida entre finales del siglo XIX y principios del XX.<\/p>\n<p>Si quer\u00e9is disfrutar de una interesante y curiosa visita al Museo del Gas, lo pod\u00e9is hacer de martes a s\u00e1bado de 10 a 14h y de 16 a 20h, y los domingos de 10 a 14h (el primer domingo de cada mes el acceso es gratis).<\/p>\n<p>Pod\u00e9is encontrar el Museo en la siguiente direcci\u00f3n:<\/p>\n<p>Fundaci\u00f3n Gas Natural Fenosa<\/p>\n<p>Plaza del Gas, 8<\/p>\n<p>08201 Sabadell<\/p>\n<p>Visita nuestra\u00a0<a href=\"https:\/\/resest.com\/\">web<\/a>\u00a0y\u00a0<a href=\"https:\/\/resest.com\/serveis\/\">servicios<\/a>\u00a0para m\u00e1s informaci\u00f3n sobre la Residencia de Estudiantes en Sabadell. Tambi\u00e9n puedes\u00a0<a href=\"https:\/\/resest.com\/contactar\/\">contactar<\/a>\u00a0directamente con nosotros.<\/p>\n<p style=\"text-align: justify;\">\n<p style=\"text-align: justify;\">\n","protected":false},"excerpt":{"rendered":"<p>El pr\u00f3ximo domingo 6 de octubre de 10 a 14h, entrada gratuita al\u00a0Museo del Gas de Sabadell. El Museo del Gas propone un recorrido por la historia de la compa\u00f1\u00eda, desde el a\u00f1o 1843 como\u00a0Sociedad Catalana para el Alumbrado por Gas\u00a0hasta la actual\u00a0Gas Natural Fenosa; una descripci\u00f3n de la evoluci\u00f3n de la industria del gas&hellip;<\/p>\n","protected":false},"author":3,"featured_media":0,"comment_status":"closed","ping_status":"open","sticky":false,"template":"","format":"standard","meta":{"footnotes":""},"categories":[1],"tags":[],"class_list":["post-2198","post","type-post","status-publish","format-standard","hentry","category-blog-es","entry","no-media"],"yoast_head":"<!-- This site is optimized with the Yoast SEO plugin v26.4 - https:\/\/yoast.com\/wordpress\/plugins\/seo\/ -->\n<title>El alojamiento estudiantil Resest propone el mueso del gas en Sabadell<\/title>\n<meta name=\"description\" content=\"El alojamiento estudiantil Resest propone el mueso del gas en Sabadell para habitantes de la zona y sobretodo para los ratos e ocio de sus estudiantes.\" \/>\n<meta name=\"robots\" content=\"index, follow, max-snippet:-1, max-image-preview:large, max-video-preview:-1\" \/>\n<link rel=\"canonical\" href=\"https:\/\/resest.com\/es\/blog-es\/alojamiento-estudiantil-habla-de-museo-del-gas-2\/\" \/>\n<meta property=\"og:locale\" content=\"es_ES\" \/>\n<meta property=\"og:type\" content=\"article\" \/>\n<meta property=\"og:title\" content=\"El alojamiento estudiantil Resest propone el mueso del gas en Sabadell\" \/>\n<meta property=\"og:description\" content=\"El alojamiento estudiantil Resest propone el mueso del gas en Sabadell para habitantes de la zona y sobretodo para los ratos e ocio de sus estudiantes.\" \/>\n<meta property=\"og:url\" content=\"https:\/\/resest.com\/es\/blog-es\/alojamiento-estudiantil-habla-de-museo-del-gas-2\/\" \/>\n<meta property=\"og:site_name\" content=\"Resid\u00e8ncia d&#039;Estudiants l&#039;Estaci\u00f3 de Sabadell | Resest\" \/>\n<meta property=\"article:published_time\" content=\"2013-10-01T08:51:24+00:00\" \/>\n<meta property=\"article:modified_time\" content=\"2015-01-19T10:15:41+00:00\" \/>\n<meta property=\"og:image\" content=\"http:\/\/www.resest.com\/wp-content\/uploads\/Museu2-620x360.jpg\" \/>\n<meta name=\"author\" content=\"Resest\" \/>\n<meta name=\"twitter:label1\" content=\"Escrito por\" \/>\n\t<meta name=\"twitter:data1\" content=\"Resest\" \/>\n\t<meta name=\"twitter:label2\" content=\"Tiempo de lectura\" \/>\n\t<meta name=\"twitter:data2\" content=\"2 minutos\" \/>\n<script type=\"application\/ld+json\" class=\"yoast-schema-graph\">{\"@context\":\"https:\/\/schema.org\",\"@graph\":[{\"@type\":\"Article\",\"@id\":\"https:\/\/resest.com\/es\/blog-es\/alojamiento-estudiantil-habla-de-museo-del-gas-2\/#article\",\"isPartOf\":{\"@id\":\"https:\/\/resest.com\/es\/blog-es\/alojamiento-estudiantil-habla-de-museo-del-gas-2\/\"},\"author\":{\"name\":\"Resest\",\"@id\":\"https:\/\/resest.com\/es\/#\/schema\/person\/f66d2b5dae2cd0a989ab720dd211d2a9\"},\"headline\":\"\u00bfHab\u00e9is visitado el Museo del Gas en Sabadell?\",\"datePublished\":\"2013-10-01T08:51:24+00:00\",\"dateModified\":\"2015-01-19T10:15:41+00:00\",\"mainEntityOfPage\":{\"@id\":\"https:\/\/resest.com\/es\/blog-es\/alojamiento-estudiantil-habla-de-museo-del-gas-2\/\"},\"wordCount\":356,\"publisher\":{\"@id\":\"https:\/\/resest.com\/es\/#organization\"},\"image\":{\"@id\":\"https:\/\/resest.com\/es\/blog-es\/alojamiento-estudiantil-habla-de-museo-del-gas-2\/#primaryimage\"},\"thumbnailUrl\":\"http:\/\/www.resest.com\/wp-content\/uploads\/Museu2-620x360.jpg\",\"articleSection\":[\"Blog\"],\"inLanguage\":\"es\"},{\"@type\":\"WebPage\",\"@id\":\"https:\/\/resest.com\/es\/blog-es\/alojamiento-estudiantil-habla-de-museo-del-gas-2\/\",\"url\":\"https:\/\/resest.com\/es\/blog-es\/alojamiento-estudiantil-habla-de-museo-del-gas-2\/\",\"name\":\"El alojamiento estudiantil Resest propone el mueso del gas en Sabadell\",\"isPartOf\":{\"@id\":\"https:\/\/resest.com\/es\/#website\"},\"primaryImageOfPage\":{\"@id\":\"https:\/\/resest.com\/es\/blog-es\/alojamiento-estudiantil-habla-de-museo-del-gas-2\/#primaryimage\"},\"image\":{\"@id\":\"https:\/\/resest.com\/es\/blog-es\/alojamiento-estudiantil-habla-de-museo-del-gas-2\/#primaryimage\"},\"thumbnailUrl\":\"http:\/\/www.resest.com\/wp-content\/uploads\/Museu2-620x360.jpg\",\"datePublished\":\"2013-10-01T08:51:24+00:00\",\"dateModified\":\"2015-01-19T10:15:41+00:00\",\"description\":\"El alojamiento estudiantil Resest propone el mueso del gas en Sabadell para habitantes de la zona y sobretodo para los ratos e ocio de sus estudiantes.\",\"breadcrumb\":{\"@id\":\"https:\/\/resest.com\/es\/blog-es\/alojamiento-estudiantil-habla-de-museo-del-gas-2\/#breadcrumb\"},\"inLanguage\":\"es\",\"potentialAction\":[{\"@type\":\"ReadAction\",\"target\":[\"https:\/\/resest.com\/es\/blog-es\/alojamiento-estudiantil-habla-de-museo-del-gas-2\/\"]}]},{\"@type\":\"ImageObject\",\"inLanguage\":\"es\",\"@id\":\"https:\/\/resest.com\/es\/blog-es\/alojamiento-estudiantil-habla-de-museo-del-gas-2\/#primaryimage\",\"url\":\"http:\/\/www.resest.com\/wp-content\/uploads\/Museu2-620x360.jpg\",\"contentUrl\":\"http:\/\/www.resest.com\/wp-content\/uploads\/Museu2-620x360.jpg\"},{\"@type\":\"BreadcrumbList\",\"@id\":\"https:\/\/resest.com\/es\/blog-es\/alojamiento-estudiantil-habla-de-museo-del-gas-2\/#breadcrumb\",\"itemListElement\":[{\"@type\":\"ListItem\",\"position\":1,\"name\":\"Inici\",\"item\":\"https:\/\/resest.com\/es\/\"},{\"@type\":\"ListItem\",\"position\":2,\"name\":\"\u00bfHab\u00e9is visitado el Museo del Gas en Sabadell?\"}]},{\"@type\":\"WebSite\",\"@id\":\"https:\/\/resest.com\/es\/#website\",\"url\":\"https:\/\/resest.com\/es\/\",\"name\":\"Resid\u00e8ncia d&#039;Estudiants l&#039;Estaci\u00f3 de Sabadell | Resest\",\"description\":\"Otro sitio realizado con WordPress\",\"publisher\":{\"@id\":\"https:\/\/resest.com\/es\/#organization\"},\"potentialAction\":[{\"@type\":\"SearchAction\",\"target\":{\"@type\":\"EntryPoint\",\"urlTemplate\":\"https:\/\/resest.com\/es\/?s={search_term_string}\"},\"query-input\":{\"@type\":\"PropertyValueSpecification\",\"valueRequired\":true,\"valueName\":\"search_term_string\"}}],\"inLanguage\":\"es\"},{\"@type\":\"Organization\",\"@id\":\"https:\/\/resest.com\/es\/#organization\",\"name\":\"Resid\u00e8ncia d&#039;Estudiants l&#039;Estaci\u00f3 de Sabadell | Resest\",\"url\":\"https:\/\/resest.com\/es\/\",\"logo\":{\"@type\":\"ImageObject\",\"inLanguage\":\"es\",\"@id\":\"https:\/\/resest.com\/es\/#\/schema\/logo\/image\/\",\"url\":\"https:\/\/resest.com\/wp-content\/uploads\/2024\/03\/Facana-1.jpg\",\"contentUrl\":\"https:\/\/resest.com\/wp-content\/uploads\/2024\/03\/Facana-1.jpg\",\"width\":1200,\"height\":1009,\"caption\":\"Resid\u00e8ncia d&#039;Estudiants l&#039;Estaci\u00f3 de Sabadell | Resest\"},\"image\":{\"@id\":\"https:\/\/resest.com\/es\/#\/schema\/logo\/image\/\"}},{\"@type\":\"Person\",\"@id\":\"https:\/\/resest.com\/es\/#\/schema\/person\/f66d2b5dae2cd0a989ab720dd211d2a9\",\"name\":\"Resest\",\"image\":{\"@type\":\"ImageObject\",\"inLanguage\":\"es\",\"@id\":\"https:\/\/resest.com\/es\/#\/schema\/person\/image\/\",\"url\":\"https:\/\/secure.gravatar.com\/avatar\/a5d542eca874617a8a62a45c724821a615f770cf5bde5e61a93a7a2562faba7a?s=96&d=mm&r=g\",\"contentUrl\":\"https:\/\/secure.gravatar.com\/avatar\/a5d542eca874617a8a62a45c724821a615f770cf5bde5e61a93a7a2562faba7a?s=96&d=mm&r=g\",\"caption\":\"Resest\"},\"url\":\"https:\/\/resest.com\/es\/author\/resest\/\"}]}<\/script>\n<!-- \/ Yoast SEO plugin. -->","yoast_head_json":{"title":"El alojamiento estudiantil Resest propone el mueso del gas en Sabadell","description":"El alojamiento estudiantil Resest propone el mueso del gas en Sabadell para habitantes de la zona y sobretodo para los ratos e ocio de sus estudiantes.","robots":{"index":"index","follow":"follow","max-snippet":"max-snippet:-1","max-image-preview":"max-image-preview:large","max-video-preview":"max-video-preview:-1"},"canonical":"https:\/\/resest.com\/es\/blog-es\/alojamiento-estudiantil-habla-de-museo-del-gas-2\/","og_locale":"es_ES","og_type":"article","og_title":"El alojamiento estudiantil Resest propone el mueso del gas en Sabadell","og_description":"El alojamiento estudiantil Resest propone el mueso del gas en Sabadell para habitantes de la zona y sobretodo para los ratos e ocio de sus estudiantes.","og_url":"https:\/\/resest.com\/es\/blog-es\/alojamiento-estudiantil-habla-de-museo-del-gas-2\/","og_site_name":"Resid\u00e8ncia d&#039;Estudiants l&#039;Estaci\u00f3 de Sabadell | Resest","article_published_time":"2013-10-01T08:51:24+00:00","article_modified_time":"2015-01-19T10:15:41+00:00","og_image":[{"url":"http:\/\/www.resest.com\/wp-content\/uploads\/Museu2-620x360.jpg","type":"","width":"","height":""}],"author":"Resest","twitter_misc":{"Escrito por":"Resest","Tiempo de lectura":"2 minutos"},"schema":{"@context":"https:\/\/schema.org","@graph":[{"@type":"Article","@id":"https:\/\/resest.com\/es\/blog-es\/alojamiento-estudiantil-habla-de-museo-del-gas-2\/#article","isPartOf":{"@id":"https:\/\/resest.com\/es\/blog-es\/alojamiento-estudiantil-habla-de-museo-del-gas-2\/"},"author":{"name":"Resest","@id":"https:\/\/resest.com\/es\/#\/schema\/person\/f66d2b5dae2cd0a989ab720dd211d2a9"},"headline":"\u00bfHab\u00e9is visitado el Museo del Gas en Sabadell?","datePublished":"2013-10-01T08:51:24+00:00","dateModified":"2015-01-19T10:15:41+00:00","mainEntityOfPage":{"@id":"https:\/\/resest.com\/es\/blog-es\/alojamiento-estudiantil-habla-de-museo-del-gas-2\/"},"wordCount":356,"publisher":{"@id":"https:\/\/resest.com\/es\/#organization"},"image":{"@id":"https:\/\/resest.com\/es\/blog-es\/alojamiento-estudiantil-habla-de-museo-del-gas-2\/#primaryimage"},"thumbnailUrl":"http:\/\/www.resest.com\/wp-content\/uploads\/Museu2-620x360.jpg","articleSection":["Blog"],"inLanguage":"es"},{"@type":"WebPage","@id":"https:\/\/resest.com\/es\/blog-es\/alojamiento-estudiantil-habla-de-museo-del-gas-2\/","url":"https:\/\/resest.com\/es\/blog-es\/alojamiento-estudiantil-habla-de-museo-del-gas-2\/","name":"El alojamiento estudiantil Resest propone el mueso del gas en Sabadell","isPartOf":{"@id":"https:\/\/resest.com\/es\/#website"},"primaryImageOfPage":{"@id":"https:\/\/resest.com\/es\/blog-es\/alojamiento-estudiantil-habla-de-museo-del-gas-2\/#primaryimage"},"image":{"@id":"https:\/\/resest.com\/es\/blog-es\/alojamiento-estudiantil-habla-de-museo-del-gas-2\/#primaryimage"},"thumbnailUrl":"http:\/\/www.resest.com\/wp-content\/uploads\/Museu2-620x360.jpg","datePublished":"2013-10-01T08:51:24+00:00","dateModified":"2015-01-19T10:15:41+00:00","description":"El alojamiento estudiantil Resest propone el mueso del gas en Sabadell para habitantes de la zona y sobretodo para los ratos e ocio de sus estudiantes.","breadcrumb":{"@id":"https:\/\/resest.com\/es\/blog-es\/alojamiento-estudiantil-habla-de-museo-del-gas-2\/#breadcrumb"},"inLanguage":"es","potentialAction":[{"@type":"ReadAction","target":["https:\/\/resest.com\/es\/blog-es\/alojamiento-estudiantil-habla-de-museo-del-gas-2\/"]}]},{"@type":"ImageObject","inLanguage":"es","@id":"https:\/\/resest.com\/es\/blog-es\/alojamiento-estudiantil-habla-de-museo-del-gas-2\/#primaryimage","url":"http:\/\/www.resest.com\/wp-content\/uploads\/Museu2-620x360.jpg","contentUrl":"http:\/\/www.resest.com\/wp-content\/uploads\/Museu2-620x360.jpg"},{"@type":"BreadcrumbList","@id":"https:\/\/resest.com\/es\/blog-es\/alojamiento-estudiantil-habla-de-museo-del-gas-2\/#breadcrumb","itemListElement":[{"@type":"ListItem","position":1,"name":"Inici","item":"https:\/\/resest.com\/es\/"},{"@type":"ListItem","position":2,"name":"\u00bfHab\u00e9is visitado el Museo del Gas en Sabadell?"}]},{"@type":"WebSite","@id":"https:\/\/resest.com\/es\/#website","url":"https:\/\/resest.com\/es\/","name":"Resid\u00e8ncia d&#039;Estudiants l&#039;Estaci\u00f3 de Sabadell | Resest","description":"Otro sitio realizado con WordPress","publisher":{"@id":"https:\/\/resest.com\/es\/#organization"},"potentialAction":[{"@type":"SearchAction","target":{"@type":"EntryPoint","urlTemplate":"https:\/\/resest.com\/es\/?s={search_term_string}"},"query-input":{"@type":"PropertyValueSpecification","valueRequired":true,"valueName":"search_term_string"}}],"inLanguage":"es"},{"@type":"Organization","@id":"https:\/\/resest.com\/es\/#organization","name":"Resid\u00e8ncia d&#039;Estudiants l&#039;Estaci\u00f3 de Sabadell | Resest","url":"https:\/\/resest.com\/es\/","logo":{"@type":"ImageObject","inLanguage":"es","@id":"https:\/\/resest.com\/es\/#\/schema\/logo\/image\/","url":"https:\/\/resest.com\/wp-content\/uploads\/2024\/03\/Facana-1.jpg","contentUrl":"https:\/\/resest.com\/wp-content\/uploads\/2024\/03\/Facana-1.jpg","width":1200,"height":1009,"caption":"Resid\u00e8ncia d&#039;Estudiants l&#039;Estaci\u00f3 de Sabadell | Resest"},"image":{"@id":"https:\/\/resest.com\/es\/#\/schema\/logo\/image\/"}},{"@type":"Person","@id":"https:\/\/resest.com\/es\/#\/schema\/person\/f66d2b5dae2cd0a989ab720dd211d2a9","name":"Resest","image":{"@type":"ImageObject","inLanguage":"es","@id":"https:\/\/resest.com\/es\/#\/schema\/person\/image\/","url":"https:\/\/secure.gravatar.com\/avatar\/a5d542eca874617a8a62a45c724821a615f770cf5bde5e61a93a7a2562faba7a?s=96&d=mm&r=g","contentUrl":"https:\/\/secure.gravatar.com\/avatar\/a5d542eca874617a8a62a45c724821a615f770cf5bde5e61a93a7a2562faba7a?s=96&d=mm&r=g","caption":"Resest"},"url":"https:\/\/resest.com\/es\/author\/resest\/"}]}},"_links":{"self":[{"href":"https:\/\/resest.com\/es\/wp-json\/wp\/v2\/posts\/2198","targetHints":{"allow":["GET"]}}],"collection":[{"href":"https:\/\/resest.com\/es\/wp-json\/wp\/v2\/posts"}],"about":[{"href":"https:\/\/resest.com\/es\/wp-json\/wp\/v2\/types\/post"}],"author":[{"embeddable":true,"href":"https:\/\/resest.com\/es\/wp-json\/wp\/v2\/users\/3"}],"replies":[{"embeddable":true,"href":"https:\/\/resest.com\/es\/wp-json\/wp\/v2\/comments?post=2198"}],"version-history":[{"count":0,"href":"https:\/\/resest.com\/es\/wp-json\/wp\/v2\/posts\/2198\/revisions"}],"wp:attachment":[{"href":"https:\/\/resest.com\/es\/wp-json\/wp\/v2\/media?parent=2198"}],"wp:term":[{"taxonomy":"category","embeddable":true,"href":"https:\/\/resest.com\/es\/wp-json\/wp\/v2\/categories?post=2198"},{"taxonomy":"post_tag","embeddable":true,"href":"https:\/\/resest.com\/es\/wp-json\/wp\/v2\/tags?post=2198"}],"curies":[{"name":"wp","href":"https:\/\/api.w.org\/{rel}","templated":true}]}}