{"id":2195,"date":"2013-07-03T12:43:53","date_gmt":"2013-07-03T11:43:53","guid":{"rendered":"http:\/\/www.resest.com\/?p=1266"},"modified":"2015-01-19T11:30:13","modified_gmt":"2015-01-19T10:30:13","slug":"cena-fni-de-curso-2012-2013-residencia-estudiantes-2","status":"publish","type":"post","link":"https:\/\/resest.com\/es\/blog-es\/cena-fni-de-curso-2012-2013-residencia-estudiantes-2\/","title":{"rendered":"Cena informal, acto fin de curso 2012-2013  Resid\u00e8ncia d\u2019Estudiants l\u2019Estaci\u00f3 de Sabadell"},"content":{"rendered":"<p>La <strong>cena informal de despedida<\/strong> de los estudiantes Residentes de este curso, celebrada el pasado viernes 14 de Junio en la <strong>residencia de estudiantes<\/strong>, fue todo un \u00e9xito y os presentamos algunas de las fotos realizadas durante la <strong>celebraci\u00f3n<\/strong>.<\/p>\n<p>Visita nuestra\u00a0<a href=\"https:\/\/resest.com\/\">web<\/a>\u00a0y\u00a0<a href=\"https:\/\/resest.com\/serveis\/\">servicios<\/a>\u00a0para m\u00e1s informaci\u00f3n sobre la Residencia de Estudiantes en Sabadell. Tambi\u00e9n puedes\u00a0<a href=\"https:\/\/resest.com\/contactar\/\">contactar<\/a>\u00a0directamente con nosotros.<\/p>\n<p><img loading=\"lazy\" decoding=\"async\" class=\"alignnone size-medium wp-image-1268\" title=\"Residencia Estudiantes Cena\" src=\"http:\/\/www.resest.com\/wp-content\/uploads\/residenciaestudiantescena1-620x465.jpg\" alt=\"Residencia Estudiantes Cena 2\" width=\"620\" height=\"465\" \/><br \/>\n<img loading=\"lazy\" decoding=\"async\" class=\"alignnone size-medium wp-image-1267\" title=\"Residencia Estudiantes Cerca de Barcelona\" src=\"http:\/\/www.resest.com\/wp-content\/uploads\/residenciaestudiantescena2-620x465.jpg\" alt=\"Residencia Estudiantes Cerca de Barcelona\" width=\"620\" height=\"465\" \/><\/p>\n","protected":false},"excerpt":{"rendered":"<p>La cena informal de despedida de los estudiantes Residentes de este curso, celebrada el pasado viernes 14 de Junio en la residencia de estudiantes, fue todo un \u00e9xito y os presentamos algunas de las fotos realizadas durante la celebraci\u00f3n. Visita nuestra\u00a0web\u00a0y\u00a0servicios\u00a0para m\u00e1s informaci\u00f3n sobre la Residencia de Estudiantes en Sabadell. Tambi\u00e9n puedes\u00a0contactar\u00a0directamente con nosotros.<\/p>\n","protected":false},"author":3,"featured_media":0,"comment_status":"closed","ping_status":"open","sticky":false,"template":"","format":"standard","meta":{"footnotes":""},"categories":[1],"tags":[],"class_list":["post-2195","post","type-post","status-publish","format-standard","hentry","category-blog-es","entry","no-media"],"yoast_head":"<!-- This site is optimized with the Yoast SEO plugin v26.4 - https:\/\/yoast.com\/wordpress\/plugins\/seo\/ -->\n<title>Resumen Cena informal Residencia Estudiantes<\/title>\n<meta name=\"description\" content=\"Os dejamos un breve resumen de la cena informal que tuvo lugar durante el mes pasado en la que los participantes de la Residencia estudiantes estuvieron juntos.\" \/>\n<meta name=\"robots\" content=\"index, follow, max-snippet:-1, max-image-preview:large, max-video-preview:-1\" \/>\n<link rel=\"canonical\" href=\"https:\/\/resest.com\/es\/blog-es\/cena-fni-de-curso-2012-2013-residencia-estudiantes-2\/\" \/>\n<meta property=\"og:locale\" content=\"es_ES\" \/>\n<meta property=\"og:type\" content=\"article\" \/>\n<meta property=\"og:title\" content=\"Resumen Cena informal Residencia Estudiantes\" \/>\n<meta property=\"og:description\" content=\"Os dejamos un breve resumen de la cena informal que tuvo lugar durante el mes pasado en la que los participantes de la Residencia estudiantes estuvieron juntos.\" \/>\n<meta property=\"og:url\" content=\"https:\/\/resest.com\/es\/blog-es\/cena-fni-de-curso-2012-2013-residencia-estudiantes-2\/\" \/>\n<meta property=\"og:site_name\" content=\"Resid\u00e8ncia d&#039;Estudiants l&#039;Estaci\u00f3 de Sabadell | Resest\" \/>\n<meta property=\"article:published_time\" content=\"2013-07-03T11:43:53+00:00\" \/>\n<meta property=\"article:modified_time\" content=\"2015-01-19T10:30:13+00:00\" \/>\n<meta property=\"og:image\" content=\"http:\/\/www.resest.com\/wp-content\/uploads\/residenciaestudiantescena1-620x465.jpg\" \/>\n<meta name=\"author\" content=\"Resest\" \/>\n<meta name=\"twitter:label1\" content=\"Escrito por\" \/>\n\t<meta name=\"twitter:data1\" content=\"Resest\" \/>\n<script type=\"application\/ld+json\" class=\"yoast-schema-graph\">{\"@context\":\"https:\/\/schema.org\",\"@graph\":[{\"@type\":\"Article\",\"@id\":\"https:\/\/resest.com\/es\/blog-es\/cena-fni-de-curso-2012-2013-residencia-estudiantes-2\/#article\",\"isPartOf\":{\"@id\":\"https:\/\/resest.com\/es\/blog-es\/cena-fni-de-curso-2012-2013-residencia-estudiantes-2\/\"},\"author\":{\"name\":\"Resest\",\"@id\":\"https:\/\/resest.com\/es\/#\/schema\/person\/f66d2b5dae2cd0a989ab720dd211d2a9\"},\"headline\":\"Cena informal, acto fin de curso 2012-2013 Resid\u00e8ncia d\u2019Estudiants l\u2019Estaci\u00f3 de Sabadell\",\"datePublished\":\"2013-07-03T11:43:53+00:00\",\"dateModified\":\"2015-01-19T10:30:13+00:00\",\"mainEntityOfPage\":{\"@id\":\"https:\/\/resest.com\/es\/blog-es\/cena-fni-de-curso-2012-2013-residencia-estudiantes-2\/\"},\"wordCount\":78,\"publisher\":{\"@id\":\"https:\/\/resest.com\/es\/#organization\"},\"image\":{\"@id\":\"https:\/\/resest.com\/es\/blog-es\/cena-fni-de-curso-2012-2013-residencia-estudiantes-2\/#primaryimage\"},\"thumbnailUrl\":\"http:\/\/www.resest.com\/wp-content\/uploads\/residenciaestudiantescena1-620x465.jpg\",\"articleSection\":[\"Blog\"],\"inLanguage\":\"es\"},{\"@type\":\"WebPage\",\"@id\":\"https:\/\/resest.com\/es\/blog-es\/cena-fni-de-curso-2012-2013-residencia-estudiantes-2\/\",\"url\":\"https:\/\/resest.com\/es\/blog-es\/cena-fni-de-curso-2012-2013-residencia-estudiantes-2\/\",\"name\":\"Resumen Cena informal Residencia Estudiantes\",\"isPartOf\":{\"@id\":\"https:\/\/resest.com\/es\/#website\"},\"primaryImageOfPage\":{\"@id\":\"https:\/\/resest.com\/es\/blog-es\/cena-fni-de-curso-2012-2013-residencia-estudiantes-2\/#primaryimage\"},\"image\":{\"@id\":\"https:\/\/resest.com\/es\/blog-es\/cena-fni-de-curso-2012-2013-residencia-estudiantes-2\/#primaryimage\"},\"thumbnailUrl\":\"http:\/\/www.resest.com\/wp-content\/uploads\/residenciaestudiantescena1-620x465.jpg\",\"datePublished\":\"2013-07-03T11:43:53+00:00\",\"dateModified\":\"2015-01-19T10:30:13+00:00\",\"description\":\"Os dejamos un breve resumen de la cena informal que tuvo lugar durante el mes pasado en la que los participantes de la Residencia estudiantes estuvieron juntos.\",\"breadcrumb\":{\"@id\":\"https:\/\/resest.com\/es\/blog-es\/cena-fni-de-curso-2012-2013-residencia-estudiantes-2\/#breadcrumb\"},\"inLanguage\":\"es\",\"potentialAction\":[{\"@type\":\"ReadAction\",\"target\":[\"https:\/\/resest.com\/es\/blog-es\/cena-fni-de-curso-2012-2013-residencia-estudiantes-2\/\"]}]},{\"@type\":\"ImageObject\",\"inLanguage\":\"es\",\"@id\":\"https:\/\/resest.com\/es\/blog-es\/cena-fni-de-curso-2012-2013-residencia-estudiantes-2\/#primaryimage\",\"url\":\"http:\/\/www.resest.com\/wp-content\/uploads\/residenciaestudiantescena1-620x465.jpg\",\"contentUrl\":\"http:\/\/www.resest.com\/wp-content\/uploads\/residenciaestudiantescena1-620x465.jpg\"},{\"@type\":\"BreadcrumbList\",\"@id\":\"https:\/\/resest.com\/es\/blog-es\/cena-fni-de-curso-2012-2013-residencia-estudiantes-2\/#breadcrumb\",\"itemListElement\":[{\"@type\":\"ListItem\",\"position\":1,\"name\":\"Inici\",\"item\":\"https:\/\/resest.com\/es\/\"},{\"@type\":\"ListItem\",\"position\":2,\"name\":\"Cena informal, acto fin de curso 2012-2013 Resid\u00e8ncia d\u2019Estudiants l\u2019Estaci\u00f3 de Sabadell\"}]},{\"@type\":\"WebSite\",\"@id\":\"https:\/\/resest.com\/es\/#website\",\"url\":\"https:\/\/resest.com\/es\/\",\"name\":\"Resid\u00e8ncia d&#039;Estudiants l&#039;Estaci\u00f3 de Sabadell | Resest\",\"description\":\"Otro sitio realizado con WordPress\",\"publisher\":{\"@id\":\"https:\/\/resest.com\/es\/#organization\"},\"potentialAction\":[{\"@type\":\"SearchAction\",\"target\":{\"@type\":\"EntryPoint\",\"urlTemplate\":\"https:\/\/resest.com\/es\/?s={search_term_string}\"},\"query-input\":{\"@type\":\"PropertyValueSpecification\",\"valueRequired\":true,\"valueName\":\"search_term_string\"}}],\"inLanguage\":\"es\"},{\"@type\":\"Organization\",\"@id\":\"https:\/\/resest.com\/es\/#organization\",\"name\":\"Resid\u00e8ncia d&#039;Estudiants l&#039;Estaci\u00f3 de Sabadell | Resest\",\"url\":\"https:\/\/resest.com\/es\/\",\"logo\":{\"@type\":\"ImageObject\",\"inLanguage\":\"es\",\"@id\":\"https:\/\/resest.com\/es\/#\/schema\/logo\/image\/\",\"url\":\"https:\/\/resest.com\/wp-content\/uploads\/2024\/03\/Facana-1.jpg\",\"contentUrl\":\"https:\/\/resest.com\/wp-content\/uploads\/2024\/03\/Facana-1.jpg\",\"width\":1200,\"height\":1009,\"caption\":\"Resid\u00e8ncia d&#039;Estudiants l&#039;Estaci\u00f3 de Sabadell | Resest\"},\"image\":{\"@id\":\"https:\/\/resest.com\/es\/#\/schema\/logo\/image\/\"}},{\"@type\":\"Person\",\"@id\":\"https:\/\/resest.com\/es\/#\/schema\/person\/f66d2b5dae2cd0a989ab720dd211d2a9\",\"name\":\"Resest\",\"image\":{\"@type\":\"ImageObject\",\"inLanguage\":\"es\",\"@id\":\"https:\/\/resest.com\/es\/#\/schema\/person\/image\/\",\"url\":\"https:\/\/secure.gravatar.com\/avatar\/a5d542eca874617a8a62a45c724821a615f770cf5bde5e61a93a7a2562faba7a?s=96&d=mm&r=g\",\"contentUrl\":\"https:\/\/secure.gravatar.com\/avatar\/a5d542eca874617a8a62a45c724821a615f770cf5bde5e61a93a7a2562faba7a?s=96&d=mm&r=g\",\"caption\":\"Resest\"},\"url\":\"https:\/\/resest.com\/es\/author\/resest\/\"}]}<\/script>\n<!-- \/ Yoast SEO plugin. -->","yoast_head_json":{"title":"Resumen Cena informal Residencia Estudiantes","description":"Os dejamos un breve resumen de la cena informal que tuvo lugar durante el mes pasado en la que los participantes de la Residencia estudiantes estuvieron juntos.","robots":{"index":"index","follow":"follow","max-snippet":"max-snippet:-1","max-image-preview":"max-image-preview:large","max-video-preview":"max-video-preview:-1"},"canonical":"https:\/\/resest.com\/es\/blog-es\/cena-fni-de-curso-2012-2013-residencia-estudiantes-2\/","og_locale":"es_ES","og_type":"article","og_title":"Resumen Cena informal Residencia Estudiantes","og_description":"Os dejamos un breve resumen de la cena informal que tuvo lugar durante el mes pasado en la que los participantes de la Residencia estudiantes estuvieron juntos.","og_url":"https:\/\/resest.com\/es\/blog-es\/cena-fni-de-curso-2012-2013-residencia-estudiantes-2\/","og_site_name":"Resid\u00e8ncia d&#039;Estudiants l&#039;Estaci\u00f3 de Sabadell | Resest","article_published_time":"2013-07-03T11:43:53+00:00","article_modified_time":"2015-01-19T10:30:13+00:00","og_image":[{"url":"http:\/\/www.resest.com\/wp-content\/uploads\/residenciaestudiantescena1-620x465.jpg","type":"","width":"","height":""}],"author":"Resest","twitter_misc":{"Escrito por":"Resest"},"schema":{"@context":"https:\/\/schema.org","@graph":[{"@type":"Article","@id":"https:\/\/resest.com\/es\/blog-es\/cena-fni-de-curso-2012-2013-residencia-estudiantes-2\/#article","isPartOf":{"@id":"https:\/\/resest.com\/es\/blog-es\/cena-fni-de-curso-2012-2013-residencia-estudiantes-2\/"},"author":{"name":"Resest","@id":"https:\/\/resest.com\/es\/#\/schema\/person\/f66d2b5dae2cd0a989ab720dd211d2a9"},"headline":"Cena informal, acto fin de curso 2012-2013 Resid\u00e8ncia d\u2019Estudiants l\u2019Estaci\u00f3 de Sabadell","datePublished":"2013-07-03T11:43:53+00:00","dateModified":"2015-01-19T10:30:13+00:00","mainEntityOfPage":{"@id":"https:\/\/resest.com\/es\/blog-es\/cena-fni-de-curso-2012-2013-residencia-estudiantes-2\/"},"wordCount":78,"publisher":{"@id":"https:\/\/resest.com\/es\/#organization"},"image":{"@id":"https:\/\/resest.com\/es\/blog-es\/cena-fni-de-curso-2012-2013-residencia-estudiantes-2\/#primaryimage"},"thumbnailUrl":"http:\/\/www.resest.com\/wp-content\/uploads\/residenciaestudiantescena1-620x465.jpg","articleSection":["Blog"],"inLanguage":"es"},{"@type":"WebPage","@id":"https:\/\/resest.com\/es\/blog-es\/cena-fni-de-curso-2012-2013-residencia-estudiantes-2\/","url":"https:\/\/resest.com\/es\/blog-es\/cena-fni-de-curso-2012-2013-residencia-estudiantes-2\/","name":"Resumen Cena informal Residencia Estudiantes","isPartOf":{"@id":"https:\/\/resest.com\/es\/#website"},"primaryImageOfPage":{"@id":"https:\/\/resest.com\/es\/blog-es\/cena-fni-de-curso-2012-2013-residencia-estudiantes-2\/#primaryimage"},"image":{"@id":"https:\/\/resest.com\/es\/blog-es\/cena-fni-de-curso-2012-2013-residencia-estudiantes-2\/#primaryimage"},"thumbnailUrl":"http:\/\/www.resest.com\/wp-content\/uploads\/residenciaestudiantescena1-620x465.jpg","datePublished":"2013-07-03T11:43:53+00:00","dateModified":"2015-01-19T10:30:13+00:00","description":"Os dejamos un breve resumen de la cena informal que tuvo lugar durante el mes pasado en la que los participantes de la Residencia estudiantes estuvieron juntos.","breadcrumb":{"@id":"https:\/\/resest.com\/es\/blog-es\/cena-fni-de-curso-2012-2013-residencia-estudiantes-2\/#breadcrumb"},"inLanguage":"es","potentialAction":[{"@type":"ReadAction","target":["https:\/\/resest.com\/es\/blog-es\/cena-fni-de-curso-2012-2013-residencia-estudiantes-2\/"]}]},{"@type":"ImageObject","inLanguage":"es","@id":"https:\/\/resest.com\/es\/blog-es\/cena-fni-de-curso-2012-2013-residencia-estudiantes-2\/#primaryimage","url":"http:\/\/www.resest.com\/wp-content\/uploads\/residenciaestudiantescena1-620x465.jpg","contentUrl":"http:\/\/www.resest.com\/wp-content\/uploads\/residenciaestudiantescena1-620x465.jpg"},{"@type":"BreadcrumbList","@id":"https:\/\/resest.com\/es\/blog-es\/cena-fni-de-curso-2012-2013-residencia-estudiantes-2\/#breadcrumb","itemListElement":[{"@type":"ListItem","position":1,"name":"Inici","item":"https:\/\/resest.com\/es\/"},{"@type":"ListItem","position":2,"name":"Cena informal, acto fin de curso 2012-2013 Resid\u00e8ncia d\u2019Estudiants l\u2019Estaci\u00f3 de Sabadell"}]},{"@type":"WebSite","@id":"https:\/\/resest.com\/es\/#website","url":"https:\/\/resest.com\/es\/","name":"Resid\u00e8ncia d&#039;Estudiants l&#039;Estaci\u00f3 de Sabadell | Resest","description":"Otro sitio realizado con WordPress","publisher":{"@id":"https:\/\/resest.com\/es\/#organization"},"potentialAction":[{"@type":"SearchAction","target":{"@type":"EntryPoint","urlTemplate":"https:\/\/resest.com\/es\/?s={search_term_string}"},"query-input":{"@type":"PropertyValueSpecification","valueRequired":true,"valueName":"search_term_string"}}],"inLanguage":"es"},{"@type":"Organization","@id":"https:\/\/resest.com\/es\/#organization","name":"Resid\u00e8ncia d&#039;Estudiants l&#039;Estaci\u00f3 de Sabadell | Resest","url":"https:\/\/resest.com\/es\/","logo":{"@type":"ImageObject","inLanguage":"es","@id":"https:\/\/resest.com\/es\/#\/schema\/logo\/image\/","url":"https:\/\/resest.com\/wp-content\/uploads\/2024\/03\/Facana-1.jpg","contentUrl":"https:\/\/resest.com\/wp-content\/uploads\/2024\/03\/Facana-1.jpg","width":1200,"height":1009,"caption":"Resid\u00e8ncia d&#039;Estudiants l&#039;Estaci\u00f3 de Sabadell | Resest"},"image":{"@id":"https:\/\/resest.com\/es\/#\/schema\/logo\/image\/"}},{"@type":"Person","@id":"https:\/\/resest.com\/es\/#\/schema\/person\/f66d2b5dae2cd0a989ab720dd211d2a9","name":"Resest","image":{"@type":"ImageObject","inLanguage":"es","@id":"https:\/\/resest.com\/es\/#\/schema\/person\/image\/","url":"https:\/\/secure.gravatar.com\/avatar\/a5d542eca874617a8a62a45c724821a615f770cf5bde5e61a93a7a2562faba7a?s=96&d=mm&r=g","contentUrl":"https:\/\/secure.gravatar.com\/avatar\/a5d542eca874617a8a62a45c724821a615f770cf5bde5e61a93a7a2562faba7a?s=96&d=mm&r=g","caption":"Resest"},"url":"https:\/\/resest.com\/es\/author\/resest\/"}]}},"_links":{"self":[{"href":"https:\/\/resest.com\/es\/wp-json\/wp\/v2\/posts\/2195","targetHints":{"allow":["GET"]}}],"collection":[{"href":"https:\/\/resest.com\/es\/wp-json\/wp\/v2\/posts"}],"about":[{"href":"https:\/\/resest.com\/es\/wp-json\/wp\/v2\/types\/post"}],"author":[{"embeddable":true,"href":"https:\/\/resest.com\/es\/wp-json\/wp\/v2\/users\/3"}],"replies":[{"embeddable":true,"href":"https:\/\/resest.com\/es\/wp-json\/wp\/v2\/comments?post=2195"}],"version-history":[{"count":0,"href":"https:\/\/resest.com\/es\/wp-json\/wp\/v2\/posts\/2195\/revisions"}],"wp:attachment":[{"href":"https:\/\/resest.com\/es\/wp-json\/wp\/v2\/media?parent=2195"}],"wp:term":[{"taxonomy":"category","embeddable":true,"href":"https:\/\/resest.com\/es\/wp-json\/wp\/v2\/categories?post=2195"},{"taxonomy":"post_tag","embeddable":true,"href":"https:\/\/resest.com\/es\/wp-json\/wp\/v2\/tags?post=2195"}],"curies":[{"name":"wp","href":"https:\/\/api.w.org\/{rel}","templated":true}]}}