{"id":2190,"date":"2013-05-13T12:41:01","date_gmt":"2013-05-13T11:41:01","guid":{"rendered":"http:\/\/www.resest.com\/?p=1228"},"modified":"2015-01-19T11:42:02","modified_gmt":"2015-01-19T10:42:02","slug":"nueva-jornada-puertas-abiertas-residencia-de-estudiantes-2","status":"publish","type":"post","link":"https:\/\/resest.com\/es\/blog-es\/nueva-jornada-puertas-abiertas-residencia-de-estudiantes-2\/","title":{"rendered":"Nueva Jornada de Puertas Abiertas de la Residencia de Estudiantes Resest de Sabadell"},"content":{"rendered":"<p>El pr\u00f3ximo s\u00e1bado 18 de mayo, tendremos jornada de puertas abiertas por la ma\u00f1ana en la\u00a0<strong><a title=\"Resest\" href=\"milimetricserver.com\/resest\" target=\"_blank\">residencia de estudiantes l\u2019Estaci\u00f3 de Sabadell<\/a><\/strong>. Estaremos encantados de poderos ense\u00f1ar nuestras <a href=\"milimetricserver.com\/resest\/instal\u00b7lacions\">instalaciones<\/a>. No obstante, en caso de interesaros visitar la residencia de estudiantes en otro d\u00eda distinto, pod\u00e9is solicitarlo en nuestra web www.resest.com o bien al tel\u00e9fono 616989342, indicando d\u00eda y hora aproximada, y os ser\u00e1 confirmada vuestra visita.<\/p>\n<p>\u00a1Os esperamos a todos en nuestra residencia estudiantil!<\/p>\n","protected":false},"excerpt":{"rendered":"<p>El pr\u00f3ximo s\u00e1bado 18 de mayo, tendremos jornada de puertas abiertas por la ma\u00f1ana en la\u00a0residencia de estudiantes l\u2019Estaci\u00f3 de Sabadell. Estaremos encantados de poderos ense\u00f1ar nuestras instalaciones. No obstante, en caso de interesaros visitar la residencia de estudiantes en otro d\u00eda distinto, pod\u00e9is solicitarlo en nuestra web www.resest.com o bien al tel\u00e9fono 616989342, indicando&hellip;<\/p>\n","protected":false},"author":3,"featured_media":0,"comment_status":"closed","ping_status":"open","sticky":false,"template":"","format":"standard","meta":{"footnotes":""},"categories":[1],"tags":[17,18,20,19],"class_list":["post-2190","post","type-post","status-publish","format-standard","hentry","category-blog-es","tag-allotjament-estudiants-sabadell-es","tag-residencia-estudiantil-sabadell-es","tag-residencia-estudiants-bellaterra-es","tag-residencia-estudiants-sabadell-es","entry","no-media"],"yoast_head":"<!-- This site is optimized with the Yoast SEO plugin v26.4 - https:\/\/yoast.com\/wordpress\/plugins\/seo\/ -->\n<title>Jornada de Puertas Abiertas - Residencia de estudiantes Resest<\/title>\n<meta name=\"description\" content=\"El pr\u00f3ximo s\u00e1bado 18 de mayo, tendr\u00e1n jornada de puertas durante toda la ma\u00f1ana en la residencia de estudiantes la Estaci\u00f3n de Sabadell.\" \/>\n<meta name=\"robots\" content=\"index, follow, max-snippet:-1, max-image-preview:large, max-video-preview:-1\" \/>\n<link rel=\"canonical\" href=\"https:\/\/resest.com\/es\/blog-es\/nueva-jornada-puertas-abiertas-residencia-de-estudiantes-2\/\" \/>\n<meta property=\"og:locale\" content=\"es_ES\" \/>\n<meta property=\"og:type\" content=\"article\" \/>\n<meta property=\"og:title\" content=\"Jornada de Puertas Abiertas - Residencia de estudiantes Resest\" \/>\n<meta property=\"og:description\" content=\"El pr\u00f3ximo s\u00e1bado 18 de mayo, tendr\u00e1n jornada de puertas durante toda la ma\u00f1ana en la residencia de estudiantes la Estaci\u00f3n de Sabadell.\" \/>\n<meta property=\"og:url\" content=\"https:\/\/resest.com\/es\/blog-es\/nueva-jornada-puertas-abiertas-residencia-de-estudiantes-2\/\" \/>\n<meta property=\"og:site_name\" content=\"Resid\u00e8ncia d&#039;Estudiants l&#039;Estaci\u00f3 de Sabadell | Resest\" \/>\n<meta property=\"article:published_time\" content=\"2013-05-13T11:41:01+00:00\" \/>\n<meta property=\"article:modified_time\" content=\"2015-01-19T10:42:02+00:00\" \/>\n<meta name=\"author\" content=\"Resest\" \/>\n<meta name=\"twitter:label1\" content=\"Escrito por\" \/>\n\t<meta name=\"twitter:data1\" content=\"Resest\" \/>\n<script type=\"application\/ld+json\" class=\"yoast-schema-graph\">{\"@context\":\"https:\/\/schema.org\",\"@graph\":[{\"@type\":\"Article\",\"@id\":\"https:\/\/resest.com\/es\/blog-es\/nueva-jornada-puertas-abiertas-residencia-de-estudiantes-2\/#article\",\"isPartOf\":{\"@id\":\"https:\/\/resest.com\/es\/blog-es\/nueva-jornada-puertas-abiertas-residencia-de-estudiantes-2\/\"},\"author\":{\"name\":\"Resest\",\"@id\":\"https:\/\/resest.com\/es\/#\/schema\/person\/f66d2b5dae2cd0a989ab720dd211d2a9\"},\"headline\":\"Nueva Jornada de Puertas Abiertas de la Residencia de Estudiantes Resest de Sabadell\",\"datePublished\":\"2013-05-13T11:41:01+00:00\",\"dateModified\":\"2015-01-19T10:42:02+00:00\",\"mainEntityOfPage\":{\"@id\":\"https:\/\/resest.com\/es\/blog-es\/nueva-jornada-puertas-abiertas-residencia-de-estudiantes-2\/\"},\"wordCount\":96,\"publisher\":{\"@id\":\"https:\/\/resest.com\/es\/#organization\"},\"keywords\":[\"Allotjament estudiants Sabadell\",\"Resid\u00e8ncia Estudiantil Sabadell\",\"Resid\u00e8ncia estudiants Bellaterra\",\"Resid\u00e8ncia estudiants Sabadell\"],\"articleSection\":[\"Blog\"],\"inLanguage\":\"es\"},{\"@type\":\"WebPage\",\"@id\":\"https:\/\/resest.com\/es\/blog-es\/nueva-jornada-puertas-abiertas-residencia-de-estudiantes-2\/\",\"url\":\"https:\/\/resest.com\/es\/blog-es\/nueva-jornada-puertas-abiertas-residencia-de-estudiantes-2\/\",\"name\":\"Jornada de Puertas Abiertas - Residencia de estudiantes Resest\",\"isPartOf\":{\"@id\":\"https:\/\/resest.com\/es\/#website\"},\"datePublished\":\"2013-05-13T11:41:01+00:00\",\"dateModified\":\"2015-01-19T10:42:02+00:00\",\"description\":\"El pr\u00f3ximo s\u00e1bado 18 de mayo, tendr\u00e1n jornada de puertas durante toda la ma\u00f1ana en la residencia de estudiantes la Estaci\u00f3n de Sabadell.\",\"breadcrumb\":{\"@id\":\"https:\/\/resest.com\/es\/blog-es\/nueva-jornada-puertas-abiertas-residencia-de-estudiantes-2\/#breadcrumb\"},\"inLanguage\":\"es\",\"potentialAction\":[{\"@type\":\"ReadAction\",\"target\":[\"https:\/\/resest.com\/es\/blog-es\/nueva-jornada-puertas-abiertas-residencia-de-estudiantes-2\/\"]}]},{\"@type\":\"BreadcrumbList\",\"@id\":\"https:\/\/resest.com\/es\/blog-es\/nueva-jornada-puertas-abiertas-residencia-de-estudiantes-2\/#breadcrumb\",\"itemListElement\":[{\"@type\":\"ListItem\",\"position\":1,\"name\":\"Inici\",\"item\":\"https:\/\/resest.com\/es\/\"},{\"@type\":\"ListItem\",\"position\":2,\"name\":\"Nueva Jornada de Puertas Abiertas de la Residencia de Estudiantes Resest de Sabadell\"}]},{\"@type\":\"WebSite\",\"@id\":\"https:\/\/resest.com\/es\/#website\",\"url\":\"https:\/\/resest.com\/es\/\",\"name\":\"Resid\u00e8ncia d&#039;Estudiants l&#039;Estaci\u00f3 de Sabadell | Resest\",\"description\":\"Otro sitio realizado con WordPress\",\"publisher\":{\"@id\":\"https:\/\/resest.com\/es\/#organization\"},\"potentialAction\":[{\"@type\":\"SearchAction\",\"target\":{\"@type\":\"EntryPoint\",\"urlTemplate\":\"https:\/\/resest.com\/es\/?s={search_term_string}\"},\"query-input\":{\"@type\":\"PropertyValueSpecification\",\"valueRequired\":true,\"valueName\":\"search_term_string\"}}],\"inLanguage\":\"es\"},{\"@type\":\"Organization\",\"@id\":\"https:\/\/resest.com\/es\/#organization\",\"name\":\"Resid\u00e8ncia d&#039;Estudiants l&#039;Estaci\u00f3 de Sabadell | Resest\",\"url\":\"https:\/\/resest.com\/es\/\",\"logo\":{\"@type\":\"ImageObject\",\"inLanguage\":\"es\",\"@id\":\"https:\/\/resest.com\/es\/#\/schema\/logo\/image\/\",\"url\":\"https:\/\/resest.com\/wp-content\/uploads\/2024\/03\/Facana-1.jpg\",\"contentUrl\":\"https:\/\/resest.com\/wp-content\/uploads\/2024\/03\/Facana-1.jpg\",\"width\":1200,\"height\":1009,\"caption\":\"Resid\u00e8ncia d&#039;Estudiants l&#039;Estaci\u00f3 de Sabadell | Resest\"},\"image\":{\"@id\":\"https:\/\/resest.com\/es\/#\/schema\/logo\/image\/\"}},{\"@type\":\"Person\",\"@id\":\"https:\/\/resest.com\/es\/#\/schema\/person\/f66d2b5dae2cd0a989ab720dd211d2a9\",\"name\":\"Resest\",\"image\":{\"@type\":\"ImageObject\",\"inLanguage\":\"es\",\"@id\":\"https:\/\/resest.com\/es\/#\/schema\/person\/image\/\",\"url\":\"https:\/\/secure.gravatar.com\/avatar\/a5d542eca874617a8a62a45c724821a615f770cf5bde5e61a93a7a2562faba7a?s=96&d=mm&r=g\",\"contentUrl\":\"https:\/\/secure.gravatar.com\/avatar\/a5d542eca874617a8a62a45c724821a615f770cf5bde5e61a93a7a2562faba7a?s=96&d=mm&r=g\",\"caption\":\"Resest\"},\"url\":\"https:\/\/resest.com\/es\/author\/resest\/\"}]}<\/script>\n<!-- \/ Yoast SEO plugin. -->","yoast_head_json":{"title":"Jornada de Puertas Abiertas - Residencia de estudiantes Resest","description":"El pr\u00f3ximo s\u00e1bado 18 de mayo, tendr\u00e1n jornada de puertas durante toda la ma\u00f1ana en la residencia de estudiantes la Estaci\u00f3n de Sabadell.","robots":{"index":"index","follow":"follow","max-snippet":"max-snippet:-1","max-image-preview":"max-image-preview:large","max-video-preview":"max-video-preview:-1"},"canonical":"https:\/\/resest.com\/es\/blog-es\/nueva-jornada-puertas-abiertas-residencia-de-estudiantes-2\/","og_locale":"es_ES","og_type":"article","og_title":"Jornada de Puertas Abiertas - Residencia de estudiantes Resest","og_description":"El pr\u00f3ximo s\u00e1bado 18 de mayo, tendr\u00e1n jornada de puertas durante toda la ma\u00f1ana en la residencia de estudiantes la Estaci\u00f3n de Sabadell.","og_url":"https:\/\/resest.com\/es\/blog-es\/nueva-jornada-puertas-abiertas-residencia-de-estudiantes-2\/","og_site_name":"Resid\u00e8ncia d&#039;Estudiants l&#039;Estaci\u00f3 de Sabadell | Resest","article_published_time":"2013-05-13T11:41:01+00:00","article_modified_time":"2015-01-19T10:42:02+00:00","author":"Resest","twitter_misc":{"Escrito por":"Resest"},"schema":{"@context":"https:\/\/schema.org","@graph":[{"@type":"Article","@id":"https:\/\/resest.com\/es\/blog-es\/nueva-jornada-puertas-abiertas-residencia-de-estudiantes-2\/#article","isPartOf":{"@id":"https:\/\/resest.com\/es\/blog-es\/nueva-jornada-puertas-abiertas-residencia-de-estudiantes-2\/"},"author":{"name":"Resest","@id":"https:\/\/resest.com\/es\/#\/schema\/person\/f66d2b5dae2cd0a989ab720dd211d2a9"},"headline":"Nueva Jornada de Puertas Abiertas de la Residencia de Estudiantes Resest de Sabadell","datePublished":"2013-05-13T11:41:01+00:00","dateModified":"2015-01-19T10:42:02+00:00","mainEntityOfPage":{"@id":"https:\/\/resest.com\/es\/blog-es\/nueva-jornada-puertas-abiertas-residencia-de-estudiantes-2\/"},"wordCount":96,"publisher":{"@id":"https:\/\/resest.com\/es\/#organization"},"keywords":["Allotjament estudiants Sabadell","Resid\u00e8ncia Estudiantil Sabadell","Resid\u00e8ncia estudiants Bellaterra","Resid\u00e8ncia estudiants Sabadell"],"articleSection":["Blog"],"inLanguage":"es"},{"@type":"WebPage","@id":"https:\/\/resest.com\/es\/blog-es\/nueva-jornada-puertas-abiertas-residencia-de-estudiantes-2\/","url":"https:\/\/resest.com\/es\/blog-es\/nueva-jornada-puertas-abiertas-residencia-de-estudiantes-2\/","name":"Jornada de Puertas Abiertas - Residencia de estudiantes Resest","isPartOf":{"@id":"https:\/\/resest.com\/es\/#website"},"datePublished":"2013-05-13T11:41:01+00:00","dateModified":"2015-01-19T10:42:02+00:00","description":"El pr\u00f3ximo s\u00e1bado 18 de mayo, tendr\u00e1n jornada de puertas durante toda la ma\u00f1ana en la residencia de estudiantes la Estaci\u00f3n de Sabadell.","breadcrumb":{"@id":"https:\/\/resest.com\/es\/blog-es\/nueva-jornada-puertas-abiertas-residencia-de-estudiantes-2\/#breadcrumb"},"inLanguage":"es","potentialAction":[{"@type":"ReadAction","target":["https:\/\/resest.com\/es\/blog-es\/nueva-jornada-puertas-abiertas-residencia-de-estudiantes-2\/"]}]},{"@type":"BreadcrumbList","@id":"https:\/\/resest.com\/es\/blog-es\/nueva-jornada-puertas-abiertas-residencia-de-estudiantes-2\/#breadcrumb","itemListElement":[{"@type":"ListItem","position":1,"name":"Inici","item":"https:\/\/resest.com\/es\/"},{"@type":"ListItem","position":2,"name":"Nueva Jornada de Puertas Abiertas de la Residencia de Estudiantes Resest de Sabadell"}]},{"@type":"WebSite","@id":"https:\/\/resest.com\/es\/#website","url":"https:\/\/resest.com\/es\/","name":"Resid\u00e8ncia d&#039;Estudiants l&#039;Estaci\u00f3 de Sabadell | Resest","description":"Otro sitio realizado con WordPress","publisher":{"@id":"https:\/\/resest.com\/es\/#organization"},"potentialAction":[{"@type":"SearchAction","target":{"@type":"EntryPoint","urlTemplate":"https:\/\/resest.com\/es\/?s={search_term_string}"},"query-input":{"@type":"PropertyValueSpecification","valueRequired":true,"valueName":"search_term_string"}}],"inLanguage":"es"},{"@type":"Organization","@id":"https:\/\/resest.com\/es\/#organization","name":"Resid\u00e8ncia d&#039;Estudiants l&#039;Estaci\u00f3 de Sabadell | Resest","url":"https:\/\/resest.com\/es\/","logo":{"@type":"ImageObject","inLanguage":"es","@id":"https:\/\/resest.com\/es\/#\/schema\/logo\/image\/","url":"https:\/\/resest.com\/wp-content\/uploads\/2024\/03\/Facana-1.jpg","contentUrl":"https:\/\/resest.com\/wp-content\/uploads\/2024\/03\/Facana-1.jpg","width":1200,"height":1009,"caption":"Resid\u00e8ncia d&#039;Estudiants l&#039;Estaci\u00f3 de Sabadell | Resest"},"image":{"@id":"https:\/\/resest.com\/es\/#\/schema\/logo\/image\/"}},{"@type":"Person","@id":"https:\/\/resest.com\/es\/#\/schema\/person\/f66d2b5dae2cd0a989ab720dd211d2a9","name":"Resest","image":{"@type":"ImageObject","inLanguage":"es","@id":"https:\/\/resest.com\/es\/#\/schema\/person\/image\/","url":"https:\/\/secure.gravatar.com\/avatar\/a5d542eca874617a8a62a45c724821a615f770cf5bde5e61a93a7a2562faba7a?s=96&d=mm&r=g","contentUrl":"https:\/\/secure.gravatar.com\/avatar\/a5d542eca874617a8a62a45c724821a615f770cf5bde5e61a93a7a2562faba7a?s=96&d=mm&r=g","caption":"Resest"},"url":"https:\/\/resest.com\/es\/author\/resest\/"}]}},"_links":{"self":[{"href":"https:\/\/resest.com\/es\/wp-json\/wp\/v2\/posts\/2190","targetHints":{"allow":["GET"]}}],"collection":[{"href":"https:\/\/resest.com\/es\/wp-json\/wp\/v2\/posts"}],"about":[{"href":"https:\/\/resest.com\/es\/wp-json\/wp\/v2\/types\/post"}],"author":[{"embeddable":true,"href":"https:\/\/resest.com\/es\/wp-json\/wp\/v2\/users\/3"}],"replies":[{"embeddable":true,"href":"https:\/\/resest.com\/es\/wp-json\/wp\/v2\/comments?post=2190"}],"version-history":[{"count":0,"href":"https:\/\/resest.com\/es\/wp-json\/wp\/v2\/posts\/2190\/revisions"}],"wp:attachment":[{"href":"https:\/\/resest.com\/es\/wp-json\/wp\/v2\/media?parent=2190"}],"wp:term":[{"taxonomy":"category","embeddable":true,"href":"https:\/\/resest.com\/es\/wp-json\/wp\/v2\/categories?post=2190"},{"taxonomy":"post_tag","embeddable":true,"href":"https:\/\/resest.com\/es\/wp-json\/wp\/v2\/tags?post=2190"}],"curies":[{"name":"wp","href":"https:\/\/api.w.org\/{rel}","templated":true}]}}