{"id":2186,"date":"2013-04-17T10:09:27","date_gmt":"2013-04-17T09:09:27","guid":{"rendered":"http:\/\/www.resest.com\/?p=1185"},"modified":"2015-01-19T11:48:41","modified_gmt":"2015-01-19T10:48:41","slug":"inauguracion-terrassa-residencia-estudiantes-2","status":"publish","type":"post","link":"https:\/\/resest.com\/es\/blog-es\/inauguracion-terrassa-residencia-estudiantes-2\/","title":{"rendered":"Inauguraci\u00f3n Terraza de la Residencia de Estudiantes zona Sabadell, Barcelona y Bellaterra"},"content":{"rendered":"<p>En la Residencia de Estudiantes <a href=\"milimetricserver.com\/resest\">Resest<\/a> creemos que la <strong>comodidad de los residentes<\/strong> es muy importante. Adem\u00e1s de estar muy bien comunicados con la estaci\u00f3n, estar cerca de Barcelona y a pocos minutos de la UAB, creemos que un espacio d\u00f3nde disfrutar del sol mientras trabajas o estudias es muy importante.<br \/>\nEs por este motivo que estamos\u00a0<strong>amueblando la terraza<\/strong> de la residencia estudiantil de 160 m2 con tumbonas y sillones, para que puedas salir a tomar el Sol, ahora que viene el buen tiempo, mientras <strong>trabajas, estudias o te relajas<\/strong>. \u00a1Os mantendremos informados!<\/p>\n","protected":false},"excerpt":{"rendered":"<p>En la Residencia de Estudiantes Resest creemos que la comodidad de los residentes es muy importante. Adem\u00e1s de estar muy bien comunicados con la estaci\u00f3n, estar cerca de Barcelona y a pocos minutos de la UAB, creemos que un espacio d\u00f3nde disfrutar del sol mientras trabajas o estudias es muy importante. Es por este motivo&hellip;<\/p>\n","protected":false},"author":3,"featured_media":0,"comment_status":"closed","ping_status":"open","sticky":false,"template":"","format":"standard","meta":{"footnotes":""},"categories":[1],"tags":[],"class_list":["post-2186","post","type-post","status-publish","format-standard","hentry","category-blog-es","entry","no-media"],"yoast_head":"<!-- This site is optimized with the Yoast SEO plugin v26.4 - https:\/\/yoast.com\/wordpress\/plugins\/seo\/ -->\n<title>Inauguramos la Terraza de nuestra residencia estudiantil en Barcelona<\/title>\n<meta name=\"description\" content=\"La Residencia Estudiantil en Barcelona, Sabadell y Bellaterra &quot;l&#039;estaci\u00f3 de Sabadell&quot; ha habilitado una terraza para los estudiantes alojados.\" \/>\n<meta name=\"robots\" content=\"index, follow, max-snippet:-1, max-image-preview:large, max-video-preview:-1\" \/>\n<link rel=\"canonical\" href=\"https:\/\/resest.com\/es\/blog-es\/inauguracion-terrassa-residencia-estudiantes-2\/\" \/>\n<meta property=\"og:locale\" content=\"es_ES\" \/>\n<meta property=\"og:type\" content=\"article\" \/>\n<meta property=\"og:title\" content=\"Inauguramos la Terraza de nuestra residencia estudiantil en Barcelona\" \/>\n<meta property=\"og:description\" content=\"La Residencia Estudiantil en Barcelona, Sabadell y Bellaterra &quot;l&#039;estaci\u00f3 de Sabadell&quot; ha habilitado una terraza para los estudiantes alojados.\" \/>\n<meta property=\"og:url\" content=\"https:\/\/resest.com\/es\/blog-es\/inauguracion-terrassa-residencia-estudiantes-2\/\" \/>\n<meta property=\"og:site_name\" content=\"Resid\u00e8ncia d&#039;Estudiants l&#039;Estaci\u00f3 de Sabadell | Resest\" \/>\n<meta property=\"article:published_time\" content=\"2013-04-17T09:09:27+00:00\" \/>\n<meta property=\"article:modified_time\" content=\"2015-01-19T10:48:41+00:00\" \/>\n<meta name=\"author\" content=\"Resest\" \/>\n<meta name=\"twitter:label1\" content=\"Escrito por\" \/>\n\t<meta name=\"twitter:data1\" content=\"Resest\" \/>\n<script type=\"application\/ld+json\" class=\"yoast-schema-graph\">{\"@context\":\"https:\/\/schema.org\",\"@graph\":[{\"@type\":\"Article\",\"@id\":\"https:\/\/resest.com\/es\/blog-es\/inauguracion-terrassa-residencia-estudiantes-2\/#article\",\"isPartOf\":{\"@id\":\"https:\/\/resest.com\/es\/blog-es\/inauguracion-terrassa-residencia-estudiantes-2\/\"},\"author\":{\"name\":\"Resest\",\"@id\":\"https:\/\/resest.com\/es\/#\/schema\/person\/f66d2b5dae2cd0a989ab720dd211d2a9\"},\"headline\":\"Inauguraci\u00f3n Terraza de la Residencia de Estudiantes zona Sabadell, Barcelona y Bellaterra\",\"datePublished\":\"2013-04-17T09:09:27+00:00\",\"dateModified\":\"2015-01-19T10:48:41+00:00\",\"mainEntityOfPage\":{\"@id\":\"https:\/\/resest.com\/es\/blog-es\/inauguracion-terrassa-residencia-estudiantes-2\/\"},\"wordCount\":109,\"publisher\":{\"@id\":\"https:\/\/resest.com\/es\/#organization\"},\"articleSection\":[\"Blog\"],\"inLanguage\":\"es\"},{\"@type\":\"WebPage\",\"@id\":\"https:\/\/resest.com\/es\/blog-es\/inauguracion-terrassa-residencia-estudiantes-2\/\",\"url\":\"https:\/\/resest.com\/es\/blog-es\/inauguracion-terrassa-residencia-estudiantes-2\/\",\"name\":\"Inauguramos la Terraza de nuestra residencia estudiantil en Barcelona\",\"isPartOf\":{\"@id\":\"https:\/\/resest.com\/es\/#website\"},\"datePublished\":\"2013-04-17T09:09:27+00:00\",\"dateModified\":\"2015-01-19T10:48:41+00:00\",\"description\":\"La Residencia Estudiantil en Barcelona, Sabadell y Bellaterra \\\"l'estaci\u00f3 de Sabadell\\\" ha habilitado una terraza para los estudiantes alojados.\",\"breadcrumb\":{\"@id\":\"https:\/\/resest.com\/es\/blog-es\/inauguracion-terrassa-residencia-estudiantes-2\/#breadcrumb\"},\"inLanguage\":\"es\",\"potentialAction\":[{\"@type\":\"ReadAction\",\"target\":[\"https:\/\/resest.com\/es\/blog-es\/inauguracion-terrassa-residencia-estudiantes-2\/\"]}]},{\"@type\":\"BreadcrumbList\",\"@id\":\"https:\/\/resest.com\/es\/blog-es\/inauguracion-terrassa-residencia-estudiantes-2\/#breadcrumb\",\"itemListElement\":[{\"@type\":\"ListItem\",\"position\":1,\"name\":\"Inici\",\"item\":\"https:\/\/resest.com\/es\/\"},{\"@type\":\"ListItem\",\"position\":2,\"name\":\"Inauguraci\u00f3n Terraza de la Residencia de Estudiantes zona Sabadell, Barcelona y Bellaterra\"}]},{\"@type\":\"WebSite\",\"@id\":\"https:\/\/resest.com\/es\/#website\",\"url\":\"https:\/\/resest.com\/es\/\",\"name\":\"Resid\u00e8ncia d&#039;Estudiants l&#039;Estaci\u00f3 de Sabadell | Resest\",\"description\":\"Otro sitio realizado con WordPress\",\"publisher\":{\"@id\":\"https:\/\/resest.com\/es\/#organization\"},\"potentialAction\":[{\"@type\":\"SearchAction\",\"target\":{\"@type\":\"EntryPoint\",\"urlTemplate\":\"https:\/\/resest.com\/es\/?s={search_term_string}\"},\"query-input\":{\"@type\":\"PropertyValueSpecification\",\"valueRequired\":true,\"valueName\":\"search_term_string\"}}],\"inLanguage\":\"es\"},{\"@type\":\"Organization\",\"@id\":\"https:\/\/resest.com\/es\/#organization\",\"name\":\"Resid\u00e8ncia d&#039;Estudiants l&#039;Estaci\u00f3 de Sabadell | Resest\",\"url\":\"https:\/\/resest.com\/es\/\",\"logo\":{\"@type\":\"ImageObject\",\"inLanguage\":\"es\",\"@id\":\"https:\/\/resest.com\/es\/#\/schema\/logo\/image\/\",\"url\":\"https:\/\/resest.com\/wp-content\/uploads\/2024\/03\/Facana-1.jpg\",\"contentUrl\":\"https:\/\/resest.com\/wp-content\/uploads\/2024\/03\/Facana-1.jpg\",\"width\":1200,\"height\":1009,\"caption\":\"Resid\u00e8ncia d&#039;Estudiants l&#039;Estaci\u00f3 de Sabadell | Resest\"},\"image\":{\"@id\":\"https:\/\/resest.com\/es\/#\/schema\/logo\/image\/\"}},{\"@type\":\"Person\",\"@id\":\"https:\/\/resest.com\/es\/#\/schema\/person\/f66d2b5dae2cd0a989ab720dd211d2a9\",\"name\":\"Resest\",\"image\":{\"@type\":\"ImageObject\",\"inLanguage\":\"es\",\"@id\":\"https:\/\/resest.com\/es\/#\/schema\/person\/image\/\",\"url\":\"https:\/\/secure.gravatar.com\/avatar\/a5d542eca874617a8a62a45c724821a615f770cf5bde5e61a93a7a2562faba7a?s=96&d=mm&r=g\",\"contentUrl\":\"https:\/\/secure.gravatar.com\/avatar\/a5d542eca874617a8a62a45c724821a615f770cf5bde5e61a93a7a2562faba7a?s=96&d=mm&r=g\",\"caption\":\"Resest\"},\"url\":\"https:\/\/resest.com\/es\/author\/resest\/\"}]}<\/script>\n<!-- \/ Yoast SEO plugin. -->","yoast_head_json":{"title":"Inauguramos la Terraza de nuestra residencia estudiantil en Barcelona","description":"La Residencia Estudiantil en Barcelona, Sabadell y Bellaterra \"l'estaci\u00f3 de Sabadell\" ha habilitado una terraza para los estudiantes alojados.","robots":{"index":"index","follow":"follow","max-snippet":"max-snippet:-1","max-image-preview":"max-image-preview:large","max-video-preview":"max-video-preview:-1"},"canonical":"https:\/\/resest.com\/es\/blog-es\/inauguracion-terrassa-residencia-estudiantes-2\/","og_locale":"es_ES","og_type":"article","og_title":"Inauguramos la Terraza de nuestra residencia estudiantil en Barcelona","og_description":"La Residencia Estudiantil en Barcelona, Sabadell y Bellaterra \"l'estaci\u00f3 de Sabadell\" ha habilitado una terraza para los estudiantes alojados.","og_url":"https:\/\/resest.com\/es\/blog-es\/inauguracion-terrassa-residencia-estudiantes-2\/","og_site_name":"Resid\u00e8ncia d&#039;Estudiants l&#039;Estaci\u00f3 de Sabadell | Resest","article_published_time":"2013-04-17T09:09:27+00:00","article_modified_time":"2015-01-19T10:48:41+00:00","author":"Resest","twitter_misc":{"Escrito por":"Resest"},"schema":{"@context":"https:\/\/schema.org","@graph":[{"@type":"Article","@id":"https:\/\/resest.com\/es\/blog-es\/inauguracion-terrassa-residencia-estudiantes-2\/#article","isPartOf":{"@id":"https:\/\/resest.com\/es\/blog-es\/inauguracion-terrassa-residencia-estudiantes-2\/"},"author":{"name":"Resest","@id":"https:\/\/resest.com\/es\/#\/schema\/person\/f66d2b5dae2cd0a989ab720dd211d2a9"},"headline":"Inauguraci\u00f3n Terraza de la Residencia de Estudiantes zona Sabadell, Barcelona y Bellaterra","datePublished":"2013-04-17T09:09:27+00:00","dateModified":"2015-01-19T10:48:41+00:00","mainEntityOfPage":{"@id":"https:\/\/resest.com\/es\/blog-es\/inauguracion-terrassa-residencia-estudiantes-2\/"},"wordCount":109,"publisher":{"@id":"https:\/\/resest.com\/es\/#organization"},"articleSection":["Blog"],"inLanguage":"es"},{"@type":"WebPage","@id":"https:\/\/resest.com\/es\/blog-es\/inauguracion-terrassa-residencia-estudiantes-2\/","url":"https:\/\/resest.com\/es\/blog-es\/inauguracion-terrassa-residencia-estudiantes-2\/","name":"Inauguramos la Terraza de nuestra residencia estudiantil en Barcelona","isPartOf":{"@id":"https:\/\/resest.com\/es\/#website"},"datePublished":"2013-04-17T09:09:27+00:00","dateModified":"2015-01-19T10:48:41+00:00","description":"La Residencia Estudiantil en Barcelona, Sabadell y Bellaterra \"l'estaci\u00f3 de Sabadell\" ha habilitado una terraza para los estudiantes alojados.","breadcrumb":{"@id":"https:\/\/resest.com\/es\/blog-es\/inauguracion-terrassa-residencia-estudiantes-2\/#breadcrumb"},"inLanguage":"es","potentialAction":[{"@type":"ReadAction","target":["https:\/\/resest.com\/es\/blog-es\/inauguracion-terrassa-residencia-estudiantes-2\/"]}]},{"@type":"BreadcrumbList","@id":"https:\/\/resest.com\/es\/blog-es\/inauguracion-terrassa-residencia-estudiantes-2\/#breadcrumb","itemListElement":[{"@type":"ListItem","position":1,"name":"Inici","item":"https:\/\/resest.com\/es\/"},{"@type":"ListItem","position":2,"name":"Inauguraci\u00f3n Terraza de la Residencia de Estudiantes zona Sabadell, Barcelona y Bellaterra"}]},{"@type":"WebSite","@id":"https:\/\/resest.com\/es\/#website","url":"https:\/\/resest.com\/es\/","name":"Resid\u00e8ncia d&#039;Estudiants l&#039;Estaci\u00f3 de Sabadell | Resest","description":"Otro sitio realizado con WordPress","publisher":{"@id":"https:\/\/resest.com\/es\/#organization"},"potentialAction":[{"@type":"SearchAction","target":{"@type":"EntryPoint","urlTemplate":"https:\/\/resest.com\/es\/?s={search_term_string}"},"query-input":{"@type":"PropertyValueSpecification","valueRequired":true,"valueName":"search_term_string"}}],"inLanguage":"es"},{"@type":"Organization","@id":"https:\/\/resest.com\/es\/#organization","name":"Resid\u00e8ncia d&#039;Estudiants l&#039;Estaci\u00f3 de Sabadell | Resest","url":"https:\/\/resest.com\/es\/","logo":{"@type":"ImageObject","inLanguage":"es","@id":"https:\/\/resest.com\/es\/#\/schema\/logo\/image\/","url":"https:\/\/resest.com\/wp-content\/uploads\/2024\/03\/Facana-1.jpg","contentUrl":"https:\/\/resest.com\/wp-content\/uploads\/2024\/03\/Facana-1.jpg","width":1200,"height":1009,"caption":"Resid\u00e8ncia d&#039;Estudiants l&#039;Estaci\u00f3 de Sabadell | Resest"},"image":{"@id":"https:\/\/resest.com\/es\/#\/schema\/logo\/image\/"}},{"@type":"Person","@id":"https:\/\/resest.com\/es\/#\/schema\/person\/f66d2b5dae2cd0a989ab720dd211d2a9","name":"Resest","image":{"@type":"ImageObject","inLanguage":"es","@id":"https:\/\/resest.com\/es\/#\/schema\/person\/image\/","url":"https:\/\/secure.gravatar.com\/avatar\/a5d542eca874617a8a62a45c724821a615f770cf5bde5e61a93a7a2562faba7a?s=96&d=mm&r=g","contentUrl":"https:\/\/secure.gravatar.com\/avatar\/a5d542eca874617a8a62a45c724821a615f770cf5bde5e61a93a7a2562faba7a?s=96&d=mm&r=g","caption":"Resest"},"url":"https:\/\/resest.com\/es\/author\/resest\/"}]}},"_links":{"self":[{"href":"https:\/\/resest.com\/es\/wp-json\/wp\/v2\/posts\/2186","targetHints":{"allow":["GET"]}}],"collection":[{"href":"https:\/\/resest.com\/es\/wp-json\/wp\/v2\/posts"}],"about":[{"href":"https:\/\/resest.com\/es\/wp-json\/wp\/v2\/types\/post"}],"author":[{"embeddable":true,"href":"https:\/\/resest.com\/es\/wp-json\/wp\/v2\/users\/3"}],"replies":[{"embeddable":true,"href":"https:\/\/resest.com\/es\/wp-json\/wp\/v2\/comments?post=2186"}],"version-history":[{"count":0,"href":"https:\/\/resest.com\/es\/wp-json\/wp\/v2\/posts\/2186\/revisions"}],"wp:attachment":[{"href":"https:\/\/resest.com\/es\/wp-json\/wp\/v2\/media?parent=2186"}],"wp:term":[{"taxonomy":"category","embeddable":true,"href":"https:\/\/resest.com\/es\/wp-json\/wp\/v2\/categories?post=2186"},{"taxonomy":"post_tag","embeddable":true,"href":"https:\/\/resest.com\/es\/wp-json\/wp\/v2\/tags?post=2186"}],"curies":[{"name":"wp","href":"https:\/\/api.w.org\/{rel}","templated":true}]}}