{"id":2185,"date":"2013-04-17T10:02:35","date_gmt":"2013-04-17T09:02:35","guid":{"rendered":"http:\/\/www.resest.com\/?p=1183"},"modified":"2015-01-19T11:50:39","modified_gmt":"2015-01-19T10:50:39","slug":"segunda-puertas-abiertas-residencia-de-estudiantes-2","status":"publish","type":"post","link":"https:\/\/resest.com\/es\/blog-es\/segunda-puertas-abiertas-residencia-de-estudiantes-2\/","title":{"rendered":"Nueva Jornada de Puertas Abiertas de la Residencia de Estudiantes Resest"},"content":{"rendered":"<p>El pr\u00f3ximo\u00a0<strong>s\u00e1bado 20 de Abril<\/strong>, tendremos <strong>jornada de puertas abiertas<\/strong> en la Residencia de estudiantes Resest. El horario ser\u00e1 de\u00a0<strong>11h a 13h<\/strong>. Os esperamos. Estaremos encantados de poderos <strong>ense\u00f1ar las <a href=\"milimetricserver.com\/resest\/instal\u00b7lacions\">instalaciones<\/a><\/strong> de nuestra residencia pensadas para resolver todas las <strong>necesidades de los estudiantes<\/strong>. No obstante, en caso de interesaros visitar la residencia en otro d\u00eda distinto, pod\u00e9is solicitarlo en nuestra web\u00a0<a title=\"Residencia Estudiantes\" href=\"milimetricserver.com\/resest\" target=\"_blank\">www.resest.com<\/a>\u00a0o bien al tel\u00e9fono 616989342, indicando d\u00eda y hora aproximada, y os ser\u00e1 confirmada vuestra visita.<\/p>\n","protected":false},"excerpt":{"rendered":"<p>El pr\u00f3ximo\u00a0s\u00e1bado 20 de Abril, tendremos jornada de puertas abiertas en la Residencia de estudiantes Resest. El horario ser\u00e1 de\u00a011h a 13h. Os esperamos. Estaremos encantados de poderos ense\u00f1ar las instalaciones de nuestra residencia pensadas para resolver todas las necesidades de los estudiantes. No obstante, en caso de interesaros visitar la residencia en otro d\u00eda&hellip;<\/p>\n","protected":false},"author":3,"featured_media":0,"comment_status":"closed","ping_status":"open","sticky":false,"template":"","format":"standard","meta":{"footnotes":""},"categories":[1],"tags":[],"class_list":["post-2185","post","type-post","status-publish","format-standard","hentry","category-blog-es","entry","no-media"],"yoast_head":"<!-- This site is optimized with the Yoast SEO plugin v26.4 - https:\/\/yoast.com\/wordpress\/plugins\/seo\/ -->\n<title>Nueva jornada de puertas abiertas en la residencia de estudiantes<\/title>\n<meta name=\"description\" content=\"Ven a visitar la Residencia de estudiantes la estaci\u00f3n de Sabadell para conocer de cerca todas las ventajas que le podemos ofrecer.\" \/>\n<meta name=\"robots\" content=\"index, follow, max-snippet:-1, max-image-preview:large, max-video-preview:-1\" \/>\n<link rel=\"canonical\" href=\"https:\/\/resest.com\/es\/blog-es\/segunda-puertas-abiertas-residencia-de-estudiantes-2\/\" \/>\n<meta property=\"og:locale\" content=\"es_ES\" \/>\n<meta property=\"og:type\" content=\"article\" \/>\n<meta property=\"og:title\" content=\"Nueva jornada de puertas abiertas en la residencia de estudiantes\" \/>\n<meta property=\"og:description\" content=\"Ven a visitar la Residencia de estudiantes la estaci\u00f3n de Sabadell para conocer de cerca todas las ventajas que le podemos ofrecer.\" \/>\n<meta property=\"og:url\" content=\"https:\/\/resest.com\/es\/blog-es\/segunda-puertas-abiertas-residencia-de-estudiantes-2\/\" \/>\n<meta property=\"og:site_name\" content=\"Resid\u00e8ncia d&#039;Estudiants l&#039;Estaci\u00f3 de Sabadell | Resest\" \/>\n<meta property=\"article:published_time\" content=\"2013-04-17T09:02:35+00:00\" \/>\n<meta property=\"article:modified_time\" content=\"2015-01-19T10:50:39+00:00\" \/>\n<meta name=\"author\" content=\"Resest\" \/>\n<meta name=\"twitter:label1\" content=\"Escrito por\" \/>\n\t<meta name=\"twitter:data1\" content=\"Resest\" \/>\n<script type=\"application\/ld+json\" class=\"yoast-schema-graph\">{\"@context\":\"https:\/\/schema.org\",\"@graph\":[{\"@type\":\"Article\",\"@id\":\"https:\/\/resest.com\/es\/blog-es\/segunda-puertas-abiertas-residencia-de-estudiantes-2\/#article\",\"isPartOf\":{\"@id\":\"https:\/\/resest.com\/es\/blog-es\/segunda-puertas-abiertas-residencia-de-estudiantes-2\/\"},\"author\":{\"name\":\"Resest\",\"@id\":\"https:\/\/resest.com\/es\/#\/schema\/person\/f66d2b5dae2cd0a989ab720dd211d2a9\"},\"headline\":\"Nueva Jornada de Puertas Abiertas de la Residencia de Estudiantes Resest\",\"datePublished\":\"2013-04-17T09:02:35+00:00\",\"dateModified\":\"2015-01-19T10:50:39+00:00\",\"mainEntityOfPage\":{\"@id\":\"https:\/\/resest.com\/es\/blog-es\/segunda-puertas-abiertas-residencia-de-estudiantes-2\/\"},\"wordCount\":98,\"publisher\":{\"@id\":\"https:\/\/resest.com\/es\/#organization\"},\"articleSection\":[\"Blog\"],\"inLanguage\":\"es\"},{\"@type\":\"WebPage\",\"@id\":\"https:\/\/resest.com\/es\/blog-es\/segunda-puertas-abiertas-residencia-de-estudiantes-2\/\",\"url\":\"https:\/\/resest.com\/es\/blog-es\/segunda-puertas-abiertas-residencia-de-estudiantes-2\/\",\"name\":\"Nueva jornada de puertas abiertas en la residencia de estudiantes\",\"isPartOf\":{\"@id\":\"https:\/\/resest.com\/es\/#website\"},\"datePublished\":\"2013-04-17T09:02:35+00:00\",\"dateModified\":\"2015-01-19T10:50:39+00:00\",\"description\":\"Ven a visitar la Residencia de estudiantes la estaci\u00f3n de Sabadell para conocer de cerca todas las ventajas que le podemos ofrecer.\",\"breadcrumb\":{\"@id\":\"https:\/\/resest.com\/es\/blog-es\/segunda-puertas-abiertas-residencia-de-estudiantes-2\/#breadcrumb\"},\"inLanguage\":\"es\",\"potentialAction\":[{\"@type\":\"ReadAction\",\"target\":[\"https:\/\/resest.com\/es\/blog-es\/segunda-puertas-abiertas-residencia-de-estudiantes-2\/\"]}]},{\"@type\":\"BreadcrumbList\",\"@id\":\"https:\/\/resest.com\/es\/blog-es\/segunda-puertas-abiertas-residencia-de-estudiantes-2\/#breadcrumb\",\"itemListElement\":[{\"@type\":\"ListItem\",\"position\":1,\"name\":\"Inici\",\"item\":\"https:\/\/resest.com\/es\/\"},{\"@type\":\"ListItem\",\"position\":2,\"name\":\"Nueva Jornada de Puertas Abiertas de la Residencia de Estudiantes Resest\"}]},{\"@type\":\"WebSite\",\"@id\":\"https:\/\/resest.com\/es\/#website\",\"url\":\"https:\/\/resest.com\/es\/\",\"name\":\"Resid\u00e8ncia d&#039;Estudiants l&#039;Estaci\u00f3 de Sabadell | Resest\",\"description\":\"Otro sitio realizado con WordPress\",\"publisher\":{\"@id\":\"https:\/\/resest.com\/es\/#organization\"},\"potentialAction\":[{\"@type\":\"SearchAction\",\"target\":{\"@type\":\"EntryPoint\",\"urlTemplate\":\"https:\/\/resest.com\/es\/?s={search_term_string}\"},\"query-input\":{\"@type\":\"PropertyValueSpecification\",\"valueRequired\":true,\"valueName\":\"search_term_string\"}}],\"inLanguage\":\"es\"},{\"@type\":\"Organization\",\"@id\":\"https:\/\/resest.com\/es\/#organization\",\"name\":\"Resid\u00e8ncia d&#039;Estudiants l&#039;Estaci\u00f3 de Sabadell | Resest\",\"url\":\"https:\/\/resest.com\/es\/\",\"logo\":{\"@type\":\"ImageObject\",\"inLanguage\":\"es\",\"@id\":\"https:\/\/resest.com\/es\/#\/schema\/logo\/image\/\",\"url\":\"https:\/\/resest.com\/wp-content\/uploads\/2024\/03\/Facana-1.jpg\",\"contentUrl\":\"https:\/\/resest.com\/wp-content\/uploads\/2024\/03\/Facana-1.jpg\",\"width\":1200,\"height\":1009,\"caption\":\"Resid\u00e8ncia d&#039;Estudiants l&#039;Estaci\u00f3 de Sabadell | Resest\"},\"image\":{\"@id\":\"https:\/\/resest.com\/es\/#\/schema\/logo\/image\/\"}},{\"@type\":\"Person\",\"@id\":\"https:\/\/resest.com\/es\/#\/schema\/person\/f66d2b5dae2cd0a989ab720dd211d2a9\",\"name\":\"Resest\",\"image\":{\"@type\":\"ImageObject\",\"inLanguage\":\"es\",\"@id\":\"https:\/\/resest.com\/es\/#\/schema\/person\/image\/\",\"url\":\"https:\/\/secure.gravatar.com\/avatar\/a5d542eca874617a8a62a45c724821a615f770cf5bde5e61a93a7a2562faba7a?s=96&d=mm&r=g\",\"contentUrl\":\"https:\/\/secure.gravatar.com\/avatar\/a5d542eca874617a8a62a45c724821a615f770cf5bde5e61a93a7a2562faba7a?s=96&d=mm&r=g\",\"caption\":\"Resest\"},\"url\":\"https:\/\/resest.com\/es\/author\/resest\/\"}]}<\/script>\n<!-- \/ Yoast SEO plugin. -->","yoast_head_json":{"title":"Nueva jornada de puertas abiertas en la residencia de estudiantes","description":"Ven a visitar la Residencia de estudiantes la estaci\u00f3n de Sabadell para conocer de cerca todas las ventajas que le podemos ofrecer.","robots":{"index":"index","follow":"follow","max-snippet":"max-snippet:-1","max-image-preview":"max-image-preview:large","max-video-preview":"max-video-preview:-1"},"canonical":"https:\/\/resest.com\/es\/blog-es\/segunda-puertas-abiertas-residencia-de-estudiantes-2\/","og_locale":"es_ES","og_type":"article","og_title":"Nueva jornada de puertas abiertas en la residencia de estudiantes","og_description":"Ven a visitar la Residencia de estudiantes la estaci\u00f3n de Sabadell para conocer de cerca todas las ventajas que le podemos ofrecer.","og_url":"https:\/\/resest.com\/es\/blog-es\/segunda-puertas-abiertas-residencia-de-estudiantes-2\/","og_site_name":"Resid\u00e8ncia d&#039;Estudiants l&#039;Estaci\u00f3 de Sabadell | Resest","article_published_time":"2013-04-17T09:02:35+00:00","article_modified_time":"2015-01-19T10:50:39+00:00","author":"Resest","twitter_misc":{"Escrito por":"Resest"},"schema":{"@context":"https:\/\/schema.org","@graph":[{"@type":"Article","@id":"https:\/\/resest.com\/es\/blog-es\/segunda-puertas-abiertas-residencia-de-estudiantes-2\/#article","isPartOf":{"@id":"https:\/\/resest.com\/es\/blog-es\/segunda-puertas-abiertas-residencia-de-estudiantes-2\/"},"author":{"name":"Resest","@id":"https:\/\/resest.com\/es\/#\/schema\/person\/f66d2b5dae2cd0a989ab720dd211d2a9"},"headline":"Nueva Jornada de Puertas Abiertas de la Residencia de Estudiantes Resest","datePublished":"2013-04-17T09:02:35+00:00","dateModified":"2015-01-19T10:50:39+00:00","mainEntityOfPage":{"@id":"https:\/\/resest.com\/es\/blog-es\/segunda-puertas-abiertas-residencia-de-estudiantes-2\/"},"wordCount":98,"publisher":{"@id":"https:\/\/resest.com\/es\/#organization"},"articleSection":["Blog"],"inLanguage":"es"},{"@type":"WebPage","@id":"https:\/\/resest.com\/es\/blog-es\/segunda-puertas-abiertas-residencia-de-estudiantes-2\/","url":"https:\/\/resest.com\/es\/blog-es\/segunda-puertas-abiertas-residencia-de-estudiantes-2\/","name":"Nueva jornada de puertas abiertas en la residencia de estudiantes","isPartOf":{"@id":"https:\/\/resest.com\/es\/#website"},"datePublished":"2013-04-17T09:02:35+00:00","dateModified":"2015-01-19T10:50:39+00:00","description":"Ven a visitar la Residencia de estudiantes la estaci\u00f3n de Sabadell para conocer de cerca todas las ventajas que le podemos ofrecer.","breadcrumb":{"@id":"https:\/\/resest.com\/es\/blog-es\/segunda-puertas-abiertas-residencia-de-estudiantes-2\/#breadcrumb"},"inLanguage":"es","potentialAction":[{"@type":"ReadAction","target":["https:\/\/resest.com\/es\/blog-es\/segunda-puertas-abiertas-residencia-de-estudiantes-2\/"]}]},{"@type":"BreadcrumbList","@id":"https:\/\/resest.com\/es\/blog-es\/segunda-puertas-abiertas-residencia-de-estudiantes-2\/#breadcrumb","itemListElement":[{"@type":"ListItem","position":1,"name":"Inici","item":"https:\/\/resest.com\/es\/"},{"@type":"ListItem","position":2,"name":"Nueva Jornada de Puertas Abiertas de la Residencia de Estudiantes Resest"}]},{"@type":"WebSite","@id":"https:\/\/resest.com\/es\/#website","url":"https:\/\/resest.com\/es\/","name":"Resid\u00e8ncia d&#039;Estudiants l&#039;Estaci\u00f3 de Sabadell | Resest","description":"Otro sitio realizado con WordPress","publisher":{"@id":"https:\/\/resest.com\/es\/#organization"},"potentialAction":[{"@type":"SearchAction","target":{"@type":"EntryPoint","urlTemplate":"https:\/\/resest.com\/es\/?s={search_term_string}"},"query-input":{"@type":"PropertyValueSpecification","valueRequired":true,"valueName":"search_term_string"}}],"inLanguage":"es"},{"@type":"Organization","@id":"https:\/\/resest.com\/es\/#organization","name":"Resid\u00e8ncia d&#039;Estudiants l&#039;Estaci\u00f3 de Sabadell | Resest","url":"https:\/\/resest.com\/es\/","logo":{"@type":"ImageObject","inLanguage":"es","@id":"https:\/\/resest.com\/es\/#\/schema\/logo\/image\/","url":"https:\/\/resest.com\/wp-content\/uploads\/2024\/03\/Facana-1.jpg","contentUrl":"https:\/\/resest.com\/wp-content\/uploads\/2024\/03\/Facana-1.jpg","width":1200,"height":1009,"caption":"Resid\u00e8ncia d&#039;Estudiants l&#039;Estaci\u00f3 de Sabadell | Resest"},"image":{"@id":"https:\/\/resest.com\/es\/#\/schema\/logo\/image\/"}},{"@type":"Person","@id":"https:\/\/resest.com\/es\/#\/schema\/person\/f66d2b5dae2cd0a989ab720dd211d2a9","name":"Resest","image":{"@type":"ImageObject","inLanguage":"es","@id":"https:\/\/resest.com\/es\/#\/schema\/person\/image\/","url":"https:\/\/secure.gravatar.com\/avatar\/a5d542eca874617a8a62a45c724821a615f770cf5bde5e61a93a7a2562faba7a?s=96&d=mm&r=g","contentUrl":"https:\/\/secure.gravatar.com\/avatar\/a5d542eca874617a8a62a45c724821a615f770cf5bde5e61a93a7a2562faba7a?s=96&d=mm&r=g","caption":"Resest"},"url":"https:\/\/resest.com\/es\/author\/resest\/"}]}},"_links":{"self":[{"href":"https:\/\/resest.com\/es\/wp-json\/wp\/v2\/posts\/2185","targetHints":{"allow":["GET"]}}],"collection":[{"href":"https:\/\/resest.com\/es\/wp-json\/wp\/v2\/posts"}],"about":[{"href":"https:\/\/resest.com\/es\/wp-json\/wp\/v2\/types\/post"}],"author":[{"embeddable":true,"href":"https:\/\/resest.com\/es\/wp-json\/wp\/v2\/users\/3"}],"replies":[{"embeddable":true,"href":"https:\/\/resest.com\/es\/wp-json\/wp\/v2\/comments?post=2185"}],"version-history":[{"count":0,"href":"https:\/\/resest.com\/es\/wp-json\/wp\/v2\/posts\/2185\/revisions"}],"wp:attachment":[{"href":"https:\/\/resest.com\/es\/wp-json\/wp\/v2\/media?parent=2185"}],"wp:term":[{"taxonomy":"category","embeddable":true,"href":"https:\/\/resest.com\/es\/wp-json\/wp\/v2\/categories?post=2185"},{"taxonomy":"post_tag","embeddable":true,"href":"https:\/\/resest.com\/es\/wp-json\/wp\/v2\/tags?post=2185"}],"curies":[{"name":"wp","href":"https:\/\/api.w.org\/{rel}","templated":true}]}}