{"id":2184,"date":"2013-03-28T12:31:25","date_gmt":"2013-03-28T11:31:25","guid":{"rendered":"http:\/\/www.resest.com\/?p=1170"},"modified":"2015-01-19T11:53:14","modified_gmt":"2015-01-19T10:53:14","slug":"primera-puertas-abiertas-residencia-de-estudiantes-2","status":"publish","type":"post","link":"https:\/\/resest.com\/es\/blog-es\/primera-puertas-abiertas-residencia-de-estudiantes-2\/","title":{"rendered":"Jornada de Puertas Abiertas de la Residencia de Estudiantes Resest"},"content":{"rendered":"<p>El pr\u00f3ximo <strong>domingo 7 de Abril<\/strong>, tendremos jornada de puertas abiertas de las <strong>11h a 13h<\/strong>. <strong>Os esperamos en la residencia de estudiantes.<\/strong><\/p>\n<p>Estaremos encantados de poderos ense\u00f1ar nuestras <a href=\"milimetricserver.com\/resest\/instal\u00b7lacions\">instalaciones<\/a> y alojamientos para estudiantes.\u00a0\u00a0No obstante, en caso de interesaros visitar la residencia en otro d\u00eda distinto, solo ten\u00e9is que solicitarlo en nuestra <a title=\"La Residencia\" https:\/\/resest.com\/la-residencia\/\">web<\/a> o bien al tel\u00e9fono 616989342, indicando d\u00eda y hora aproximada, y os ser\u00e1 confirmada vuestra visita.<\/p>\n","protected":false},"excerpt":{"rendered":"<p>El pr\u00f3ximo domingo 7 de Abril, tendremos jornada de puertas abiertas de las 11h a 13h. Os esperamos en la residencia de estudiantes. Estaremos encantados de poderos ense\u00f1ar nuestras instalaciones y alojamientos para estudiantes.\u00a0\u00a0No obstante, en caso de interesaros visitar la residencia en otro d\u00eda distinto, solo ten\u00e9is que solicitarlo en nuestra<\/p>\n","protected":false},"author":3,"featured_media":0,"comment_status":"closed","ping_status":"open","sticky":false,"template":"","format":"standard","meta":{"footnotes":""},"categories":[1],"tags":[],"class_list":["post-2184","post","type-post","status-publish","format-standard","hentry","category-blog-es","entry","no-media"],"yoast_head":"<!-- This site is optimized with the Yoast SEO plugin v26.4 - https:\/\/yoast.com\/wordpress\/plugins\/seo\/ -->\n<title>Jornada de puertas abiertas en la Residencia de Estudiantes Resest<\/title>\n<meta name=\"description\" content=\"Te invitamos a visitar la Residencia de Estudiantes en nuestra jornada de puertas abiertas.\" \/>\n<meta name=\"robots\" content=\"index, follow, max-snippet:-1, max-image-preview:large, max-video-preview:-1\" \/>\n<link rel=\"canonical\" href=\"https:\/\/resest.com\/es\/blog-es\/primera-puertas-abiertas-residencia-de-estudiantes-2\/\" \/>\n<meta property=\"og:locale\" content=\"es_ES\" \/>\n<meta property=\"og:type\" content=\"article\" \/>\n<meta property=\"og:title\" content=\"Jornada de puertas abiertas en la Residencia de Estudiantes Resest\" \/>\n<meta property=\"og:description\" content=\"Te invitamos a visitar la Residencia de Estudiantes en nuestra jornada de puertas abiertas.\" \/>\n<meta property=\"og:url\" content=\"https:\/\/resest.com\/es\/blog-es\/primera-puertas-abiertas-residencia-de-estudiantes-2\/\" \/>\n<meta property=\"og:site_name\" content=\"Resid\u00e8ncia d&#039;Estudiants l&#039;Estaci\u00f3 de Sabadell | Resest\" \/>\n<meta property=\"article:published_time\" content=\"2013-03-28T11:31:25+00:00\" \/>\n<meta property=\"article:modified_time\" content=\"2015-01-19T10:53:14+00:00\" \/>\n<meta name=\"author\" content=\"Resest\" \/>\n<meta name=\"twitter:label1\" content=\"Escrito por\" \/>\n\t<meta name=\"twitter:data1\" content=\"Resest\" \/>\n<script type=\"application\/ld+json\" class=\"yoast-schema-graph\">{\"@context\":\"https:\/\/schema.org\",\"@graph\":[{\"@type\":\"Article\",\"@id\":\"https:\/\/resest.com\/es\/blog-es\/primera-puertas-abiertas-residencia-de-estudiantes-2\/#article\",\"isPartOf\":{\"@id\":\"https:\/\/resest.com\/es\/blog-es\/primera-puertas-abiertas-residencia-de-estudiantes-2\/\"},\"author\":{\"name\":\"Resest\",\"@id\":\"https:\/\/resest.com\/es\/#\/schema\/person\/f66d2b5dae2cd0a989ab720dd211d2a9\"},\"headline\":\"Jornada de Puertas Abiertas de la Residencia de Estudiantes Resest\",\"datePublished\":\"2013-03-28T11:31:25+00:00\",\"dateModified\":\"2015-01-19T10:53:14+00:00\",\"mainEntityOfPage\":{\"@id\":\"https:\/\/resest.com\/es\/blog-es\/primera-puertas-abiertas-residencia-de-estudiantes-2\/\"},\"wordCount\":66,\"publisher\":{\"@id\":\"https:\/\/resest.com\/es\/#organization\"},\"articleSection\":[\"Blog\"],\"inLanguage\":\"es\"},{\"@type\":\"WebPage\",\"@id\":\"https:\/\/resest.com\/es\/blog-es\/primera-puertas-abiertas-residencia-de-estudiantes-2\/\",\"url\":\"https:\/\/resest.com\/es\/blog-es\/primera-puertas-abiertas-residencia-de-estudiantes-2\/\",\"name\":\"Jornada de puertas abiertas en la Residencia de Estudiantes Resest\",\"isPartOf\":{\"@id\":\"https:\/\/resest.com\/es\/#website\"},\"datePublished\":\"2013-03-28T11:31:25+00:00\",\"dateModified\":\"2015-01-19T10:53:14+00:00\",\"description\":\"Te invitamos a visitar la Residencia de Estudiantes en nuestra jornada de puertas abiertas.\",\"breadcrumb\":{\"@id\":\"https:\/\/resest.com\/es\/blog-es\/primera-puertas-abiertas-residencia-de-estudiantes-2\/#breadcrumb\"},\"inLanguage\":\"es\",\"potentialAction\":[{\"@type\":\"ReadAction\",\"target\":[\"https:\/\/resest.com\/es\/blog-es\/primera-puertas-abiertas-residencia-de-estudiantes-2\/\"]}]},{\"@type\":\"BreadcrumbList\",\"@id\":\"https:\/\/resest.com\/es\/blog-es\/primera-puertas-abiertas-residencia-de-estudiantes-2\/#breadcrumb\",\"itemListElement\":[{\"@type\":\"ListItem\",\"position\":1,\"name\":\"Inici\",\"item\":\"https:\/\/resest.com\/es\/\"},{\"@type\":\"ListItem\",\"position\":2,\"name\":\"Jornada de Puertas Abiertas de la Residencia de Estudiantes Resest\"}]},{\"@type\":\"WebSite\",\"@id\":\"https:\/\/resest.com\/es\/#website\",\"url\":\"https:\/\/resest.com\/es\/\",\"name\":\"Resid\u00e8ncia d&#039;Estudiants l&#039;Estaci\u00f3 de Sabadell | Resest\",\"description\":\"Otro sitio realizado con WordPress\",\"publisher\":{\"@id\":\"https:\/\/resest.com\/es\/#organization\"},\"potentialAction\":[{\"@type\":\"SearchAction\",\"target\":{\"@type\":\"EntryPoint\",\"urlTemplate\":\"https:\/\/resest.com\/es\/?s={search_term_string}\"},\"query-input\":{\"@type\":\"PropertyValueSpecification\",\"valueRequired\":true,\"valueName\":\"search_term_string\"}}],\"inLanguage\":\"es\"},{\"@type\":\"Organization\",\"@id\":\"https:\/\/resest.com\/es\/#organization\",\"name\":\"Resid\u00e8ncia d&#039;Estudiants l&#039;Estaci\u00f3 de Sabadell | Resest\",\"url\":\"https:\/\/resest.com\/es\/\",\"logo\":{\"@type\":\"ImageObject\",\"inLanguage\":\"es\",\"@id\":\"https:\/\/resest.com\/es\/#\/schema\/logo\/image\/\",\"url\":\"https:\/\/resest.com\/wp-content\/uploads\/2024\/03\/Facana-1.jpg\",\"contentUrl\":\"https:\/\/resest.com\/wp-content\/uploads\/2024\/03\/Facana-1.jpg\",\"width\":1200,\"height\":1009,\"caption\":\"Resid\u00e8ncia d&#039;Estudiants l&#039;Estaci\u00f3 de Sabadell | Resest\"},\"image\":{\"@id\":\"https:\/\/resest.com\/es\/#\/schema\/logo\/image\/\"}},{\"@type\":\"Person\",\"@id\":\"https:\/\/resest.com\/es\/#\/schema\/person\/f66d2b5dae2cd0a989ab720dd211d2a9\",\"name\":\"Resest\",\"image\":{\"@type\":\"ImageObject\",\"inLanguage\":\"es\",\"@id\":\"https:\/\/resest.com\/es\/#\/schema\/person\/image\/\",\"url\":\"https:\/\/secure.gravatar.com\/avatar\/a5d542eca874617a8a62a45c724821a615f770cf5bde5e61a93a7a2562faba7a?s=96&d=mm&r=g\",\"contentUrl\":\"https:\/\/secure.gravatar.com\/avatar\/a5d542eca874617a8a62a45c724821a615f770cf5bde5e61a93a7a2562faba7a?s=96&d=mm&r=g\",\"caption\":\"Resest\"},\"url\":\"https:\/\/resest.com\/es\/author\/resest\/\"}]}<\/script>\n<!-- \/ Yoast SEO plugin. -->","yoast_head_json":{"title":"Jornada de puertas abiertas en la Residencia de Estudiantes Resest","description":"Te invitamos a visitar la Residencia de Estudiantes en nuestra jornada de puertas abiertas.","robots":{"index":"index","follow":"follow","max-snippet":"max-snippet:-1","max-image-preview":"max-image-preview:large","max-video-preview":"max-video-preview:-1"},"canonical":"https:\/\/resest.com\/es\/blog-es\/primera-puertas-abiertas-residencia-de-estudiantes-2\/","og_locale":"es_ES","og_type":"article","og_title":"Jornada de puertas abiertas en la Residencia de Estudiantes Resest","og_description":"Te invitamos a visitar la Residencia de Estudiantes en nuestra jornada de puertas abiertas.","og_url":"https:\/\/resest.com\/es\/blog-es\/primera-puertas-abiertas-residencia-de-estudiantes-2\/","og_site_name":"Resid\u00e8ncia d&#039;Estudiants l&#039;Estaci\u00f3 de Sabadell | Resest","article_published_time":"2013-03-28T11:31:25+00:00","article_modified_time":"2015-01-19T10:53:14+00:00","author":"Resest","twitter_misc":{"Escrito por":"Resest"},"schema":{"@context":"https:\/\/schema.org","@graph":[{"@type":"Article","@id":"https:\/\/resest.com\/es\/blog-es\/primera-puertas-abiertas-residencia-de-estudiantes-2\/#article","isPartOf":{"@id":"https:\/\/resest.com\/es\/blog-es\/primera-puertas-abiertas-residencia-de-estudiantes-2\/"},"author":{"name":"Resest","@id":"https:\/\/resest.com\/es\/#\/schema\/person\/f66d2b5dae2cd0a989ab720dd211d2a9"},"headline":"Jornada de Puertas Abiertas de la Residencia de Estudiantes Resest","datePublished":"2013-03-28T11:31:25+00:00","dateModified":"2015-01-19T10:53:14+00:00","mainEntityOfPage":{"@id":"https:\/\/resest.com\/es\/blog-es\/primera-puertas-abiertas-residencia-de-estudiantes-2\/"},"wordCount":66,"publisher":{"@id":"https:\/\/resest.com\/es\/#organization"},"articleSection":["Blog"],"inLanguage":"es"},{"@type":"WebPage","@id":"https:\/\/resest.com\/es\/blog-es\/primera-puertas-abiertas-residencia-de-estudiantes-2\/","url":"https:\/\/resest.com\/es\/blog-es\/primera-puertas-abiertas-residencia-de-estudiantes-2\/","name":"Jornada de puertas abiertas en la Residencia de Estudiantes Resest","isPartOf":{"@id":"https:\/\/resest.com\/es\/#website"},"datePublished":"2013-03-28T11:31:25+00:00","dateModified":"2015-01-19T10:53:14+00:00","description":"Te invitamos a visitar la Residencia de Estudiantes en nuestra jornada de puertas abiertas.","breadcrumb":{"@id":"https:\/\/resest.com\/es\/blog-es\/primera-puertas-abiertas-residencia-de-estudiantes-2\/#breadcrumb"},"inLanguage":"es","potentialAction":[{"@type":"ReadAction","target":["https:\/\/resest.com\/es\/blog-es\/primera-puertas-abiertas-residencia-de-estudiantes-2\/"]}]},{"@type":"BreadcrumbList","@id":"https:\/\/resest.com\/es\/blog-es\/primera-puertas-abiertas-residencia-de-estudiantes-2\/#breadcrumb","itemListElement":[{"@type":"ListItem","position":1,"name":"Inici","item":"https:\/\/resest.com\/es\/"},{"@type":"ListItem","position":2,"name":"Jornada de Puertas Abiertas de la Residencia de Estudiantes Resest"}]},{"@type":"WebSite","@id":"https:\/\/resest.com\/es\/#website","url":"https:\/\/resest.com\/es\/","name":"Resid\u00e8ncia d&#039;Estudiants l&#039;Estaci\u00f3 de Sabadell | Resest","description":"Otro sitio realizado con WordPress","publisher":{"@id":"https:\/\/resest.com\/es\/#organization"},"potentialAction":[{"@type":"SearchAction","target":{"@type":"EntryPoint","urlTemplate":"https:\/\/resest.com\/es\/?s={search_term_string}"},"query-input":{"@type":"PropertyValueSpecification","valueRequired":true,"valueName":"search_term_string"}}],"inLanguage":"es"},{"@type":"Organization","@id":"https:\/\/resest.com\/es\/#organization","name":"Resid\u00e8ncia d&#039;Estudiants l&#039;Estaci\u00f3 de Sabadell | Resest","url":"https:\/\/resest.com\/es\/","logo":{"@type":"ImageObject","inLanguage":"es","@id":"https:\/\/resest.com\/es\/#\/schema\/logo\/image\/","url":"https:\/\/resest.com\/wp-content\/uploads\/2024\/03\/Facana-1.jpg","contentUrl":"https:\/\/resest.com\/wp-content\/uploads\/2024\/03\/Facana-1.jpg","width":1200,"height":1009,"caption":"Resid\u00e8ncia d&#039;Estudiants l&#039;Estaci\u00f3 de Sabadell | Resest"},"image":{"@id":"https:\/\/resest.com\/es\/#\/schema\/logo\/image\/"}},{"@type":"Person","@id":"https:\/\/resest.com\/es\/#\/schema\/person\/f66d2b5dae2cd0a989ab720dd211d2a9","name":"Resest","image":{"@type":"ImageObject","inLanguage":"es","@id":"https:\/\/resest.com\/es\/#\/schema\/person\/image\/","url":"https:\/\/secure.gravatar.com\/avatar\/a5d542eca874617a8a62a45c724821a615f770cf5bde5e61a93a7a2562faba7a?s=96&d=mm&r=g","contentUrl":"https:\/\/secure.gravatar.com\/avatar\/a5d542eca874617a8a62a45c724821a615f770cf5bde5e61a93a7a2562faba7a?s=96&d=mm&r=g","caption":"Resest"},"url":"https:\/\/resest.com\/es\/author\/resest\/"}]}},"_links":{"self":[{"href":"https:\/\/resest.com\/es\/wp-json\/wp\/v2\/posts\/2184","targetHints":{"allow":["GET"]}}],"collection":[{"href":"https:\/\/resest.com\/es\/wp-json\/wp\/v2\/posts"}],"about":[{"href":"https:\/\/resest.com\/es\/wp-json\/wp\/v2\/types\/post"}],"author":[{"embeddable":true,"href":"https:\/\/resest.com\/es\/wp-json\/wp\/v2\/users\/3"}],"replies":[{"embeddable":true,"href":"https:\/\/resest.com\/es\/wp-json\/wp\/v2\/comments?post=2184"}],"version-history":[{"count":0,"href":"https:\/\/resest.com\/es\/wp-json\/wp\/v2\/posts\/2184\/revisions"}],"wp:attachment":[{"href":"https:\/\/resest.com\/es\/wp-json\/wp\/v2\/media?parent=2184"}],"wp:term":[{"taxonomy":"category","embeddable":true,"href":"https:\/\/resest.com\/es\/wp-json\/wp\/v2\/categories?post=2184"},{"taxonomy":"post_tag","embeddable":true,"href":"https:\/\/resest.com\/es\/wp-json\/wp\/v2\/tags?post=2184"}],"curies":[{"name":"wp","href":"https:\/\/api.w.org\/{rel}","templated":true}]}}