{"id":2183,"date":"2013-03-26T11:22:15","date_gmt":"2013-03-26T10:22:15","guid":{"rendered":"http:\/\/www.resest.com\/?p=1143"},"modified":"2015-01-19T11:57:08","modified_gmt":"2015-01-19T10:57:08","slug":"periodo-inscripcio-residencia-estudiantes-2013-2014-3","status":"publish","type":"post","link":"https:\/\/resest.com\/es\/blog-es\/periodo-inscripcio-residencia-estudiantes-2013-2014-3\/","title":{"rendered":"Ya est\u00e1 abierto el periodo de inscripciones en la Residencia estudiantil para el curso 2013-2014"},"content":{"rendered":"<p>La Residencia de estudiantes la Estaci\u00f3 de Sabadell ya ha <strong>abierto el periodo de inscripciones<\/strong> para el nuevo curso 2013-2014. Pod\u00e9is realizar la inscripci\u00f3n en la residencia haciendo clic\u00a0<strong><a title=\"Sol\u00b7licitud de pla\u00e7a\" href=\"https:\/\/resest.com\/sol\u00b7licitud-de-placa\/\">aqu\u00ed<\/a>.<\/strong><\/p>\n<p>Tambi\u00e9n pod\u00e9is encontrar toda la informaci\u00f3n sobre les Servicios que realizamos en el siguiente\u00a0<strong><a title=\"Serveis de la resid\u00e8ncia\" href=\"https:\/\/resest.com\/serveis\/\">enlace<\/a>.<\/strong><\/p>\n<p>Finalmente tambi\u00e9n queremos comentaros que podemos <strong>resolver todas las consultas<\/strong> si contact\u00e1is con nosotros al tel\u00e9fono (0034) 93.726.13.48 o rellen\u00e1is en formulario de\u00a0<strong><a title=\"Contactar\" href=\"https:\/\/resest.com\/contactar\/\">contacto<\/a>.<\/strong><\/p>\n","protected":false},"excerpt":{"rendered":"<p>La Residencia de estudiantes la Estaci\u00f3 de Sabadell ya ha abierto el periodo de inscripciones para el nuevo curso 2013-2014. Pod\u00e9is realizar la inscripci\u00f3n en la residencia haciendo clic\u00a0aqu\u00ed. Tambi\u00e9n pod\u00e9is encontrar toda la informaci\u00f3n sobre les Servicios que realizamos en el siguiente\u00a0enlace. Finalmente tambi\u00e9n queremos comentaros que podemos resolver todas las consultas si contact\u00e1is&hellip;<\/p>\n","protected":false},"author":3,"featured_media":0,"comment_status":"closed","ping_status":"open","sticky":false,"template":"","format":"standard","meta":{"footnotes":""},"categories":[1],"tags":[15,16],"class_list":["post-2183","post","type-post","status-publish","format-standard","hentry","category-blog-es","tag-inscrpciones-residencia-estudiantes-es","tag-residencia-estudiantes-es","entry","no-media"],"yoast_head":"<!-- This site is optimized with the Yoast SEO plugin v26.4 - https:\/\/yoast.com\/wordpress\/plugins\/seo\/ -->\n<title>Ya esta abierto el per\u00edodo de inscripciones de la residencia de Estudiantes<\/title>\n<meta name=\"description\" content=\"Ya puedes informarte del periodo de inscripciones de la residencia de Estudiantes la estaci\u00f3 de Sabadell. Ubicada cerca de la UAB y bien comunicada con Barcelona.\" \/>\n<meta name=\"robots\" content=\"index, follow, max-snippet:-1, max-image-preview:large, max-video-preview:-1\" \/>\n<link rel=\"canonical\" href=\"https:\/\/resest.com\/es\/blog-es\/periodo-inscripcio-residencia-estudiantes-2013-2014-3\/\" \/>\n<meta property=\"og:locale\" content=\"es_ES\" \/>\n<meta property=\"og:type\" content=\"article\" \/>\n<meta property=\"og:title\" content=\"Ya esta abierto el per\u00edodo de inscripciones de la residencia de Estudiantes\" \/>\n<meta property=\"og:description\" content=\"Ya puedes informarte del periodo de inscripciones de la residencia de Estudiantes la estaci\u00f3 de Sabadell. Ubicada cerca de la UAB y bien comunicada con Barcelona.\" \/>\n<meta property=\"og:url\" content=\"https:\/\/resest.com\/es\/blog-es\/periodo-inscripcio-residencia-estudiantes-2013-2014-3\/\" \/>\n<meta property=\"og:site_name\" content=\"Resid\u00e8ncia d&#039;Estudiants l&#039;Estaci\u00f3 de Sabadell | Resest\" \/>\n<meta property=\"article:published_time\" content=\"2013-03-26T10:22:15+00:00\" \/>\n<meta property=\"article:modified_time\" content=\"2015-01-19T10:57:08+00:00\" \/>\n<meta name=\"author\" content=\"Resest\" \/>\n<meta name=\"twitter:label1\" content=\"Escrito por\" \/>\n\t<meta name=\"twitter:data1\" content=\"Resest\" \/>\n<script type=\"application\/ld+json\" class=\"yoast-schema-graph\">{\"@context\":\"https:\/\/schema.org\",\"@graph\":[{\"@type\":\"Article\",\"@id\":\"https:\/\/resest.com\/es\/blog-es\/periodo-inscripcio-residencia-estudiantes-2013-2014-3\/#article\",\"isPartOf\":{\"@id\":\"https:\/\/resest.com\/es\/blog-es\/periodo-inscripcio-residencia-estudiantes-2013-2014-3\/\"},\"author\":{\"name\":\"Resest\",\"@id\":\"https:\/\/resest.com\/es\/#\/schema\/person\/f66d2b5dae2cd0a989ab720dd211d2a9\"},\"headline\":\"Ya est\u00e1 abierto el periodo de inscripciones en la Residencia estudiantil para el curso 2013-2014\",\"datePublished\":\"2013-03-26T10:22:15+00:00\",\"dateModified\":\"2015-01-19T10:57:08+00:00\",\"mainEntityOfPage\":{\"@id\":\"https:\/\/resest.com\/es\/blog-es\/periodo-inscripcio-residencia-estudiantes-2013-2014-3\/\"},\"wordCount\":91,\"publisher\":{\"@id\":\"https:\/\/resest.com\/es\/#organization\"},\"keywords\":[\"inscrpciones residencia estudiantes\",\"residencia estudiantes\"],\"articleSection\":[\"Blog\"],\"inLanguage\":\"es\"},{\"@type\":\"WebPage\",\"@id\":\"https:\/\/resest.com\/es\/blog-es\/periodo-inscripcio-residencia-estudiantes-2013-2014-3\/\",\"url\":\"https:\/\/resest.com\/es\/blog-es\/periodo-inscripcio-residencia-estudiantes-2013-2014-3\/\",\"name\":\"Ya esta abierto el per\u00edodo de inscripciones de la residencia de Estudiantes\",\"isPartOf\":{\"@id\":\"https:\/\/resest.com\/es\/#website\"},\"datePublished\":\"2013-03-26T10:22:15+00:00\",\"dateModified\":\"2015-01-19T10:57:08+00:00\",\"description\":\"Ya puedes informarte del periodo de inscripciones de la residencia de Estudiantes la estaci\u00f3 de Sabadell. Ubicada cerca de la UAB y bien comunicada con Barcelona.\",\"breadcrumb\":{\"@id\":\"https:\/\/resest.com\/es\/blog-es\/periodo-inscripcio-residencia-estudiantes-2013-2014-3\/#breadcrumb\"},\"inLanguage\":\"es\",\"potentialAction\":[{\"@type\":\"ReadAction\",\"target\":[\"https:\/\/resest.com\/es\/blog-es\/periodo-inscripcio-residencia-estudiantes-2013-2014-3\/\"]}]},{\"@type\":\"BreadcrumbList\",\"@id\":\"https:\/\/resest.com\/es\/blog-es\/periodo-inscripcio-residencia-estudiantes-2013-2014-3\/#breadcrumb\",\"itemListElement\":[{\"@type\":\"ListItem\",\"position\":1,\"name\":\"Inici\",\"item\":\"https:\/\/resest.com\/es\/\"},{\"@type\":\"ListItem\",\"position\":2,\"name\":\"Ya est\u00e1 abierto el periodo de inscripciones en la Residencia estudiantil para el curso 2013-2014\"}]},{\"@type\":\"WebSite\",\"@id\":\"https:\/\/resest.com\/es\/#website\",\"url\":\"https:\/\/resest.com\/es\/\",\"name\":\"Resid\u00e8ncia d&#039;Estudiants l&#039;Estaci\u00f3 de Sabadell | Resest\",\"description\":\"Otro sitio realizado con WordPress\",\"publisher\":{\"@id\":\"https:\/\/resest.com\/es\/#organization\"},\"potentialAction\":[{\"@type\":\"SearchAction\",\"target\":{\"@type\":\"EntryPoint\",\"urlTemplate\":\"https:\/\/resest.com\/es\/?s={search_term_string}\"},\"query-input\":{\"@type\":\"PropertyValueSpecification\",\"valueRequired\":true,\"valueName\":\"search_term_string\"}}],\"inLanguage\":\"es\"},{\"@type\":\"Organization\",\"@id\":\"https:\/\/resest.com\/es\/#organization\",\"name\":\"Resid\u00e8ncia d&#039;Estudiants l&#039;Estaci\u00f3 de Sabadell | Resest\",\"url\":\"https:\/\/resest.com\/es\/\",\"logo\":{\"@type\":\"ImageObject\",\"inLanguage\":\"es\",\"@id\":\"https:\/\/resest.com\/es\/#\/schema\/logo\/image\/\",\"url\":\"https:\/\/resest.com\/wp-content\/uploads\/2024\/03\/Facana-1.jpg\",\"contentUrl\":\"https:\/\/resest.com\/wp-content\/uploads\/2024\/03\/Facana-1.jpg\",\"width\":1200,\"height\":1009,\"caption\":\"Resid\u00e8ncia d&#039;Estudiants l&#039;Estaci\u00f3 de Sabadell | Resest\"},\"image\":{\"@id\":\"https:\/\/resest.com\/es\/#\/schema\/logo\/image\/\"}},{\"@type\":\"Person\",\"@id\":\"https:\/\/resest.com\/es\/#\/schema\/person\/f66d2b5dae2cd0a989ab720dd211d2a9\",\"name\":\"Resest\",\"image\":{\"@type\":\"ImageObject\",\"inLanguage\":\"es\",\"@id\":\"https:\/\/resest.com\/es\/#\/schema\/person\/image\/\",\"url\":\"https:\/\/secure.gravatar.com\/avatar\/a5d542eca874617a8a62a45c724821a615f770cf5bde5e61a93a7a2562faba7a?s=96&d=mm&r=g\",\"contentUrl\":\"https:\/\/secure.gravatar.com\/avatar\/a5d542eca874617a8a62a45c724821a615f770cf5bde5e61a93a7a2562faba7a?s=96&d=mm&r=g\",\"caption\":\"Resest\"},\"url\":\"https:\/\/resest.com\/es\/author\/resest\/\"}]}<\/script>\n<!-- \/ Yoast SEO plugin. -->","yoast_head_json":{"title":"Ya esta abierto el per\u00edodo de inscripciones de la residencia de Estudiantes","description":"Ya puedes informarte del periodo de inscripciones de la residencia de Estudiantes la estaci\u00f3 de Sabadell. Ubicada cerca de la UAB y bien comunicada con Barcelona.","robots":{"index":"index","follow":"follow","max-snippet":"max-snippet:-1","max-image-preview":"max-image-preview:large","max-video-preview":"max-video-preview:-1"},"canonical":"https:\/\/resest.com\/es\/blog-es\/periodo-inscripcio-residencia-estudiantes-2013-2014-3\/","og_locale":"es_ES","og_type":"article","og_title":"Ya esta abierto el per\u00edodo de inscripciones de la residencia de Estudiantes","og_description":"Ya puedes informarte del periodo de inscripciones de la residencia de Estudiantes la estaci\u00f3 de Sabadell. Ubicada cerca de la UAB y bien comunicada con Barcelona.","og_url":"https:\/\/resest.com\/es\/blog-es\/periodo-inscripcio-residencia-estudiantes-2013-2014-3\/","og_site_name":"Resid\u00e8ncia d&#039;Estudiants l&#039;Estaci\u00f3 de Sabadell | Resest","article_published_time":"2013-03-26T10:22:15+00:00","article_modified_time":"2015-01-19T10:57:08+00:00","author":"Resest","twitter_misc":{"Escrito por":"Resest"},"schema":{"@context":"https:\/\/schema.org","@graph":[{"@type":"Article","@id":"https:\/\/resest.com\/es\/blog-es\/periodo-inscripcio-residencia-estudiantes-2013-2014-3\/#article","isPartOf":{"@id":"https:\/\/resest.com\/es\/blog-es\/periodo-inscripcio-residencia-estudiantes-2013-2014-3\/"},"author":{"name":"Resest","@id":"https:\/\/resest.com\/es\/#\/schema\/person\/f66d2b5dae2cd0a989ab720dd211d2a9"},"headline":"Ya est\u00e1 abierto el periodo de inscripciones en la Residencia estudiantil para el curso 2013-2014","datePublished":"2013-03-26T10:22:15+00:00","dateModified":"2015-01-19T10:57:08+00:00","mainEntityOfPage":{"@id":"https:\/\/resest.com\/es\/blog-es\/periodo-inscripcio-residencia-estudiantes-2013-2014-3\/"},"wordCount":91,"publisher":{"@id":"https:\/\/resest.com\/es\/#organization"},"keywords":["inscrpciones residencia estudiantes","residencia estudiantes"],"articleSection":["Blog"],"inLanguage":"es"},{"@type":"WebPage","@id":"https:\/\/resest.com\/es\/blog-es\/periodo-inscripcio-residencia-estudiantes-2013-2014-3\/","url":"https:\/\/resest.com\/es\/blog-es\/periodo-inscripcio-residencia-estudiantes-2013-2014-3\/","name":"Ya esta abierto el per\u00edodo de inscripciones de la residencia de Estudiantes","isPartOf":{"@id":"https:\/\/resest.com\/es\/#website"},"datePublished":"2013-03-26T10:22:15+00:00","dateModified":"2015-01-19T10:57:08+00:00","description":"Ya puedes informarte del periodo de inscripciones de la residencia de Estudiantes la estaci\u00f3 de Sabadell. Ubicada cerca de la UAB y bien comunicada con Barcelona.","breadcrumb":{"@id":"https:\/\/resest.com\/es\/blog-es\/periodo-inscripcio-residencia-estudiantes-2013-2014-3\/#breadcrumb"},"inLanguage":"es","potentialAction":[{"@type":"ReadAction","target":["https:\/\/resest.com\/es\/blog-es\/periodo-inscripcio-residencia-estudiantes-2013-2014-3\/"]}]},{"@type":"BreadcrumbList","@id":"https:\/\/resest.com\/es\/blog-es\/periodo-inscripcio-residencia-estudiantes-2013-2014-3\/#breadcrumb","itemListElement":[{"@type":"ListItem","position":1,"name":"Inici","item":"https:\/\/resest.com\/es\/"},{"@type":"ListItem","position":2,"name":"Ya est\u00e1 abierto el periodo de inscripciones en la Residencia estudiantil para el curso 2013-2014"}]},{"@type":"WebSite","@id":"https:\/\/resest.com\/es\/#website","url":"https:\/\/resest.com\/es\/","name":"Resid\u00e8ncia d&#039;Estudiants l&#039;Estaci\u00f3 de Sabadell | Resest","description":"Otro sitio realizado con WordPress","publisher":{"@id":"https:\/\/resest.com\/es\/#organization"},"potentialAction":[{"@type":"SearchAction","target":{"@type":"EntryPoint","urlTemplate":"https:\/\/resest.com\/es\/?s={search_term_string}"},"query-input":{"@type":"PropertyValueSpecification","valueRequired":true,"valueName":"search_term_string"}}],"inLanguage":"es"},{"@type":"Organization","@id":"https:\/\/resest.com\/es\/#organization","name":"Resid\u00e8ncia d&#039;Estudiants l&#039;Estaci\u00f3 de Sabadell | Resest","url":"https:\/\/resest.com\/es\/","logo":{"@type":"ImageObject","inLanguage":"es","@id":"https:\/\/resest.com\/es\/#\/schema\/logo\/image\/","url":"https:\/\/resest.com\/wp-content\/uploads\/2024\/03\/Facana-1.jpg","contentUrl":"https:\/\/resest.com\/wp-content\/uploads\/2024\/03\/Facana-1.jpg","width":1200,"height":1009,"caption":"Resid\u00e8ncia d&#039;Estudiants l&#039;Estaci\u00f3 de Sabadell | Resest"},"image":{"@id":"https:\/\/resest.com\/es\/#\/schema\/logo\/image\/"}},{"@type":"Person","@id":"https:\/\/resest.com\/es\/#\/schema\/person\/f66d2b5dae2cd0a989ab720dd211d2a9","name":"Resest","image":{"@type":"ImageObject","inLanguage":"es","@id":"https:\/\/resest.com\/es\/#\/schema\/person\/image\/","url":"https:\/\/secure.gravatar.com\/avatar\/a5d542eca874617a8a62a45c724821a615f770cf5bde5e61a93a7a2562faba7a?s=96&d=mm&r=g","contentUrl":"https:\/\/secure.gravatar.com\/avatar\/a5d542eca874617a8a62a45c724821a615f770cf5bde5e61a93a7a2562faba7a?s=96&d=mm&r=g","caption":"Resest"},"url":"https:\/\/resest.com\/es\/author\/resest\/"}]}},"_links":{"self":[{"href":"https:\/\/resest.com\/es\/wp-json\/wp\/v2\/posts\/2183","targetHints":{"allow":["GET"]}}],"collection":[{"href":"https:\/\/resest.com\/es\/wp-json\/wp\/v2\/posts"}],"about":[{"href":"https:\/\/resest.com\/es\/wp-json\/wp\/v2\/types\/post"}],"author":[{"embeddable":true,"href":"https:\/\/resest.com\/es\/wp-json\/wp\/v2\/users\/3"}],"replies":[{"embeddable":true,"href":"https:\/\/resest.com\/es\/wp-json\/wp\/v2\/comments?post=2183"}],"version-history":[{"count":0,"href":"https:\/\/resest.com\/es\/wp-json\/wp\/v2\/posts\/2183\/revisions"}],"wp:attachment":[{"href":"https:\/\/resest.com\/es\/wp-json\/wp\/v2\/media?parent=2183"}],"wp:term":[{"taxonomy":"category","embeddable":true,"href":"https:\/\/resest.com\/es\/wp-json\/wp\/v2\/categories?post=2183"},{"taxonomy":"post_tag","embeddable":true,"href":"https:\/\/resest.com\/es\/wp-json\/wp\/v2\/tags?post=2183"}],"curies":[{"name":"wp","href":"https:\/\/api.w.org\/{rel}","templated":true}]}}