{"id":12402,"date":"2026-04-15T16:05:44","date_gmt":"2026-04-15T14:05:44","guid":{"rendered":"https:\/\/resest.com\/?p=12402"},"modified":"2026-04-27T16:09:42","modified_gmt":"2026-04-27T14:09:42","slug":"residencia-universitaria-sabadell","status":"publish","type":"post","link":"https:\/\/resest.com\/es\/para-que-resest\/residencia-universitaria-sabadell\/","title":{"rendered":"Residencia universitaria en Sabadell RESEST: Vivir cerca, c\u00f3modo y sin preocupaciones"},"content":{"rendered":"\n<p>Encontrar la mejor <strong>residencia universitaria en Sabadell<\/strong> no es s\u00f3lo cuesti\u00f3n de buscar un lugar donde dormir; es buscar un hogar que te facilite la vida acad\u00e9mica. Si estudias en la <strong>UAB (Universidad Aut\u00f3noma de Barcelona)<\/strong> o en centros universitarios de Barcelona, Sabadell se ha convertido en la opci\u00f3n preferida por su excelente conexi\u00f3n y calidad de vida.<\/p>\n\n\n\n<h2 class=\"wp-block-heading\">\u00bfPor qu\u00e9 escoger una residencia universitaria en Sabadell?<\/h2>\n\n\n\n<p>Sabadell ofrece el equilibrio perfecto: la energ\u00eda de una ciudad con todos los servicios y la tranquilidad necesaria para las \u00e9pocas de ex\u00e1menes. En <strong>RESEST<\/strong>, hemos dise\u00f1ado un espacio donde el confort y la log\u00edstica est\u00e1n resueltos desde el primer d\u00eda.<\/p>\n\n\n\n<h3 class=\"wp-block-heading\">1. Ubicaci\u00f3n estrat\u00e9gica: A un paso de la UAB y Barcelona<\/h3>\n\n\n\n<p>Nuestra ubicaci\u00f3n es nuestro punto fuerte. Somos la <strong>residencia universitaria en Sabadell<\/strong> ideal para quien busca proximidad:<\/p>\n\n\n\n<ul class=\"wp-block-list\">\n<li><strong>Conexi\u00f3n directa:<\/strong> Estamos situados al lado de las estaciones de tren, lo que te permite llegar al campus de Solivella en pocos minutos.<\/li>\n\n\n\n<li><strong>Ahorro de tiempo:<\/strong> Menos tiempo en el transporte significa m\u00e1s tiempo para estudiar, descansar o disfrutar con los amigos.<\/li>\n\n\n\n<li>Puedes conocer m\u00e1s sobre nuestro entorno en <a href=\"https:\/\/resest.com\/es\/la-residencia-de-estudiantes-en-sabadell-barcelona\/\" target=\"_blank\" rel=\"noreferrer noopener\">la residencia de estudiantes en Sabadell-Barcelona-Bellaterra<\/a>.<\/li>\n<\/ul>\n\n\n\n<h3 class=\"wp-block-heading\">2. Habitaciones dise\u00f1adas para compartir y disfrutar<\/h3>\n\n\n\n<p>En nuestra residencia apostamos por un modelo de convivencia enriquecedor. Por ello, disponemos de habitaciones espaciosas y totalmente equipadas, <strong>dise\u00f1adas espec\u00edficamente para que dos estudiantes compartan su d\u00eda a d\u00eda con total comodidad.<\/strong><\/p>\n\n\n\n<p>Sabemos que la privacidad es importante, por eso cada detalle est\u00e1 pensado para mantener tu propio espacio:<\/p>\n\n\n\n<ul class=\"wp-block-list\">\n<li><strong>Zona de estudio individual: <\/strong>Cada uno dispone de su propia mesa para concentrarse sin distracciones.<\/li>\n\n\n\n<li><strong>Mueble separador:<\/strong> Un elemento clave que organiza la estancia y ayuda a mantener la intimidad de cada cama.<\/li>\n\n\n\n<li><strong>Equipamiento pr\u00e1ctico: <\/strong>Incluye una <strong>mini nevera <\/strong>propia en la habitaci\u00f3n para tener lo que necesites siempre a mano y en fr\u00edo.<\/li>\n\n\n\n<li><strong>Almacenamiento y confort:<\/strong> Un armario amplio y un ba\u00f1o generoso para facilitar la organizaci\u00f3n diaria.<\/li>\n<\/ul>\n\n\n\n<p>Haz un golpe de ojo en nuestras <a href=\"https:\/\/resest.com\/es\/las-habitaciones-de-la-residencia-estudiantil-en-sabadell\/\" target=\"_blank\" rel=\"noreferrer noopener\">habitaciones en residencia estudiantil en Sabadell<\/a> y descubre c\u00f3mo es f\u00e1cil vivir acompa\u00f1ado manteniendo tu propio ritmo.<\/p>\n\n\n\n<h2 class=\"wp-block-heading\">Vivir sin preocupaciones: Todo incluido<\/h2>\n\n\n\n<p>La filosof\u00eda de RESEST es que t\u00fa solo te tengas que preocupar de estudiar. Por eso, cuando buscas una <strong>residencia universitaria en Sabadell<\/strong>, es vital que compares no s\u00f3lo el precio, sino el que te ofrecen por \u00e9l. En nuestra residencia, los gastos est\u00e1n controlados:<\/p>\n\n\n\n<ul class=\"wp-block-list\">\n<li><strong>Wi-Fi de alta velocidad<\/strong> en todo el edificio.<\/li>\n\n\n\n<li><strong>Limpieza y mantenimiento<\/strong> incluido.<\/li>\n\n\n\n<li><strong>Suministros<\/strong> (agua, luz y gas) sin facturas extras a final de mes.<\/li>\n\n\n\n<li>Media pensi\u00f3n o pensi\u00f3n completa: desayuno buffet y comidas cocinadas por nuestro chef.<\/li>\n<\/ul>\n\n\n\n<p>Si quieres ver el detalle de c\u00f3mo optimizamos tu presupuesto, consulta nuestras <a href=\"https:\/\/resest.com\/es\/tarifas-residencia-para-estudiantes-en-barcelona-bellaterra\/\" target=\"_blank\" rel=\"noreferrer noopener\">tarifas de residencia para estudiantes en Barcelona y Solivella<\/a>.<\/p>\n\n\n\n<p>Escoger tu <strong>residencia universitaria <\/strong>adecuada marcar\u00e1 la diferencia en tu experiencia en la universidad. En RESEST te ofrecemos la libertad de un apartamento con los servicios y la comunidad de una residencia de estudiantes.<\/p>\n","protected":false},"excerpt":{"rendered":"<p>Encontrar la mejor residencia universitaria en Sabadell no es s\u00f3lo cuesti\u00f3n de buscar un lugar donde dormir; es buscar un hogar que te facilite la vida acad\u00e9mica. Si estudias en la UAB (Universidad Aut\u00f3noma de Barcelona) o en centros universitarios de Barcelona, Sabadell se ha convertido en la opci\u00f3n preferida por su excelente conexi\u00f3n y&hellip;<\/p>\n","protected":false},"author":1,"featured_media":12381,"comment_status":"open","ping_status":"open","sticky":false,"template":"","format":"standard","meta":{"footnotes":""},"categories":[56],"tags":[],"class_list":["post-12402","post","type-post","status-publish","format-standard","has-post-thumbnail","hentry","category-para-que-resest","entry","has-media"],"yoast_head":"<!-- This site is optimized with the Yoast SEO plugin v26.4 - https:\/\/yoast.com\/wordpress\/plugins\/seo\/ -->\n<title>Residencia Universitaria en Sabadell | RESEST<\/title>\n<meta name=\"description\" content=\"\u00bfBuscas una residencia universitaria en Sabadell? En RESEST te ofrecemos habitaciones c\u00f3modas, todo incluido. \u00a1Ven a vernos!\" \/>\n<meta name=\"robots\" content=\"index, follow, max-snippet:-1, max-image-preview:large, max-video-preview:-1\" \/>\n<link rel=\"canonical\" href=\"https:\/\/resest.com\/es\/para-que-resest\/residencia-universitaria-sabadell\/\" \/>\n<meta property=\"og:locale\" content=\"es_ES\" \/>\n<meta property=\"og:type\" content=\"article\" \/>\n<meta property=\"og:title\" content=\"Residencia Universitaria en Sabadell | RESEST\" \/>\n<meta property=\"og:description\" content=\"\u00bfBuscas una residencia universitaria en Sabadell? En RESEST te ofrecemos habitaciones c\u00f3modas, todo incluido. \u00a1Ven a vernos!\" \/>\n<meta property=\"og:url\" content=\"https:\/\/resest.com\/es\/para-que-resest\/residencia-universitaria-sabadell\/\" \/>\n<meta property=\"og:site_name\" content=\"Resid\u00e8ncia d&#039;Estudiants l&#039;Estaci\u00f3 de Sabadell | Resest\" \/>\n<meta property=\"article:published_time\" content=\"2026-04-15T14:05:44+00:00\" \/>\n<meta property=\"article:modified_time\" content=\"2026-04-27T14:09:42+00:00\" \/>\n<meta property=\"og:image\" content=\"https:\/\/resest.com\/wp-content\/uploads\/2026\/03\/ResiEstudiants-37.jpg\" \/>\n\t<meta property=\"og:image:width\" content=\"1200\" \/>\n\t<meta property=\"og:image:height\" content=\"801\" \/>\n\t<meta property=\"og:image:type\" content=\"image\/jpeg\" \/>\n<meta name=\"author\" content=\"Resest\" \/>\n<meta name=\"twitter:label1\" content=\"Escrito por\" \/>\n\t<meta name=\"twitter:data1\" content=\"Resest\" \/>\n\t<meta name=\"twitter:label2\" content=\"Tiempo de lectura\" \/>\n\t<meta name=\"twitter:data2\" content=\"3 minutos\" \/>\n<script type=\"application\/ld+json\" class=\"yoast-schema-graph\">{\"@context\":\"https:\/\/schema.org\",\"@graph\":[{\"@type\":\"Article\",\"@id\":\"https:\/\/resest.com\/es\/para-que-resest\/residencia-universitaria-sabadell\/#article\",\"isPartOf\":{\"@id\":\"https:\/\/resest.com\/es\/para-que-resest\/residencia-universitaria-sabadell\/\"},\"author\":{\"name\":\"Resest\",\"@id\":\"https:\/\/resest.com\/es\/#\/schema\/person\/d9965768ae08730dafc3a7c835fcc47c\"},\"headline\":\"Residencia universitaria en Sabadell RESEST: Vivir cerca, c\u00f3modo y sin preocupaciones\",\"datePublished\":\"2026-04-15T14:05:44+00:00\",\"dateModified\":\"2026-04-27T14:09:42+00:00\",\"mainEntityOfPage\":{\"@id\":\"https:\/\/resest.com\/es\/para-que-resest\/residencia-universitaria-sabadell\/\"},\"wordCount\":529,\"commentCount\":0,\"publisher\":{\"@id\":\"https:\/\/resest.com\/es\/#organization\"},\"image\":{\"@id\":\"https:\/\/resest.com\/es\/para-que-resest\/residencia-universitaria-sabadell\/#primaryimage\"},\"thumbnailUrl\":\"https:\/\/resest.com\/wp-content\/uploads\/2026\/03\/ResiEstudiants-37.jpg\",\"articleSection\":[\"\u00bfPor qu\u00e9 Resest?\"],\"inLanguage\":\"es\",\"potentialAction\":[{\"@type\":\"CommentAction\",\"name\":\"Comment\",\"target\":[\"https:\/\/resest.com\/es\/para-que-resest\/residencia-universitaria-sabadell\/#respond\"]}]},{\"@type\":\"WebPage\",\"@id\":\"https:\/\/resest.com\/es\/para-que-resest\/residencia-universitaria-sabadell\/\",\"url\":\"https:\/\/resest.com\/es\/para-que-resest\/residencia-universitaria-sabadell\/\",\"name\":\"Residencia Universitaria en Sabadell | RESEST\",\"isPartOf\":{\"@id\":\"https:\/\/resest.com\/es\/#website\"},\"primaryImageOfPage\":{\"@id\":\"https:\/\/resest.com\/es\/para-que-resest\/residencia-universitaria-sabadell\/#primaryimage\"},\"image\":{\"@id\":\"https:\/\/resest.com\/es\/para-que-resest\/residencia-universitaria-sabadell\/#primaryimage\"},\"thumbnailUrl\":\"https:\/\/resest.com\/wp-content\/uploads\/2026\/03\/ResiEstudiants-37.jpg\",\"datePublished\":\"2026-04-15T14:05:44+00:00\",\"dateModified\":\"2026-04-27T14:09:42+00:00\",\"description\":\"\u00bfBuscas una residencia universitaria en Sabadell? En RESEST te ofrecemos habitaciones c\u00f3modas, todo incluido. \u00a1Ven a vernos!\",\"breadcrumb\":{\"@id\":\"https:\/\/resest.com\/es\/para-que-resest\/residencia-universitaria-sabadell\/#breadcrumb\"},\"inLanguage\":\"es\",\"potentialAction\":[{\"@type\":\"ReadAction\",\"target\":[\"https:\/\/resest.com\/es\/para-que-resest\/residencia-universitaria-sabadell\/\"]}]},{\"@type\":\"ImageObject\",\"inLanguage\":\"es\",\"@id\":\"https:\/\/resest.com\/es\/para-que-resest\/residencia-universitaria-sabadell\/#primaryimage\",\"url\":\"https:\/\/resest.com\/wp-content\/uploads\/2026\/03\/ResiEstudiants-37.jpg\",\"contentUrl\":\"https:\/\/resest.com\/wp-content\/uploads\/2026\/03\/ResiEstudiants-37.jpg\",\"width\":1200,\"height\":801,\"caption\":\"Residencia Universitaria en Sabadell\"},{\"@type\":\"BreadcrumbList\",\"@id\":\"https:\/\/resest.com\/es\/para-que-resest\/residencia-universitaria-sabadell\/#breadcrumb\",\"itemListElement\":[{\"@type\":\"ListItem\",\"position\":1,\"name\":\"Inici\",\"item\":\"https:\/\/resest.com\/es\/\"},{\"@type\":\"ListItem\",\"position\":2,\"name\":\"Residencia universitaria en Sabadell RESEST: Vivir cerca, c\u00f3modo y sin preocupaciones\"}]},{\"@type\":\"WebSite\",\"@id\":\"https:\/\/resest.com\/es\/#website\",\"url\":\"https:\/\/resest.com\/es\/\",\"name\":\"Resid\u00e8ncia d&#039;Estudiants l&#039;Estaci\u00f3 de Sabadell | Resest\",\"description\":\"Otro sitio realizado con WordPress\",\"publisher\":{\"@id\":\"https:\/\/resest.com\/es\/#organization\"},\"potentialAction\":[{\"@type\":\"SearchAction\",\"target\":{\"@type\":\"EntryPoint\",\"urlTemplate\":\"https:\/\/resest.com\/es\/?s={search_term_string}\"},\"query-input\":{\"@type\":\"PropertyValueSpecification\",\"valueRequired\":true,\"valueName\":\"search_term_string\"}}],\"inLanguage\":\"es\"},{\"@type\":\"Organization\",\"@id\":\"https:\/\/resest.com\/es\/#organization\",\"name\":\"Resid\u00e8ncia d&#039;Estudiants l&#039;Estaci\u00f3 de Sabadell | Resest\",\"url\":\"https:\/\/resest.com\/es\/\",\"logo\":{\"@type\":\"ImageObject\",\"inLanguage\":\"es\",\"@id\":\"https:\/\/resest.com\/es\/#\/schema\/logo\/image\/\",\"url\":\"https:\/\/resest.com\/wp-content\/uploads\/2024\/03\/Facana-1.jpg\",\"contentUrl\":\"https:\/\/resest.com\/wp-content\/uploads\/2024\/03\/Facana-1.jpg\",\"width\":1200,\"height\":1009,\"caption\":\"Resid\u00e8ncia d&#039;Estudiants l&#039;Estaci\u00f3 de Sabadell | Resest\"},\"image\":{\"@id\":\"https:\/\/resest.com\/es\/#\/schema\/logo\/image\/\"}},{\"@type\":\"Person\",\"@id\":\"https:\/\/resest.com\/es\/#\/schema\/person\/d9965768ae08730dafc3a7c835fcc47c\",\"name\":\"Resest\",\"image\":{\"@type\":\"ImageObject\",\"inLanguage\":\"es\",\"@id\":\"https:\/\/resest.com\/es\/#\/schema\/person\/image\/\",\"url\":\"https:\/\/secure.gravatar.com\/avatar\/0c7509c85c836ff68bc43efa415976254ed1463e7bbc3edf38a658092e29e5b4?s=96&d=mm&r=g\",\"contentUrl\":\"https:\/\/secure.gravatar.com\/avatar\/0c7509c85c836ff68bc43efa415976254ed1463e7bbc3edf38a658092e29e5b4?s=96&d=mm&r=g\",\"caption\":\"Resest\"},\"url\":\"https:\/\/resest.com\/es\/author\/jordi\/\"}]}<\/script>\n<!-- \/ Yoast SEO plugin. -->","yoast_head_json":{"title":"Residencia Universitaria en Sabadell | RESEST","description":"\u00bfBuscas una residencia universitaria en Sabadell? En RESEST te ofrecemos habitaciones c\u00f3modas, todo incluido. \u00a1Ven a vernos!","robots":{"index":"index","follow":"follow","max-snippet":"max-snippet:-1","max-image-preview":"max-image-preview:large","max-video-preview":"max-video-preview:-1"},"canonical":"https:\/\/resest.com\/es\/para-que-resest\/residencia-universitaria-sabadell\/","og_locale":"es_ES","og_type":"article","og_title":"Residencia Universitaria en Sabadell | RESEST","og_description":"\u00bfBuscas una residencia universitaria en Sabadell? En RESEST te ofrecemos habitaciones c\u00f3modas, todo incluido. \u00a1Ven a vernos!","og_url":"https:\/\/resest.com\/es\/para-que-resest\/residencia-universitaria-sabadell\/","og_site_name":"Resid\u00e8ncia d&#039;Estudiants l&#039;Estaci\u00f3 de Sabadell | Resest","article_published_time":"2026-04-15T14:05:44+00:00","article_modified_time":"2026-04-27T14:09:42+00:00","og_image":[{"width":1200,"height":801,"url":"https:\/\/resest.com\/wp-content\/uploads\/2026\/03\/ResiEstudiants-37.jpg","type":"image\/jpeg"}],"author":"Resest","twitter_misc":{"Escrito por":"Resest","Tiempo de lectura":"3 minutos"},"schema":{"@context":"https:\/\/schema.org","@graph":[{"@type":"Article","@id":"https:\/\/resest.com\/es\/para-que-resest\/residencia-universitaria-sabadell\/#article","isPartOf":{"@id":"https:\/\/resest.com\/es\/para-que-resest\/residencia-universitaria-sabadell\/"},"author":{"name":"Resest","@id":"https:\/\/resest.com\/es\/#\/schema\/person\/d9965768ae08730dafc3a7c835fcc47c"},"headline":"Residencia universitaria en Sabadell RESEST: Vivir cerca, c\u00f3modo y sin preocupaciones","datePublished":"2026-04-15T14:05:44+00:00","dateModified":"2026-04-27T14:09:42+00:00","mainEntityOfPage":{"@id":"https:\/\/resest.com\/es\/para-que-resest\/residencia-universitaria-sabadell\/"},"wordCount":529,"commentCount":0,"publisher":{"@id":"https:\/\/resest.com\/es\/#organization"},"image":{"@id":"https:\/\/resest.com\/es\/para-que-resest\/residencia-universitaria-sabadell\/#primaryimage"},"thumbnailUrl":"https:\/\/resest.com\/wp-content\/uploads\/2026\/03\/ResiEstudiants-37.jpg","articleSection":["\u00bfPor qu\u00e9 Resest?"],"inLanguage":"es","potentialAction":[{"@type":"CommentAction","name":"Comment","target":["https:\/\/resest.com\/es\/para-que-resest\/residencia-universitaria-sabadell\/#respond"]}]},{"@type":"WebPage","@id":"https:\/\/resest.com\/es\/para-que-resest\/residencia-universitaria-sabadell\/","url":"https:\/\/resest.com\/es\/para-que-resest\/residencia-universitaria-sabadell\/","name":"Residencia Universitaria en Sabadell | RESEST","isPartOf":{"@id":"https:\/\/resest.com\/es\/#website"},"primaryImageOfPage":{"@id":"https:\/\/resest.com\/es\/para-que-resest\/residencia-universitaria-sabadell\/#primaryimage"},"image":{"@id":"https:\/\/resest.com\/es\/para-que-resest\/residencia-universitaria-sabadell\/#primaryimage"},"thumbnailUrl":"https:\/\/resest.com\/wp-content\/uploads\/2026\/03\/ResiEstudiants-37.jpg","datePublished":"2026-04-15T14:05:44+00:00","dateModified":"2026-04-27T14:09:42+00:00","description":"\u00bfBuscas una residencia universitaria en Sabadell? En RESEST te ofrecemos habitaciones c\u00f3modas, todo incluido. \u00a1Ven a vernos!","breadcrumb":{"@id":"https:\/\/resest.com\/es\/para-que-resest\/residencia-universitaria-sabadell\/#breadcrumb"},"inLanguage":"es","potentialAction":[{"@type":"ReadAction","target":["https:\/\/resest.com\/es\/para-que-resest\/residencia-universitaria-sabadell\/"]}]},{"@type":"ImageObject","inLanguage":"es","@id":"https:\/\/resest.com\/es\/para-que-resest\/residencia-universitaria-sabadell\/#primaryimage","url":"https:\/\/resest.com\/wp-content\/uploads\/2026\/03\/ResiEstudiants-37.jpg","contentUrl":"https:\/\/resest.com\/wp-content\/uploads\/2026\/03\/ResiEstudiants-37.jpg","width":1200,"height":801,"caption":"Residencia Universitaria en Sabadell"},{"@type":"BreadcrumbList","@id":"https:\/\/resest.com\/es\/para-que-resest\/residencia-universitaria-sabadell\/#breadcrumb","itemListElement":[{"@type":"ListItem","position":1,"name":"Inici","item":"https:\/\/resest.com\/es\/"},{"@type":"ListItem","position":2,"name":"Residencia universitaria en Sabadell RESEST: Vivir cerca, c\u00f3modo y sin preocupaciones"}]},{"@type":"WebSite","@id":"https:\/\/resest.com\/es\/#website","url":"https:\/\/resest.com\/es\/","name":"Resid\u00e8ncia d&#039;Estudiants l&#039;Estaci\u00f3 de Sabadell | Resest","description":"Otro sitio realizado con WordPress","publisher":{"@id":"https:\/\/resest.com\/es\/#organization"},"potentialAction":[{"@type":"SearchAction","target":{"@type":"EntryPoint","urlTemplate":"https:\/\/resest.com\/es\/?s={search_term_string}"},"query-input":{"@type":"PropertyValueSpecification","valueRequired":true,"valueName":"search_term_string"}}],"inLanguage":"es"},{"@type":"Organization","@id":"https:\/\/resest.com\/es\/#organization","name":"Resid\u00e8ncia d&#039;Estudiants l&#039;Estaci\u00f3 de Sabadell | Resest","url":"https:\/\/resest.com\/es\/","logo":{"@type":"ImageObject","inLanguage":"es","@id":"https:\/\/resest.com\/es\/#\/schema\/logo\/image\/","url":"https:\/\/resest.com\/wp-content\/uploads\/2024\/03\/Facana-1.jpg","contentUrl":"https:\/\/resest.com\/wp-content\/uploads\/2024\/03\/Facana-1.jpg","width":1200,"height":1009,"caption":"Resid\u00e8ncia d&#039;Estudiants l&#039;Estaci\u00f3 de Sabadell | Resest"},"image":{"@id":"https:\/\/resest.com\/es\/#\/schema\/logo\/image\/"}},{"@type":"Person","@id":"https:\/\/resest.com\/es\/#\/schema\/person\/d9965768ae08730dafc3a7c835fcc47c","name":"Resest","image":{"@type":"ImageObject","inLanguage":"es","@id":"https:\/\/resest.com\/es\/#\/schema\/person\/image\/","url":"https:\/\/secure.gravatar.com\/avatar\/0c7509c85c836ff68bc43efa415976254ed1463e7bbc3edf38a658092e29e5b4?s=96&d=mm&r=g","contentUrl":"https:\/\/secure.gravatar.com\/avatar\/0c7509c85c836ff68bc43efa415976254ed1463e7bbc3edf38a658092e29e5b4?s=96&d=mm&r=g","caption":"Resest"},"url":"https:\/\/resest.com\/es\/author\/jordi\/"}]}},"_links":{"self":[{"href":"https:\/\/resest.com\/es\/wp-json\/wp\/v2\/posts\/12402","targetHints":{"allow":["GET"]}}],"collection":[{"href":"https:\/\/resest.com\/es\/wp-json\/wp\/v2\/posts"}],"about":[{"href":"https:\/\/resest.com\/es\/wp-json\/wp\/v2\/types\/post"}],"author":[{"embeddable":true,"href":"https:\/\/resest.com\/es\/wp-json\/wp\/v2\/users\/1"}],"replies":[{"embeddable":true,"href":"https:\/\/resest.com\/es\/wp-json\/wp\/v2\/comments?post=12402"}],"version-history":[{"count":2,"href":"https:\/\/resest.com\/es\/wp-json\/wp\/v2\/posts\/12402\/revisions"}],"predecessor-version":[{"id":12405,"href":"https:\/\/resest.com\/es\/wp-json\/wp\/v2\/posts\/12402\/revisions\/12405"}],"wp:featuredmedia":[{"embeddable":true,"href":"https:\/\/resest.com\/es\/wp-json\/wp\/v2\/media\/12381"}],"wp:attachment":[{"href":"https:\/\/resest.com\/es\/wp-json\/wp\/v2\/media?parent=12402"}],"wp:term":[{"taxonomy":"category","embeddable":true,"href":"https:\/\/resest.com\/es\/wp-json\/wp\/v2\/categories?post=12402"},{"taxonomy":"post_tag","embeddable":true,"href":"https:\/\/resest.com\/es\/wp-json\/wp\/v2\/tags?post=12402"}],"curies":[{"name":"wp","href":"https:\/\/api.w.org\/{rel}","templated":true}]}}