{"id":12277,"date":"2025-11-18T15:30:28","date_gmt":"2025-11-18T14:30:28","guid":{"rendered":"https:\/\/resest.com\/?p=12277"},"modified":"2025-12-01T15:34:26","modified_gmt":"2025-12-01T14:34:26","slug":"examenes-finales-en-resest","status":"publish","type":"post","link":"https:\/\/resest.com\/es\/vida-de-lestudiant-es\/examenes-finales-en-resest\/","title":{"rendered":"C\u00f3mo afrontar los ex\u00e1menes finales con serenidad: la experiencia de vivir en RESEST"},"content":{"rendered":"\n<p>Los <strong>ex\u00e1menes finales <\/strong>acostumbran a ser uno de los periodos m\u00e1s exigentes del curso universitario. Las horas de estudio aumentan, las entregas se acumulan y la concentraci\u00f3n se convierte en imprescindible. En <strong>RESEST, la residencia de estudiantes de la Estaci\u00f3n de Sabadell<\/strong>, conocemos muy bien este momento y lo vivimos cada a\u00f1o con nuestros residentes, ofreciendo un entorno pensado para que puedan centrarse, organizarse y rendir al m\u00e1ximo.<\/p>\n\n\n\n<h2 class=\"wp-block-heading\">Cuando llegan los ex\u00e1menes, la residencia se adapta<\/h2>\n\n\n\n<p>Durante la temporada de <strong>ex\u00e1menes finales<\/strong>, el ambiente en la residencia se transforma de manera natural. Las <a href=\"https:\/\/resest.com\/es\/instalaciones-residencia-estudiantes-barcelona-bellaterra\/\"><strong>salas de estudio<\/strong><\/a> se convierten en espacios especialmente tranquilos, la luz natural y el silencio ganan protagonismo, y muchos estudiantes aprovechan las zonas comunes para repasar, preparar trabajos o hacer ejercicios pr\u00e1cticos.<\/p>\n\n\n\n<p>Esta convivencia acad\u00e9mica crea una sensaci\u00f3n de apoyo compartido. Todo el mundo trabaja con un mismo objetivo y eso genera un clima de esfuerzo colectivo que ayuda a mantener el ritmo y evitar la sensaci\u00f3n de aislamiento tan t\u00edpica de estas semanas.<\/p>\n\n\n\n<h2 class=\"wp-block-heading\">El estudio colaborativo como herramienta de mejora<\/h2>\n\n\n\n<p>Uno de los valores m\u00e1s destacados de vivir en RESEST es la facilidad para formar <strong>grupos de estudio <\/strong>espont\u00e1neos. Compartir dudas, repasar apuntes o hacer simulaciones de examen con otros residentes suele resultar mucho m\u00e1s enriquecedor que estudiar completamente solo.<\/p>\n\n\n\n<p>Este intercambio constante favorece una <strong>comprensi\u00f3n m\u00e1s profunda de los contenidos<\/strong>, refuerza la motivaci\u00f3n y convierte el proceso de preparaci\u00f3n en una experiencia m\u00e1s ligera y menos estresante.<\/p>\n\n\n\n<h2 class=\"wp-block-heading\">La importancia de las pausas y del bienestar<\/h2>\n\n\n\n<p>Todo per\u00edodo intenso requiere momentos de desconexi\u00f3n. En la residencia, las pausas se convierten en una parte esencial de la rutina: un rato en el <strong>patio exterior<\/strong>, una conversaci\u00f3n breve en la cocina compartida o una caminata hasta la estaci\u00f3n son suficientes para recuperar energ\u00eda y mantener la concentraci\u00f3n.<\/p>\n\n\n\n<p>En RESEST fomentamos un equilibrio saludable entre estudio y descanso, porque el rendimiento s\u00f3lo es \u00f3ptimo cuando tambi\u00e9n se cuida el bienestar f\u00edsico y emocional.<\/p>\n\n\n\n<h2 class=\"wp-block-heading\">Cuando los ex\u00e1menes se acaban, empieza una nueva etapa<\/h2>\n\n\n\n<p>La finalizaci\u00f3n de los <strong>ex\u00e1menes finales <\/strong>es siempre un momento de celebraci\u00f3n. A medida que los residentes cierran las \u00faltimas pruebas, el ambiente de la residencia se relaja y vuelve progresivamente a la normalidad. A menudo se organizan peque\u00f1as actividades, cenas informales o encuentros que marcan el inicio de un periodo mucho m\u00e1s tranquilo.<\/p>\n\n\n\n<p>Para los estudiantes, vivir este proceso en un espacio que combina comunidad, apoyo y comodidad es un valor a\u00f1adido que hace que la experiencia universitaria vaya m\u00e1s all\u00e1 del estudio.<\/p>\n","protected":false},"excerpt":{"rendered":"<p>Los ex\u00e1menes finales acostumbran a ser uno de los periodos m\u00e1s exigentes del curso universitario. Las horas de estudio aumentan, las entregas se acumulan y la concentraci\u00f3n se convierte en imprescindible. En RESEST, la residencia de estudiantes de la Estaci\u00f3n de Sabadell, conocemos muy bien este momento y lo vivimos cada a\u00f1o con nuestros residentes,&hellip;<\/p>\n","protected":false},"author":1,"featured_media":12276,"comment_status":"open","ping_status":"open","sticky":false,"template":"","format":"standard","meta":{"footnotes":""},"categories":[69],"tags":[],"class_list":["post-12277","post","type-post","status-publish","format-standard","has-post-thumbnail","hentry","category-vida-de-lestudiant-es","entry","has-media"],"yoast_head":"<!-- This site is optimized with the Yoast SEO plugin v26.4 - https:\/\/yoast.com\/wordpress\/plugins\/seo\/ -->\n<title>C\u00f3mo preparar los ex\u00e1menes finales viviendo en RESEST<\/title>\n<meta name=\"description\" content=\"Consejos para afrontar los ex\u00e1menes finales con serenidad y mejor rendimiento. Descubre c\u00f3mo vivir en RESEST te facilita estudiar y mantener un buen equilibrio.\" \/>\n<meta name=\"robots\" content=\"index, follow, max-snippet:-1, max-image-preview:large, max-video-preview:-1\" \/>\n<link rel=\"canonical\" href=\"https:\/\/resest.com\/es\/vida-de-lestudiant-es\/examenes-finales-en-resest\/\" \/>\n<meta property=\"og:locale\" content=\"es_ES\" \/>\n<meta property=\"og:type\" content=\"article\" \/>\n<meta property=\"og:title\" content=\"C\u00f3mo preparar los ex\u00e1menes finales viviendo en RESEST\" \/>\n<meta property=\"og:description\" content=\"Consejos para afrontar los ex\u00e1menes finales con serenidad y mejor rendimiento. Descubre c\u00f3mo vivir en RESEST te facilita estudiar y mantener un buen equilibrio.\" \/>\n<meta property=\"og:url\" content=\"https:\/\/resest.com\/es\/vida-de-lestudiant-es\/examenes-finales-en-resest\/\" \/>\n<meta property=\"og:site_name\" content=\"Resid\u00e8ncia d&#039;Estudiants l&#039;Estaci\u00f3 de Sabadell | Resest\" \/>\n<meta property=\"article:published_time\" content=\"2025-11-18T14:30:28+00:00\" \/>\n<meta property=\"article:modified_time\" content=\"2025-12-01T14:34:26+00:00\" \/>\n<meta property=\"og:image\" content=\"https:\/\/resest.com\/wp-content\/uploads\/2025\/12\/ResiEstudiants-40.jpg\" \/>\n\t<meta property=\"og:image:width\" content=\"1200\" \/>\n\t<meta property=\"og:image:height\" content=\"800\" \/>\n\t<meta property=\"og:image:type\" content=\"image\/jpeg\" \/>\n<meta name=\"author\" content=\"Resest\" \/>\n<meta name=\"twitter:label1\" content=\"Escrito por\" \/>\n\t<meta name=\"twitter:data1\" content=\"Resest\" \/>\n\t<meta name=\"twitter:label2\" content=\"Tiempo de lectura\" \/>\n\t<meta name=\"twitter:data2\" content=\"3 minutos\" \/>\n<script type=\"application\/ld+json\" class=\"yoast-schema-graph\">{\"@context\":\"https:\/\/schema.org\",\"@graph\":[{\"@type\":\"Article\",\"@id\":\"https:\/\/resest.com\/es\/vida-de-lestudiant-es\/examenes-finales-en-resest\/#article\",\"isPartOf\":{\"@id\":\"https:\/\/resest.com\/es\/vida-de-lestudiant-es\/examenes-finales-en-resest\/\"},\"author\":{\"name\":\"Resest\",\"@id\":\"https:\/\/resest.com\/es\/#\/schema\/person\/d9965768ae08730dafc3a7c835fcc47c\"},\"headline\":\"C\u00f3mo afrontar los ex\u00e1menes finales con serenidad: la experiencia de vivir en RESEST\",\"datePublished\":\"2025-11-18T14:30:28+00:00\",\"dateModified\":\"2025-12-01T14:34:26+00:00\",\"mainEntityOfPage\":{\"@id\":\"https:\/\/resest.com\/es\/vida-de-lestudiant-es\/examenes-finales-en-resest\/\"},\"wordCount\":470,\"commentCount\":0,\"publisher\":{\"@id\":\"https:\/\/resest.com\/es\/#organization\"},\"image\":{\"@id\":\"https:\/\/resest.com\/es\/vida-de-lestudiant-es\/examenes-finales-en-resest\/#primaryimage\"},\"thumbnailUrl\":\"https:\/\/resest.com\/wp-content\/uploads\/2025\/12\/ResiEstudiants-40.jpg\",\"articleSection\":[\"Consejos para estudiantes universitarios\"],\"inLanguage\":\"es\",\"potentialAction\":[{\"@type\":\"CommentAction\",\"name\":\"Comment\",\"target\":[\"https:\/\/resest.com\/es\/vida-de-lestudiant-es\/examenes-finales-en-resest\/#respond\"]}]},{\"@type\":\"WebPage\",\"@id\":\"https:\/\/resest.com\/es\/vida-de-lestudiant-es\/examenes-finales-en-resest\/\",\"url\":\"https:\/\/resest.com\/es\/vida-de-lestudiant-es\/examenes-finales-en-resest\/\",\"name\":\"C\u00f3mo preparar los ex\u00e1menes finales viviendo en RESEST\",\"isPartOf\":{\"@id\":\"https:\/\/resest.com\/es\/#website\"},\"primaryImageOfPage\":{\"@id\":\"https:\/\/resest.com\/es\/vida-de-lestudiant-es\/examenes-finales-en-resest\/#primaryimage\"},\"image\":{\"@id\":\"https:\/\/resest.com\/es\/vida-de-lestudiant-es\/examenes-finales-en-resest\/#primaryimage\"},\"thumbnailUrl\":\"https:\/\/resest.com\/wp-content\/uploads\/2025\/12\/ResiEstudiants-40.jpg\",\"datePublished\":\"2025-11-18T14:30:28+00:00\",\"dateModified\":\"2025-12-01T14:34:26+00:00\",\"description\":\"Consejos para afrontar los ex\u00e1menes finales con serenidad y mejor rendimiento. Descubre c\u00f3mo vivir en RESEST te facilita estudiar y mantener un buen equilibrio.\",\"breadcrumb\":{\"@id\":\"https:\/\/resest.com\/es\/vida-de-lestudiant-es\/examenes-finales-en-resest\/#breadcrumb\"},\"inLanguage\":\"es\",\"potentialAction\":[{\"@type\":\"ReadAction\",\"target\":[\"https:\/\/resest.com\/es\/vida-de-lestudiant-es\/examenes-finales-en-resest\/\"]}]},{\"@type\":\"ImageObject\",\"inLanguage\":\"es\",\"@id\":\"https:\/\/resest.com\/es\/vida-de-lestudiant-es\/examenes-finales-en-resest\/#primaryimage\",\"url\":\"https:\/\/resest.com\/wp-content\/uploads\/2025\/12\/ResiEstudiants-40.jpg\",\"contentUrl\":\"https:\/\/resest.com\/wp-content\/uploads\/2025\/12\/ResiEstudiants-40.jpg\",\"width\":1200,\"height\":800},{\"@type\":\"BreadcrumbList\",\"@id\":\"https:\/\/resest.com\/es\/vida-de-lestudiant-es\/examenes-finales-en-resest\/#breadcrumb\",\"itemListElement\":[{\"@type\":\"ListItem\",\"position\":1,\"name\":\"Inici\",\"item\":\"https:\/\/resest.com\/es\/\"},{\"@type\":\"ListItem\",\"position\":2,\"name\":\"C\u00f3mo afrontar los ex\u00e1menes finales con serenidad: la experiencia de vivir en RESEST\"}]},{\"@type\":\"WebSite\",\"@id\":\"https:\/\/resest.com\/es\/#website\",\"url\":\"https:\/\/resest.com\/es\/\",\"name\":\"Resid\u00e8ncia d&#039;Estudiants l&#039;Estaci\u00f3 de Sabadell | Resest\",\"description\":\"Otro sitio realizado con WordPress\",\"publisher\":{\"@id\":\"https:\/\/resest.com\/es\/#organization\"},\"potentialAction\":[{\"@type\":\"SearchAction\",\"target\":{\"@type\":\"EntryPoint\",\"urlTemplate\":\"https:\/\/resest.com\/es\/?s={search_term_string}\"},\"query-input\":{\"@type\":\"PropertyValueSpecification\",\"valueRequired\":true,\"valueName\":\"search_term_string\"}}],\"inLanguage\":\"es\"},{\"@type\":\"Organization\",\"@id\":\"https:\/\/resest.com\/es\/#organization\",\"name\":\"Resid\u00e8ncia d&#039;Estudiants l&#039;Estaci\u00f3 de Sabadell | Resest\",\"url\":\"https:\/\/resest.com\/es\/\",\"logo\":{\"@type\":\"ImageObject\",\"inLanguage\":\"es\",\"@id\":\"https:\/\/resest.com\/es\/#\/schema\/logo\/image\/\",\"url\":\"https:\/\/resest.com\/wp-content\/uploads\/2024\/03\/Facana-1.jpg\",\"contentUrl\":\"https:\/\/resest.com\/wp-content\/uploads\/2024\/03\/Facana-1.jpg\",\"width\":1200,\"height\":1009,\"caption\":\"Resid\u00e8ncia d&#039;Estudiants l&#039;Estaci\u00f3 de Sabadell | Resest\"},\"image\":{\"@id\":\"https:\/\/resest.com\/es\/#\/schema\/logo\/image\/\"}},{\"@type\":\"Person\",\"@id\":\"https:\/\/resest.com\/es\/#\/schema\/person\/d9965768ae08730dafc3a7c835fcc47c\",\"name\":\"Resest\",\"image\":{\"@type\":\"ImageObject\",\"inLanguage\":\"es\",\"@id\":\"https:\/\/resest.com\/es\/#\/schema\/person\/image\/\",\"url\":\"https:\/\/secure.gravatar.com\/avatar\/0c7509c85c836ff68bc43efa415976254ed1463e7bbc3edf38a658092e29e5b4?s=96&d=mm&r=g\",\"contentUrl\":\"https:\/\/secure.gravatar.com\/avatar\/0c7509c85c836ff68bc43efa415976254ed1463e7bbc3edf38a658092e29e5b4?s=96&d=mm&r=g\",\"caption\":\"Resest\"},\"url\":\"https:\/\/resest.com\/es\/author\/jordi\/\"}]}<\/script>\n<!-- \/ Yoast SEO plugin. -->","yoast_head_json":{"title":"C\u00f3mo preparar los ex\u00e1menes finales viviendo en RESEST","description":"Consejos para afrontar los ex\u00e1menes finales con serenidad y mejor rendimiento. Descubre c\u00f3mo vivir en RESEST te facilita estudiar y mantener un buen equilibrio.","robots":{"index":"index","follow":"follow","max-snippet":"max-snippet:-1","max-image-preview":"max-image-preview:large","max-video-preview":"max-video-preview:-1"},"canonical":"https:\/\/resest.com\/es\/vida-de-lestudiant-es\/examenes-finales-en-resest\/","og_locale":"es_ES","og_type":"article","og_title":"C\u00f3mo preparar los ex\u00e1menes finales viviendo en RESEST","og_description":"Consejos para afrontar los ex\u00e1menes finales con serenidad y mejor rendimiento. Descubre c\u00f3mo vivir en RESEST te facilita estudiar y mantener un buen equilibrio.","og_url":"https:\/\/resest.com\/es\/vida-de-lestudiant-es\/examenes-finales-en-resest\/","og_site_name":"Resid\u00e8ncia d&#039;Estudiants l&#039;Estaci\u00f3 de Sabadell | Resest","article_published_time":"2025-11-18T14:30:28+00:00","article_modified_time":"2025-12-01T14:34:26+00:00","og_image":[{"width":1200,"height":800,"url":"https:\/\/resest.com\/wp-content\/uploads\/2025\/12\/ResiEstudiants-40.jpg","type":"image\/jpeg"}],"author":"Resest","twitter_misc":{"Escrito por":"Resest","Tiempo de lectura":"3 minutos"},"schema":{"@context":"https:\/\/schema.org","@graph":[{"@type":"Article","@id":"https:\/\/resest.com\/es\/vida-de-lestudiant-es\/examenes-finales-en-resest\/#article","isPartOf":{"@id":"https:\/\/resest.com\/es\/vida-de-lestudiant-es\/examenes-finales-en-resest\/"},"author":{"name":"Resest","@id":"https:\/\/resest.com\/es\/#\/schema\/person\/d9965768ae08730dafc3a7c835fcc47c"},"headline":"C\u00f3mo afrontar los ex\u00e1menes finales con serenidad: la experiencia de vivir en RESEST","datePublished":"2025-11-18T14:30:28+00:00","dateModified":"2025-12-01T14:34:26+00:00","mainEntityOfPage":{"@id":"https:\/\/resest.com\/es\/vida-de-lestudiant-es\/examenes-finales-en-resest\/"},"wordCount":470,"commentCount":0,"publisher":{"@id":"https:\/\/resest.com\/es\/#organization"},"image":{"@id":"https:\/\/resest.com\/es\/vida-de-lestudiant-es\/examenes-finales-en-resest\/#primaryimage"},"thumbnailUrl":"https:\/\/resest.com\/wp-content\/uploads\/2025\/12\/ResiEstudiants-40.jpg","articleSection":["Consejos para estudiantes universitarios"],"inLanguage":"es","potentialAction":[{"@type":"CommentAction","name":"Comment","target":["https:\/\/resest.com\/es\/vida-de-lestudiant-es\/examenes-finales-en-resest\/#respond"]}]},{"@type":"WebPage","@id":"https:\/\/resest.com\/es\/vida-de-lestudiant-es\/examenes-finales-en-resest\/","url":"https:\/\/resest.com\/es\/vida-de-lestudiant-es\/examenes-finales-en-resest\/","name":"C\u00f3mo preparar los ex\u00e1menes finales viviendo en RESEST","isPartOf":{"@id":"https:\/\/resest.com\/es\/#website"},"primaryImageOfPage":{"@id":"https:\/\/resest.com\/es\/vida-de-lestudiant-es\/examenes-finales-en-resest\/#primaryimage"},"image":{"@id":"https:\/\/resest.com\/es\/vida-de-lestudiant-es\/examenes-finales-en-resest\/#primaryimage"},"thumbnailUrl":"https:\/\/resest.com\/wp-content\/uploads\/2025\/12\/ResiEstudiants-40.jpg","datePublished":"2025-11-18T14:30:28+00:00","dateModified":"2025-12-01T14:34:26+00:00","description":"Consejos para afrontar los ex\u00e1menes finales con serenidad y mejor rendimiento. Descubre c\u00f3mo vivir en RESEST te facilita estudiar y mantener un buen equilibrio.","breadcrumb":{"@id":"https:\/\/resest.com\/es\/vida-de-lestudiant-es\/examenes-finales-en-resest\/#breadcrumb"},"inLanguage":"es","potentialAction":[{"@type":"ReadAction","target":["https:\/\/resest.com\/es\/vida-de-lestudiant-es\/examenes-finales-en-resest\/"]}]},{"@type":"ImageObject","inLanguage":"es","@id":"https:\/\/resest.com\/es\/vida-de-lestudiant-es\/examenes-finales-en-resest\/#primaryimage","url":"https:\/\/resest.com\/wp-content\/uploads\/2025\/12\/ResiEstudiants-40.jpg","contentUrl":"https:\/\/resest.com\/wp-content\/uploads\/2025\/12\/ResiEstudiants-40.jpg","width":1200,"height":800},{"@type":"BreadcrumbList","@id":"https:\/\/resest.com\/es\/vida-de-lestudiant-es\/examenes-finales-en-resest\/#breadcrumb","itemListElement":[{"@type":"ListItem","position":1,"name":"Inici","item":"https:\/\/resest.com\/es\/"},{"@type":"ListItem","position":2,"name":"C\u00f3mo afrontar los ex\u00e1menes finales con serenidad: la experiencia de vivir en RESEST"}]},{"@type":"WebSite","@id":"https:\/\/resest.com\/es\/#website","url":"https:\/\/resest.com\/es\/","name":"Resid\u00e8ncia d&#039;Estudiants l&#039;Estaci\u00f3 de Sabadell | Resest","description":"Otro sitio realizado con WordPress","publisher":{"@id":"https:\/\/resest.com\/es\/#organization"},"potentialAction":[{"@type":"SearchAction","target":{"@type":"EntryPoint","urlTemplate":"https:\/\/resest.com\/es\/?s={search_term_string}"},"query-input":{"@type":"PropertyValueSpecification","valueRequired":true,"valueName":"search_term_string"}}],"inLanguage":"es"},{"@type":"Organization","@id":"https:\/\/resest.com\/es\/#organization","name":"Resid\u00e8ncia d&#039;Estudiants l&#039;Estaci\u00f3 de Sabadell | Resest","url":"https:\/\/resest.com\/es\/","logo":{"@type":"ImageObject","inLanguage":"es","@id":"https:\/\/resest.com\/es\/#\/schema\/logo\/image\/","url":"https:\/\/resest.com\/wp-content\/uploads\/2024\/03\/Facana-1.jpg","contentUrl":"https:\/\/resest.com\/wp-content\/uploads\/2024\/03\/Facana-1.jpg","width":1200,"height":1009,"caption":"Resid\u00e8ncia d&#039;Estudiants l&#039;Estaci\u00f3 de Sabadell | Resest"},"image":{"@id":"https:\/\/resest.com\/es\/#\/schema\/logo\/image\/"}},{"@type":"Person","@id":"https:\/\/resest.com\/es\/#\/schema\/person\/d9965768ae08730dafc3a7c835fcc47c","name":"Resest","image":{"@type":"ImageObject","inLanguage":"es","@id":"https:\/\/resest.com\/es\/#\/schema\/person\/image\/","url":"https:\/\/secure.gravatar.com\/avatar\/0c7509c85c836ff68bc43efa415976254ed1463e7bbc3edf38a658092e29e5b4?s=96&d=mm&r=g","contentUrl":"https:\/\/secure.gravatar.com\/avatar\/0c7509c85c836ff68bc43efa415976254ed1463e7bbc3edf38a658092e29e5b4?s=96&d=mm&r=g","caption":"Resest"},"url":"https:\/\/resest.com\/es\/author\/jordi\/"}]}},"_links":{"self":[{"href":"https:\/\/resest.com\/es\/wp-json\/wp\/v2\/posts\/12277","targetHints":{"allow":["GET"]}}],"collection":[{"href":"https:\/\/resest.com\/es\/wp-json\/wp\/v2\/posts"}],"about":[{"href":"https:\/\/resest.com\/es\/wp-json\/wp\/v2\/types\/post"}],"author":[{"embeddable":true,"href":"https:\/\/resest.com\/es\/wp-json\/wp\/v2\/users\/1"}],"replies":[{"embeddable":true,"href":"https:\/\/resest.com\/es\/wp-json\/wp\/v2\/comments?post=12277"}],"version-history":[{"count":1,"href":"https:\/\/resest.com\/es\/wp-json\/wp\/v2\/posts\/12277\/revisions"}],"predecessor-version":[{"id":12278,"href":"https:\/\/resest.com\/es\/wp-json\/wp\/v2\/posts\/12277\/revisions\/12278"}],"wp:featuredmedia":[{"embeddable":true,"href":"https:\/\/resest.com\/es\/wp-json\/wp\/v2\/media\/12276"}],"wp:attachment":[{"href":"https:\/\/resest.com\/es\/wp-json\/wp\/v2\/media?parent=12277"}],"wp:term":[{"taxonomy":"category","embeddable":true,"href":"https:\/\/resest.com\/es\/wp-json\/wp\/v2\/categories?post=12277"},{"taxonomy":"post_tag","embeddable":true,"href":"https:\/\/resest.com\/es\/wp-json\/wp\/v2\/tags?post=12277"}],"curies":[{"name":"wp","href":"https:\/\/api.w.org\/{rel}","templated":true}]}}