{"id":12213,"date":"2025-09-18T10:07:07","date_gmt":"2025-09-18T08:07:07","guid":{"rendered":"https:\/\/resest.com\/?p=12213"},"modified":"2025-09-15T10:23:11","modified_gmt":"2025-09-15T08:23:11","slug":"primer-dia-de-universidad","status":"publish","type":"post","link":"https:\/\/resest.com\/es\/vida-de-lestudiant-es\/primer-dia-de-universidad\/","title":{"rendered":"Primer d\u00eda de universidad: consejos para empezar con buen pie"},"content":{"rendered":"\n<p>El <strong>primer d\u00eda de universidad <\/strong>es emocionante y, al mismo tiempo, lleno de incertidumbres. Nuevos compa\u00f1eros, profesores, espacios y rutinas. Para empezar esta etapa con confianza, es importante prepararte bien y aprovechar todos los recursos a tu alcance.<\/p>\n\n\n\n<h2 class=\"wp-block-heading\">Organizate antes del primer d\u00eda<\/h2>\n\n\n\n<p>Tener tus cosas a punto y un <strong>plan de organizaci\u00f3n<\/strong> te dar\u00e1 tranquilidad. En <a href=\"https:\/\/resest.com\/es\/\">RESEST<\/a> te acompa\u00f1amos en esta nueva etapa con un <strong>entorno pensado para estudiantes<\/strong>, cercano a las universidades y con <strong>todo lo necesario para tu d\u00eda a d\u00eda<\/strong>.<\/p>\n\n\n\n<p>Un recurso muy \u00fatil es utilizar <a href=\"https:\/\/resest.com\/es\/vida-de-lestudiant-es\/aplicaciones-para-organizar-el-estudio\/\">aplicaciones para organizar el estudio<\/a>. Gracias a ellas, podr\u00e1s planificar los horarios, establecer recordatorios y hacer un seguimiento del progreso.<\/p>\n\n\n\n<h2 class=\"wp-block-heading\">Descubre los espacios de estudio<\/h2>\n\n\n\n<p>Conocer las <strong>bibliotecas y zonas de trabajo<\/strong> te dar\u00e1 ventaja desde el primer momento. Te recomendamos explorar las <a href=\"https:\/\/resest.com\/es\/vida-de-lestudiant-es\/bibliotecas-en-barcelona\/\">bibliotecas en Barcelona<\/a>, puntos ideales para estudiar en silencio o hacer trabajos en grupo.<\/p>\n\n\n\n<h2 class=\"wp-block-heading\">Integrate a la vida universitaria<\/h2>\n\n\n\n<p>El <strong>primer d\u00eda de universidad<\/strong> tambi\u00e9n es una oportunidad para conocer gente nueva y empezar a construir tu red de contactos. Participa en actividades, pregunta sin miedo y abrete a nuevas experiencias.<\/p>\n\n\n\n<h2 class=\"wp-block-heading\">C\u00f3mo RESEST te puede ayudar a empezar con buen pie<\/h2>\n\n\n\n<p>Instalarte en un lugar adecuado es clave para vivir el <strong>primer d\u00eda de universidad <\/strong>con serenidad. En RESEST encontrar\u00e1s <strong>habitaciones c\u00f3modas<\/strong>, <strong>espacios comunes<\/strong> para compartir experiencias y una <strong>ubicaci\u00f3n estrat\u00e9gica<\/strong> cerca de las universidades. Esto te permitir\u00e1 concentrarte en los estudios y disfrutar de una vida universitaria completa desde el primer momento.<\/p>\n\n\n\n<p>En <strong>RESEST <\/strong>queremos que tu <strong>primer d\u00eda de universidad <\/strong>sea el principio de una etapa enriquecedora. Con organizaci\u00f3n, buenos espacios y actitud positiva, estar\u00e1s preparado para aprovecharla al m\u00e1ximo.<\/p>\n","protected":false},"excerpt":{"rendered":"<p>El primer d\u00eda de universidad es emocionante y, al mismo tiempo, lleno de incertidumbres. Nuevos compa\u00f1eros, profesores, espacios y rutinas. Para empezar esta etapa con confianza, es importante prepararte bien y aprovechar todos los recursos a tu alcance. Organizate antes del primer d\u00eda Tener tus cosas a punto y un plan de organizaci\u00f3n te dar\u00e1&hellip;<\/p>\n","protected":false},"author":1,"featured_media":12211,"comment_status":"open","ping_status":"open","sticky":false,"template":"","format":"standard","meta":{"footnotes":""},"categories":[69],"tags":[],"class_list":["post-12213","post","type-post","status-publish","format-standard","has-post-thumbnail","hentry","category-vida-de-lestudiant-es","entry","has-media"],"yoast_head":"<!-- This site is optimized with the Yoast SEO plugin v26.4 - https:\/\/yoast.com\/wordpress\/plugins\/seo\/ -->\n<title>Primer d\u00eda de universidad: consejos y apoyo de RESEST<\/title>\n<meta name=\"description\" content=\"Afronta el primer d\u00eda de universidad con confianza. Descubre consejos pr\u00e1cticos y c\u00f3mo RESEST te ayuda a empezar con buen pie. \u00a1Reserva tu plaza hoy!\" \/>\n<meta name=\"robots\" content=\"index, follow, max-snippet:-1, max-image-preview:large, max-video-preview:-1\" \/>\n<link rel=\"canonical\" href=\"https:\/\/resest.com\/es\/vida-de-lestudiant-es\/primer-dia-de-universidad\/\" \/>\n<meta property=\"og:locale\" content=\"es_ES\" \/>\n<meta property=\"og:type\" content=\"article\" \/>\n<meta property=\"og:title\" content=\"Primer d\u00eda de universidad: consejos y apoyo de RESEST\" \/>\n<meta property=\"og:description\" content=\"Afronta el primer d\u00eda de universidad con confianza. Descubre consejos pr\u00e1cticos y c\u00f3mo RESEST te ayuda a empezar con buen pie. \u00a1Reserva tu plaza hoy!\" \/>\n<meta property=\"og:url\" content=\"https:\/\/resest.com\/es\/vida-de-lestudiant-es\/primer-dia-de-universidad\/\" \/>\n<meta property=\"og:site_name\" content=\"Resid\u00e8ncia d&#039;Estudiants l&#039;Estaci\u00f3 de Sabadell | Resest\" \/>\n<meta property=\"article:published_time\" content=\"2025-09-18T08:07:07+00:00\" \/>\n<meta property=\"og:image\" content=\"https:\/\/resest.com\/wp-content\/uploads\/2025\/09\/lifestyle-portrait-of-young-woman-with-laptop-pos-2025-03-06-12-24-44-utc.jpg\" \/>\n\t<meta property=\"og:image:width\" content=\"1200\" \/>\n\t<meta property=\"og:image:height\" content=\"800\" \/>\n\t<meta property=\"og:image:type\" content=\"image\/jpeg\" \/>\n<meta name=\"author\" content=\"Resest\" \/>\n<meta name=\"twitter:label1\" content=\"Escrito por\" \/>\n\t<meta name=\"twitter:data1\" content=\"Resest\" \/>\n\t<meta name=\"twitter:label2\" content=\"Tiempo de lectura\" \/>\n\t<meta name=\"twitter:data2\" content=\"2 minutos\" \/>\n<script type=\"application\/ld+json\" class=\"yoast-schema-graph\">{\"@context\":\"https:\/\/schema.org\",\"@graph\":[{\"@type\":\"Article\",\"@id\":\"https:\/\/resest.com\/es\/vida-de-lestudiant-es\/primer-dia-de-universidad\/#article\",\"isPartOf\":{\"@id\":\"https:\/\/resest.com\/es\/vida-de-lestudiant-es\/primer-dia-de-universidad\/\"},\"author\":{\"name\":\"Resest\",\"@id\":\"https:\/\/resest.com\/es\/#\/schema\/person\/d9965768ae08730dafc3a7c835fcc47c\"},\"headline\":\"Primer d\u00eda de universidad: consejos para empezar con buen pie\",\"datePublished\":\"2025-09-18T08:07:07+00:00\",\"mainEntityOfPage\":{\"@id\":\"https:\/\/resest.com\/es\/vida-de-lestudiant-es\/primer-dia-de-universidad\/\"},\"wordCount\":306,\"commentCount\":0,\"publisher\":{\"@id\":\"https:\/\/resest.com\/es\/#organization\"},\"image\":{\"@id\":\"https:\/\/resest.com\/es\/vida-de-lestudiant-es\/primer-dia-de-universidad\/#primaryimage\"},\"thumbnailUrl\":\"https:\/\/resest.com\/wp-content\/uploads\/2025\/09\/lifestyle-portrait-of-young-woman-with-laptop-pos-2025-03-06-12-24-44-utc.jpg\",\"articleSection\":[\"Consejos para estudiantes universitarios\"],\"inLanguage\":\"es\",\"potentialAction\":[{\"@type\":\"CommentAction\",\"name\":\"Comment\",\"target\":[\"https:\/\/resest.com\/es\/vida-de-lestudiant-es\/primer-dia-de-universidad\/#respond\"]}]},{\"@type\":\"WebPage\",\"@id\":\"https:\/\/resest.com\/es\/vida-de-lestudiant-es\/primer-dia-de-universidad\/\",\"url\":\"https:\/\/resest.com\/es\/vida-de-lestudiant-es\/primer-dia-de-universidad\/\",\"name\":\"Primer d\u00eda de universidad: consejos y apoyo de RESEST\",\"isPartOf\":{\"@id\":\"https:\/\/resest.com\/es\/#website\"},\"primaryImageOfPage\":{\"@id\":\"https:\/\/resest.com\/es\/vida-de-lestudiant-es\/primer-dia-de-universidad\/#primaryimage\"},\"image\":{\"@id\":\"https:\/\/resest.com\/es\/vida-de-lestudiant-es\/primer-dia-de-universidad\/#primaryimage\"},\"thumbnailUrl\":\"https:\/\/resest.com\/wp-content\/uploads\/2025\/09\/lifestyle-portrait-of-young-woman-with-laptop-pos-2025-03-06-12-24-44-utc.jpg\",\"datePublished\":\"2025-09-18T08:07:07+00:00\",\"description\":\"Afronta el primer d\u00eda de universidad con confianza. Descubre consejos pr\u00e1cticos y c\u00f3mo RESEST te ayuda a empezar con buen pie. \u00a1Reserva tu plaza hoy!\",\"breadcrumb\":{\"@id\":\"https:\/\/resest.com\/es\/vida-de-lestudiant-es\/primer-dia-de-universidad\/#breadcrumb\"},\"inLanguage\":\"es\",\"potentialAction\":[{\"@type\":\"ReadAction\",\"target\":[\"https:\/\/resest.com\/es\/vida-de-lestudiant-es\/primer-dia-de-universidad\/\"]}]},{\"@type\":\"ImageObject\",\"inLanguage\":\"es\",\"@id\":\"https:\/\/resest.com\/es\/vida-de-lestudiant-es\/primer-dia-de-universidad\/#primaryimage\",\"url\":\"https:\/\/resest.com\/wp-content\/uploads\/2025\/09\/lifestyle-portrait-of-young-woman-with-laptop-pos-2025-03-06-12-24-44-utc.jpg\",\"contentUrl\":\"https:\/\/resest.com\/wp-content\/uploads\/2025\/09\/lifestyle-portrait-of-young-woman-with-laptop-pos-2025-03-06-12-24-44-utc.jpg\",\"width\":1200,\"height\":800,\"caption\":\"primer d\u00eda de universidad\"},{\"@type\":\"BreadcrumbList\",\"@id\":\"https:\/\/resest.com\/es\/vida-de-lestudiant-es\/primer-dia-de-universidad\/#breadcrumb\",\"itemListElement\":[{\"@type\":\"ListItem\",\"position\":1,\"name\":\"Inici\",\"item\":\"https:\/\/resest.com\/es\/\"},{\"@type\":\"ListItem\",\"position\":2,\"name\":\"Primer d\u00eda de universidad: consejos para empezar con buen pie\"}]},{\"@type\":\"WebSite\",\"@id\":\"https:\/\/resest.com\/es\/#website\",\"url\":\"https:\/\/resest.com\/es\/\",\"name\":\"Resid\u00e8ncia d&#039;Estudiants l&#039;Estaci\u00f3 de Sabadell | Resest\",\"description\":\"Otro sitio realizado con WordPress\",\"publisher\":{\"@id\":\"https:\/\/resest.com\/es\/#organization\"},\"potentialAction\":[{\"@type\":\"SearchAction\",\"target\":{\"@type\":\"EntryPoint\",\"urlTemplate\":\"https:\/\/resest.com\/es\/?s={search_term_string}\"},\"query-input\":{\"@type\":\"PropertyValueSpecification\",\"valueRequired\":true,\"valueName\":\"search_term_string\"}}],\"inLanguage\":\"es\"},{\"@type\":\"Organization\",\"@id\":\"https:\/\/resest.com\/es\/#organization\",\"name\":\"Resid\u00e8ncia d&#039;Estudiants l&#039;Estaci\u00f3 de Sabadell | Resest\",\"url\":\"https:\/\/resest.com\/es\/\",\"logo\":{\"@type\":\"ImageObject\",\"inLanguage\":\"es\",\"@id\":\"https:\/\/resest.com\/es\/#\/schema\/logo\/image\/\",\"url\":\"https:\/\/resest.com\/wp-content\/uploads\/2024\/03\/Facana-1.jpg\",\"contentUrl\":\"https:\/\/resest.com\/wp-content\/uploads\/2024\/03\/Facana-1.jpg\",\"width\":1200,\"height\":1009,\"caption\":\"Resid\u00e8ncia d&#039;Estudiants l&#039;Estaci\u00f3 de Sabadell | Resest\"},\"image\":{\"@id\":\"https:\/\/resest.com\/es\/#\/schema\/logo\/image\/\"}},{\"@type\":\"Person\",\"@id\":\"https:\/\/resest.com\/es\/#\/schema\/person\/d9965768ae08730dafc3a7c835fcc47c\",\"name\":\"Resest\",\"image\":{\"@type\":\"ImageObject\",\"inLanguage\":\"es\",\"@id\":\"https:\/\/resest.com\/es\/#\/schema\/person\/image\/\",\"url\":\"https:\/\/secure.gravatar.com\/avatar\/0c7509c85c836ff68bc43efa415976254ed1463e7bbc3edf38a658092e29e5b4?s=96&d=mm&r=g\",\"contentUrl\":\"https:\/\/secure.gravatar.com\/avatar\/0c7509c85c836ff68bc43efa415976254ed1463e7bbc3edf38a658092e29e5b4?s=96&d=mm&r=g\",\"caption\":\"Resest\"},\"url\":\"https:\/\/resest.com\/es\/author\/jordi\/\"}]}<\/script>\n<!-- \/ Yoast SEO plugin. -->","yoast_head_json":{"title":"Primer d\u00eda de universidad: consejos y apoyo de RESEST","description":"Afronta el primer d\u00eda de universidad con confianza. Descubre consejos pr\u00e1cticos y c\u00f3mo RESEST te ayuda a empezar con buen pie. \u00a1Reserva tu plaza hoy!","robots":{"index":"index","follow":"follow","max-snippet":"max-snippet:-1","max-image-preview":"max-image-preview:large","max-video-preview":"max-video-preview:-1"},"canonical":"https:\/\/resest.com\/es\/vida-de-lestudiant-es\/primer-dia-de-universidad\/","og_locale":"es_ES","og_type":"article","og_title":"Primer d\u00eda de universidad: consejos y apoyo de RESEST","og_description":"Afronta el primer d\u00eda de universidad con confianza. Descubre consejos pr\u00e1cticos y c\u00f3mo RESEST te ayuda a empezar con buen pie. \u00a1Reserva tu plaza hoy!","og_url":"https:\/\/resest.com\/es\/vida-de-lestudiant-es\/primer-dia-de-universidad\/","og_site_name":"Resid\u00e8ncia d&#039;Estudiants l&#039;Estaci\u00f3 de Sabadell | Resest","article_published_time":"2025-09-18T08:07:07+00:00","og_image":[{"width":1200,"height":800,"url":"https:\/\/resest.com\/wp-content\/uploads\/2025\/09\/lifestyle-portrait-of-young-woman-with-laptop-pos-2025-03-06-12-24-44-utc.jpg","type":"image\/jpeg"}],"author":"Resest","twitter_misc":{"Escrito por":"Resest","Tiempo de lectura":"2 minutos"},"schema":{"@context":"https:\/\/schema.org","@graph":[{"@type":"Article","@id":"https:\/\/resest.com\/es\/vida-de-lestudiant-es\/primer-dia-de-universidad\/#article","isPartOf":{"@id":"https:\/\/resest.com\/es\/vida-de-lestudiant-es\/primer-dia-de-universidad\/"},"author":{"name":"Resest","@id":"https:\/\/resest.com\/es\/#\/schema\/person\/d9965768ae08730dafc3a7c835fcc47c"},"headline":"Primer d\u00eda de universidad: consejos para empezar con buen pie","datePublished":"2025-09-18T08:07:07+00:00","mainEntityOfPage":{"@id":"https:\/\/resest.com\/es\/vida-de-lestudiant-es\/primer-dia-de-universidad\/"},"wordCount":306,"commentCount":0,"publisher":{"@id":"https:\/\/resest.com\/es\/#organization"},"image":{"@id":"https:\/\/resest.com\/es\/vida-de-lestudiant-es\/primer-dia-de-universidad\/#primaryimage"},"thumbnailUrl":"https:\/\/resest.com\/wp-content\/uploads\/2025\/09\/lifestyle-portrait-of-young-woman-with-laptop-pos-2025-03-06-12-24-44-utc.jpg","articleSection":["Consejos para estudiantes universitarios"],"inLanguage":"es","potentialAction":[{"@type":"CommentAction","name":"Comment","target":["https:\/\/resest.com\/es\/vida-de-lestudiant-es\/primer-dia-de-universidad\/#respond"]}]},{"@type":"WebPage","@id":"https:\/\/resest.com\/es\/vida-de-lestudiant-es\/primer-dia-de-universidad\/","url":"https:\/\/resest.com\/es\/vida-de-lestudiant-es\/primer-dia-de-universidad\/","name":"Primer d\u00eda de universidad: consejos y apoyo de RESEST","isPartOf":{"@id":"https:\/\/resest.com\/es\/#website"},"primaryImageOfPage":{"@id":"https:\/\/resest.com\/es\/vida-de-lestudiant-es\/primer-dia-de-universidad\/#primaryimage"},"image":{"@id":"https:\/\/resest.com\/es\/vida-de-lestudiant-es\/primer-dia-de-universidad\/#primaryimage"},"thumbnailUrl":"https:\/\/resest.com\/wp-content\/uploads\/2025\/09\/lifestyle-portrait-of-young-woman-with-laptop-pos-2025-03-06-12-24-44-utc.jpg","datePublished":"2025-09-18T08:07:07+00:00","description":"Afronta el primer d\u00eda de universidad con confianza. Descubre consejos pr\u00e1cticos y c\u00f3mo RESEST te ayuda a empezar con buen pie. \u00a1Reserva tu plaza hoy!","breadcrumb":{"@id":"https:\/\/resest.com\/es\/vida-de-lestudiant-es\/primer-dia-de-universidad\/#breadcrumb"},"inLanguage":"es","potentialAction":[{"@type":"ReadAction","target":["https:\/\/resest.com\/es\/vida-de-lestudiant-es\/primer-dia-de-universidad\/"]}]},{"@type":"ImageObject","inLanguage":"es","@id":"https:\/\/resest.com\/es\/vida-de-lestudiant-es\/primer-dia-de-universidad\/#primaryimage","url":"https:\/\/resest.com\/wp-content\/uploads\/2025\/09\/lifestyle-portrait-of-young-woman-with-laptop-pos-2025-03-06-12-24-44-utc.jpg","contentUrl":"https:\/\/resest.com\/wp-content\/uploads\/2025\/09\/lifestyle-portrait-of-young-woman-with-laptop-pos-2025-03-06-12-24-44-utc.jpg","width":1200,"height":800,"caption":"primer d\u00eda de universidad"},{"@type":"BreadcrumbList","@id":"https:\/\/resest.com\/es\/vida-de-lestudiant-es\/primer-dia-de-universidad\/#breadcrumb","itemListElement":[{"@type":"ListItem","position":1,"name":"Inici","item":"https:\/\/resest.com\/es\/"},{"@type":"ListItem","position":2,"name":"Primer d\u00eda de universidad: consejos para empezar con buen pie"}]},{"@type":"WebSite","@id":"https:\/\/resest.com\/es\/#website","url":"https:\/\/resest.com\/es\/","name":"Resid\u00e8ncia d&#039;Estudiants l&#039;Estaci\u00f3 de Sabadell | Resest","description":"Otro sitio realizado con WordPress","publisher":{"@id":"https:\/\/resest.com\/es\/#organization"},"potentialAction":[{"@type":"SearchAction","target":{"@type":"EntryPoint","urlTemplate":"https:\/\/resest.com\/es\/?s={search_term_string}"},"query-input":{"@type":"PropertyValueSpecification","valueRequired":true,"valueName":"search_term_string"}}],"inLanguage":"es"},{"@type":"Organization","@id":"https:\/\/resest.com\/es\/#organization","name":"Resid\u00e8ncia d&#039;Estudiants l&#039;Estaci\u00f3 de Sabadell | Resest","url":"https:\/\/resest.com\/es\/","logo":{"@type":"ImageObject","inLanguage":"es","@id":"https:\/\/resest.com\/es\/#\/schema\/logo\/image\/","url":"https:\/\/resest.com\/wp-content\/uploads\/2024\/03\/Facana-1.jpg","contentUrl":"https:\/\/resest.com\/wp-content\/uploads\/2024\/03\/Facana-1.jpg","width":1200,"height":1009,"caption":"Resid\u00e8ncia d&#039;Estudiants l&#039;Estaci\u00f3 de Sabadell | Resest"},"image":{"@id":"https:\/\/resest.com\/es\/#\/schema\/logo\/image\/"}},{"@type":"Person","@id":"https:\/\/resest.com\/es\/#\/schema\/person\/d9965768ae08730dafc3a7c835fcc47c","name":"Resest","image":{"@type":"ImageObject","inLanguage":"es","@id":"https:\/\/resest.com\/es\/#\/schema\/person\/image\/","url":"https:\/\/secure.gravatar.com\/avatar\/0c7509c85c836ff68bc43efa415976254ed1463e7bbc3edf38a658092e29e5b4?s=96&d=mm&r=g","contentUrl":"https:\/\/secure.gravatar.com\/avatar\/0c7509c85c836ff68bc43efa415976254ed1463e7bbc3edf38a658092e29e5b4?s=96&d=mm&r=g","caption":"Resest"},"url":"https:\/\/resest.com\/es\/author\/jordi\/"}]}},"_links":{"self":[{"href":"https:\/\/resest.com\/es\/wp-json\/wp\/v2\/posts\/12213","targetHints":{"allow":["GET"]}}],"collection":[{"href":"https:\/\/resest.com\/es\/wp-json\/wp\/v2\/posts"}],"about":[{"href":"https:\/\/resest.com\/es\/wp-json\/wp\/v2\/types\/post"}],"author":[{"embeddable":true,"href":"https:\/\/resest.com\/es\/wp-json\/wp\/v2\/users\/1"}],"replies":[{"embeddable":true,"href":"https:\/\/resest.com\/es\/wp-json\/wp\/v2\/comments?post=12213"}],"version-history":[{"count":1,"href":"https:\/\/resest.com\/es\/wp-json\/wp\/v2\/posts\/12213\/revisions"}],"predecessor-version":[{"id":12214,"href":"https:\/\/resest.com\/es\/wp-json\/wp\/v2\/posts\/12213\/revisions\/12214"}],"wp:featuredmedia":[{"embeddable":true,"href":"https:\/\/resest.com\/es\/wp-json\/wp\/v2\/media\/12211"}],"wp:attachment":[{"href":"https:\/\/resest.com\/es\/wp-json\/wp\/v2\/media?parent=12213"}],"wp:term":[{"taxonomy":"category","embeddable":true,"href":"https:\/\/resest.com\/es\/wp-json\/wp\/v2\/categories?post=12213"},{"taxonomy":"post_tag","embeddable":true,"href":"https:\/\/resest.com\/es\/wp-json\/wp\/v2\/tags?post=12213"}],"curies":[{"name":"wp","href":"https:\/\/api.w.org\/{rel}","templated":true}]}}