{"id":12178,"date":"2025-08-07T11:29:51","date_gmt":"2025-08-07T09:29:51","guid":{"rendered":"https:\/\/resest.com\/?p=12178"},"modified":"2025-08-07T11:34:58","modified_gmt":"2025-08-07T09:34:58","slug":"las-universidades-guardan-plazas-para-septiembre","status":"publish","type":"post","link":"https:\/\/resest.com\/es\/vida-de-lestudiant-es\/las-universidades-guardan-plazas-para-septiembre\/","title":{"rendered":"\u00bfTodav\u00eda hay plazas en la universidad? Encuentra residencia si empiezas en septiembre"},"content":{"rendered":"\n<p>\u00bfTe ha llegado la nota m\u00e1s tarde o has decidido dar el paso a \u00faltima hora? No eres el \u00fanico. Cada a\u00f1o, muchos estudiantes se preguntan si todav\u00eda pueden acceder a la universidad en septiembre. La respuesta es <strong>s\u00ed: algunas universidades todav\u00eda guardan plazas para la matr\u00edcula tard\u00eda<\/strong>, y todav\u00eda est\u00e1s a tiempo de encontrar residencia.<\/p>\n\n\n\n<h2 class=\"wp-block-heading\">\u00bfLas universidades guardan plazas para septiembre?<\/h2>\n\n\n\n<p>S\u00ed, pero <strong>no todas<\/strong> y <strong>no para todos los grados<\/strong>. Despu\u00e9s de la segunda asignaci\u00f3n de julio, hay un periodo de reasignaciones y matr\u00edcula extraordinaria en septiembre, donde las plazas no cubiertas vuelven a estar disponibles.<\/p>\n\n\n\n<p><strong>Consulta en Canal Universidades<\/strong> si el grado que te interesa todav\u00eda tiene vacantes: <a href=\"https:\/\/universitats.gencat.cat\/ca\/inici\">universitats.gencat.cat<\/a><\/p>\n\n\n\n<h2 class=\"wp-block-heading\">Ten en cuenta:<\/h2>\n\n\n\n<ul class=\"wp-block-list\">\n<li>Se trata de <strong>plazas sobrantes<\/strong>, por lo tanto <strong>la oferta es limitada<\/strong>.<\/li>\n\n\n\n<li>Las opciones m\u00e1s demandadas (como Medicina o dobles grados) <strong>se acostumbran a cubrir en julio<\/strong>.<\/li>\n\n\n\n<li>Hay m\u00e1s opciones en <strong>grados de humanidades, ciencias sociales, educaci\u00f3n o ingenier\u00edas concretas<\/strong>.<\/li>\n<\/ul>\n\n\n\n<h2 class=\"wp-block-heading\">\u00bfC\u00f3mo acceder a una plaza en septiembre?<\/h2>\n\n\n\n<ol start=\"1\" class=\"wp-block-list\">\n<li><strong>Absorci\u00f3n complementaria<\/strong>: Algunas universidades abren una nueva convocatoria en septiembre.<\/li>\n\n\n\n<li><strong>Contacto directo con la universidad<\/strong>: Si te interesa un grado concreto, llama o escribe para saber si tienen vacantes.<\/li>\n\n\n\n<li><strong>Acceso por cambio de estudios o titulaci\u00f3n anterior<\/strong>: Algunas plazas se cubren con estudiantes que acceden por otras v\u00edas.<\/li>\n<\/ol>\n\n\n\n<h2 class=\"wp-block-heading\">\u00bfTodav\u00eda est\u00e1s a tiempo de encontrar residencia?<\/h2>\n\n\n\n<p>S\u00ed, pero igual que pasa con las plazas, <strong>en septiembre ya hay mucha demanda acumulada<\/strong>. A continuaci\u00f3n te explicamos c\u00f3mo hacerlo deprisa y bien.<\/p>\n\n\n\n<h3 class=\"wp-block-heading\">1. Prioriza residencias con plazas disponibles<\/h3>\n\n\n\n<p>Muchas residencias tienen listas de espera. <strong>Resest es una opci\u00f3n especialmente recomendable si estudiar\u00e1s en Sabadell o alrededores<\/strong>: est\u00e1 <a href=\"https:\/\/resest.com\/es\/ubicacion-residencia-estudiantil-en-sabadell-bellaterra\/\">bien situada<\/a>, <a href=\"https:\/\/resest.com\/es\/servicios-residencia-estudiantil-en-barcelona-bellaterra\/\">pensada para estudiantes<\/a> y con ambiente universitario activo. Adem\u00e1s, puedes <strong>consultar disponibilidad y <\/strong><a href=\"https:\/\/resest.com\/es\/solicitud-de-plaza-residencia-de-estudiantes-en-bellaterra-barcelona\/\"><strong>hacer la reserva con antelaci\u00f3n desde la<\/strong><\/a> web.<\/p>\n\n\n\n<p><a href=\"https:\/\/resest.com\/ca\/\">Consulta Resest<\/a><\/p>\n\n\n\n<h3 class=\"wp-block-heading\">2. Busca alternativas: pisos y habitaciones<\/h3>\n\n\n\n<p>Si no encuentras residencia, puedes buscar:<\/p>\n\n\n\n<ul class=\"wp-block-list\">\n<li>Explora <strong>pisos compartidos<\/strong> cerca del campus.<\/li>\n\n\n\n<li>Considera <strong>habitaciones en familias u otros estudiantes<\/strong> que ofrezcan alojamiento temporal o fijo.<\/li>\n<\/ul>\n\n\n\n<p>P\u00e1ginas \u00fatiles:<\/p>\n\n\n\n<ul class=\"wp-block-list\">\n<li>Badi<\/li>\n\n\n\n<li>Idealista<\/li>\n\n\n\n<li>Facebook Groups locales<\/li>\n<\/ul>\n\n\n\n<h3 class=\"wp-block-heading\">3. Ten en cuenta&#8230;<\/h3>\n\n\n\n<ul class=\"wp-block-list\">\n<li>Alquila s\u00f3lo con contrato.<\/li>\n\n\n\n<li>Mira las conexiones con transporte p\u00fablico.<\/li>\n\n\n\n<li>Haz una videollamada si no puedes visitar antes.<\/li>\n\n\n\n<li>Evita pagar reservas sin garant\u00edas.<\/li>\n<\/ul>\n\n\n\n<h2 class=\"wp-block-heading\">Recomendaci\u00f3n: mu\u00e9vete r\u00e1pido<\/h2>\n\n\n\n<p>Tanto si es para acceder a la universidad en septiembre como para encontrar lugar donde vivir, lo m\u00e1s importante es actuar con rapidez. Hay opciones, pero las plazas se agotan r\u00e1pido. <strong>Reseste puede ser tu punto de partida ideal para empezar con buen pie: alojamiento seguro, ambiente joven y ubicaci\u00f3n estrat\u00e9gica<\/strong>.<\/p>\n\n\n\n<p><strong>Las universidades s\u00ed guardan plazas para septiembre<\/strong>, pero no para todo. Si has decidido empezar la universidad ahora, no te quedes parado. Comprueba las vacantes disponibles, contacta con el centro y busca una residencia cuanto antes. \u00a1Todav\u00eda est\u00e1s a tiempo de empezar este curso con buen pie!<\/p>\n\n\n\n<p><\/p>\n","protected":false},"excerpt":{"rendered":"<p>\u00bfTe ha llegado la nota m\u00e1s tarde o has decidido dar el paso a \u00faltima hora? No eres el \u00fanico. Cada a\u00f1o, muchos estudiantes se preguntan si todav\u00eda pueden acceder a la universidad en septiembre. La respuesta es s\u00ed: algunas universidades todav\u00eda guardan plazas para la matr\u00edcula tard\u00eda, y todav\u00eda est\u00e1s a tiempo de encontrar&hellip;<\/p>\n","protected":false},"author":1,"featured_media":12174,"comment_status":"open","ping_status":"open","sticky":false,"template":"","format":"standard","meta":{"footnotes":""},"categories":[1,69],"tags":[],"class_list":["post-12178","post","type-post","status-publish","format-standard","has-post-thumbnail","hentry","category-blog-es","category-vida-de-lestudiant-es","entry","has-media"],"yoast_head":"<!-- This site is optimized with the Yoast SEO plugin v26.4 - https:\/\/yoast.com\/wordpress\/plugins\/seo\/ -->\n<title>\u00bfTodav\u00eda hay plazas en la universidad en septiembre? \u2013 Resest<\/title>\n<meta name=\"description\" content=\"\u00bfQuieres empezar la universidad en septiembre? Todav\u00eda hay plazas disponibles y puedes encontrar residencia. Te explicamos c\u00f3mo acceder a ella y qu\u00e9 hacer. Entra ahora.\" \/>\n<meta name=\"robots\" content=\"index, follow, max-snippet:-1, max-image-preview:large, max-video-preview:-1\" \/>\n<link rel=\"canonical\" href=\"https:\/\/resest.com\/es\/vida-de-lestudiant-es\/las-universidades-guardan-plazas-para-septiembre\/\" \/>\n<meta property=\"og:locale\" content=\"es_ES\" \/>\n<meta property=\"og:type\" content=\"article\" \/>\n<meta property=\"og:title\" content=\"\u00bfTodav\u00eda hay plazas en la universidad en septiembre? \u2013 Resest\" \/>\n<meta property=\"og:description\" content=\"\u00bfQuieres empezar la universidad en septiembre? Todav\u00eda hay plazas disponibles y puedes encontrar residencia. Te explicamos c\u00f3mo acceder a ella y qu\u00e9 hacer. Entra ahora.\" \/>\n<meta property=\"og:url\" content=\"https:\/\/resest.com\/es\/vida-de-lestudiant-es\/las-universidades-guardan-plazas-para-septiembre\/\" \/>\n<meta property=\"og:site_name\" content=\"Resid\u00e8ncia d&#039;Estudiants l&#039;Estaci\u00f3 de Sabadell | Resest\" \/>\n<meta property=\"article:published_time\" content=\"2025-08-07T09:29:51+00:00\" \/>\n<meta property=\"article:modified_time\" content=\"2025-08-07T09:34:58+00:00\" \/>\n<meta property=\"og:image\" content=\"https:\/\/resest.com\/wp-content\/uploads\/2025\/08\/multiracial-group-of-happy-college-students-in-a-h-2024-12-13-18-35-14-utc.jpg\" \/>\n\t<meta property=\"og:image:width\" content=\"1200\" \/>\n\t<meta property=\"og:image:height\" content=\"800\" \/>\n\t<meta property=\"og:image:type\" content=\"image\/jpeg\" \/>\n<meta name=\"author\" content=\"Resest\" \/>\n<meta name=\"twitter:label1\" content=\"Escrito por\" \/>\n\t<meta name=\"twitter:data1\" content=\"Resest\" \/>\n\t<meta name=\"twitter:label2\" content=\"Tiempo de lectura\" \/>\n\t<meta name=\"twitter:data2\" content=\"3 minutos\" \/>\n<script type=\"application\/ld+json\" class=\"yoast-schema-graph\">{\"@context\":\"https:\/\/schema.org\",\"@graph\":[{\"@type\":\"Article\",\"@id\":\"https:\/\/resest.com\/es\/vida-de-lestudiant-es\/las-universidades-guardan-plazas-para-septiembre\/#article\",\"isPartOf\":{\"@id\":\"https:\/\/resest.com\/es\/vida-de-lestudiant-es\/las-universidades-guardan-plazas-para-septiembre\/\"},\"author\":{\"name\":\"Resest\",\"@id\":\"https:\/\/resest.com\/es\/#\/schema\/person\/d9965768ae08730dafc3a7c835fcc47c\"},\"headline\":\"\u00bfTodav\u00eda hay plazas en la universidad? Encuentra residencia si empiezas en septiembre\",\"datePublished\":\"2025-08-07T09:29:51+00:00\",\"dateModified\":\"2025-08-07T09:34:58+00:00\",\"mainEntityOfPage\":{\"@id\":\"https:\/\/resest.com\/es\/vida-de-lestudiant-es\/las-universidades-guardan-plazas-para-septiembre\/\"},\"wordCount\":510,\"commentCount\":0,\"publisher\":{\"@id\":\"https:\/\/resest.com\/es\/#organization\"},\"image\":{\"@id\":\"https:\/\/resest.com\/es\/vida-de-lestudiant-es\/las-universidades-guardan-plazas-para-septiembre\/#primaryimage\"},\"thumbnailUrl\":\"https:\/\/resest.com\/wp-content\/uploads\/2025\/08\/multiracial-group-of-happy-college-students-in-a-h-2024-12-13-18-35-14-utc.jpg\",\"articleSection\":[\"Blog\",\"Consejos para estudiantes universitarios\"],\"inLanguage\":\"es\",\"potentialAction\":[{\"@type\":\"CommentAction\",\"name\":\"Comment\",\"target\":[\"https:\/\/resest.com\/es\/vida-de-lestudiant-es\/las-universidades-guardan-plazas-para-septiembre\/#respond\"]}]},{\"@type\":\"WebPage\",\"@id\":\"https:\/\/resest.com\/es\/vida-de-lestudiant-es\/las-universidades-guardan-plazas-para-septiembre\/\",\"url\":\"https:\/\/resest.com\/es\/vida-de-lestudiant-es\/las-universidades-guardan-plazas-para-septiembre\/\",\"name\":\"\u00bfTodav\u00eda hay plazas en la universidad en septiembre? \u2013 Resest\",\"isPartOf\":{\"@id\":\"https:\/\/resest.com\/es\/#website\"},\"primaryImageOfPage\":{\"@id\":\"https:\/\/resest.com\/es\/vida-de-lestudiant-es\/las-universidades-guardan-plazas-para-septiembre\/#primaryimage\"},\"image\":{\"@id\":\"https:\/\/resest.com\/es\/vida-de-lestudiant-es\/las-universidades-guardan-plazas-para-septiembre\/#primaryimage\"},\"thumbnailUrl\":\"https:\/\/resest.com\/wp-content\/uploads\/2025\/08\/multiracial-group-of-happy-college-students-in-a-h-2024-12-13-18-35-14-utc.jpg\",\"datePublished\":\"2025-08-07T09:29:51+00:00\",\"dateModified\":\"2025-08-07T09:34:58+00:00\",\"description\":\"\u00bfQuieres empezar la universidad en septiembre? Todav\u00eda hay plazas disponibles y puedes encontrar residencia. Te explicamos c\u00f3mo acceder a ella y qu\u00e9 hacer. Entra ahora.\",\"breadcrumb\":{\"@id\":\"https:\/\/resest.com\/es\/vida-de-lestudiant-es\/las-universidades-guardan-plazas-para-septiembre\/#breadcrumb\"},\"inLanguage\":\"es\",\"potentialAction\":[{\"@type\":\"ReadAction\",\"target\":[\"https:\/\/resest.com\/es\/vida-de-lestudiant-es\/las-universidades-guardan-plazas-para-septiembre\/\"]}]},{\"@type\":\"ImageObject\",\"inLanguage\":\"es\",\"@id\":\"https:\/\/resest.com\/es\/vida-de-lestudiant-es\/las-universidades-guardan-plazas-para-septiembre\/#primaryimage\",\"url\":\"https:\/\/resest.com\/wp-content\/uploads\/2025\/08\/multiracial-group-of-happy-college-students-in-a-h-2024-12-13-18-35-14-utc.jpg\",\"contentUrl\":\"https:\/\/resest.com\/wp-content\/uploads\/2025\/08\/multiracial-group-of-happy-college-students-in-a-h-2024-12-13-18-35-14-utc.jpg\",\"width\":1200,\"height\":800,\"caption\":\"las universidades guardan plazas para septiembre\"},{\"@type\":\"BreadcrumbList\",\"@id\":\"https:\/\/resest.com\/es\/vida-de-lestudiant-es\/las-universidades-guardan-plazas-para-septiembre\/#breadcrumb\",\"itemListElement\":[{\"@type\":\"ListItem\",\"position\":1,\"name\":\"Inici\",\"item\":\"https:\/\/resest.com\/es\/\"},{\"@type\":\"ListItem\",\"position\":2,\"name\":\"\u00bfTodav\u00eda hay plazas en la universidad? Encuentra residencia si empiezas en septiembre\"}]},{\"@type\":\"WebSite\",\"@id\":\"https:\/\/resest.com\/es\/#website\",\"url\":\"https:\/\/resest.com\/es\/\",\"name\":\"Resid\u00e8ncia d&#039;Estudiants l&#039;Estaci\u00f3 de Sabadell | Resest\",\"description\":\"Otro sitio realizado con WordPress\",\"publisher\":{\"@id\":\"https:\/\/resest.com\/es\/#organization\"},\"potentialAction\":[{\"@type\":\"SearchAction\",\"target\":{\"@type\":\"EntryPoint\",\"urlTemplate\":\"https:\/\/resest.com\/es\/?s={search_term_string}\"},\"query-input\":{\"@type\":\"PropertyValueSpecification\",\"valueRequired\":true,\"valueName\":\"search_term_string\"}}],\"inLanguage\":\"es\"},{\"@type\":\"Organization\",\"@id\":\"https:\/\/resest.com\/es\/#organization\",\"name\":\"Resid\u00e8ncia d&#039;Estudiants l&#039;Estaci\u00f3 de Sabadell | Resest\",\"url\":\"https:\/\/resest.com\/es\/\",\"logo\":{\"@type\":\"ImageObject\",\"inLanguage\":\"es\",\"@id\":\"https:\/\/resest.com\/es\/#\/schema\/logo\/image\/\",\"url\":\"https:\/\/resest.com\/wp-content\/uploads\/2024\/03\/Facana-1.jpg\",\"contentUrl\":\"https:\/\/resest.com\/wp-content\/uploads\/2024\/03\/Facana-1.jpg\",\"width\":1200,\"height\":1009,\"caption\":\"Resid\u00e8ncia d&#039;Estudiants l&#039;Estaci\u00f3 de Sabadell | Resest\"},\"image\":{\"@id\":\"https:\/\/resest.com\/es\/#\/schema\/logo\/image\/\"}},{\"@type\":\"Person\",\"@id\":\"https:\/\/resest.com\/es\/#\/schema\/person\/d9965768ae08730dafc3a7c835fcc47c\",\"name\":\"Resest\",\"image\":{\"@type\":\"ImageObject\",\"inLanguage\":\"es\",\"@id\":\"https:\/\/resest.com\/es\/#\/schema\/person\/image\/\",\"url\":\"https:\/\/secure.gravatar.com\/avatar\/0c7509c85c836ff68bc43efa415976254ed1463e7bbc3edf38a658092e29e5b4?s=96&d=mm&r=g\",\"contentUrl\":\"https:\/\/secure.gravatar.com\/avatar\/0c7509c85c836ff68bc43efa415976254ed1463e7bbc3edf38a658092e29e5b4?s=96&d=mm&r=g\",\"caption\":\"Resest\"},\"url\":\"https:\/\/resest.com\/es\/author\/jordi\/\"}]}<\/script>\n<!-- \/ Yoast SEO plugin. -->","yoast_head_json":{"title":"\u00bfTodav\u00eda hay plazas en la universidad en septiembre? \u2013 Resest","description":"\u00bfQuieres empezar la universidad en septiembre? Todav\u00eda hay plazas disponibles y puedes encontrar residencia. Te explicamos c\u00f3mo acceder a ella y qu\u00e9 hacer. Entra ahora.","robots":{"index":"index","follow":"follow","max-snippet":"max-snippet:-1","max-image-preview":"max-image-preview:large","max-video-preview":"max-video-preview:-1"},"canonical":"https:\/\/resest.com\/es\/vida-de-lestudiant-es\/las-universidades-guardan-plazas-para-septiembre\/","og_locale":"es_ES","og_type":"article","og_title":"\u00bfTodav\u00eda hay plazas en la universidad en septiembre? \u2013 Resest","og_description":"\u00bfQuieres empezar la universidad en septiembre? Todav\u00eda hay plazas disponibles y puedes encontrar residencia. Te explicamos c\u00f3mo acceder a ella y qu\u00e9 hacer. Entra ahora.","og_url":"https:\/\/resest.com\/es\/vida-de-lestudiant-es\/las-universidades-guardan-plazas-para-septiembre\/","og_site_name":"Resid\u00e8ncia d&#039;Estudiants l&#039;Estaci\u00f3 de Sabadell | Resest","article_published_time":"2025-08-07T09:29:51+00:00","article_modified_time":"2025-08-07T09:34:58+00:00","og_image":[{"width":1200,"height":800,"url":"https:\/\/resest.com\/wp-content\/uploads\/2025\/08\/multiracial-group-of-happy-college-students-in-a-h-2024-12-13-18-35-14-utc.jpg","type":"image\/jpeg"}],"author":"Resest","twitter_misc":{"Escrito por":"Resest","Tiempo de lectura":"3 minutos"},"schema":{"@context":"https:\/\/schema.org","@graph":[{"@type":"Article","@id":"https:\/\/resest.com\/es\/vida-de-lestudiant-es\/las-universidades-guardan-plazas-para-septiembre\/#article","isPartOf":{"@id":"https:\/\/resest.com\/es\/vida-de-lestudiant-es\/las-universidades-guardan-plazas-para-septiembre\/"},"author":{"name":"Resest","@id":"https:\/\/resest.com\/es\/#\/schema\/person\/d9965768ae08730dafc3a7c835fcc47c"},"headline":"\u00bfTodav\u00eda hay plazas en la universidad? Encuentra residencia si empiezas en septiembre","datePublished":"2025-08-07T09:29:51+00:00","dateModified":"2025-08-07T09:34:58+00:00","mainEntityOfPage":{"@id":"https:\/\/resest.com\/es\/vida-de-lestudiant-es\/las-universidades-guardan-plazas-para-septiembre\/"},"wordCount":510,"commentCount":0,"publisher":{"@id":"https:\/\/resest.com\/es\/#organization"},"image":{"@id":"https:\/\/resest.com\/es\/vida-de-lestudiant-es\/las-universidades-guardan-plazas-para-septiembre\/#primaryimage"},"thumbnailUrl":"https:\/\/resest.com\/wp-content\/uploads\/2025\/08\/multiracial-group-of-happy-college-students-in-a-h-2024-12-13-18-35-14-utc.jpg","articleSection":["Blog","Consejos para estudiantes universitarios"],"inLanguage":"es","potentialAction":[{"@type":"CommentAction","name":"Comment","target":["https:\/\/resest.com\/es\/vida-de-lestudiant-es\/las-universidades-guardan-plazas-para-septiembre\/#respond"]}]},{"@type":"WebPage","@id":"https:\/\/resest.com\/es\/vida-de-lestudiant-es\/las-universidades-guardan-plazas-para-septiembre\/","url":"https:\/\/resest.com\/es\/vida-de-lestudiant-es\/las-universidades-guardan-plazas-para-septiembre\/","name":"\u00bfTodav\u00eda hay plazas en la universidad en septiembre? \u2013 Resest","isPartOf":{"@id":"https:\/\/resest.com\/es\/#website"},"primaryImageOfPage":{"@id":"https:\/\/resest.com\/es\/vida-de-lestudiant-es\/las-universidades-guardan-plazas-para-septiembre\/#primaryimage"},"image":{"@id":"https:\/\/resest.com\/es\/vida-de-lestudiant-es\/las-universidades-guardan-plazas-para-septiembre\/#primaryimage"},"thumbnailUrl":"https:\/\/resest.com\/wp-content\/uploads\/2025\/08\/multiracial-group-of-happy-college-students-in-a-h-2024-12-13-18-35-14-utc.jpg","datePublished":"2025-08-07T09:29:51+00:00","dateModified":"2025-08-07T09:34:58+00:00","description":"\u00bfQuieres empezar la universidad en septiembre? Todav\u00eda hay plazas disponibles y puedes encontrar residencia. Te explicamos c\u00f3mo acceder a ella y qu\u00e9 hacer. Entra ahora.","breadcrumb":{"@id":"https:\/\/resest.com\/es\/vida-de-lestudiant-es\/las-universidades-guardan-plazas-para-septiembre\/#breadcrumb"},"inLanguage":"es","potentialAction":[{"@type":"ReadAction","target":["https:\/\/resest.com\/es\/vida-de-lestudiant-es\/las-universidades-guardan-plazas-para-septiembre\/"]}]},{"@type":"ImageObject","inLanguage":"es","@id":"https:\/\/resest.com\/es\/vida-de-lestudiant-es\/las-universidades-guardan-plazas-para-septiembre\/#primaryimage","url":"https:\/\/resest.com\/wp-content\/uploads\/2025\/08\/multiracial-group-of-happy-college-students-in-a-h-2024-12-13-18-35-14-utc.jpg","contentUrl":"https:\/\/resest.com\/wp-content\/uploads\/2025\/08\/multiracial-group-of-happy-college-students-in-a-h-2024-12-13-18-35-14-utc.jpg","width":1200,"height":800,"caption":"las universidades guardan plazas para septiembre"},{"@type":"BreadcrumbList","@id":"https:\/\/resest.com\/es\/vida-de-lestudiant-es\/las-universidades-guardan-plazas-para-septiembre\/#breadcrumb","itemListElement":[{"@type":"ListItem","position":1,"name":"Inici","item":"https:\/\/resest.com\/es\/"},{"@type":"ListItem","position":2,"name":"\u00bfTodav\u00eda hay plazas en la universidad? Encuentra residencia si empiezas en septiembre"}]},{"@type":"WebSite","@id":"https:\/\/resest.com\/es\/#website","url":"https:\/\/resest.com\/es\/","name":"Resid\u00e8ncia d&#039;Estudiants l&#039;Estaci\u00f3 de Sabadell | Resest","description":"Otro sitio realizado con WordPress","publisher":{"@id":"https:\/\/resest.com\/es\/#organization"},"potentialAction":[{"@type":"SearchAction","target":{"@type":"EntryPoint","urlTemplate":"https:\/\/resest.com\/es\/?s={search_term_string}"},"query-input":{"@type":"PropertyValueSpecification","valueRequired":true,"valueName":"search_term_string"}}],"inLanguage":"es"},{"@type":"Organization","@id":"https:\/\/resest.com\/es\/#organization","name":"Resid\u00e8ncia d&#039;Estudiants l&#039;Estaci\u00f3 de Sabadell | Resest","url":"https:\/\/resest.com\/es\/","logo":{"@type":"ImageObject","inLanguage":"es","@id":"https:\/\/resest.com\/es\/#\/schema\/logo\/image\/","url":"https:\/\/resest.com\/wp-content\/uploads\/2024\/03\/Facana-1.jpg","contentUrl":"https:\/\/resest.com\/wp-content\/uploads\/2024\/03\/Facana-1.jpg","width":1200,"height":1009,"caption":"Resid\u00e8ncia d&#039;Estudiants l&#039;Estaci\u00f3 de Sabadell | Resest"},"image":{"@id":"https:\/\/resest.com\/es\/#\/schema\/logo\/image\/"}},{"@type":"Person","@id":"https:\/\/resest.com\/es\/#\/schema\/person\/d9965768ae08730dafc3a7c835fcc47c","name":"Resest","image":{"@type":"ImageObject","inLanguage":"es","@id":"https:\/\/resest.com\/es\/#\/schema\/person\/image\/","url":"https:\/\/secure.gravatar.com\/avatar\/0c7509c85c836ff68bc43efa415976254ed1463e7bbc3edf38a658092e29e5b4?s=96&d=mm&r=g","contentUrl":"https:\/\/secure.gravatar.com\/avatar\/0c7509c85c836ff68bc43efa415976254ed1463e7bbc3edf38a658092e29e5b4?s=96&d=mm&r=g","caption":"Resest"},"url":"https:\/\/resest.com\/es\/author\/jordi\/"}]}},"_links":{"self":[{"href":"https:\/\/resest.com\/es\/wp-json\/wp\/v2\/posts\/12178","targetHints":{"allow":["GET"]}}],"collection":[{"href":"https:\/\/resest.com\/es\/wp-json\/wp\/v2\/posts"}],"about":[{"href":"https:\/\/resest.com\/es\/wp-json\/wp\/v2\/types\/post"}],"author":[{"embeddable":true,"href":"https:\/\/resest.com\/es\/wp-json\/wp\/v2\/users\/1"}],"replies":[{"embeddable":true,"href":"https:\/\/resest.com\/es\/wp-json\/wp\/v2\/comments?post=12178"}],"version-history":[{"count":1,"href":"https:\/\/resest.com\/es\/wp-json\/wp\/v2\/posts\/12178\/revisions"}],"predecessor-version":[{"id":12179,"href":"https:\/\/resest.com\/es\/wp-json\/wp\/v2\/posts\/12178\/revisions\/12179"}],"wp:featuredmedia":[{"embeddable":true,"href":"https:\/\/resest.com\/es\/wp-json\/wp\/v2\/media\/12174"}],"wp:attachment":[{"href":"https:\/\/resest.com\/es\/wp-json\/wp\/v2\/media?parent=12178"}],"wp:term":[{"taxonomy":"category","embeddable":true,"href":"https:\/\/resest.com\/es\/wp-json\/wp\/v2\/categories?post=12178"},{"taxonomy":"post_tag","embeddable":true,"href":"https:\/\/resest.com\/es\/wp-json\/wp\/v2\/tags?post=12178"}],"curies":[{"name":"wp","href":"https:\/\/api.w.org\/{rel}","templated":true}]}}