{"id":12150,"date":"2025-07-14T13:44:25","date_gmt":"2025-07-14T11:44:25","guid":{"rendered":"https:\/\/resest.com\/?p=12150"},"modified":"2025-07-31T13:49:08","modified_gmt":"2025-07-31T11:49:08","slug":"notas-de-corte-cataluna-2025","status":"publish","type":"post","link":"https:\/\/resest.com\/es\/noticias-para-universitarios\/notas-de-corte-cataluna-2025\/","title":{"rendered":"D\u00f3nde consultar las notas de corte Catalu\u00f1a 2025"},"content":{"rendered":"\n<p>\u00bfQuieres saber si tienes suficiente nota para entrar en el grado universitario que te interesa? Las <strong>notas de corte<\/strong> son una referencia clave para orientarte durante la preinscripci\u00f3n universitaria. En este art\u00edculo te explicamos <strong>d\u00f3nde consultar las notas de corte en Catalu\u00f1a para el curso 2025<\/strong>, c\u00f3mo interpretarlas, y qu\u00e9 carreras tienen las puntuaciones m\u00e1s altas este a\u00f1o.<\/p>\n\n\n\n<h2 class=\"wp-block-heading\">D\u00f3nde encontrar las notas de corte oficiales 2025<\/h2>\n\n\n\n<p>Las <strong>notas de corte Catalu\u00f1a 2025<\/strong> se pueden consultar de forma oficial en la web de Canal Universidades de la Generalidad de Catalu\u00f1a. Estas notas se publican despu\u00e9s de la primera asignaci\u00f3n de plazas (11 de julio) y se actualizan con la segunda (24 de julio).<\/p>\n\n\n\n<p>&nbsp;<strong>Web oficial<\/strong>: <a href=\"https:\/\/universitats.gencat.cat\/ca\/inici\">universitats.gencat.cat<\/a><\/p>\n\n\n\n<p>All\u00ed encontrar\u00e1s:<\/p>\n\n\n\n<ul class=\"wp-block-list\">\n<li>PDF completo con todas las notas de corte por grado y universidad.<\/li>\n\n\n\n<li>Buscador interactivo para filtrar por universidad, rama, poblaci\u00f3n o nota m\u00ednima.<\/li>\n<\/ul>\n\n\n\n<p>Otros portales como notasdecorte.es o Betev\u00e9.cat tambi\u00e9n ofrecen res\u00famenes \u00fatiles.<\/p>\n\n\n\n<h2 class=\"wp-block-heading\">\u00bfC\u00f3mo interpretar la nota de corte?<\/h2>\n\n\n\n<p>La <strong>nota de corte<\/strong> es la nota m\u00e1s baja con la que un estudiante ha accedido a un grado en la \u00faltima asignaci\u00f3n de plazas. No es una nota fija, sino que depende de:<\/p>\n\n\n\n<ul class=\"wp-block-list\">\n<li>La oferta de plazas del grado.<\/li>\n\n\n\n<li>El n\u00famero de solicitudes recibidas.<\/li>\n\n\n\n<li>Las notas de los estudiantes que han accedido.<\/li>\n<\/ul>\n\n\n\n<p>Es importante saber que si la demanda de un grado es muy alta, la nota de corte sube. Y si no se llenan las plazas, puede bajar.<\/p>\n\n\n\n<h2 class=\"wp-block-heading\">\u00bfPor qu\u00e9 las notas no han bajado a pesar de la nueva selectividad?<\/h2>\n\n\n\n<p>Aunque la <strong>nueva PAU 2025<\/strong> ha cambiado el modelo de examen, las notas de corte siguen siendo altas. Los motivos:<\/p>\n\n\n\n<ul class=\"wp-block-list\">\n<li><strong>Alta demanda<\/strong>: 62.238 estudiantes han hecho la preinscripci\u00f3n, pero solo hay 41.866 plazas disponibles.<\/li>\n\n\n\n<li><strong>Oferta limitada<\/strong> en muchos grados solicitados.<\/li>\n\n\n\n<li><strong>Notas PAU ligeramente m\u00e1s bajas<\/strong>, pero no lo suficiente para hacer bajar las notas de corte, debido a la competencia.<\/li>\n<\/ul>\n\n\n\n<p>Esto genera un <strong>desajuste estructural<\/strong> entre oferta y demanda que hace que las notas sigan por encima del 12 en muchos grados.<\/p>\n\n\n\n<h2 class=\"wp-block-heading\">Recomendaciones para orientarte<\/h2>\n\n\n\n<ul class=\"wp-block-list\">\n<li>Consulta tanto la <strong>primera como la segunda asignaci\u00f3n<\/strong> (11 y 24 de julio).<\/li>\n\n\n\n<li>Usa simuladores <strong>de nota<\/strong> como el del 3cat:<br>\u00a0\ud83d\udc49 <a href=\"https:\/\/www.3cat.cat\/324\/calculadora-de-la-nota-de-tall-2025-el-simulador-per-saber-que-has-de-treure-a-la-selectivitat\/noticia\/3354261\/\">Simulador de nota de corte 2025 \u2013 3cat.cat<\/a><\/li>\n\n\n\n<li><strong>Ordena bien las preferencias<\/strong> a la preinscripci\u00f3n: pone en primer lugar el grado que quieres, aunque tenga una nota muy alta.<\/li>\n\n\n\n<li>Tuve un <strong>plan B<\/strong> con opciones alternativas con notas m\u00e1s asequibles.<\/li>\n<\/ul>\n\n\n\n<h2 class=\"wp-block-heading\">Preguntas frecuentes<\/h2>\n\n\n\n<ul class=\"wp-block-list\">\n<li><strong>\u00bfCu\u00e1ndo se publican las notas de corte Catalu\u00f1a 2025?<\/strong><br>\u2013 La primera asignaci\u00f3n se hace p\u00fablica el 11 de julio; la segunda, el 24 de julio.<\/li>\n\n\n\n<li><strong>\u00bfLas notas son definitivas?<\/strong><br>\u2013 No. Pueden variar ligeramente entre asignaciones y en reasignaciones posteriores.<\/li>\n\n\n\n<li><strong>\u00bfC\u00f3mo s\u00e9 si tengo opciones de entrar?<\/strong><br>\u2013 Compara tu nota con la nota de corte del a\u00f1o anterior y usa el simulador para hacer estimaciones.<\/li>\n\n\n\n<li><strong>\u00bfHay grados sin nota de corte?<\/strong><br>\u2013 S\u00ed, algunos estudios con baja demanda no tienen nota de corte o tienen acceso libre.<\/li>\n<\/ul>\n\n\n\n<p><\/p>\n","protected":false},"excerpt":{"rendered":"<p>\u00bfQuieres saber si tienes suficiente nota para entrar en el grado universitario que te interesa? Las notas de corte son una referencia clave para orientarte durante la preinscripci\u00f3n universitaria. En este art\u00edculo te explicamos d\u00f3nde consultar las notas de corte en Catalu\u00f1a para el curso 2025, c\u00f3mo interpretarlas, y qu\u00e9 carreras tienen las puntuaciones m\u00e1s&hellip;<\/p>\n","protected":false},"author":1,"featured_media":12146,"comment_status":"open","ping_status":"open","sticky":false,"template":"","format":"standard","meta":{"footnotes":""},"categories":[95],"tags":[],"class_list":["post-12150","post","type-post","status-publish","format-standard","has-post-thumbnail","hentry","category-noticias-para-universitarios","entry","has-media"],"yoast_head":"<!-- This site is optimized with the Yoast SEO plugin v26.4 - https:\/\/yoast.com\/wordpress\/plugins\/seo\/ -->\n<title>Consulta de notas de tal 2025 - RESEST<\/title>\n<meta name=\"description\" content=\"Consulta las notas de corte 2025 por grados y universidades p\u00fablicas de Catalu\u00f1a. Descubre las cuales han subido, bajado o mantenido. Accede a PDF y buscadores oficiales.\" \/>\n<meta name=\"robots\" content=\"index, follow, max-snippet:-1, max-image-preview:large, max-video-preview:-1\" \/>\n<link rel=\"canonical\" href=\"https:\/\/resest.com\/es\/noticias-para-universitarios\/notas-de-corte-cataluna-2025\/\" \/>\n<meta property=\"og:locale\" content=\"es_ES\" \/>\n<meta property=\"og:type\" content=\"article\" \/>\n<meta property=\"og:title\" content=\"Consulta de notas de tal 2025 - RESEST\" \/>\n<meta property=\"og:description\" content=\"Consulta las notas de corte 2025 por grados y universidades p\u00fablicas de Catalu\u00f1a. Descubre las cuales han subido, bajado o mantenido. Accede a PDF y buscadores oficiales.\" \/>\n<meta property=\"og:url\" content=\"https:\/\/resest.com\/es\/noticias-para-universitarios\/notas-de-corte-cataluna-2025\/\" \/>\n<meta property=\"og:site_name\" content=\"Resid\u00e8ncia d&#039;Estudiants l&#039;Estaci\u00f3 de Sabadell | Resest\" \/>\n<meta property=\"article:published_time\" content=\"2025-07-14T11:44:25+00:00\" \/>\n<meta property=\"article:modified_time\" content=\"2025-07-31T11:49:08+00:00\" \/>\n<meta property=\"og:image\" content=\"https:\/\/resest.com\/wp-content\/uploads\/2025\/07\/group-of-unrecognizable-university-students-sittin-2024-10-18-17-48-23-utc.jpg\" \/>\n\t<meta property=\"og:image:width\" content=\"1200\" \/>\n\t<meta property=\"og:image:height\" content=\"801\" \/>\n\t<meta property=\"og:image:type\" content=\"image\/jpeg\" \/>\n<meta name=\"author\" content=\"Resest\" \/>\n<meta name=\"twitter:label1\" content=\"Escrito por\" \/>\n\t<meta name=\"twitter:data1\" content=\"Resest\" \/>\n\t<meta name=\"twitter:label2\" content=\"Tiempo de lectura\" \/>\n\t<meta name=\"twitter:data2\" content=\"3 minutos\" \/>\n<script type=\"application\/ld+json\" class=\"yoast-schema-graph\">{\"@context\":\"https:\/\/schema.org\",\"@graph\":[{\"@type\":\"Article\",\"@id\":\"https:\/\/resest.com\/es\/noticias-para-universitarios\/notas-de-corte-cataluna-2025\/#article\",\"isPartOf\":{\"@id\":\"https:\/\/resest.com\/es\/noticias-para-universitarios\/notas-de-corte-cataluna-2025\/\"},\"author\":{\"name\":\"Resest\",\"@id\":\"https:\/\/resest.com\/es\/#\/schema\/person\/d9965768ae08730dafc3a7c835fcc47c\"},\"headline\":\"D\u00f3nde consultar las notas de corte Catalu\u00f1a 2025\",\"datePublished\":\"2025-07-14T11:44:25+00:00\",\"dateModified\":\"2025-07-31T11:49:08+00:00\",\"mainEntityOfPage\":{\"@id\":\"https:\/\/resest.com\/es\/noticias-para-universitarios\/notas-de-corte-cataluna-2025\/\"},\"wordCount\":513,\"commentCount\":0,\"publisher\":{\"@id\":\"https:\/\/resest.com\/es\/#organization\"},\"image\":{\"@id\":\"https:\/\/resest.com\/es\/noticias-para-universitarios\/notas-de-corte-cataluna-2025\/#primaryimage\"},\"thumbnailUrl\":\"https:\/\/resest.com\/wp-content\/uploads\/2025\/07\/group-of-unrecognizable-university-students-sittin-2024-10-18-17-48-23-utc.jpg\",\"articleSection\":[\"Noticias para universitarios\"],\"inLanguage\":\"es\",\"potentialAction\":[{\"@type\":\"CommentAction\",\"name\":\"Comment\",\"target\":[\"https:\/\/resest.com\/es\/noticias-para-universitarios\/notas-de-corte-cataluna-2025\/#respond\"]}]},{\"@type\":\"WebPage\",\"@id\":\"https:\/\/resest.com\/es\/noticias-para-universitarios\/notas-de-corte-cataluna-2025\/\",\"url\":\"https:\/\/resest.com\/es\/noticias-para-universitarios\/notas-de-corte-cataluna-2025\/\",\"name\":\"Consulta de notas de tal 2025 - RESEST\",\"isPartOf\":{\"@id\":\"https:\/\/resest.com\/es\/#website\"},\"primaryImageOfPage\":{\"@id\":\"https:\/\/resest.com\/es\/noticias-para-universitarios\/notas-de-corte-cataluna-2025\/#primaryimage\"},\"image\":{\"@id\":\"https:\/\/resest.com\/es\/noticias-para-universitarios\/notas-de-corte-cataluna-2025\/#primaryimage\"},\"thumbnailUrl\":\"https:\/\/resest.com\/wp-content\/uploads\/2025\/07\/group-of-unrecognizable-university-students-sittin-2024-10-18-17-48-23-utc.jpg\",\"datePublished\":\"2025-07-14T11:44:25+00:00\",\"dateModified\":\"2025-07-31T11:49:08+00:00\",\"description\":\"Consulta las notas de corte 2025 por grados y universidades p\u00fablicas de Catalu\u00f1a. Descubre las cuales han subido, bajado o mantenido. Accede a PDF y buscadores oficiales.\",\"breadcrumb\":{\"@id\":\"https:\/\/resest.com\/es\/noticias-para-universitarios\/notas-de-corte-cataluna-2025\/#breadcrumb\"},\"inLanguage\":\"es\",\"potentialAction\":[{\"@type\":\"ReadAction\",\"target\":[\"https:\/\/resest.com\/es\/noticias-para-universitarios\/notas-de-corte-cataluna-2025\/\"]}]},{\"@type\":\"ImageObject\",\"inLanguage\":\"es\",\"@id\":\"https:\/\/resest.com\/es\/noticias-para-universitarios\/notas-de-corte-cataluna-2025\/#primaryimage\",\"url\":\"https:\/\/resest.com\/wp-content\/uploads\/2025\/07\/group-of-unrecognizable-university-students-sittin-2024-10-18-17-48-23-utc.jpg\",\"contentUrl\":\"https:\/\/resest.com\/wp-content\/uploads\/2025\/07\/group-of-unrecognizable-university-students-sittin-2024-10-18-17-48-23-utc.jpg\",\"width\":1200,\"height\":801,\"caption\":\"notas de corte catalu\u00f1a 2025\"},{\"@type\":\"BreadcrumbList\",\"@id\":\"https:\/\/resest.com\/es\/noticias-para-universitarios\/notas-de-corte-cataluna-2025\/#breadcrumb\",\"itemListElement\":[{\"@type\":\"ListItem\",\"position\":1,\"name\":\"Inici\",\"item\":\"https:\/\/resest.com\/es\/\"},{\"@type\":\"ListItem\",\"position\":2,\"name\":\"D\u00f3nde consultar las notas de corte Catalu\u00f1a 2025\"}]},{\"@type\":\"WebSite\",\"@id\":\"https:\/\/resest.com\/es\/#website\",\"url\":\"https:\/\/resest.com\/es\/\",\"name\":\"Resid\u00e8ncia d&#039;Estudiants l&#039;Estaci\u00f3 de Sabadell | Resest\",\"description\":\"Otro sitio realizado con WordPress\",\"publisher\":{\"@id\":\"https:\/\/resest.com\/es\/#organization\"},\"potentialAction\":[{\"@type\":\"SearchAction\",\"target\":{\"@type\":\"EntryPoint\",\"urlTemplate\":\"https:\/\/resest.com\/es\/?s={search_term_string}\"},\"query-input\":{\"@type\":\"PropertyValueSpecification\",\"valueRequired\":true,\"valueName\":\"search_term_string\"}}],\"inLanguage\":\"es\"},{\"@type\":\"Organization\",\"@id\":\"https:\/\/resest.com\/es\/#organization\",\"name\":\"Resid\u00e8ncia d&#039;Estudiants l&#039;Estaci\u00f3 de Sabadell | Resest\",\"url\":\"https:\/\/resest.com\/es\/\",\"logo\":{\"@type\":\"ImageObject\",\"inLanguage\":\"es\",\"@id\":\"https:\/\/resest.com\/es\/#\/schema\/logo\/image\/\",\"url\":\"https:\/\/resest.com\/wp-content\/uploads\/2024\/03\/Facana-1.jpg\",\"contentUrl\":\"https:\/\/resest.com\/wp-content\/uploads\/2024\/03\/Facana-1.jpg\",\"width\":1200,\"height\":1009,\"caption\":\"Resid\u00e8ncia d&#039;Estudiants l&#039;Estaci\u00f3 de Sabadell | Resest\"},\"image\":{\"@id\":\"https:\/\/resest.com\/es\/#\/schema\/logo\/image\/\"}},{\"@type\":\"Person\",\"@id\":\"https:\/\/resest.com\/es\/#\/schema\/person\/d9965768ae08730dafc3a7c835fcc47c\",\"name\":\"Resest\",\"image\":{\"@type\":\"ImageObject\",\"inLanguage\":\"es\",\"@id\":\"https:\/\/resest.com\/es\/#\/schema\/person\/image\/\",\"url\":\"https:\/\/secure.gravatar.com\/avatar\/0c7509c85c836ff68bc43efa415976254ed1463e7bbc3edf38a658092e29e5b4?s=96&d=mm&r=g\",\"contentUrl\":\"https:\/\/secure.gravatar.com\/avatar\/0c7509c85c836ff68bc43efa415976254ed1463e7bbc3edf38a658092e29e5b4?s=96&d=mm&r=g\",\"caption\":\"Resest\"},\"url\":\"https:\/\/resest.com\/es\/author\/jordi\/\"}]}<\/script>\n<!-- \/ Yoast SEO plugin. -->","yoast_head_json":{"title":"Consulta de notas de tal 2025 - RESEST","description":"Consulta las notas de corte 2025 por grados y universidades p\u00fablicas de Catalu\u00f1a. Descubre las cuales han subido, bajado o mantenido. Accede a PDF y buscadores oficiales.","robots":{"index":"index","follow":"follow","max-snippet":"max-snippet:-1","max-image-preview":"max-image-preview:large","max-video-preview":"max-video-preview:-1"},"canonical":"https:\/\/resest.com\/es\/noticias-para-universitarios\/notas-de-corte-cataluna-2025\/","og_locale":"es_ES","og_type":"article","og_title":"Consulta de notas de tal 2025 - RESEST","og_description":"Consulta las notas de corte 2025 por grados y universidades p\u00fablicas de Catalu\u00f1a. Descubre las cuales han subido, bajado o mantenido. Accede a PDF y buscadores oficiales.","og_url":"https:\/\/resest.com\/es\/noticias-para-universitarios\/notas-de-corte-cataluna-2025\/","og_site_name":"Resid\u00e8ncia d&#039;Estudiants l&#039;Estaci\u00f3 de Sabadell | Resest","article_published_time":"2025-07-14T11:44:25+00:00","article_modified_time":"2025-07-31T11:49:08+00:00","og_image":[{"width":1200,"height":801,"url":"https:\/\/resest.com\/wp-content\/uploads\/2025\/07\/group-of-unrecognizable-university-students-sittin-2024-10-18-17-48-23-utc.jpg","type":"image\/jpeg"}],"author":"Resest","twitter_misc":{"Escrito por":"Resest","Tiempo de lectura":"3 minutos"},"schema":{"@context":"https:\/\/schema.org","@graph":[{"@type":"Article","@id":"https:\/\/resest.com\/es\/noticias-para-universitarios\/notas-de-corte-cataluna-2025\/#article","isPartOf":{"@id":"https:\/\/resest.com\/es\/noticias-para-universitarios\/notas-de-corte-cataluna-2025\/"},"author":{"name":"Resest","@id":"https:\/\/resest.com\/es\/#\/schema\/person\/d9965768ae08730dafc3a7c835fcc47c"},"headline":"D\u00f3nde consultar las notas de corte Catalu\u00f1a 2025","datePublished":"2025-07-14T11:44:25+00:00","dateModified":"2025-07-31T11:49:08+00:00","mainEntityOfPage":{"@id":"https:\/\/resest.com\/es\/noticias-para-universitarios\/notas-de-corte-cataluna-2025\/"},"wordCount":513,"commentCount":0,"publisher":{"@id":"https:\/\/resest.com\/es\/#organization"},"image":{"@id":"https:\/\/resest.com\/es\/noticias-para-universitarios\/notas-de-corte-cataluna-2025\/#primaryimage"},"thumbnailUrl":"https:\/\/resest.com\/wp-content\/uploads\/2025\/07\/group-of-unrecognizable-university-students-sittin-2024-10-18-17-48-23-utc.jpg","articleSection":["Noticias para universitarios"],"inLanguage":"es","potentialAction":[{"@type":"CommentAction","name":"Comment","target":["https:\/\/resest.com\/es\/noticias-para-universitarios\/notas-de-corte-cataluna-2025\/#respond"]}]},{"@type":"WebPage","@id":"https:\/\/resest.com\/es\/noticias-para-universitarios\/notas-de-corte-cataluna-2025\/","url":"https:\/\/resest.com\/es\/noticias-para-universitarios\/notas-de-corte-cataluna-2025\/","name":"Consulta de notas de tal 2025 - RESEST","isPartOf":{"@id":"https:\/\/resest.com\/es\/#website"},"primaryImageOfPage":{"@id":"https:\/\/resest.com\/es\/noticias-para-universitarios\/notas-de-corte-cataluna-2025\/#primaryimage"},"image":{"@id":"https:\/\/resest.com\/es\/noticias-para-universitarios\/notas-de-corte-cataluna-2025\/#primaryimage"},"thumbnailUrl":"https:\/\/resest.com\/wp-content\/uploads\/2025\/07\/group-of-unrecognizable-university-students-sittin-2024-10-18-17-48-23-utc.jpg","datePublished":"2025-07-14T11:44:25+00:00","dateModified":"2025-07-31T11:49:08+00:00","description":"Consulta las notas de corte 2025 por grados y universidades p\u00fablicas de Catalu\u00f1a. Descubre las cuales han subido, bajado o mantenido. Accede a PDF y buscadores oficiales.","breadcrumb":{"@id":"https:\/\/resest.com\/es\/noticias-para-universitarios\/notas-de-corte-cataluna-2025\/#breadcrumb"},"inLanguage":"es","potentialAction":[{"@type":"ReadAction","target":["https:\/\/resest.com\/es\/noticias-para-universitarios\/notas-de-corte-cataluna-2025\/"]}]},{"@type":"ImageObject","inLanguage":"es","@id":"https:\/\/resest.com\/es\/noticias-para-universitarios\/notas-de-corte-cataluna-2025\/#primaryimage","url":"https:\/\/resest.com\/wp-content\/uploads\/2025\/07\/group-of-unrecognizable-university-students-sittin-2024-10-18-17-48-23-utc.jpg","contentUrl":"https:\/\/resest.com\/wp-content\/uploads\/2025\/07\/group-of-unrecognizable-university-students-sittin-2024-10-18-17-48-23-utc.jpg","width":1200,"height":801,"caption":"notas de corte catalu\u00f1a 2025"},{"@type":"BreadcrumbList","@id":"https:\/\/resest.com\/es\/noticias-para-universitarios\/notas-de-corte-cataluna-2025\/#breadcrumb","itemListElement":[{"@type":"ListItem","position":1,"name":"Inici","item":"https:\/\/resest.com\/es\/"},{"@type":"ListItem","position":2,"name":"D\u00f3nde consultar las notas de corte Catalu\u00f1a 2025"}]},{"@type":"WebSite","@id":"https:\/\/resest.com\/es\/#website","url":"https:\/\/resest.com\/es\/","name":"Resid\u00e8ncia d&#039;Estudiants l&#039;Estaci\u00f3 de Sabadell | Resest","description":"Otro sitio realizado con WordPress","publisher":{"@id":"https:\/\/resest.com\/es\/#organization"},"potentialAction":[{"@type":"SearchAction","target":{"@type":"EntryPoint","urlTemplate":"https:\/\/resest.com\/es\/?s={search_term_string}"},"query-input":{"@type":"PropertyValueSpecification","valueRequired":true,"valueName":"search_term_string"}}],"inLanguage":"es"},{"@type":"Organization","@id":"https:\/\/resest.com\/es\/#organization","name":"Resid\u00e8ncia d&#039;Estudiants l&#039;Estaci\u00f3 de Sabadell | Resest","url":"https:\/\/resest.com\/es\/","logo":{"@type":"ImageObject","inLanguage":"es","@id":"https:\/\/resest.com\/es\/#\/schema\/logo\/image\/","url":"https:\/\/resest.com\/wp-content\/uploads\/2024\/03\/Facana-1.jpg","contentUrl":"https:\/\/resest.com\/wp-content\/uploads\/2024\/03\/Facana-1.jpg","width":1200,"height":1009,"caption":"Resid\u00e8ncia d&#039;Estudiants l&#039;Estaci\u00f3 de Sabadell | Resest"},"image":{"@id":"https:\/\/resest.com\/es\/#\/schema\/logo\/image\/"}},{"@type":"Person","@id":"https:\/\/resest.com\/es\/#\/schema\/person\/d9965768ae08730dafc3a7c835fcc47c","name":"Resest","image":{"@type":"ImageObject","inLanguage":"es","@id":"https:\/\/resest.com\/es\/#\/schema\/person\/image\/","url":"https:\/\/secure.gravatar.com\/avatar\/0c7509c85c836ff68bc43efa415976254ed1463e7bbc3edf38a658092e29e5b4?s=96&d=mm&r=g","contentUrl":"https:\/\/secure.gravatar.com\/avatar\/0c7509c85c836ff68bc43efa415976254ed1463e7bbc3edf38a658092e29e5b4?s=96&d=mm&r=g","caption":"Resest"},"url":"https:\/\/resest.com\/es\/author\/jordi\/"}]}},"_links":{"self":[{"href":"https:\/\/resest.com\/es\/wp-json\/wp\/v2\/posts\/12150","targetHints":{"allow":["GET"]}}],"collection":[{"href":"https:\/\/resest.com\/es\/wp-json\/wp\/v2\/posts"}],"about":[{"href":"https:\/\/resest.com\/es\/wp-json\/wp\/v2\/types\/post"}],"author":[{"embeddable":true,"href":"https:\/\/resest.com\/es\/wp-json\/wp\/v2\/users\/1"}],"replies":[{"embeddable":true,"href":"https:\/\/resest.com\/es\/wp-json\/wp\/v2\/comments?post=12150"}],"version-history":[{"count":1,"href":"https:\/\/resest.com\/es\/wp-json\/wp\/v2\/posts\/12150\/revisions"}],"predecessor-version":[{"id":12151,"href":"https:\/\/resest.com\/es\/wp-json\/wp\/v2\/posts\/12150\/revisions\/12151"}],"wp:featuredmedia":[{"embeddable":true,"href":"https:\/\/resest.com\/es\/wp-json\/wp\/v2\/media\/12146"}],"wp:attachment":[{"href":"https:\/\/resest.com\/es\/wp-json\/wp\/v2\/media?parent=12150"}],"wp:term":[{"taxonomy":"category","embeddable":true,"href":"https:\/\/resest.com\/es\/wp-json\/wp\/v2\/categories?post=12150"},{"taxonomy":"post_tag","embeddable":true,"href":"https:\/\/resest.com\/es\/wp-json\/wp\/v2\/tags?post=12150"}],"curies":[{"name":"wp","href":"https:\/\/api.w.org\/{rel}","templated":true}]}}