{"id":11094,"date":"2023-12-22T10:00:50","date_gmt":"2023-12-22T09:00:50","guid":{"rendered":"https:\/\/resest.com\/?p=11094"},"modified":"2023-12-22T10:08:33","modified_gmt":"2023-12-22T09:08:33","slug":"celebracion-navidena-en-resest-compartiendo-alegria-en-familia","status":"publish","type":"post","link":"https:\/\/resest.com\/es\/vida-en-la-residencia-es\/celebracion-navidena-en-resest-compartiendo-alegria-en-familia\/","title":{"rendered":"Celebraci\u00f3n Navide\u00f1a en Resest: Compartiendo Alegr\u00eda en Familia"},"content":{"rendered":"\n<p>La Navidad es una \u00e9poca que nos gusta pasar con las personas que m\u00e1s queremos. Con la convivencia del d\u00eda a d\u00eda, los residentes han formado una peque\u00f1a familia y el pasado 19 de diciembre, todos y todas pudieron celebrar la <strong>Cena de Navidad de la <a href=\"https:\/\/resest.com\/es\/\">Residencia.<\/a><\/strong><\/p>\n\n\n\n<h2 class=\"wp-block-heading\"><strong>Un Banquete Navide\u00f1o Especial<\/strong><\/h2>\n\n\n\n<p>Pudieron disfrutar de un <strong>men\u00fa especial<\/strong> para la ocasi\u00f3n antes de que se marchen a pasar las fiestas con sus familias. La verdad es que queremos darles las gracias por ayudarnos a crear este ambiente tan acogedor dentro de la Residencia.<\/p>\n\n\n\n<h2 class=\"wp-block-heading\"><strong>Diversi\u00f3n y Esp\u00edritu Navide\u00f1o<\/strong><\/h2>\n\n\n\n<p>Aqu\u00ed te ense\u00f1amos algunas de las<strong> fotos de la cena<\/strong>, incluso hubo quien incorpor\u00f3 un \u00abdresscode\u00bb navide\u00f1o.<\/p>\n\n\n\n<figure class=\"wp-block-image size-full\"><a href=\"https:\/\/resest.com\/wp-content\/uploads\/2023\/12\/Captura-de-pantalla-2023-12-22-095952.png\"><img loading=\"lazy\" decoding=\"async\" width=\"842\" height=\"675\" src=\"https:\/\/resest.com\/wp-content\/uploads\/2023\/12\/Captura-de-pantalla-2023-12-22-095952.png\" alt=\"\" class=\"wp-image-11099\" srcset=\"https:\/\/resest.com\/wp-content\/uploads\/2023\/12\/Captura-de-pantalla-2023-12-22-095952.png 842w, https:\/\/resest.com\/wp-content\/uploads\/2023\/12\/Captura-de-pantalla-2023-12-22-095952-300x240.png 300w, https:\/\/resest.com\/wp-content\/uploads\/2023\/12\/Captura-de-pantalla-2023-12-22-095952-768x616.png 768w\" sizes=\"auto, (max-width: 842px) 100vw, 842px\" \/><\/a><\/figure>\n\n\n\n<p>La cena de <a href=\"https:\/\/resest.com\/es\/vida-de-lestudiant-es\/3-mercadillos-navidad-cerca-sabadell\/\">Navidad<\/a> en Resest fue un momento para <strong>compartir alegr\u00eda, buena comida y la compa\u00f1\u00eda de <\/strong><a href=\"https:\/\/resest.com\/es\/vida-de-lestudiant-es\/ideas-regalo-amigo-invisible-creativas-economicas-resest\/\"><strong>amigos<\/strong> <\/a>que se han convertido en familia. Agradecemos a todos los residentes por hacer de nuestra residencia un lugar c\u00e1lido y acogedor. \u00a1Que la magia de la Navidad ilumine vuestros corazones y que el pr\u00f3ximo a\u00f1o est\u00e9 lleno de alegr\u00eda y \u00e9xitos!<\/p>\n\n\n\n<p><strong>\u00a1Felices Fiestas y un Pr\u00f3spero A\u00f1o Nuevo desde Resest!<\/strong> \ud83c\udf89\ud83c\udf81\u2728<\/p>\n","protected":false},"excerpt":{"rendered":"<p>La Navidad es una \u00e9poca que nos gusta pasar con las personas que m\u00e1s queremos. Con la convivencia del d\u00eda a d\u00eda, los residentes han formado una peque\u00f1a familia y el pasado 19 de diciembre, todos y todas pudieron celebrar la Cena de Navidad de la Residencia. Un Banquete Navide\u00f1o Especial Pudieron disfrutar de un&hellip;<\/p>\n","protected":false},"author":1,"featured_media":11095,"comment_status":"open","ping_status":"open","sticky":false,"template":"","format":"standard","meta":{"footnotes":""},"categories":[66],"tags":[],"class_list":["post-11094","post","type-post","status-publish","format-standard","has-post-thumbnail","hentry","category-vida-en-la-residencia-es","entry","has-media"],"yoast_head":"<!-- This site is optimized with the Yoast SEO plugin v26.4 - https:\/\/yoast.com\/wordpress\/plugins\/seo\/ -->\n<title>Cena de Navidad en Resest: Compartiendo Alegr\u00eda<\/title>\n<meta name=\"description\" content=\"Revive la magia de nuestra Cena de Navidad en Resest, donde residentes se convierten en familia. Descubre las fotos y el esp\u00edritu navide\u00f1o.\" \/>\n<meta name=\"robots\" content=\"index, follow, max-snippet:-1, max-image-preview:large, max-video-preview:-1\" \/>\n<link rel=\"canonical\" href=\"https:\/\/resest.com\/es\/vida-en-la-residencia-es\/celebracion-navidena-en-resest-compartiendo-alegria-en-familia\/\" \/>\n<meta property=\"og:locale\" content=\"es_ES\" \/>\n<meta property=\"og:type\" content=\"article\" \/>\n<meta property=\"og:title\" content=\"Cena de Navidad en Resest: Compartiendo Alegr\u00eda\" \/>\n<meta property=\"og:description\" content=\"Revive la magia de nuestra Cena de Navidad en Resest, donde residentes se convierten en familia. Descubre las fotos y el esp\u00edritu navide\u00f1o.\" \/>\n<meta property=\"og:url\" content=\"https:\/\/resest.com\/es\/vida-en-la-residencia-es\/celebracion-navidena-en-resest-compartiendo-alegria-en-familia\/\" \/>\n<meta property=\"og:site_name\" content=\"Resid\u00e8ncia d&#039;Estudiants l&#039;Estaci\u00f3 de Sabadell | Resest\" \/>\n<meta property=\"article:published_time\" content=\"2023-12-22T09:00:50+00:00\" \/>\n<meta property=\"article:modified_time\" content=\"2023-12-22T09:08:33+00:00\" \/>\n<meta property=\"og:image\" content=\"https:\/\/resest.com\/wp-content\/uploads\/2023\/12\/Captura-de-pantalla-2023-12-22-095859.png\" \/>\n\t<meta property=\"og:image:width\" content=\"891\" \/>\n\t<meta property=\"og:image:height\" content=\"641\" \/>\n\t<meta property=\"og:image:type\" content=\"image\/png\" \/>\n<meta name=\"author\" content=\"Resest\" \/>\n<meta name=\"twitter:label1\" content=\"Escrito por\" \/>\n\t<meta name=\"twitter:data1\" content=\"Resest\" \/>\n\t<meta name=\"twitter:label2\" content=\"Tiempo de lectura\" \/>\n\t<meta name=\"twitter:data2\" content=\"2 minutos\" \/>\n<script type=\"application\/ld+json\" class=\"yoast-schema-graph\">{\"@context\":\"https:\/\/schema.org\",\"@graph\":[{\"@type\":\"Article\",\"@id\":\"https:\/\/resest.com\/es\/vida-en-la-residencia-es\/celebracion-navidena-en-resest-compartiendo-alegria-en-familia\/#article\",\"isPartOf\":{\"@id\":\"https:\/\/resest.com\/es\/vida-en-la-residencia-es\/celebracion-navidena-en-resest-compartiendo-alegria-en-familia\/\"},\"author\":{\"name\":\"Resest\",\"@id\":\"https:\/\/resest.com\/es\/#\/schema\/person\/d9965768ae08730dafc3a7c835fcc47c\"},\"headline\":\"Celebraci\u00f3n Navide\u00f1a en Resest: Compartiendo Alegr\u00eda en Familia\",\"datePublished\":\"2023-12-22T09:00:50+00:00\",\"dateModified\":\"2023-12-22T09:08:33+00:00\",\"mainEntityOfPage\":{\"@id\":\"https:\/\/resest.com\/es\/vida-en-la-residencia-es\/celebracion-navidena-en-resest-compartiendo-alegria-en-familia\/\"},\"wordCount\":211,\"commentCount\":0,\"publisher\":{\"@id\":\"https:\/\/resest.com\/es\/#organization\"},\"image\":{\"@id\":\"https:\/\/resest.com\/es\/vida-en-la-residencia-es\/celebracion-navidena-en-resest-compartiendo-alegria-en-familia\/#primaryimage\"},\"thumbnailUrl\":\"https:\/\/resest.com\/wp-content\/uploads\/2023\/12\/Captura-de-pantalla-2023-12-22-095859.png\",\"articleSection\":[\"Vida en la Residencia\"],\"inLanguage\":\"es\",\"potentialAction\":[{\"@type\":\"CommentAction\",\"name\":\"Comment\",\"target\":[\"https:\/\/resest.com\/es\/vida-en-la-residencia-es\/celebracion-navidena-en-resest-compartiendo-alegria-en-familia\/#respond\"]}]},{\"@type\":\"WebPage\",\"@id\":\"https:\/\/resest.com\/es\/vida-en-la-residencia-es\/celebracion-navidena-en-resest-compartiendo-alegria-en-familia\/\",\"url\":\"https:\/\/resest.com\/es\/vida-en-la-residencia-es\/celebracion-navidena-en-resest-compartiendo-alegria-en-familia\/\",\"name\":\"Cena de Navidad en Resest: Compartiendo Alegr\u00eda\",\"isPartOf\":{\"@id\":\"https:\/\/resest.com\/es\/#website\"},\"primaryImageOfPage\":{\"@id\":\"https:\/\/resest.com\/es\/vida-en-la-residencia-es\/celebracion-navidena-en-resest-compartiendo-alegria-en-familia\/#primaryimage\"},\"image\":{\"@id\":\"https:\/\/resest.com\/es\/vida-en-la-residencia-es\/celebracion-navidena-en-resest-compartiendo-alegria-en-familia\/#primaryimage\"},\"thumbnailUrl\":\"https:\/\/resest.com\/wp-content\/uploads\/2023\/12\/Captura-de-pantalla-2023-12-22-095859.png\",\"datePublished\":\"2023-12-22T09:00:50+00:00\",\"dateModified\":\"2023-12-22T09:08:33+00:00\",\"description\":\"Revive la magia de nuestra Cena de Navidad en Resest, donde residentes se convierten en familia. Descubre las fotos y el esp\u00edritu navide\u00f1o.\",\"breadcrumb\":{\"@id\":\"https:\/\/resest.com\/es\/vida-en-la-residencia-es\/celebracion-navidena-en-resest-compartiendo-alegria-en-familia\/#breadcrumb\"},\"inLanguage\":\"es\",\"potentialAction\":[{\"@type\":\"ReadAction\",\"target\":[\"https:\/\/resest.com\/es\/vida-en-la-residencia-es\/celebracion-navidena-en-resest-compartiendo-alegria-en-familia\/\"]}]},{\"@type\":\"ImageObject\",\"inLanguage\":\"es\",\"@id\":\"https:\/\/resest.com\/es\/vida-en-la-residencia-es\/celebracion-navidena-en-resest-compartiendo-alegria-en-familia\/#primaryimage\",\"url\":\"https:\/\/resest.com\/wp-content\/uploads\/2023\/12\/Captura-de-pantalla-2023-12-22-095859.png\",\"contentUrl\":\"https:\/\/resest.com\/wp-content\/uploads\/2023\/12\/Captura-de-pantalla-2023-12-22-095859.png\",\"width\":891,\"height\":641,\"caption\":\"cena de navidad\"},{\"@type\":\"BreadcrumbList\",\"@id\":\"https:\/\/resest.com\/es\/vida-en-la-residencia-es\/celebracion-navidena-en-resest-compartiendo-alegria-en-familia\/#breadcrumb\",\"itemListElement\":[{\"@type\":\"ListItem\",\"position\":1,\"name\":\"Inici\",\"item\":\"https:\/\/resest.com\/es\/\"},{\"@type\":\"ListItem\",\"position\":2,\"name\":\"Celebraci\u00f3n Navide\u00f1a en Resest: Compartiendo Alegr\u00eda en Familia\"}]},{\"@type\":\"WebSite\",\"@id\":\"https:\/\/resest.com\/es\/#website\",\"url\":\"https:\/\/resest.com\/es\/\",\"name\":\"Resid\u00e8ncia d&#039;Estudiants l&#039;Estaci\u00f3 de Sabadell | Resest\",\"description\":\"Otro sitio realizado con WordPress\",\"publisher\":{\"@id\":\"https:\/\/resest.com\/es\/#organization\"},\"potentialAction\":[{\"@type\":\"SearchAction\",\"target\":{\"@type\":\"EntryPoint\",\"urlTemplate\":\"https:\/\/resest.com\/es\/?s={search_term_string}\"},\"query-input\":{\"@type\":\"PropertyValueSpecification\",\"valueRequired\":true,\"valueName\":\"search_term_string\"}}],\"inLanguage\":\"es\"},{\"@type\":\"Organization\",\"@id\":\"https:\/\/resest.com\/es\/#organization\",\"name\":\"Resid\u00e8ncia d&#039;Estudiants l&#039;Estaci\u00f3 de Sabadell | Resest\",\"url\":\"https:\/\/resest.com\/es\/\",\"logo\":{\"@type\":\"ImageObject\",\"inLanguage\":\"es\",\"@id\":\"https:\/\/resest.com\/es\/#\/schema\/logo\/image\/\",\"url\":\"https:\/\/resest.com\/wp-content\/uploads\/2024\/03\/Facana-1.jpg\",\"contentUrl\":\"https:\/\/resest.com\/wp-content\/uploads\/2024\/03\/Facana-1.jpg\",\"width\":1200,\"height\":1009,\"caption\":\"Resid\u00e8ncia d&#039;Estudiants l&#039;Estaci\u00f3 de Sabadell | Resest\"},\"image\":{\"@id\":\"https:\/\/resest.com\/es\/#\/schema\/logo\/image\/\"}},{\"@type\":\"Person\",\"@id\":\"https:\/\/resest.com\/es\/#\/schema\/person\/d9965768ae08730dafc3a7c835fcc47c\",\"name\":\"Resest\",\"image\":{\"@type\":\"ImageObject\",\"inLanguage\":\"es\",\"@id\":\"https:\/\/resest.com\/es\/#\/schema\/person\/image\/\",\"url\":\"https:\/\/secure.gravatar.com\/avatar\/0c7509c85c836ff68bc43efa415976254ed1463e7bbc3edf38a658092e29e5b4?s=96&d=mm&r=g\",\"contentUrl\":\"https:\/\/secure.gravatar.com\/avatar\/0c7509c85c836ff68bc43efa415976254ed1463e7bbc3edf38a658092e29e5b4?s=96&d=mm&r=g\",\"caption\":\"Resest\"},\"url\":\"https:\/\/resest.com\/es\/author\/jordi\/\"}]}<\/script>\n<!-- \/ Yoast SEO plugin. -->","yoast_head_json":{"title":"Cena de Navidad en Resest: Compartiendo Alegr\u00eda","description":"Revive la magia de nuestra Cena de Navidad en Resest, donde residentes se convierten en familia. Descubre las fotos y el esp\u00edritu navide\u00f1o.","robots":{"index":"index","follow":"follow","max-snippet":"max-snippet:-1","max-image-preview":"max-image-preview:large","max-video-preview":"max-video-preview:-1"},"canonical":"https:\/\/resest.com\/es\/vida-en-la-residencia-es\/celebracion-navidena-en-resest-compartiendo-alegria-en-familia\/","og_locale":"es_ES","og_type":"article","og_title":"Cena de Navidad en Resest: Compartiendo Alegr\u00eda","og_description":"Revive la magia de nuestra Cena de Navidad en Resest, donde residentes se convierten en familia. Descubre las fotos y el esp\u00edritu navide\u00f1o.","og_url":"https:\/\/resest.com\/es\/vida-en-la-residencia-es\/celebracion-navidena-en-resest-compartiendo-alegria-en-familia\/","og_site_name":"Resid\u00e8ncia d&#039;Estudiants l&#039;Estaci\u00f3 de Sabadell | Resest","article_published_time":"2023-12-22T09:00:50+00:00","article_modified_time":"2023-12-22T09:08:33+00:00","og_image":[{"width":891,"height":641,"url":"https:\/\/resest.com\/wp-content\/uploads\/2023\/12\/Captura-de-pantalla-2023-12-22-095859.png","type":"image\/png"}],"author":"Resest","twitter_misc":{"Escrito por":"Resest","Tiempo de lectura":"2 minutos"},"schema":{"@context":"https:\/\/schema.org","@graph":[{"@type":"Article","@id":"https:\/\/resest.com\/es\/vida-en-la-residencia-es\/celebracion-navidena-en-resest-compartiendo-alegria-en-familia\/#article","isPartOf":{"@id":"https:\/\/resest.com\/es\/vida-en-la-residencia-es\/celebracion-navidena-en-resest-compartiendo-alegria-en-familia\/"},"author":{"name":"Resest","@id":"https:\/\/resest.com\/es\/#\/schema\/person\/d9965768ae08730dafc3a7c835fcc47c"},"headline":"Celebraci\u00f3n Navide\u00f1a en Resest: Compartiendo Alegr\u00eda en Familia","datePublished":"2023-12-22T09:00:50+00:00","dateModified":"2023-12-22T09:08:33+00:00","mainEntityOfPage":{"@id":"https:\/\/resest.com\/es\/vida-en-la-residencia-es\/celebracion-navidena-en-resest-compartiendo-alegria-en-familia\/"},"wordCount":211,"commentCount":0,"publisher":{"@id":"https:\/\/resest.com\/es\/#organization"},"image":{"@id":"https:\/\/resest.com\/es\/vida-en-la-residencia-es\/celebracion-navidena-en-resest-compartiendo-alegria-en-familia\/#primaryimage"},"thumbnailUrl":"https:\/\/resest.com\/wp-content\/uploads\/2023\/12\/Captura-de-pantalla-2023-12-22-095859.png","articleSection":["Vida en la Residencia"],"inLanguage":"es","potentialAction":[{"@type":"CommentAction","name":"Comment","target":["https:\/\/resest.com\/es\/vida-en-la-residencia-es\/celebracion-navidena-en-resest-compartiendo-alegria-en-familia\/#respond"]}]},{"@type":"WebPage","@id":"https:\/\/resest.com\/es\/vida-en-la-residencia-es\/celebracion-navidena-en-resest-compartiendo-alegria-en-familia\/","url":"https:\/\/resest.com\/es\/vida-en-la-residencia-es\/celebracion-navidena-en-resest-compartiendo-alegria-en-familia\/","name":"Cena de Navidad en Resest: Compartiendo Alegr\u00eda","isPartOf":{"@id":"https:\/\/resest.com\/es\/#website"},"primaryImageOfPage":{"@id":"https:\/\/resest.com\/es\/vida-en-la-residencia-es\/celebracion-navidena-en-resest-compartiendo-alegria-en-familia\/#primaryimage"},"image":{"@id":"https:\/\/resest.com\/es\/vida-en-la-residencia-es\/celebracion-navidena-en-resest-compartiendo-alegria-en-familia\/#primaryimage"},"thumbnailUrl":"https:\/\/resest.com\/wp-content\/uploads\/2023\/12\/Captura-de-pantalla-2023-12-22-095859.png","datePublished":"2023-12-22T09:00:50+00:00","dateModified":"2023-12-22T09:08:33+00:00","description":"Revive la magia de nuestra Cena de Navidad en Resest, donde residentes se convierten en familia. Descubre las fotos y el esp\u00edritu navide\u00f1o.","breadcrumb":{"@id":"https:\/\/resest.com\/es\/vida-en-la-residencia-es\/celebracion-navidena-en-resest-compartiendo-alegria-en-familia\/#breadcrumb"},"inLanguage":"es","potentialAction":[{"@type":"ReadAction","target":["https:\/\/resest.com\/es\/vida-en-la-residencia-es\/celebracion-navidena-en-resest-compartiendo-alegria-en-familia\/"]}]},{"@type":"ImageObject","inLanguage":"es","@id":"https:\/\/resest.com\/es\/vida-en-la-residencia-es\/celebracion-navidena-en-resest-compartiendo-alegria-en-familia\/#primaryimage","url":"https:\/\/resest.com\/wp-content\/uploads\/2023\/12\/Captura-de-pantalla-2023-12-22-095859.png","contentUrl":"https:\/\/resest.com\/wp-content\/uploads\/2023\/12\/Captura-de-pantalla-2023-12-22-095859.png","width":891,"height":641,"caption":"cena de navidad"},{"@type":"BreadcrumbList","@id":"https:\/\/resest.com\/es\/vida-en-la-residencia-es\/celebracion-navidena-en-resest-compartiendo-alegria-en-familia\/#breadcrumb","itemListElement":[{"@type":"ListItem","position":1,"name":"Inici","item":"https:\/\/resest.com\/es\/"},{"@type":"ListItem","position":2,"name":"Celebraci\u00f3n Navide\u00f1a en Resest: Compartiendo Alegr\u00eda en Familia"}]},{"@type":"WebSite","@id":"https:\/\/resest.com\/es\/#website","url":"https:\/\/resest.com\/es\/","name":"Resid\u00e8ncia d&#039;Estudiants l&#039;Estaci\u00f3 de Sabadell | Resest","description":"Otro sitio realizado con WordPress","publisher":{"@id":"https:\/\/resest.com\/es\/#organization"},"potentialAction":[{"@type":"SearchAction","target":{"@type":"EntryPoint","urlTemplate":"https:\/\/resest.com\/es\/?s={search_term_string}"},"query-input":{"@type":"PropertyValueSpecification","valueRequired":true,"valueName":"search_term_string"}}],"inLanguage":"es"},{"@type":"Organization","@id":"https:\/\/resest.com\/es\/#organization","name":"Resid\u00e8ncia d&#039;Estudiants l&#039;Estaci\u00f3 de Sabadell | Resest","url":"https:\/\/resest.com\/es\/","logo":{"@type":"ImageObject","inLanguage":"es","@id":"https:\/\/resest.com\/es\/#\/schema\/logo\/image\/","url":"https:\/\/resest.com\/wp-content\/uploads\/2024\/03\/Facana-1.jpg","contentUrl":"https:\/\/resest.com\/wp-content\/uploads\/2024\/03\/Facana-1.jpg","width":1200,"height":1009,"caption":"Resid\u00e8ncia d&#039;Estudiants l&#039;Estaci\u00f3 de Sabadell | Resest"},"image":{"@id":"https:\/\/resest.com\/es\/#\/schema\/logo\/image\/"}},{"@type":"Person","@id":"https:\/\/resest.com\/es\/#\/schema\/person\/d9965768ae08730dafc3a7c835fcc47c","name":"Resest","image":{"@type":"ImageObject","inLanguage":"es","@id":"https:\/\/resest.com\/es\/#\/schema\/person\/image\/","url":"https:\/\/secure.gravatar.com\/avatar\/0c7509c85c836ff68bc43efa415976254ed1463e7bbc3edf38a658092e29e5b4?s=96&d=mm&r=g","contentUrl":"https:\/\/secure.gravatar.com\/avatar\/0c7509c85c836ff68bc43efa415976254ed1463e7bbc3edf38a658092e29e5b4?s=96&d=mm&r=g","caption":"Resest"},"url":"https:\/\/resest.com\/es\/author\/jordi\/"}]}},"_links":{"self":[{"href":"https:\/\/resest.com\/es\/wp-json\/wp\/v2\/posts\/11094","targetHints":{"allow":["GET"]}}],"collection":[{"href":"https:\/\/resest.com\/es\/wp-json\/wp\/v2\/posts"}],"about":[{"href":"https:\/\/resest.com\/es\/wp-json\/wp\/v2\/types\/post"}],"author":[{"embeddable":true,"href":"https:\/\/resest.com\/es\/wp-json\/wp\/v2\/users\/1"}],"replies":[{"embeddable":true,"href":"https:\/\/resest.com\/es\/wp-json\/wp\/v2\/comments?post=11094"}],"version-history":[{"count":0,"href":"https:\/\/resest.com\/es\/wp-json\/wp\/v2\/posts\/11094\/revisions"}],"wp:featuredmedia":[{"embeddable":true,"href":"https:\/\/resest.com\/es\/wp-json\/wp\/v2\/media\/11095"}],"wp:attachment":[{"href":"https:\/\/resest.com\/es\/wp-json\/wp\/v2\/media?parent=11094"}],"wp:term":[{"taxonomy":"category","embeddable":true,"href":"https:\/\/resest.com\/es\/wp-json\/wp\/v2\/categories?post=11094"},{"taxonomy":"post_tag","embeddable":true,"href":"https:\/\/resest.com\/es\/wp-json\/wp\/v2\/tags?post=11094"}],"curies":[{"name":"wp","href":"https:\/\/api.w.org\/{rel}","templated":true}]}}