{"id":11052,"date":"2023-11-24T08:47:09","date_gmt":"2023-11-24T07:47:09","guid":{"rendered":"https:\/\/resest.com\/?p=11052"},"modified":"2023-11-24T08:47:12","modified_gmt":"2023-11-24T07:47:12","slug":"planes-navidenos-en-barcelona-y-alrededores","status":"publish","type":"post","link":"https:\/\/resest.com\/es\/vida-sabadell-barcelona\/planes-navidenos-en-barcelona-y-alrededores\/","title":{"rendered":"Planes navide\u00f1os en Barcelona y alrededores"},"content":{"rendered":"\n<p>La Navidad ha llegado a Barcelona, y en Resest, te invitamos a sumergirte en la m\u00e1gica atm\u00f3sfera que los <strong>planes navide\u00f1os de Barcelona<\/strong> ofrecen esta temporada. Desde encantadores <strong>mercados navide\u00f1os<\/strong> hasta espect\u00e1culos llenos de<strong> luz y color<\/strong>, Barcelona se convierte en el escenario perfecto para celebrar la Navidad de una manera \u00fanica. Descubre con nosotros los mejores <strong>planes navide\u00f1os en Barcelona y sus alrededores<\/strong>.<\/p>\n\n\n\n<h2 class=\"wp-block-heading\"><strong>Mercados Navide\u00f1os: Sum\u00e9rgete en la Tradici\u00f3n<\/strong><\/h2>\n\n\n\n<p>Barcelona se viste de gala durante la Navidad con sus mercados llenos de luces y colores. Dir\u00edgete al <strong>mercado de Santa Luc\u00eda<\/strong>, uno de los m\u00e1s antiguos de la ciudad, donde encontrar\u00e1s artesan\u00edas, decoraciones festivas y delicias gastron\u00f3micas. Sum\u00e9rgete en la <strong>tradici\u00f3n <\/strong>y lleva contigo un<strong> pedacito de la Navidad barcelonesa.<\/strong><\/p>\n\n\n\n<h2 class=\"wp-block-heading\"><strong>Patinar sobre Hielo en Pleno Centro<\/strong><\/h2>\n\n\n\n<p>\u00bfQu\u00e9 tal una<strong> experiencia invernal en pleno coraz\u00f3n<\/strong> <strong>de Barcelona<\/strong>? La<strong> pista de hielo en la Plaza Catalu\u00f1a<\/strong> te espera. Rodeado de la impresionante arquitectura de la ciudad, <strong>patinar sobre hielo<\/strong> se convierte en una actividad festiva que te har\u00e1 sentir la magia de la temporada.<\/p>\n\n\n\n<h2 class=\"wp-block-heading\"><strong>Espect\u00e1culos Navide\u00f1os: Teatro y Magia<\/strong><\/h2>\n\n\n\n<p>Barcelona ofrece una amplia variedad de<strong> espect\u00e1culos navide\u00f1os<\/strong> para todos los gustos. Desde <strong>cl\u00e1sicos teatrales<\/strong> hasta<strong> actuaciones de magia<\/strong>, hay algo para cada amante del entretenimiento. Consulta la programaci\u00f3n de los teatros locales y descubre c\u00f3mo la cultura y la magia se entrelazan en esta \u00e9poca del a\u00f1o.<\/p>\n\n\n\n<h2 class=\"wp-block-heading\"><strong>Luces de Navidad en Pueblos Cercanos: Un Paseo M\u00e1gico<\/strong><\/h2>\n\n\n\n<p>Aprovecha la cercan\u00eda de Barcelona a encantadores pueblos y ciudades y explora sus<strong> luces navide\u00f1as.<\/strong> Localidades como<strong> Sitges o Montserrat ofrecen experiencias m\u00e1s tranquilas y pintorescas<\/strong>, perfectas para escapar del bullicio de la ciudad mientras disfrutas de la magia navide\u00f1a.<\/p>\n\n\n\n<h2 class=\"wp-block-heading\"><strong>Cena de Nochebuena en Restaurantes Emblem\u00e1ticos<\/strong><\/h2>\n\n\n\n<p>Celebra la Nochebuena en uno de los<strong> restaurantes emblem\u00e1ticos de Barcelona<\/strong>. Disfruta de una cena festiva con sabores catalanes y brinda por la temporada en un <strong>ambiente acogedor y elegante.<\/strong> Reserva con antelaci\u00f3n para asegurar tu lugar en una velada gastron\u00f3mica \u00fanica.<\/p>\n\n\n\n<p>En Resest, entendemos la importancia de hacer<strong> planes navide\u00f1os memorables<\/strong> durante tu estancia en Barcelona. Visita <a href=\"https:\/\/resest.com\/es\/la-residencia-de-estudiantes-en-sabadell-barcelona\/\">residencia de estudiantes<\/a> y descubre nuestra <strong>conexi\u00f3n excelente con Barcelona y Sabadell<\/strong>, lo que puede hacer de tu Navidad una \u00e9poca inolvidable. \u00a1Te esperamos para compartir contigo la magia de esta temporada en la hermosa Barcelona!<\/p>\n","protected":false},"excerpt":{"rendered":"<p>La Navidad ha llegado a Barcelona, y en Resest, te invitamos a sumergirte en la m\u00e1gica atm\u00f3sfera que los planes navide\u00f1os de Barcelona ofrecen esta temporada. Desde encantadores mercados navide\u00f1os hasta espect\u00e1culos llenos de luz y color, Barcelona se convierte en el escenario perfecto para celebrar la Navidad de una manera \u00fanica. Descubre con nosotros&hellip;<\/p>\n","protected":false},"author":1,"featured_media":11053,"comment_status":"open","ping_status":"open","sticky":false,"template":"","format":"standard","meta":{"footnotes":""},"categories":[70],"tags":[],"class_list":["post-11052","post","type-post","status-publish","format-standard","has-post-thumbnail","hentry","category-vida-sabadell-barcelona","entry","has-media"],"yoast_head":"<!-- This site is optimized with the Yoast SEO plugin v26.4 - https:\/\/yoast.com\/wordpress\/plugins\/seo\/ -->\n<title>Disfruta de los Planes Navide\u00f1os en Barcelona - Resest<\/title>\n<meta name=\"description\" content=\"Vive la magia de la navidad y descubre planes navide\u00f1os en Barcelona, desde mercados festivos hasta patinaje en la Plaza Catalu\u00f1a. Vis\u00edtanos y descubre m\u00e1s.\" \/>\n<meta name=\"robots\" content=\"index, follow, max-snippet:-1, max-image-preview:large, max-video-preview:-1\" \/>\n<link rel=\"canonical\" href=\"https:\/\/resest.com\/es\/vida-sabadell-barcelona\/planes-navidenos-en-barcelona-y-alrededores\/\" \/>\n<meta property=\"og:locale\" content=\"es_ES\" \/>\n<meta property=\"og:type\" content=\"article\" \/>\n<meta property=\"og:title\" content=\"Disfruta de los Planes Navide\u00f1os en Barcelona - Resest\" \/>\n<meta property=\"og:description\" content=\"Vive la magia de la navidad y descubre planes navide\u00f1os en Barcelona, desde mercados festivos hasta patinaje en la Plaza Catalu\u00f1a. Vis\u00edtanos y descubre m\u00e1s.\" \/>\n<meta property=\"og:url\" content=\"https:\/\/resest.com\/es\/vida-sabadell-barcelona\/planes-navidenos-en-barcelona-y-alrededores\/\" \/>\n<meta property=\"og:site_name\" content=\"Resid\u00e8ncia d&#039;Estudiants l&#039;Estaci\u00f3 de Sabadell | Resest\" \/>\n<meta property=\"article:published_time\" content=\"2023-11-24T07:47:09+00:00\" \/>\n<meta property=\"article:modified_time\" content=\"2023-11-24T07:47:12+00:00\" \/>\n<meta property=\"og:image\" content=\"https:\/\/resest.com\/wp-content\/uploads\/2023\/11\/planes-navidenos-en-Barcelona.jpg\" \/>\n\t<meta property=\"og:image:width\" content=\"1200\" \/>\n\t<meta property=\"og:image:height\" content=\"800\" \/>\n\t<meta property=\"og:image:type\" content=\"image\/jpeg\" \/>\n<meta name=\"author\" content=\"Resest\" \/>\n<meta name=\"twitter:label1\" content=\"Escrito por\" \/>\n\t<meta name=\"twitter:data1\" content=\"Resest\" \/>\n\t<meta name=\"twitter:label2\" content=\"Tiempo de lectura\" \/>\n\t<meta name=\"twitter:data2\" content=\"3 minutos\" \/>\n<script type=\"application\/ld+json\" class=\"yoast-schema-graph\">{\"@context\":\"https:\/\/schema.org\",\"@graph\":[{\"@type\":\"Article\",\"@id\":\"https:\/\/resest.com\/es\/vida-sabadell-barcelona\/planes-navidenos-en-barcelona-y-alrededores\/#article\",\"isPartOf\":{\"@id\":\"https:\/\/resest.com\/es\/vida-sabadell-barcelona\/planes-navidenos-en-barcelona-y-alrededores\/\"},\"author\":{\"name\":\"Resest\",\"@id\":\"https:\/\/resest.com\/es\/#\/schema\/person\/d9965768ae08730dafc3a7c835fcc47c\"},\"headline\":\"Planes navide\u00f1os en Barcelona y alrededores\",\"datePublished\":\"2023-11-24T07:47:09+00:00\",\"dateModified\":\"2023-11-24T07:47:12+00:00\",\"mainEntityOfPage\":{\"@id\":\"https:\/\/resest.com\/es\/vida-sabadell-barcelona\/planes-navidenos-en-barcelona-y-alrededores\/\"},\"wordCount\":420,\"commentCount\":0,\"publisher\":{\"@id\":\"https:\/\/resest.com\/es\/#organization\"},\"image\":{\"@id\":\"https:\/\/resest.com\/es\/vida-sabadell-barcelona\/planes-navidenos-en-barcelona-y-alrededores\/#primaryimage\"},\"thumbnailUrl\":\"https:\/\/resest.com\/wp-content\/uploads\/2023\/11\/planes-navidenos-en-Barcelona.jpg\",\"articleSection\":[\"Qu\u00e9 hacer en Sabadell y Barcelona\"],\"inLanguage\":\"es\",\"potentialAction\":[{\"@type\":\"CommentAction\",\"name\":\"Comment\",\"target\":[\"https:\/\/resest.com\/es\/vida-sabadell-barcelona\/planes-navidenos-en-barcelona-y-alrededores\/#respond\"]}]},{\"@type\":\"WebPage\",\"@id\":\"https:\/\/resest.com\/es\/vida-sabadell-barcelona\/planes-navidenos-en-barcelona-y-alrededores\/\",\"url\":\"https:\/\/resest.com\/es\/vida-sabadell-barcelona\/planes-navidenos-en-barcelona-y-alrededores\/\",\"name\":\"Disfruta de los Planes Navide\u00f1os en Barcelona - Resest\",\"isPartOf\":{\"@id\":\"https:\/\/resest.com\/es\/#website\"},\"primaryImageOfPage\":{\"@id\":\"https:\/\/resest.com\/es\/vida-sabadell-barcelona\/planes-navidenos-en-barcelona-y-alrededores\/#primaryimage\"},\"image\":{\"@id\":\"https:\/\/resest.com\/es\/vida-sabadell-barcelona\/planes-navidenos-en-barcelona-y-alrededores\/#primaryimage\"},\"thumbnailUrl\":\"https:\/\/resest.com\/wp-content\/uploads\/2023\/11\/planes-navidenos-en-Barcelona.jpg\",\"datePublished\":\"2023-11-24T07:47:09+00:00\",\"dateModified\":\"2023-11-24T07:47:12+00:00\",\"description\":\"Vive la magia de la navidad y descubre planes navide\u00f1os en Barcelona, desde mercados festivos hasta patinaje en la Plaza Catalu\u00f1a. Vis\u00edtanos y descubre m\u00e1s.\",\"breadcrumb\":{\"@id\":\"https:\/\/resest.com\/es\/vida-sabadell-barcelona\/planes-navidenos-en-barcelona-y-alrededores\/#breadcrumb\"},\"inLanguage\":\"es\",\"potentialAction\":[{\"@type\":\"ReadAction\",\"target\":[\"https:\/\/resest.com\/es\/vida-sabadell-barcelona\/planes-navidenos-en-barcelona-y-alrededores\/\"]}]},{\"@type\":\"ImageObject\",\"inLanguage\":\"es\",\"@id\":\"https:\/\/resest.com\/es\/vida-sabadell-barcelona\/planes-navidenos-en-barcelona-y-alrededores\/#primaryimage\",\"url\":\"https:\/\/resest.com\/wp-content\/uploads\/2023\/11\/planes-navidenos-en-Barcelona.jpg\",\"contentUrl\":\"https:\/\/resest.com\/wp-content\/uploads\/2023\/11\/planes-navidenos-en-Barcelona.jpg\",\"width\":1200,\"height\":800,\"caption\":\"planes navide\u00f1os en Barcelona\"},{\"@type\":\"BreadcrumbList\",\"@id\":\"https:\/\/resest.com\/es\/vida-sabadell-barcelona\/planes-navidenos-en-barcelona-y-alrededores\/#breadcrumb\",\"itemListElement\":[{\"@type\":\"ListItem\",\"position\":1,\"name\":\"Inici\",\"item\":\"https:\/\/resest.com\/es\/\"},{\"@type\":\"ListItem\",\"position\":2,\"name\":\"Planes navide\u00f1os en Barcelona y alrededores\"}]},{\"@type\":\"WebSite\",\"@id\":\"https:\/\/resest.com\/es\/#website\",\"url\":\"https:\/\/resest.com\/es\/\",\"name\":\"Resid\u00e8ncia d&#039;Estudiants l&#039;Estaci\u00f3 de Sabadell | Resest\",\"description\":\"Otro sitio realizado con WordPress\",\"publisher\":{\"@id\":\"https:\/\/resest.com\/es\/#organization\"},\"potentialAction\":[{\"@type\":\"SearchAction\",\"target\":{\"@type\":\"EntryPoint\",\"urlTemplate\":\"https:\/\/resest.com\/es\/?s={search_term_string}\"},\"query-input\":{\"@type\":\"PropertyValueSpecification\",\"valueRequired\":true,\"valueName\":\"search_term_string\"}}],\"inLanguage\":\"es\"},{\"@type\":\"Organization\",\"@id\":\"https:\/\/resest.com\/es\/#organization\",\"name\":\"Resid\u00e8ncia d&#039;Estudiants l&#039;Estaci\u00f3 de Sabadell | Resest\",\"url\":\"https:\/\/resest.com\/es\/\",\"logo\":{\"@type\":\"ImageObject\",\"inLanguage\":\"es\",\"@id\":\"https:\/\/resest.com\/es\/#\/schema\/logo\/image\/\",\"url\":\"https:\/\/resest.com\/wp-content\/uploads\/2024\/03\/Facana-1.jpg\",\"contentUrl\":\"https:\/\/resest.com\/wp-content\/uploads\/2024\/03\/Facana-1.jpg\",\"width\":1200,\"height\":1009,\"caption\":\"Resid\u00e8ncia d&#039;Estudiants l&#039;Estaci\u00f3 de Sabadell | Resest\"},\"image\":{\"@id\":\"https:\/\/resest.com\/es\/#\/schema\/logo\/image\/\"}},{\"@type\":\"Person\",\"@id\":\"https:\/\/resest.com\/es\/#\/schema\/person\/d9965768ae08730dafc3a7c835fcc47c\",\"name\":\"Resest\",\"image\":{\"@type\":\"ImageObject\",\"inLanguage\":\"es\",\"@id\":\"https:\/\/resest.com\/es\/#\/schema\/person\/image\/\",\"url\":\"https:\/\/secure.gravatar.com\/avatar\/0c7509c85c836ff68bc43efa415976254ed1463e7bbc3edf38a658092e29e5b4?s=96&d=mm&r=g\",\"contentUrl\":\"https:\/\/secure.gravatar.com\/avatar\/0c7509c85c836ff68bc43efa415976254ed1463e7bbc3edf38a658092e29e5b4?s=96&d=mm&r=g\",\"caption\":\"Resest\"},\"url\":\"https:\/\/resest.com\/es\/author\/jordi\/\"}]}<\/script>\n<!-- \/ Yoast SEO plugin. -->","yoast_head_json":{"title":"Disfruta de los Planes Navide\u00f1os en Barcelona - Resest","description":"Vive la magia de la navidad y descubre planes navide\u00f1os en Barcelona, desde mercados festivos hasta patinaje en la Plaza Catalu\u00f1a. Vis\u00edtanos y descubre m\u00e1s.","robots":{"index":"index","follow":"follow","max-snippet":"max-snippet:-1","max-image-preview":"max-image-preview:large","max-video-preview":"max-video-preview:-1"},"canonical":"https:\/\/resest.com\/es\/vida-sabadell-barcelona\/planes-navidenos-en-barcelona-y-alrededores\/","og_locale":"es_ES","og_type":"article","og_title":"Disfruta de los Planes Navide\u00f1os en Barcelona - Resest","og_description":"Vive la magia de la navidad y descubre planes navide\u00f1os en Barcelona, desde mercados festivos hasta patinaje en la Plaza Catalu\u00f1a. Vis\u00edtanos y descubre m\u00e1s.","og_url":"https:\/\/resest.com\/es\/vida-sabadell-barcelona\/planes-navidenos-en-barcelona-y-alrededores\/","og_site_name":"Resid\u00e8ncia d&#039;Estudiants l&#039;Estaci\u00f3 de Sabadell | Resest","article_published_time":"2023-11-24T07:47:09+00:00","article_modified_time":"2023-11-24T07:47:12+00:00","og_image":[{"width":1200,"height":800,"url":"https:\/\/resest.com\/wp-content\/uploads\/2023\/11\/planes-navidenos-en-Barcelona.jpg","type":"image\/jpeg"}],"author":"Resest","twitter_misc":{"Escrito por":"Resest","Tiempo de lectura":"3 minutos"},"schema":{"@context":"https:\/\/schema.org","@graph":[{"@type":"Article","@id":"https:\/\/resest.com\/es\/vida-sabadell-barcelona\/planes-navidenos-en-barcelona-y-alrededores\/#article","isPartOf":{"@id":"https:\/\/resest.com\/es\/vida-sabadell-barcelona\/planes-navidenos-en-barcelona-y-alrededores\/"},"author":{"name":"Resest","@id":"https:\/\/resest.com\/es\/#\/schema\/person\/d9965768ae08730dafc3a7c835fcc47c"},"headline":"Planes navide\u00f1os en Barcelona y alrededores","datePublished":"2023-11-24T07:47:09+00:00","dateModified":"2023-11-24T07:47:12+00:00","mainEntityOfPage":{"@id":"https:\/\/resest.com\/es\/vida-sabadell-barcelona\/planes-navidenos-en-barcelona-y-alrededores\/"},"wordCount":420,"commentCount":0,"publisher":{"@id":"https:\/\/resest.com\/es\/#organization"},"image":{"@id":"https:\/\/resest.com\/es\/vida-sabadell-barcelona\/planes-navidenos-en-barcelona-y-alrededores\/#primaryimage"},"thumbnailUrl":"https:\/\/resest.com\/wp-content\/uploads\/2023\/11\/planes-navidenos-en-Barcelona.jpg","articleSection":["Qu\u00e9 hacer en Sabadell y Barcelona"],"inLanguage":"es","potentialAction":[{"@type":"CommentAction","name":"Comment","target":["https:\/\/resest.com\/es\/vida-sabadell-barcelona\/planes-navidenos-en-barcelona-y-alrededores\/#respond"]}]},{"@type":"WebPage","@id":"https:\/\/resest.com\/es\/vida-sabadell-barcelona\/planes-navidenos-en-barcelona-y-alrededores\/","url":"https:\/\/resest.com\/es\/vida-sabadell-barcelona\/planes-navidenos-en-barcelona-y-alrededores\/","name":"Disfruta de los Planes Navide\u00f1os en Barcelona - Resest","isPartOf":{"@id":"https:\/\/resest.com\/es\/#website"},"primaryImageOfPage":{"@id":"https:\/\/resest.com\/es\/vida-sabadell-barcelona\/planes-navidenos-en-barcelona-y-alrededores\/#primaryimage"},"image":{"@id":"https:\/\/resest.com\/es\/vida-sabadell-barcelona\/planes-navidenos-en-barcelona-y-alrededores\/#primaryimage"},"thumbnailUrl":"https:\/\/resest.com\/wp-content\/uploads\/2023\/11\/planes-navidenos-en-Barcelona.jpg","datePublished":"2023-11-24T07:47:09+00:00","dateModified":"2023-11-24T07:47:12+00:00","description":"Vive la magia de la navidad y descubre planes navide\u00f1os en Barcelona, desde mercados festivos hasta patinaje en la Plaza Catalu\u00f1a. Vis\u00edtanos y descubre m\u00e1s.","breadcrumb":{"@id":"https:\/\/resest.com\/es\/vida-sabadell-barcelona\/planes-navidenos-en-barcelona-y-alrededores\/#breadcrumb"},"inLanguage":"es","potentialAction":[{"@type":"ReadAction","target":["https:\/\/resest.com\/es\/vida-sabadell-barcelona\/planes-navidenos-en-barcelona-y-alrededores\/"]}]},{"@type":"ImageObject","inLanguage":"es","@id":"https:\/\/resest.com\/es\/vida-sabadell-barcelona\/planes-navidenos-en-barcelona-y-alrededores\/#primaryimage","url":"https:\/\/resest.com\/wp-content\/uploads\/2023\/11\/planes-navidenos-en-Barcelona.jpg","contentUrl":"https:\/\/resest.com\/wp-content\/uploads\/2023\/11\/planes-navidenos-en-Barcelona.jpg","width":1200,"height":800,"caption":"planes navide\u00f1os en Barcelona"},{"@type":"BreadcrumbList","@id":"https:\/\/resest.com\/es\/vida-sabadell-barcelona\/planes-navidenos-en-barcelona-y-alrededores\/#breadcrumb","itemListElement":[{"@type":"ListItem","position":1,"name":"Inici","item":"https:\/\/resest.com\/es\/"},{"@type":"ListItem","position":2,"name":"Planes navide\u00f1os en Barcelona y alrededores"}]},{"@type":"WebSite","@id":"https:\/\/resest.com\/es\/#website","url":"https:\/\/resest.com\/es\/","name":"Resid\u00e8ncia d&#039;Estudiants l&#039;Estaci\u00f3 de Sabadell | Resest","description":"Otro sitio realizado con WordPress","publisher":{"@id":"https:\/\/resest.com\/es\/#organization"},"potentialAction":[{"@type":"SearchAction","target":{"@type":"EntryPoint","urlTemplate":"https:\/\/resest.com\/es\/?s={search_term_string}"},"query-input":{"@type":"PropertyValueSpecification","valueRequired":true,"valueName":"search_term_string"}}],"inLanguage":"es"},{"@type":"Organization","@id":"https:\/\/resest.com\/es\/#organization","name":"Resid\u00e8ncia d&#039;Estudiants l&#039;Estaci\u00f3 de Sabadell | Resest","url":"https:\/\/resest.com\/es\/","logo":{"@type":"ImageObject","inLanguage":"es","@id":"https:\/\/resest.com\/es\/#\/schema\/logo\/image\/","url":"https:\/\/resest.com\/wp-content\/uploads\/2024\/03\/Facana-1.jpg","contentUrl":"https:\/\/resest.com\/wp-content\/uploads\/2024\/03\/Facana-1.jpg","width":1200,"height":1009,"caption":"Resid\u00e8ncia d&#039;Estudiants l&#039;Estaci\u00f3 de Sabadell | Resest"},"image":{"@id":"https:\/\/resest.com\/es\/#\/schema\/logo\/image\/"}},{"@type":"Person","@id":"https:\/\/resest.com\/es\/#\/schema\/person\/d9965768ae08730dafc3a7c835fcc47c","name":"Resest","image":{"@type":"ImageObject","inLanguage":"es","@id":"https:\/\/resest.com\/es\/#\/schema\/person\/image\/","url":"https:\/\/secure.gravatar.com\/avatar\/0c7509c85c836ff68bc43efa415976254ed1463e7bbc3edf38a658092e29e5b4?s=96&d=mm&r=g","contentUrl":"https:\/\/secure.gravatar.com\/avatar\/0c7509c85c836ff68bc43efa415976254ed1463e7bbc3edf38a658092e29e5b4?s=96&d=mm&r=g","caption":"Resest"},"url":"https:\/\/resest.com\/es\/author\/jordi\/"}]}},"_links":{"self":[{"href":"https:\/\/resest.com\/es\/wp-json\/wp\/v2\/posts\/11052","targetHints":{"allow":["GET"]}}],"collection":[{"href":"https:\/\/resest.com\/es\/wp-json\/wp\/v2\/posts"}],"about":[{"href":"https:\/\/resest.com\/es\/wp-json\/wp\/v2\/types\/post"}],"author":[{"embeddable":true,"href":"https:\/\/resest.com\/es\/wp-json\/wp\/v2\/users\/1"}],"replies":[{"embeddable":true,"href":"https:\/\/resest.com\/es\/wp-json\/wp\/v2\/comments?post=11052"}],"version-history":[{"count":0,"href":"https:\/\/resest.com\/es\/wp-json\/wp\/v2\/posts\/11052\/revisions"}],"wp:featuredmedia":[{"embeddable":true,"href":"https:\/\/resest.com\/es\/wp-json\/wp\/v2\/media\/11053"}],"wp:attachment":[{"href":"https:\/\/resest.com\/es\/wp-json\/wp\/v2\/media?parent=11052"}],"wp:term":[{"taxonomy":"category","embeddable":true,"href":"https:\/\/resest.com\/es\/wp-json\/wp\/v2\/categories?post=11052"},{"taxonomy":"post_tag","embeddable":true,"href":"https:\/\/resest.com\/es\/wp-json\/wp\/v2\/tags?post=11052"}],"curies":[{"name":"wp","href":"https:\/\/api.w.org\/{rel}","templated":true}]}}