{"id":10953,"date":"2023-08-28T08:58:12","date_gmt":"2023-08-28T06:58:12","guid":{"rendered":"https:\/\/resest.com\/?p=10953"},"modified":"2023-08-22T09:00:18","modified_gmt":"2023-08-22T07:00:18","slug":"preparate-para-el-proximo-curso-consejos-para-aprovechar-el-verano-y-volver-a-la-residencia-con-energia","status":"publish","type":"post","link":"https:\/\/resest.com\/es\/vida-de-lestudiant-es\/preparate-para-el-proximo-curso-consejos-para-aprovechar-el-verano-y-volver-a-la-residencia-con-energia\/","title":{"rendered":"\u00a1Prep\u00e1rate para el pr\u00f3ximo curso! Consejos para aprovechar el verano y volver a la residencia con energ\u00eda"},"content":{"rendered":"\n<p>Aunque la residencia de estudiantes est\u00e9 cerrada durante el mes de agosto, es el momento perfecto para <strong>prepararte para el pr\u00f3ximo curso y volver con energ\u00eda renovada<\/strong>. <a href=\"https:\/\/resest.com\/es\/blog-alojamiento-para-estudiantes-en-barcelona-bellaterra\/\">En este art\u00edculo<\/a>, te proporcionaremos consejos <strong>pr\u00e1cticos para aprovechar al m\u00e1ximo este periodo, desarrollar habilidades, organizarte y disfrutar del verano<\/strong> de una manera productiva.<\/p>\n\n\n\n<h2 class=\"wp-block-heading\"><strong>Planifica tu pr\u00f3ximo curso acad\u00e9mico<\/strong><\/h2>\n\n\n\n<p>Aprovecha el tiempo en agosto para <strong>planificar y organizar tu pr\u00f3ximo curso acad\u00e9mico<\/strong>. Revisa tu horario y programa tus clases y actividades extracurriculares. Haz una lista de los libros y materiales que necesitar\u00e1s y considera la posibilidad de adelantar la lectura de algunos temas. Tambi\u00e9n, puedes investigar sobre posibles oportunidades de pr\u00e1cticas, pasant\u00edas o proyectos interesantes relacionados con tu carrera.<\/p>\n\n\n\n<h2 class=\"wp-block-heading\"><strong>Desarrolla habilidades adicionales<\/strong><\/h2>\n\n\n\n<p>Utiliza el tiempo de agosto para <strong>desarrollar habilidades adicionales<\/strong> que te ser\u00e1n \u00fatiles durante tu vida universitaria y profesional. Puedes inscribirte en cursos en l\u00ednea gratuitos o de pago sobre temas que te interesen, como idiomas, habilidades de comunicaci\u00f3n, programaci\u00f3n o emprendimiento. Adem\u00e1s, puedes practicar habilidades como la escritura acad\u00e9mica, la resoluci\u00f3n de problemas o la gesti\u00f3n del tiempo.<\/p>\n\n\n\n<h2 class=\"wp-block-heading\"><strong>Organiza y declutter tu espacio de estudio<\/strong><\/h2>\n\n\n\n<p>Aprovecha el periodo para <strong>organizar y declutter tu espacio de estudio.<\/strong> Ordena tus libros, materiales y apuntes. Crea un sistema de archivo que te permita acceder f\u00e1cilmente a tus recursos acad\u00e9micos. Adem\u00e1s, aseg\u00farate de tener un espacio de estudio limpio y libre de distracciones para cuando vuelvas a la residencia.<\/p>\n\n\n\n<h2 class=\"wp-block-heading\"><strong>Disfruta del verano y recarga energ\u00edas<\/strong><\/h2>\n\n\n\n<p>No olvides <a href=\"https:\/\/resest.com\/es\/vida-de-lestudiant-es\/como-aprovechar-al-maximo-y-que-hacer-en-verano-ideas-para-unas-vacaciones-divertidas-y-memorables\/\"><strong>disfrutar del verano<\/strong><\/a><strong> y descansar para recargar energ\u00edas<\/strong> de cara al pr\u00f3ximo curso. Dedica tiempo para actividades que te relajen y te hagan feliz, como leer, practicar deportes al aire libre, viajar o pasar tiempo con amigos y familiares. Aprovecha para explorar nuevos lugares y culturas, y disfruta de actividades de ocio que te apasionen.<\/p>\n\n\n\n<p>Puedes aprovechar este periodo para prepararte para el pr\u00f3ximo curso de manera productiva y disfrutar del verano. Planifica tu pr\u00f3ximo curso, desarrolla habilidades adicionales, organiza tu espacio de estudio y no olvides disfrutar y recargar energ\u00edas. \u00a1Volver\u00e1s a la residencia con una mentalidad renovada y preparado para afrontar el nuevo desaf\u00edo acad\u00e9mico!<\/p>\n","protected":false},"excerpt":{"rendered":"<p>Aunque la residencia de estudiantes est\u00e9 cerrada durante el mes de agosto, es el momento perfecto para prepararte para el pr\u00f3ximo curso y volver con energ\u00eda renovada. En este art\u00edculo, te proporcionaremos consejos pr\u00e1cticos para aprovechar al m\u00e1ximo este periodo, desarrollar habilidades, organizarte y disfrutar del verano de una manera productiva. Planifica tu pr\u00f3ximo curso&hellip;<\/p>\n","protected":false},"author":1,"featured_media":10954,"comment_status":"open","ping_status":"open","sticky":false,"template":"","format":"standard","meta":{"footnotes":""},"categories":[69],"tags":[],"class_list":["post-10953","post","type-post","status-publish","format-standard","has-post-thumbnail","hentry","category-vida-de-lestudiant-es","entry","has-media"],"yoast_head":"<!-- This site is optimized with the Yoast SEO plugin v26.4 - https:\/\/yoast.com\/wordpress\/plugins\/seo\/ -->\n<title>Vuelta a la rutina: Prepar\u00e1ndote para el pr\u00f3ximo curso \u2013 Resest<\/title>\n<meta name=\"description\" content=\"Prep\u00e1rate para la vuelta a la rutina acad\u00e9mica con consejos pr\u00e1cticos y aprovecha el verano para organizarte y recargar energ\u00edas.\" \/>\n<meta name=\"robots\" content=\"index, follow, max-snippet:-1, max-image-preview:large, max-video-preview:-1\" \/>\n<link rel=\"canonical\" href=\"https:\/\/resest.com\/es\/vida-de-lestudiant-es\/preparate-para-el-proximo-curso-consejos-para-aprovechar-el-verano-y-volver-a-la-residencia-con-energia\/\" \/>\n<meta property=\"og:locale\" content=\"es_ES\" \/>\n<meta property=\"og:type\" content=\"article\" \/>\n<meta property=\"og:title\" content=\"Vuelta a la rutina: Prepar\u00e1ndote para el pr\u00f3ximo curso \u2013 Resest\" \/>\n<meta property=\"og:description\" content=\"Prep\u00e1rate para la vuelta a la rutina acad\u00e9mica con consejos pr\u00e1cticos y aprovecha el verano para organizarte y recargar energ\u00edas.\" \/>\n<meta property=\"og:url\" content=\"https:\/\/resest.com\/es\/vida-de-lestudiant-es\/preparate-para-el-proximo-curso-consejos-para-aprovechar-el-verano-y-volver-a-la-residencia-con-energia\/\" \/>\n<meta property=\"og:site_name\" content=\"Resid\u00e8ncia d&#039;Estudiants l&#039;Estaci\u00f3 de Sabadell | Resest\" \/>\n<meta property=\"article:published_time\" content=\"2023-08-28T06:58:12+00:00\" \/>\n<meta property=\"og:image\" content=\"https:\/\/resest.com\/wp-content\/uploads\/2023\/08\/woman-putting-book-on-shelf-in-library-2021-12-09-17-16-16-utc.jpg\" \/>\n\t<meta property=\"og:image:width\" content=\"1200\" \/>\n\t<meta property=\"og:image:height\" content=\"798\" \/>\n\t<meta property=\"og:image:type\" content=\"image\/jpeg\" \/>\n<meta name=\"author\" content=\"Resest\" \/>\n<meta name=\"twitter:label1\" content=\"Escrito por\" \/>\n\t<meta name=\"twitter:data1\" content=\"Resest\" \/>\n\t<meta name=\"twitter:label2\" content=\"Tiempo de lectura\" \/>\n\t<meta name=\"twitter:data2\" content=\"2 minutos\" \/>\n<script type=\"application\/ld+json\" class=\"yoast-schema-graph\">{\"@context\":\"https:\/\/schema.org\",\"@graph\":[{\"@type\":\"Article\",\"@id\":\"https:\/\/resest.com\/es\/vida-de-lestudiant-es\/preparate-para-el-proximo-curso-consejos-para-aprovechar-el-verano-y-volver-a-la-residencia-con-energia\/#article\",\"isPartOf\":{\"@id\":\"https:\/\/resest.com\/es\/vida-de-lestudiant-es\/preparate-para-el-proximo-curso-consejos-para-aprovechar-el-verano-y-volver-a-la-residencia-con-energia\/\"},\"author\":{\"name\":\"Resest\",\"@id\":\"https:\/\/resest.com\/es\/#\/schema\/person\/d9965768ae08730dafc3a7c835fcc47c\"},\"headline\":\"\u00a1Prep\u00e1rate para el pr\u00f3ximo curso! Consejos para aprovechar el verano y volver a la residencia con energ\u00eda\",\"datePublished\":\"2023-08-28T06:58:12+00:00\",\"mainEntityOfPage\":{\"@id\":\"https:\/\/resest.com\/es\/vida-de-lestudiant-es\/preparate-para-el-proximo-curso-consejos-para-aprovechar-el-verano-y-volver-a-la-residencia-con-energia\/\"},\"wordCount\":404,\"commentCount\":0,\"publisher\":{\"@id\":\"https:\/\/resest.com\/es\/#organization\"},\"image\":{\"@id\":\"https:\/\/resest.com\/es\/vida-de-lestudiant-es\/preparate-para-el-proximo-curso-consejos-para-aprovechar-el-verano-y-volver-a-la-residencia-con-energia\/#primaryimage\"},\"thumbnailUrl\":\"https:\/\/resest.com\/wp-content\/uploads\/2023\/08\/woman-putting-book-on-shelf-in-library-2021-12-09-17-16-16-utc.jpg\",\"articleSection\":[\"Consejos para estudiantes universitarios\"],\"inLanguage\":\"es\",\"potentialAction\":[{\"@type\":\"CommentAction\",\"name\":\"Comment\",\"target\":[\"https:\/\/resest.com\/es\/vida-de-lestudiant-es\/preparate-para-el-proximo-curso-consejos-para-aprovechar-el-verano-y-volver-a-la-residencia-con-energia\/#respond\"]}]},{\"@type\":\"WebPage\",\"@id\":\"https:\/\/resest.com\/es\/vida-de-lestudiant-es\/preparate-para-el-proximo-curso-consejos-para-aprovechar-el-verano-y-volver-a-la-residencia-con-energia\/\",\"url\":\"https:\/\/resest.com\/es\/vida-de-lestudiant-es\/preparate-para-el-proximo-curso-consejos-para-aprovechar-el-verano-y-volver-a-la-residencia-con-energia\/\",\"name\":\"Vuelta a la rutina: Prepar\u00e1ndote para el pr\u00f3ximo curso \u2013 Resest\",\"isPartOf\":{\"@id\":\"https:\/\/resest.com\/es\/#website\"},\"primaryImageOfPage\":{\"@id\":\"https:\/\/resest.com\/es\/vida-de-lestudiant-es\/preparate-para-el-proximo-curso-consejos-para-aprovechar-el-verano-y-volver-a-la-residencia-con-energia\/#primaryimage\"},\"image\":{\"@id\":\"https:\/\/resest.com\/es\/vida-de-lestudiant-es\/preparate-para-el-proximo-curso-consejos-para-aprovechar-el-verano-y-volver-a-la-residencia-con-energia\/#primaryimage\"},\"thumbnailUrl\":\"https:\/\/resest.com\/wp-content\/uploads\/2023\/08\/woman-putting-book-on-shelf-in-library-2021-12-09-17-16-16-utc.jpg\",\"datePublished\":\"2023-08-28T06:58:12+00:00\",\"description\":\"Prep\u00e1rate para la vuelta a la rutina acad\u00e9mica con consejos pr\u00e1cticos y aprovecha el verano para organizarte y recargar energ\u00edas.\",\"breadcrumb\":{\"@id\":\"https:\/\/resest.com\/es\/vida-de-lestudiant-es\/preparate-para-el-proximo-curso-consejos-para-aprovechar-el-verano-y-volver-a-la-residencia-con-energia\/#breadcrumb\"},\"inLanguage\":\"es\",\"potentialAction\":[{\"@type\":\"ReadAction\",\"target\":[\"https:\/\/resest.com\/es\/vida-de-lestudiant-es\/preparate-para-el-proximo-curso-consejos-para-aprovechar-el-verano-y-volver-a-la-residencia-con-energia\/\"]}]},{\"@type\":\"ImageObject\",\"inLanguage\":\"es\",\"@id\":\"https:\/\/resest.com\/es\/vida-de-lestudiant-es\/preparate-para-el-proximo-curso-consejos-para-aprovechar-el-verano-y-volver-a-la-residencia-con-energia\/#primaryimage\",\"url\":\"https:\/\/resest.com\/wp-content\/uploads\/2023\/08\/woman-putting-book-on-shelf-in-library-2021-12-09-17-16-16-utc.jpg\",\"contentUrl\":\"https:\/\/resest.com\/wp-content\/uploads\/2023\/08\/woman-putting-book-on-shelf-in-library-2021-12-09-17-16-16-utc.jpg\",\"width\":1200,\"height\":798,\"caption\":\"vuelta a la rutina\"},{\"@type\":\"BreadcrumbList\",\"@id\":\"https:\/\/resest.com\/es\/vida-de-lestudiant-es\/preparate-para-el-proximo-curso-consejos-para-aprovechar-el-verano-y-volver-a-la-residencia-con-energia\/#breadcrumb\",\"itemListElement\":[{\"@type\":\"ListItem\",\"position\":1,\"name\":\"Inici\",\"item\":\"https:\/\/resest.com\/es\/\"},{\"@type\":\"ListItem\",\"position\":2,\"name\":\"\u00a1Prep\u00e1rate para el pr\u00f3ximo curso! Consejos para aprovechar el verano y volver a la residencia con energ\u00eda\"}]},{\"@type\":\"WebSite\",\"@id\":\"https:\/\/resest.com\/es\/#website\",\"url\":\"https:\/\/resest.com\/es\/\",\"name\":\"Resid\u00e8ncia d&#039;Estudiants l&#039;Estaci\u00f3 de Sabadell | Resest\",\"description\":\"Otro sitio realizado con WordPress\",\"publisher\":{\"@id\":\"https:\/\/resest.com\/es\/#organization\"},\"potentialAction\":[{\"@type\":\"SearchAction\",\"target\":{\"@type\":\"EntryPoint\",\"urlTemplate\":\"https:\/\/resest.com\/es\/?s={search_term_string}\"},\"query-input\":{\"@type\":\"PropertyValueSpecification\",\"valueRequired\":true,\"valueName\":\"search_term_string\"}}],\"inLanguage\":\"es\"},{\"@type\":\"Organization\",\"@id\":\"https:\/\/resest.com\/es\/#organization\",\"name\":\"Resid\u00e8ncia d&#039;Estudiants l&#039;Estaci\u00f3 de Sabadell | Resest\",\"url\":\"https:\/\/resest.com\/es\/\",\"logo\":{\"@type\":\"ImageObject\",\"inLanguage\":\"es\",\"@id\":\"https:\/\/resest.com\/es\/#\/schema\/logo\/image\/\",\"url\":\"https:\/\/resest.com\/wp-content\/uploads\/2024\/03\/Facana-1.jpg\",\"contentUrl\":\"https:\/\/resest.com\/wp-content\/uploads\/2024\/03\/Facana-1.jpg\",\"width\":1200,\"height\":1009,\"caption\":\"Resid\u00e8ncia d&#039;Estudiants l&#039;Estaci\u00f3 de Sabadell | Resest\"},\"image\":{\"@id\":\"https:\/\/resest.com\/es\/#\/schema\/logo\/image\/\"}},{\"@type\":\"Person\",\"@id\":\"https:\/\/resest.com\/es\/#\/schema\/person\/d9965768ae08730dafc3a7c835fcc47c\",\"name\":\"Resest\",\"image\":{\"@type\":\"ImageObject\",\"inLanguage\":\"es\",\"@id\":\"https:\/\/resest.com\/es\/#\/schema\/person\/image\/\",\"url\":\"https:\/\/secure.gravatar.com\/avatar\/0c7509c85c836ff68bc43efa415976254ed1463e7bbc3edf38a658092e29e5b4?s=96&d=mm&r=g\",\"contentUrl\":\"https:\/\/secure.gravatar.com\/avatar\/0c7509c85c836ff68bc43efa415976254ed1463e7bbc3edf38a658092e29e5b4?s=96&d=mm&r=g\",\"caption\":\"Resest\"},\"url\":\"https:\/\/resest.com\/es\/author\/jordi\/\"}]}<\/script>\n<!-- \/ Yoast SEO plugin. -->","yoast_head_json":{"title":"Vuelta a la rutina: Prepar\u00e1ndote para el pr\u00f3ximo curso \u2013 Resest","description":"Prep\u00e1rate para la vuelta a la rutina acad\u00e9mica con consejos pr\u00e1cticos y aprovecha el verano para organizarte y recargar energ\u00edas.","robots":{"index":"index","follow":"follow","max-snippet":"max-snippet:-1","max-image-preview":"max-image-preview:large","max-video-preview":"max-video-preview:-1"},"canonical":"https:\/\/resest.com\/es\/vida-de-lestudiant-es\/preparate-para-el-proximo-curso-consejos-para-aprovechar-el-verano-y-volver-a-la-residencia-con-energia\/","og_locale":"es_ES","og_type":"article","og_title":"Vuelta a la rutina: Prepar\u00e1ndote para el pr\u00f3ximo curso \u2013 Resest","og_description":"Prep\u00e1rate para la vuelta a la rutina acad\u00e9mica con consejos pr\u00e1cticos y aprovecha el verano para organizarte y recargar energ\u00edas.","og_url":"https:\/\/resest.com\/es\/vida-de-lestudiant-es\/preparate-para-el-proximo-curso-consejos-para-aprovechar-el-verano-y-volver-a-la-residencia-con-energia\/","og_site_name":"Resid\u00e8ncia d&#039;Estudiants l&#039;Estaci\u00f3 de Sabadell | Resest","article_published_time":"2023-08-28T06:58:12+00:00","og_image":[{"width":1200,"height":798,"url":"https:\/\/resest.com\/wp-content\/uploads\/2023\/08\/woman-putting-book-on-shelf-in-library-2021-12-09-17-16-16-utc.jpg","type":"image\/jpeg"}],"author":"Resest","twitter_misc":{"Escrito por":"Resest","Tiempo de lectura":"2 minutos"},"schema":{"@context":"https:\/\/schema.org","@graph":[{"@type":"Article","@id":"https:\/\/resest.com\/es\/vida-de-lestudiant-es\/preparate-para-el-proximo-curso-consejos-para-aprovechar-el-verano-y-volver-a-la-residencia-con-energia\/#article","isPartOf":{"@id":"https:\/\/resest.com\/es\/vida-de-lestudiant-es\/preparate-para-el-proximo-curso-consejos-para-aprovechar-el-verano-y-volver-a-la-residencia-con-energia\/"},"author":{"name":"Resest","@id":"https:\/\/resest.com\/es\/#\/schema\/person\/d9965768ae08730dafc3a7c835fcc47c"},"headline":"\u00a1Prep\u00e1rate para el pr\u00f3ximo curso! Consejos para aprovechar el verano y volver a la residencia con energ\u00eda","datePublished":"2023-08-28T06:58:12+00:00","mainEntityOfPage":{"@id":"https:\/\/resest.com\/es\/vida-de-lestudiant-es\/preparate-para-el-proximo-curso-consejos-para-aprovechar-el-verano-y-volver-a-la-residencia-con-energia\/"},"wordCount":404,"commentCount":0,"publisher":{"@id":"https:\/\/resest.com\/es\/#organization"},"image":{"@id":"https:\/\/resest.com\/es\/vida-de-lestudiant-es\/preparate-para-el-proximo-curso-consejos-para-aprovechar-el-verano-y-volver-a-la-residencia-con-energia\/#primaryimage"},"thumbnailUrl":"https:\/\/resest.com\/wp-content\/uploads\/2023\/08\/woman-putting-book-on-shelf-in-library-2021-12-09-17-16-16-utc.jpg","articleSection":["Consejos para estudiantes universitarios"],"inLanguage":"es","potentialAction":[{"@type":"CommentAction","name":"Comment","target":["https:\/\/resest.com\/es\/vida-de-lestudiant-es\/preparate-para-el-proximo-curso-consejos-para-aprovechar-el-verano-y-volver-a-la-residencia-con-energia\/#respond"]}]},{"@type":"WebPage","@id":"https:\/\/resest.com\/es\/vida-de-lestudiant-es\/preparate-para-el-proximo-curso-consejos-para-aprovechar-el-verano-y-volver-a-la-residencia-con-energia\/","url":"https:\/\/resest.com\/es\/vida-de-lestudiant-es\/preparate-para-el-proximo-curso-consejos-para-aprovechar-el-verano-y-volver-a-la-residencia-con-energia\/","name":"Vuelta a la rutina: Prepar\u00e1ndote para el pr\u00f3ximo curso \u2013 Resest","isPartOf":{"@id":"https:\/\/resest.com\/es\/#website"},"primaryImageOfPage":{"@id":"https:\/\/resest.com\/es\/vida-de-lestudiant-es\/preparate-para-el-proximo-curso-consejos-para-aprovechar-el-verano-y-volver-a-la-residencia-con-energia\/#primaryimage"},"image":{"@id":"https:\/\/resest.com\/es\/vida-de-lestudiant-es\/preparate-para-el-proximo-curso-consejos-para-aprovechar-el-verano-y-volver-a-la-residencia-con-energia\/#primaryimage"},"thumbnailUrl":"https:\/\/resest.com\/wp-content\/uploads\/2023\/08\/woman-putting-book-on-shelf-in-library-2021-12-09-17-16-16-utc.jpg","datePublished":"2023-08-28T06:58:12+00:00","description":"Prep\u00e1rate para la vuelta a la rutina acad\u00e9mica con consejos pr\u00e1cticos y aprovecha el verano para organizarte y recargar energ\u00edas.","breadcrumb":{"@id":"https:\/\/resest.com\/es\/vida-de-lestudiant-es\/preparate-para-el-proximo-curso-consejos-para-aprovechar-el-verano-y-volver-a-la-residencia-con-energia\/#breadcrumb"},"inLanguage":"es","potentialAction":[{"@type":"ReadAction","target":["https:\/\/resest.com\/es\/vida-de-lestudiant-es\/preparate-para-el-proximo-curso-consejos-para-aprovechar-el-verano-y-volver-a-la-residencia-con-energia\/"]}]},{"@type":"ImageObject","inLanguage":"es","@id":"https:\/\/resest.com\/es\/vida-de-lestudiant-es\/preparate-para-el-proximo-curso-consejos-para-aprovechar-el-verano-y-volver-a-la-residencia-con-energia\/#primaryimage","url":"https:\/\/resest.com\/wp-content\/uploads\/2023\/08\/woman-putting-book-on-shelf-in-library-2021-12-09-17-16-16-utc.jpg","contentUrl":"https:\/\/resest.com\/wp-content\/uploads\/2023\/08\/woman-putting-book-on-shelf-in-library-2021-12-09-17-16-16-utc.jpg","width":1200,"height":798,"caption":"vuelta a la rutina"},{"@type":"BreadcrumbList","@id":"https:\/\/resest.com\/es\/vida-de-lestudiant-es\/preparate-para-el-proximo-curso-consejos-para-aprovechar-el-verano-y-volver-a-la-residencia-con-energia\/#breadcrumb","itemListElement":[{"@type":"ListItem","position":1,"name":"Inici","item":"https:\/\/resest.com\/es\/"},{"@type":"ListItem","position":2,"name":"\u00a1Prep\u00e1rate para el pr\u00f3ximo curso! Consejos para aprovechar el verano y volver a la residencia con energ\u00eda"}]},{"@type":"WebSite","@id":"https:\/\/resest.com\/es\/#website","url":"https:\/\/resest.com\/es\/","name":"Resid\u00e8ncia d&#039;Estudiants l&#039;Estaci\u00f3 de Sabadell | Resest","description":"Otro sitio realizado con WordPress","publisher":{"@id":"https:\/\/resest.com\/es\/#organization"},"potentialAction":[{"@type":"SearchAction","target":{"@type":"EntryPoint","urlTemplate":"https:\/\/resest.com\/es\/?s={search_term_string}"},"query-input":{"@type":"PropertyValueSpecification","valueRequired":true,"valueName":"search_term_string"}}],"inLanguage":"es"},{"@type":"Organization","@id":"https:\/\/resest.com\/es\/#organization","name":"Resid\u00e8ncia d&#039;Estudiants l&#039;Estaci\u00f3 de Sabadell | Resest","url":"https:\/\/resest.com\/es\/","logo":{"@type":"ImageObject","inLanguage":"es","@id":"https:\/\/resest.com\/es\/#\/schema\/logo\/image\/","url":"https:\/\/resest.com\/wp-content\/uploads\/2024\/03\/Facana-1.jpg","contentUrl":"https:\/\/resest.com\/wp-content\/uploads\/2024\/03\/Facana-1.jpg","width":1200,"height":1009,"caption":"Resid\u00e8ncia d&#039;Estudiants l&#039;Estaci\u00f3 de Sabadell | Resest"},"image":{"@id":"https:\/\/resest.com\/es\/#\/schema\/logo\/image\/"}},{"@type":"Person","@id":"https:\/\/resest.com\/es\/#\/schema\/person\/d9965768ae08730dafc3a7c835fcc47c","name":"Resest","image":{"@type":"ImageObject","inLanguage":"es","@id":"https:\/\/resest.com\/es\/#\/schema\/person\/image\/","url":"https:\/\/secure.gravatar.com\/avatar\/0c7509c85c836ff68bc43efa415976254ed1463e7bbc3edf38a658092e29e5b4?s=96&d=mm&r=g","contentUrl":"https:\/\/secure.gravatar.com\/avatar\/0c7509c85c836ff68bc43efa415976254ed1463e7bbc3edf38a658092e29e5b4?s=96&d=mm&r=g","caption":"Resest"},"url":"https:\/\/resest.com\/es\/author\/jordi\/"}]}},"_links":{"self":[{"href":"https:\/\/resest.com\/es\/wp-json\/wp\/v2\/posts\/10953","targetHints":{"allow":["GET"]}}],"collection":[{"href":"https:\/\/resest.com\/es\/wp-json\/wp\/v2\/posts"}],"about":[{"href":"https:\/\/resest.com\/es\/wp-json\/wp\/v2\/types\/post"}],"author":[{"embeddable":true,"href":"https:\/\/resest.com\/es\/wp-json\/wp\/v2\/users\/1"}],"replies":[{"embeddable":true,"href":"https:\/\/resest.com\/es\/wp-json\/wp\/v2\/comments?post=10953"}],"version-history":[{"count":0,"href":"https:\/\/resest.com\/es\/wp-json\/wp\/v2\/posts\/10953\/revisions"}],"wp:featuredmedia":[{"embeddable":true,"href":"https:\/\/resest.com\/es\/wp-json\/wp\/v2\/media\/10954"}],"wp:attachment":[{"href":"https:\/\/resest.com\/es\/wp-json\/wp\/v2\/media?parent=10953"}],"wp:term":[{"taxonomy":"category","embeddable":true,"href":"https:\/\/resest.com\/es\/wp-json\/wp\/v2\/categories?post=10953"},{"taxonomy":"post_tag","embeddable":true,"href":"https:\/\/resest.com\/es\/wp-json\/wp\/v2\/tags?post=10953"}],"curies":[{"name":"wp","href":"https:\/\/api.w.org\/{rel}","templated":true}]}}