{"id":10159,"date":"2022-08-22T08:43:00","date_gmt":"2022-08-22T06:43:00","guid":{"rendered":"https:\/\/resest.com\/?p=10159"},"modified":"2022-08-22T08:44:21","modified_gmt":"2022-08-22T06:44:21","slug":"en-septiembre-fiesta-mayor-de-sabadell","status":"publish","type":"post","link":"https:\/\/resest.com\/es\/blog-es\/en-septiembre-fiesta-mayor-de-sabadell\/","title":{"rendered":"En Septiembre, fiesta mayor de Sabadell\u00a0"},"content":{"rendered":"\n<p>Sabadell es una de las ciudades de Catalu\u00f1a m\u00e1s conocidas por su gran actividad y cultura. Adem\u00e1s, es uno de los destinos m\u00e1s populares entre\u202f<strong>estudiantes y j\u00f3venes<\/strong>, ya que en los \u00faltimos a\u00f1os la oferta educativa y las actividades de ocio est\u00e1n increment\u00e1ndose. Si est\u00e1s pensando en estudiar en esta bonita ciudad o en venir a visitarla, no te puedes perder nuestro art\u00edculo sobre las\u202f<strong>mejores actividades en Sabadell<\/strong>\u202fpara hacer durante todo el a\u00f1o con amigos.&nbsp;<\/p>\n\n\n\n<h2 class=\"wp-block-heading\">Las mejores actividades en Sabadell&nbsp;<\/h2>\n\n\n\n<ul class=\"wp-block-list\"><li><strong>Descubrir el n\u00facleo hist\u00f3rico de la ciudad,<\/strong>\u202fcon espacios tan emblem\u00e1ticos y bellos como el teatro principal, el paseo de la rambla, el casal Pere Quart, los hornos de cer\u00e1mica del obrador de L\u2019Escaiola o la casa Duran.&nbsp;<\/li><\/ul>\n\n\n\n<ul class=\"wp-block-list\"><li>Disfrutar de la tranquilidad de los espacios verdes situados junto al\u202f<strong>r\u00edo Ripoll,\u202f<\/strong>el\u202f<strong>Parque de Catalu\u00f1a,<\/strong>\u202fel<strong>\u202fParque de las Moriscas<\/strong>\u202fo el\u202f<strong>parque acu\u00e1tico<\/strong>\u202fLa Bassa de Sant Oleguer. Todos estos planes son perfectos durante las estaciones de buen tiempo.&nbsp;<\/li><li>Sabadell tambi\u00e9n te ofrece otras actividades divertidas como\u202f<strong>cines<\/strong>,\u202f<em>scape rooms<\/em>,\u202f<strong>centros comerciales, clubs de m\u00fasica\u202f<\/strong>como Waka Sabadell<em>\u202f<\/em>y multitud de\u202f<strong>restaurantes<\/strong>\u202fpara disfrutar de la gastronom\u00eda local.&nbsp;<\/li><li>Pero si buscas el mejor plan de ocio en Sabadell, te recomendamos empezar con la\u202f<strong><a href=\"https:\/\/www.sabadell.cat\/ca\/destaquem-cultura\/158833-festes-majors-als-barris-2022\">Festa Major<\/a><\/strong>. Sin duda es un imprescindible de este municipio, que se celebra a principios de septiembre, del 2 al 5. Es un evento ideal para los nuevos estudiantes y j\u00f3venes que se mudan a la ciudad y quieren conocer el entorno y su gente.&nbsp;<\/li><\/ul>\n\n\n\n<h2 class=\"wp-block-heading\">\u00bfQu\u00e9 hacer durante la Festa Major de Sabadell?&nbsp;<\/h2>\n\n\n\n<p>Uno de los reclamos m\u00e1s importantes de estas fiestas son el programa de<strong>\u202fconciertos<\/strong>\u202fque se celebran durante estos d\u00edas al aire libre en varios parques de la ciudad. Las\u202f<strong>competiciones deportivas<\/strong>\u202ftambi\u00e9n juegan un papel protagonista, tanto para participantes como visitantes. Destaca la carrera popular. Otras actividades organizadas muy famosas durante las fiestas son el\u202f<strong>pasacalles infernal<\/strong>, el\u202f<strong>Ball de Rodet<\/strong>\u202fy\u202f<strong>Los Castellers<\/strong>. Por supuesto, para los m\u00e1s peque\u00f1os tambi\u00e9n se organizan talleres, espect\u00e1culos callejeros y cuentacuentos, entre otros.&nbsp;<\/p>\n\n\n\n<p>Adem\u00e1s, una cita imprescindible para el primer d\u00eda es el\u202f<strong>preg\u00f3n<\/strong>\u202fde inicio de los festejos. Al d\u00eda siguiente es tradicional la\u202f<strong>fideu\u00e1 popular<\/strong>\u202fy en el \u00faltimo d\u00eda tiene lugar una espectacular sesi\u00f3n de\u202f<strong>fuegos artificiales<\/strong>. En conclusi\u00f3n, esta fiesta tan tradicional es una de las\u202f<strong>mejores actividades en Sabadell<\/strong>\u202fpara disfrutar en compa\u00f1\u00eda y conocer m\u00e1s a fondo esta ciudad tan din\u00e1mica.&nbsp;<\/p>\n\n\n\n<p>Con toda esta amplia oferta de\u202f<strong>actividades en Sabadell<\/strong>\u202fde cultura y entretenimiento, entendemos que te hayan entrado muchas ganas de visitarnos. Si eres estudiante y te decantas por Sabadell, en\u202f<strong><a href=\"https:\/\/resest.com\/es\/\">Residencia de Estudiantes Resest<\/a><\/strong>\u202fsiempre tendremos una habitaci\u00f3n para ti. Consulta sin compromiso nuestra disponibilidad, tarifas y servicios. \u00a1Te esperamos!\u00a0<\/p>\n","protected":false},"excerpt":{"rendered":"<p>Sabadell es una de las ciudades de Catalu\u00f1a m\u00e1s conocidas por su gran actividad y cultura. Adem\u00e1s, es uno de los destinos m\u00e1s populares entre\u202festudiantes y j\u00f3venes, ya que en los \u00faltimos a\u00f1os la oferta educativa y las actividades de ocio est\u00e1n increment\u00e1ndose. Si est\u00e1s pensando en estudiar en esta bonita ciudad o en venir&hellip;<\/p>\n","protected":false},"author":3,"featured_media":10160,"comment_status":"open","ping_status":"open","sticky":false,"template":"","format":"standard","meta":{"footnotes":""},"categories":[1,69,70],"tags":[],"class_list":["post-10159","post","type-post","status-publish","format-standard","has-post-thumbnail","hentry","category-blog-es","category-vida-de-lestudiant-es","category-vida-sabadell-barcelona","entry","has-media"],"yoast_head":"<!-- This site is optimized with the Yoast SEO plugin v26.4 - https:\/\/yoast.com\/wordpress\/plugins\/seo\/ -->\n<title>Descubre las mejores actividades en Sabadell de la mano de Resest - Resid\u00e8ncia d&#039;Estudiants l&#039;Estaci\u00f3 de Sabadell | Resest<\/title>\n<meta name=\"description\" content=\"Resest te ofrece los mejores planes con amigos durante todo el a\u00f1o. Descubre las actividades de Sabadell m\u00e1s conocidas como su festa mayor en septiembre\" \/>\n<meta name=\"robots\" content=\"index, follow, max-snippet:-1, max-image-preview:large, max-video-preview:-1\" \/>\n<link rel=\"canonical\" href=\"https:\/\/resest.com\/es\/blog-es\/en-septiembre-fiesta-mayor-de-sabadell\/\" \/>\n<meta property=\"og:locale\" content=\"es_ES\" \/>\n<meta property=\"og:type\" content=\"article\" \/>\n<meta property=\"og:title\" content=\"Descubre las mejores actividades en Sabadell de la mano de Resest - Resid\u00e8ncia d&#039;Estudiants l&#039;Estaci\u00f3 de Sabadell | Resest\" \/>\n<meta property=\"og:description\" content=\"Resest te ofrece los mejores planes con amigos durante todo el a\u00f1o. Descubre las actividades de Sabadell m\u00e1s conocidas como su festa mayor en septiembre\" \/>\n<meta property=\"og:url\" content=\"https:\/\/resest.com\/es\/blog-es\/en-septiembre-fiesta-mayor-de-sabadell\/\" \/>\n<meta property=\"og:site_name\" content=\"Resid\u00e8ncia d&#039;Estudiants l&#039;Estaci\u00f3 de Sabadell | Resest\" \/>\n<meta property=\"article:published_time\" content=\"2022-08-22T06:43:00+00:00\" \/>\n<meta property=\"article:modified_time\" content=\"2022-08-22T06:44:21+00:00\" \/>\n<meta property=\"og:image\" content=\"https:\/\/resest.com\/wp-content\/uploads\/2022\/07\/festa-major_sabadell_small.png\" \/>\n\t<meta property=\"og:image:width\" content=\"500\" \/>\n\t<meta property=\"og:image:height\" content=\"730\" \/>\n\t<meta property=\"og:image:type\" content=\"image\/png\" \/>\n<meta name=\"author\" content=\"Resest\" \/>\n<meta name=\"twitter:label1\" content=\"Escrito por\" \/>\n\t<meta name=\"twitter:data1\" content=\"Resest\" \/>\n\t<meta name=\"twitter:label2\" content=\"Tiempo de lectura\" \/>\n\t<meta name=\"twitter:data2\" content=\"3 minutos\" \/>\n<script type=\"application\/ld+json\" class=\"yoast-schema-graph\">{\"@context\":\"https:\/\/schema.org\",\"@graph\":[{\"@type\":\"Article\",\"@id\":\"https:\/\/resest.com\/es\/blog-es\/en-septiembre-fiesta-mayor-de-sabadell\/#article\",\"isPartOf\":{\"@id\":\"https:\/\/resest.com\/es\/blog-es\/en-septiembre-fiesta-mayor-de-sabadell\/\"},\"author\":{\"name\":\"Resest\",\"@id\":\"https:\/\/resest.com\/es\/#\/schema\/person\/f66d2b5dae2cd0a989ab720dd211d2a9\"},\"headline\":\"En Septiembre, fiesta mayor de Sabadell\u00a0\",\"datePublished\":\"2022-08-22T06:43:00+00:00\",\"dateModified\":\"2022-08-22T06:44:21+00:00\",\"mainEntityOfPage\":{\"@id\":\"https:\/\/resest.com\/es\/blog-es\/en-septiembre-fiesta-mayor-de-sabadell\/\"},\"wordCount\":510,\"commentCount\":0,\"publisher\":{\"@id\":\"https:\/\/resest.com\/es\/#organization\"},\"image\":{\"@id\":\"https:\/\/resest.com\/es\/blog-es\/en-septiembre-fiesta-mayor-de-sabadell\/#primaryimage\"},\"thumbnailUrl\":\"https:\/\/resest.com\/wp-content\/uploads\/2022\/07\/festa-major_sabadell_small.png\",\"articleSection\":[\"Blog\",\"Consejos para estudiantes universitarios\",\"Qu\u00e9 hacer en Sabadell y Barcelona\"],\"inLanguage\":\"es\",\"potentialAction\":[{\"@type\":\"CommentAction\",\"name\":\"Comment\",\"target\":[\"https:\/\/resest.com\/es\/blog-es\/en-septiembre-fiesta-mayor-de-sabadell\/#respond\"]}]},{\"@type\":\"WebPage\",\"@id\":\"https:\/\/resest.com\/es\/blog-es\/en-septiembre-fiesta-mayor-de-sabadell\/\",\"url\":\"https:\/\/resest.com\/es\/blog-es\/en-septiembre-fiesta-mayor-de-sabadell\/\",\"name\":\"Descubre las mejores actividades en Sabadell de la mano de Resest - Resid\u00e8ncia d&#039;Estudiants l&#039;Estaci\u00f3 de Sabadell | Resest\",\"isPartOf\":{\"@id\":\"https:\/\/resest.com\/es\/#website\"},\"primaryImageOfPage\":{\"@id\":\"https:\/\/resest.com\/es\/blog-es\/en-septiembre-fiesta-mayor-de-sabadell\/#primaryimage\"},\"image\":{\"@id\":\"https:\/\/resest.com\/es\/blog-es\/en-septiembre-fiesta-mayor-de-sabadell\/#primaryimage\"},\"thumbnailUrl\":\"https:\/\/resest.com\/wp-content\/uploads\/2022\/07\/festa-major_sabadell_small.png\",\"datePublished\":\"2022-08-22T06:43:00+00:00\",\"dateModified\":\"2022-08-22T06:44:21+00:00\",\"description\":\"Resest te ofrece los mejores planes con amigos durante todo el a\u00f1o. Descubre las actividades de Sabadell m\u00e1s conocidas como su festa mayor en septiembre\",\"breadcrumb\":{\"@id\":\"https:\/\/resest.com\/es\/blog-es\/en-septiembre-fiesta-mayor-de-sabadell\/#breadcrumb\"},\"inLanguage\":\"es\",\"potentialAction\":[{\"@type\":\"ReadAction\",\"target\":[\"https:\/\/resest.com\/es\/blog-es\/en-septiembre-fiesta-mayor-de-sabadell\/\"]}]},{\"@type\":\"ImageObject\",\"inLanguage\":\"es\",\"@id\":\"https:\/\/resest.com\/es\/blog-es\/en-septiembre-fiesta-mayor-de-sabadell\/#primaryimage\",\"url\":\"https:\/\/resest.com\/wp-content\/uploads\/2022\/07\/festa-major_sabadell_small.png\",\"contentUrl\":\"https:\/\/resest.com\/wp-content\/uploads\/2022\/07\/festa-major_sabadell_small.png\",\"width\":500,\"height\":730,\"caption\":\"actividades Sabadell\"},{\"@type\":\"BreadcrumbList\",\"@id\":\"https:\/\/resest.com\/es\/blog-es\/en-septiembre-fiesta-mayor-de-sabadell\/#breadcrumb\",\"itemListElement\":[{\"@type\":\"ListItem\",\"position\":1,\"name\":\"Inici\",\"item\":\"https:\/\/resest.com\/es\/\"},{\"@type\":\"ListItem\",\"position\":2,\"name\":\"En Septiembre, fiesta mayor de Sabadell\u00a0\"}]},{\"@type\":\"WebSite\",\"@id\":\"https:\/\/resest.com\/es\/#website\",\"url\":\"https:\/\/resest.com\/es\/\",\"name\":\"Resid\u00e8ncia d&#039;Estudiants l&#039;Estaci\u00f3 de Sabadell | Resest\",\"description\":\"Otro sitio realizado con WordPress\",\"publisher\":{\"@id\":\"https:\/\/resest.com\/es\/#organization\"},\"potentialAction\":[{\"@type\":\"SearchAction\",\"target\":{\"@type\":\"EntryPoint\",\"urlTemplate\":\"https:\/\/resest.com\/es\/?s={search_term_string}\"},\"query-input\":{\"@type\":\"PropertyValueSpecification\",\"valueRequired\":true,\"valueName\":\"search_term_string\"}}],\"inLanguage\":\"es\"},{\"@type\":\"Organization\",\"@id\":\"https:\/\/resest.com\/es\/#organization\",\"name\":\"Resid\u00e8ncia d&#039;Estudiants l&#039;Estaci\u00f3 de Sabadell | Resest\",\"url\":\"https:\/\/resest.com\/es\/\",\"logo\":{\"@type\":\"ImageObject\",\"inLanguage\":\"es\",\"@id\":\"https:\/\/resest.com\/es\/#\/schema\/logo\/image\/\",\"url\":\"https:\/\/resest.com\/wp-content\/uploads\/2024\/03\/Facana-1.jpg\",\"contentUrl\":\"https:\/\/resest.com\/wp-content\/uploads\/2024\/03\/Facana-1.jpg\",\"width\":1200,\"height\":1009,\"caption\":\"Resid\u00e8ncia d&#039;Estudiants l&#039;Estaci\u00f3 de Sabadell | Resest\"},\"image\":{\"@id\":\"https:\/\/resest.com\/es\/#\/schema\/logo\/image\/\"}},{\"@type\":\"Person\",\"@id\":\"https:\/\/resest.com\/es\/#\/schema\/person\/f66d2b5dae2cd0a989ab720dd211d2a9\",\"name\":\"Resest\",\"image\":{\"@type\":\"ImageObject\",\"inLanguage\":\"es\",\"@id\":\"https:\/\/resest.com\/es\/#\/schema\/person\/image\/\",\"url\":\"https:\/\/secure.gravatar.com\/avatar\/a5d542eca874617a8a62a45c724821a615f770cf5bde5e61a93a7a2562faba7a?s=96&d=mm&r=g\",\"contentUrl\":\"https:\/\/secure.gravatar.com\/avatar\/a5d542eca874617a8a62a45c724821a615f770cf5bde5e61a93a7a2562faba7a?s=96&d=mm&r=g\",\"caption\":\"Resest\"},\"url\":\"https:\/\/resest.com\/es\/author\/resest\/\"}]}<\/script>\n<!-- \/ Yoast SEO plugin. -->","yoast_head_json":{"title":"Descubre las mejores actividades en Sabadell de la mano de Resest - Resid\u00e8ncia d&#039;Estudiants l&#039;Estaci\u00f3 de Sabadell | Resest","description":"Resest te ofrece los mejores planes con amigos durante todo el a\u00f1o. Descubre las actividades de Sabadell m\u00e1s conocidas como su festa mayor en septiembre","robots":{"index":"index","follow":"follow","max-snippet":"max-snippet:-1","max-image-preview":"max-image-preview:large","max-video-preview":"max-video-preview:-1"},"canonical":"https:\/\/resest.com\/es\/blog-es\/en-septiembre-fiesta-mayor-de-sabadell\/","og_locale":"es_ES","og_type":"article","og_title":"Descubre las mejores actividades en Sabadell de la mano de Resest - Resid\u00e8ncia d&#039;Estudiants l&#039;Estaci\u00f3 de Sabadell | Resest","og_description":"Resest te ofrece los mejores planes con amigos durante todo el a\u00f1o. Descubre las actividades de Sabadell m\u00e1s conocidas como su festa mayor en septiembre","og_url":"https:\/\/resest.com\/es\/blog-es\/en-septiembre-fiesta-mayor-de-sabadell\/","og_site_name":"Resid\u00e8ncia d&#039;Estudiants l&#039;Estaci\u00f3 de Sabadell | Resest","article_published_time":"2022-08-22T06:43:00+00:00","article_modified_time":"2022-08-22T06:44:21+00:00","og_image":[{"width":500,"height":730,"url":"https:\/\/resest.com\/wp-content\/uploads\/2022\/07\/festa-major_sabadell_small.png","type":"image\/png"}],"author":"Resest","twitter_misc":{"Escrito por":"Resest","Tiempo de lectura":"3 minutos"},"schema":{"@context":"https:\/\/schema.org","@graph":[{"@type":"Article","@id":"https:\/\/resest.com\/es\/blog-es\/en-septiembre-fiesta-mayor-de-sabadell\/#article","isPartOf":{"@id":"https:\/\/resest.com\/es\/blog-es\/en-septiembre-fiesta-mayor-de-sabadell\/"},"author":{"name":"Resest","@id":"https:\/\/resest.com\/es\/#\/schema\/person\/f66d2b5dae2cd0a989ab720dd211d2a9"},"headline":"En Septiembre, fiesta mayor de Sabadell\u00a0","datePublished":"2022-08-22T06:43:00+00:00","dateModified":"2022-08-22T06:44:21+00:00","mainEntityOfPage":{"@id":"https:\/\/resest.com\/es\/blog-es\/en-septiembre-fiesta-mayor-de-sabadell\/"},"wordCount":510,"commentCount":0,"publisher":{"@id":"https:\/\/resest.com\/es\/#organization"},"image":{"@id":"https:\/\/resest.com\/es\/blog-es\/en-septiembre-fiesta-mayor-de-sabadell\/#primaryimage"},"thumbnailUrl":"https:\/\/resest.com\/wp-content\/uploads\/2022\/07\/festa-major_sabadell_small.png","articleSection":["Blog","Consejos para estudiantes universitarios","Qu\u00e9 hacer en Sabadell y Barcelona"],"inLanguage":"es","potentialAction":[{"@type":"CommentAction","name":"Comment","target":["https:\/\/resest.com\/es\/blog-es\/en-septiembre-fiesta-mayor-de-sabadell\/#respond"]}]},{"@type":"WebPage","@id":"https:\/\/resest.com\/es\/blog-es\/en-septiembre-fiesta-mayor-de-sabadell\/","url":"https:\/\/resest.com\/es\/blog-es\/en-septiembre-fiesta-mayor-de-sabadell\/","name":"Descubre las mejores actividades en Sabadell de la mano de Resest - Resid\u00e8ncia d&#039;Estudiants l&#039;Estaci\u00f3 de Sabadell | Resest","isPartOf":{"@id":"https:\/\/resest.com\/es\/#website"},"primaryImageOfPage":{"@id":"https:\/\/resest.com\/es\/blog-es\/en-septiembre-fiesta-mayor-de-sabadell\/#primaryimage"},"image":{"@id":"https:\/\/resest.com\/es\/blog-es\/en-septiembre-fiesta-mayor-de-sabadell\/#primaryimage"},"thumbnailUrl":"https:\/\/resest.com\/wp-content\/uploads\/2022\/07\/festa-major_sabadell_small.png","datePublished":"2022-08-22T06:43:00+00:00","dateModified":"2022-08-22T06:44:21+00:00","description":"Resest te ofrece los mejores planes con amigos durante todo el a\u00f1o. Descubre las actividades de Sabadell m\u00e1s conocidas como su festa mayor en septiembre","breadcrumb":{"@id":"https:\/\/resest.com\/es\/blog-es\/en-septiembre-fiesta-mayor-de-sabadell\/#breadcrumb"},"inLanguage":"es","potentialAction":[{"@type":"ReadAction","target":["https:\/\/resest.com\/es\/blog-es\/en-septiembre-fiesta-mayor-de-sabadell\/"]}]},{"@type":"ImageObject","inLanguage":"es","@id":"https:\/\/resest.com\/es\/blog-es\/en-septiembre-fiesta-mayor-de-sabadell\/#primaryimage","url":"https:\/\/resest.com\/wp-content\/uploads\/2022\/07\/festa-major_sabadell_small.png","contentUrl":"https:\/\/resest.com\/wp-content\/uploads\/2022\/07\/festa-major_sabadell_small.png","width":500,"height":730,"caption":"actividades Sabadell"},{"@type":"BreadcrumbList","@id":"https:\/\/resest.com\/es\/blog-es\/en-septiembre-fiesta-mayor-de-sabadell\/#breadcrumb","itemListElement":[{"@type":"ListItem","position":1,"name":"Inici","item":"https:\/\/resest.com\/es\/"},{"@type":"ListItem","position":2,"name":"En Septiembre, fiesta mayor de Sabadell\u00a0"}]},{"@type":"WebSite","@id":"https:\/\/resest.com\/es\/#website","url":"https:\/\/resest.com\/es\/","name":"Resid\u00e8ncia d&#039;Estudiants l&#039;Estaci\u00f3 de Sabadell | Resest","description":"Otro sitio realizado con WordPress","publisher":{"@id":"https:\/\/resest.com\/es\/#organization"},"potentialAction":[{"@type":"SearchAction","target":{"@type":"EntryPoint","urlTemplate":"https:\/\/resest.com\/es\/?s={search_term_string}"},"query-input":{"@type":"PropertyValueSpecification","valueRequired":true,"valueName":"search_term_string"}}],"inLanguage":"es"},{"@type":"Organization","@id":"https:\/\/resest.com\/es\/#organization","name":"Resid\u00e8ncia d&#039;Estudiants l&#039;Estaci\u00f3 de Sabadell | Resest","url":"https:\/\/resest.com\/es\/","logo":{"@type":"ImageObject","inLanguage":"es","@id":"https:\/\/resest.com\/es\/#\/schema\/logo\/image\/","url":"https:\/\/resest.com\/wp-content\/uploads\/2024\/03\/Facana-1.jpg","contentUrl":"https:\/\/resest.com\/wp-content\/uploads\/2024\/03\/Facana-1.jpg","width":1200,"height":1009,"caption":"Resid\u00e8ncia d&#039;Estudiants l&#039;Estaci\u00f3 de Sabadell | Resest"},"image":{"@id":"https:\/\/resest.com\/es\/#\/schema\/logo\/image\/"}},{"@type":"Person","@id":"https:\/\/resest.com\/es\/#\/schema\/person\/f66d2b5dae2cd0a989ab720dd211d2a9","name":"Resest","image":{"@type":"ImageObject","inLanguage":"es","@id":"https:\/\/resest.com\/es\/#\/schema\/person\/image\/","url":"https:\/\/secure.gravatar.com\/avatar\/a5d542eca874617a8a62a45c724821a615f770cf5bde5e61a93a7a2562faba7a?s=96&d=mm&r=g","contentUrl":"https:\/\/secure.gravatar.com\/avatar\/a5d542eca874617a8a62a45c724821a615f770cf5bde5e61a93a7a2562faba7a?s=96&d=mm&r=g","caption":"Resest"},"url":"https:\/\/resest.com\/es\/author\/resest\/"}]}},"_links":{"self":[{"href":"https:\/\/resest.com\/es\/wp-json\/wp\/v2\/posts\/10159","targetHints":{"allow":["GET"]}}],"collection":[{"href":"https:\/\/resest.com\/es\/wp-json\/wp\/v2\/posts"}],"about":[{"href":"https:\/\/resest.com\/es\/wp-json\/wp\/v2\/types\/post"}],"author":[{"embeddable":true,"href":"https:\/\/resest.com\/es\/wp-json\/wp\/v2\/users\/3"}],"replies":[{"embeddable":true,"href":"https:\/\/resest.com\/es\/wp-json\/wp\/v2\/comments?post=10159"}],"version-history":[{"count":0,"href":"https:\/\/resest.com\/es\/wp-json\/wp\/v2\/posts\/10159\/revisions"}],"wp:featuredmedia":[{"embeddable":true,"href":"https:\/\/resest.com\/es\/wp-json\/wp\/v2\/media\/10160"}],"wp:attachment":[{"href":"https:\/\/resest.com\/es\/wp-json\/wp\/v2\/media?parent=10159"}],"wp:term":[{"taxonomy":"category","embeddable":true,"href":"https:\/\/resest.com\/es\/wp-json\/wp\/v2\/categories?post=10159"},{"taxonomy":"post_tag","embeddable":true,"href":"https:\/\/resest.com\/es\/wp-json\/wp\/v2\/tags?post=10159"}],"curies":[{"name":"wp","href":"https:\/\/api.w.org\/{rel}","templated":true}]}}