{"id":66,"count":80,"description":"<h1>Vida en la Residencia<\/h1>\r\nNo te atreves a dar el paso? Descubre c\u00f3mo es la vida en la residencia de estudiantes de Sabadell y vac\u00eda todas tus dudas. \u00a1Te esperamos! Aqu\u00ed encontrar\u00e1s art\u00edculos sobre como vivir a una residencia, acontecimientos de la residencia, entrevistas a antiguos residentes.","link":"https:\/\/resest.com\/es\/category\/vida-en-la-residencia-es\/","name":"Vida en la Residencia","slug":"vida-en-la-residencia-es","taxonomy":"category","parent":0,"meta":[],"yoast_head":"<!-- This site is optimized with the Yoast SEO plugin v26.4 - https:\/\/yoast.com\/wordpress\/plugins\/seo\/ -->\n<title>\u00bfC\u00f3mo es la vida en Residencia de Estudiantes Sabadell? | Resest<\/title>\n<meta name=\"description\" content=\"\u00bfNo te atreves a dar el paso? Descubre c\u00f3mo es la vida en la residencia de estudiantes de Sabadell y despeja todas tus dudas. \u00a1Te esperamos!\" \/>\n<meta name=\"robots\" content=\"index, follow, max-snippet:-1, max-image-preview:large, max-video-preview:-1\" \/>\n<link rel=\"canonical\" href=\"https:\/\/resest.com\/es\/category\/vida-en-la-residencia-es\/\" \/>\n<meta property=\"og:locale\" content=\"es_ES\" \/>\n<meta property=\"og:type\" content=\"article\" \/>\n<meta property=\"og:title\" content=\"\u00bfC\u00f3mo es la vida en Residencia de Estudiantes Sabadell? | Resest\" \/>\n<meta property=\"og:description\" content=\"\u00bfNo te atreves a dar el paso? Descubre c\u00f3mo es la vida en la residencia de estudiantes de Sabadell y despeja todas tus dudas. \u00a1Te esperamos!\" \/>\n<meta property=\"og:url\" content=\"https:\/\/resest.com\/es\/category\/vida-en-la-residencia-es\/\" \/>\n<meta property=\"og:site_name\" content=\"Resid\u00e8ncia d&#039;Estudiants l&#039;Estaci\u00f3 de Sabadell | Resest\" \/>\n<script type=\"application\/ld+json\" class=\"yoast-schema-graph\">{\"@context\":\"https:\/\/schema.org\",\"@graph\":[{\"@type\":\"CollectionPage\",\"@id\":\"https:\/\/resest.com\/es\/category\/vida-en-la-residencia-es\/\",\"url\":\"https:\/\/resest.com\/es\/category\/vida-en-la-residencia-es\/\",\"name\":\"\u00bfC\u00f3mo es la vida en Residencia de Estudiantes Sabadell? | Resest\",\"isPartOf\":{\"@id\":\"https:\/\/resest.com\/es\/#website\"},\"description\":\"\u00bfNo te atreves a dar el paso? Descubre c\u00f3mo es la vida en la residencia de estudiantes de Sabadell y despeja todas tus dudas. \u00a1Te esperamos!\",\"breadcrumb\":{\"@id\":\"https:\/\/resest.com\/es\/category\/vida-en-la-residencia-es\/#breadcrumb\"},\"inLanguage\":\"es\"},{\"@type\":\"BreadcrumbList\",\"@id\":\"https:\/\/resest.com\/es\/category\/vida-en-la-residencia-es\/#breadcrumb\",\"itemListElement\":[{\"@type\":\"ListItem\",\"position\":1,\"name\":\"Inici\",\"item\":\"https:\/\/resest.com\/es\/\"},{\"@type\":\"ListItem\",\"position\":2,\"name\":\"Vida en la Residencia\"}]},{\"@type\":\"WebSite\",\"@id\":\"https:\/\/resest.com\/es\/#website\",\"url\":\"https:\/\/resest.com\/es\/\",\"name\":\"Resid\u00e8ncia d&#039;Estudiants l&#039;Estaci\u00f3 de Sabadell | Resest\",\"description\":\"Otro sitio realizado con WordPress\",\"publisher\":{\"@id\":\"https:\/\/resest.com\/es\/#organization\"},\"potentialAction\":[{\"@type\":\"SearchAction\",\"target\":{\"@type\":\"EntryPoint\",\"urlTemplate\":\"https:\/\/resest.com\/es\/?s={search_term_string}\"},\"query-input\":{\"@type\":\"PropertyValueSpecification\",\"valueRequired\":true,\"valueName\":\"search_term_string\"}}],\"inLanguage\":\"es\"},{\"@type\":\"Organization\",\"@id\":\"https:\/\/resest.com\/es\/#organization\",\"name\":\"Resid\u00e8ncia d&#039;Estudiants l&#039;Estaci\u00f3 de Sabadell | Resest\",\"url\":\"https:\/\/resest.com\/es\/\",\"logo\":{\"@type\":\"ImageObject\",\"inLanguage\":\"es\",\"@id\":\"https:\/\/resest.com\/es\/#\/schema\/logo\/image\/\",\"url\":\"https:\/\/resest.com\/wp-content\/uploads\/2024\/03\/Facana-1.jpg\",\"contentUrl\":\"https:\/\/resest.com\/wp-content\/uploads\/2024\/03\/Facana-1.jpg\",\"width\":1200,\"height\":1009,\"caption\":\"Resid\u00e8ncia d&#039;Estudiants l&#039;Estaci\u00f3 de Sabadell | Resest\"},\"image\":{\"@id\":\"https:\/\/resest.com\/es\/#\/schema\/logo\/image\/\"}}]}<\/script>\n<!-- \/ Yoast SEO plugin. -->","yoast_head_json":{"title":"\u00bfC\u00f3mo es la vida en Residencia de Estudiantes Sabadell? | Resest","description":"\u00bfNo te atreves a dar el paso? Descubre c\u00f3mo es la vida en la residencia de estudiantes de Sabadell y despeja todas tus dudas. \u00a1Te esperamos!","robots":{"index":"index","follow":"follow","max-snippet":"max-snippet:-1","max-image-preview":"max-image-preview:large","max-video-preview":"max-video-preview:-1"},"canonical":"https:\/\/resest.com\/es\/category\/vida-en-la-residencia-es\/","og_locale":"es_ES","og_type":"article","og_title":"\u00bfC\u00f3mo es la vida en Residencia de Estudiantes Sabadell? | Resest","og_description":"\u00bfNo te atreves a dar el paso? Descubre c\u00f3mo es la vida en la residencia de estudiantes de Sabadell y despeja todas tus dudas. \u00a1Te esperamos!","og_url":"https:\/\/resest.com\/es\/category\/vida-en-la-residencia-es\/","og_site_name":"Resid\u00e8ncia d&#039;Estudiants l&#039;Estaci\u00f3 de Sabadell | Resest","schema":{"@context":"https:\/\/schema.org","@graph":[{"@type":"CollectionPage","@id":"https:\/\/resest.com\/es\/category\/vida-en-la-residencia-es\/","url":"https:\/\/resest.com\/es\/category\/vida-en-la-residencia-es\/","name":"\u00bfC\u00f3mo es la vida en Residencia de Estudiantes Sabadell? | Resest","isPartOf":{"@id":"https:\/\/resest.com\/es\/#website"},"description":"\u00bfNo te atreves a dar el paso? Descubre c\u00f3mo es la vida en la residencia de estudiantes de Sabadell y despeja todas tus dudas. \u00a1Te esperamos!","breadcrumb":{"@id":"https:\/\/resest.com\/es\/category\/vida-en-la-residencia-es\/#breadcrumb"},"inLanguage":"es"},{"@type":"BreadcrumbList","@id":"https:\/\/resest.com\/es\/category\/vida-en-la-residencia-es\/#breadcrumb","itemListElement":[{"@type":"ListItem","position":1,"name":"Inici","item":"https:\/\/resest.com\/es\/"},{"@type":"ListItem","position":2,"name":"Vida en la Residencia"}]},{"@type":"WebSite","@id":"https:\/\/resest.com\/es\/#website","url":"https:\/\/resest.com\/es\/","name":"Resid\u00e8ncia d&#039;Estudiants l&#039;Estaci\u00f3 de Sabadell | Resest","description":"Otro sitio realizado con WordPress","publisher":{"@id":"https:\/\/resest.com\/es\/#organization"},"potentialAction":[{"@type":"SearchAction","target":{"@type":"EntryPoint","urlTemplate":"https:\/\/resest.com\/es\/?s={search_term_string}"},"query-input":{"@type":"PropertyValueSpecification","valueRequired":true,"valueName":"search_term_string"}}],"inLanguage":"es"},{"@type":"Organization","@id":"https:\/\/resest.com\/es\/#organization","name":"Resid\u00e8ncia d&#039;Estudiants l&#039;Estaci\u00f3 de Sabadell | Resest","url":"https:\/\/resest.com\/es\/","logo":{"@type":"ImageObject","inLanguage":"es","@id":"https:\/\/resest.com\/es\/#\/schema\/logo\/image\/","url":"https:\/\/resest.com\/wp-content\/uploads\/2024\/03\/Facana-1.jpg","contentUrl":"https:\/\/resest.com\/wp-content\/uploads\/2024\/03\/Facana-1.jpg","width":1200,"height":1009,"caption":"Resid\u00e8ncia d&#039;Estudiants l&#039;Estaci\u00f3 de Sabadell | Resest"},"image":{"@id":"https:\/\/resest.com\/es\/#\/schema\/logo\/image\/"}}]}},"_links":{"self":[{"href":"https:\/\/resest.com\/es\/wp-json\/wp\/v2\/categories\/66","targetHints":{"allow":["GET"]}}],"collection":[{"href":"https:\/\/resest.com\/es\/wp-json\/wp\/v2\/categories"}],"about":[{"href":"https:\/\/resest.com\/es\/wp-json\/wp\/v2\/taxonomies\/category"}],"wp:post_type":[{"href":"https:\/\/resest.com\/es\/wp-json\/wp\/v2\/posts?categories=66"}],"curies":[{"name":"wp","href":"https:\/\/api.w.org\/{rel}","templated":true}]}}