{"id":9683,"date":"2020-12-23T13:17:15","date_gmt":"2020-12-23T12:17:15","guid":{"rendered":"https:\/\/resest.com\/blog-en\/la-residencia-destudiants-sabadell-desitja-bones-festes\/"},"modified":"2021-12-02T10:51:32","modified_gmt":"2021-12-02T09:51:32","slug":"la-residencia-destudiants-sabadell-desitja-bones-festes","status":"publish","type":"post","link":"https:\/\/resest.com\/en\/blog-en-2\/la-residencia-destudiants-sabadell-desitja-bones-festes\/","title":{"rendered":"The Sabadell Student Residence wishes you a Happy Holidays"},"content":{"rendered":"\n<p>En pocs dies comen\u00e7ar\u00e0 l&#8217;\u00e8poca considerada com la m\u00e9s m\u00e0gica de l&#8217;any: el Nadal. Sol ser una \u00e8poca d&#8217;alegria, per a alguns, de tristesa per a d\u2019altres, per\u00f2 tamb\u00e9 \u00e9s moment de fer balan\u00e7 del positiu i negatiu que ens ha deparat l&#8217;any.<\/p>\n\n\n\n<h4 class=\"wp-block-heading\">Any 2020: indiscutiblement marcat per la Covid-19<\/h4>\n\n\n\n<p>Tots sabem que aquest any 2020, el qual aviat arribar\u00e0 a la seva fi, quedar\u00e0 marcat i recordat com el fat\u00eddic any en qu\u00e8 va comen\u00e7ar la pand\u00e8mia mundial de la Covid-19.<\/p>\n\n\n\n<p>Per a molts ha estat i est\u00e0 sent un any i \u00e8poca molt complicats en diversos aspectes. Per aix\u00f2, desitgem que el nou any 2021 es porti una mica millor amb tots nosaltres i sigui almenys una miqueta millor.<\/p>\n\n\n\n<p>A la <strong><a href=\"https:\/\/resest.com\/ca\/la-residencia-estudiants-sabadell-barcelona-bellaterra\/\">Resid\u00e8ncia d&#8217;Estudiants de Sabadell<\/a><\/strong>, acabem l&#8217;any amb molta il\u00b7lusi\u00f3, gr\u00e0cies a la confian\u00e7a que dipositen en nosaltres els nostres residents. Aix\u00f2 ens anima a buscar sempre la m\u00e0xima qualitat en tots els nostres serveis, a millorar tot all\u00f2 que puguem de les nostres instal\u00b7lacions i habitacions. En definitiva, intentar oferir en tot moment el m\u00e9s gran dels serveis perqu\u00e8 els nostres residents i els que estiguin per venir, gaudeixin d&#8217;un <strong>allotjament per a estudiants <\/strong>com es mereixen.<\/p>\n\n\n\n<p>Per tot aix\u00f2, volem desitjar-vos unes Bones Festes, un gran \u00e8xit tant en el m\u00f3n laboral com en l&#8217;\u00e0mbit personal i, el m\u00e9s important, i m\u00e9s que mai aquest any, molt\u00edssima salut.<\/p>\n\n\n\n<p>L&#8217;equip de la <strong>Resid\u00e8ncia d&#8217;Estudiants l&#8217;Estaci\u00f3 de Sabadell<\/strong> us desitja, un Nadal ple de SALUT, PAU &amp; FELICITAT.<\/p>\n","protected":false},"excerpt":{"rendered":"<p>En pocs dies comen\u00e7ar\u00e0 l&#8217;\u00e8poca considerada com la m\u00e9s m\u00e0gica de l&#8217;any: el Nadal. Sol ser una \u00e8poca d&#8217;alegria, per a alguns, de tristesa per a d\u2019altres, per\u00f2 tamb\u00e9 \u00e9s moment de fer balan\u00e7 del positiu i negatiu que ens ha deparat l&#8217;any. Any 2020: indiscutiblement marcat per la Covid-19 Tots sabem que aquest any&hellip;<\/p>\n","protected":false},"author":1,"featured_media":9027,"comment_status":"open","ping_status":"open","sticky":false,"template":"","format":"standard","meta":{"footnotes":""},"categories":[71,73],"tags":[],"class_list":["post-9683","post","type-post","status-publish","format-standard","has-post-thumbnail","hentry","category-blog-en-2","category-on-estudiar-master-en","entry","has-media"],"yoast_head":"<!-- This site is optimized with the Yoast SEO plugin v26.4 - https:\/\/yoast.com\/wordpress\/plugins\/seo\/ -->\n<title>The Sabadell Student Residence wishes you a Happy Holidays - Resid\u00e8ncia d&#039;Estudiants l&#039;Estaci\u00f3 de Sabadell | Resest<\/title>\n<meta name=\"description\" content=\"L&#039;equip de la Resid\u00e8ncia d&#039;Estudiants l&#039;Estaci\u00f3 de Sabadell us desitja, un Nadal ple de SALUT, PAU &amp; FELICITAT.\" \/>\n<meta name=\"robots\" content=\"index, follow, max-snippet:-1, max-image-preview:large, max-video-preview:-1\" \/>\n<link rel=\"canonical\" href=\"https:\/\/resest.com\/en\/blog-en-2\/la-residencia-destudiants-sabadell-desitja-bones-festes\/\" \/>\n<meta property=\"og:locale\" content=\"en_US\" \/>\n<meta property=\"og:type\" content=\"article\" \/>\n<meta property=\"og:title\" content=\"The Sabadell Student Residence wishes you a Happy Holidays - Resid\u00e8ncia d&#039;Estudiants l&#039;Estaci\u00f3 de Sabadell | Resest\" \/>\n<meta property=\"og:description\" content=\"L&#039;equip de la Resid\u00e8ncia d&#039;Estudiants l&#039;Estaci\u00f3 de Sabadell us desitja, un Nadal ple de SALUT, PAU &amp; FELICITAT.\" \/>\n<meta property=\"og:url\" content=\"https:\/\/resest.com\/en\/blog-en-2\/la-residencia-destudiants-sabadell-desitja-bones-festes\/\" \/>\n<meta property=\"og:site_name\" content=\"Resid\u00e8ncia d&#039;Estudiants l&#039;Estaci\u00f3 de Sabadell | Resest\" \/>\n<meta property=\"article:published_time\" content=\"2020-12-23T12:17:15+00:00\" \/>\n<meta property=\"article:modified_time\" content=\"2021-12-02T09:51:32+00:00\" \/>\n<meta property=\"og:image\" content=\"https:\/\/resest.com\/wp-content\/uploads\/2020\/12\/16808.jpg\" \/>\n\t<meta property=\"og:image:width\" content=\"1200\" \/>\n\t<meta property=\"og:image:height\" content=\"1200\" \/>\n\t<meta property=\"og:image:type\" content=\"image\/jpeg\" \/>\n<meta name=\"author\" content=\"Resest\" \/>\n<meta name=\"twitter:label1\" content=\"Written by\" \/>\n\t<meta name=\"twitter:data1\" content=\"Resest\" \/>\n\t<meta name=\"twitter:label2\" content=\"Est. reading time\" \/>\n\t<meta name=\"twitter:data2\" content=\"2 minutes\" \/>\n<script type=\"application\/ld+json\" class=\"yoast-schema-graph\">{\"@context\":\"https:\/\/schema.org\",\"@graph\":[{\"@type\":\"Article\",\"@id\":\"https:\/\/resest.com\/en\/blog-en-2\/la-residencia-destudiants-sabadell-desitja-bones-festes\/#article\",\"isPartOf\":{\"@id\":\"https:\/\/resest.com\/en\/blog-en-2\/la-residencia-destudiants-sabadell-desitja-bones-festes\/\"},\"author\":{\"name\":\"Resest\",\"@id\":\"https:\/\/resest.com\/en\/#\/schema\/person\/d9965768ae08730dafc3a7c835fcc47c\"},\"headline\":\"The Sabadell Student Residence wishes you a Happy Holidays\",\"datePublished\":\"2020-12-23T12:17:15+00:00\",\"dateModified\":\"2021-12-02T09:51:32+00:00\",\"mainEntityOfPage\":{\"@id\":\"https:\/\/resest.com\/en\/blog-en-2\/la-residencia-destudiants-sabadell-desitja-bones-festes\/\"},\"wordCount\":286,\"commentCount\":0,\"publisher\":{\"@id\":\"https:\/\/resest.com\/en\/#organization\"},\"image\":{\"@id\":\"https:\/\/resest.com\/en\/blog-en-2\/la-residencia-destudiants-sabadell-desitja-bones-festes\/#primaryimage\"},\"thumbnailUrl\":\"https:\/\/resest.com\/wp-content\/uploads\/2020\/12\/16808.jpg\",\"articleSection\":[\"Blog\",\"Per qu\u00e8 Resest?\"],\"inLanguage\":\"en-US\",\"potentialAction\":[{\"@type\":\"CommentAction\",\"name\":\"Comment\",\"target\":[\"https:\/\/resest.com\/en\/blog-en-2\/la-residencia-destudiants-sabadell-desitja-bones-festes\/#respond\"]}]},{\"@type\":\"WebPage\",\"@id\":\"https:\/\/resest.com\/en\/blog-en-2\/la-residencia-destudiants-sabadell-desitja-bones-festes\/\",\"url\":\"https:\/\/resest.com\/en\/blog-en-2\/la-residencia-destudiants-sabadell-desitja-bones-festes\/\",\"name\":\"The Sabadell Student Residence wishes you a Happy Holidays - Resid\u00e8ncia d&#039;Estudiants l&#039;Estaci\u00f3 de Sabadell | Resest\",\"isPartOf\":{\"@id\":\"https:\/\/resest.com\/en\/#website\"},\"primaryImageOfPage\":{\"@id\":\"https:\/\/resest.com\/en\/blog-en-2\/la-residencia-destudiants-sabadell-desitja-bones-festes\/#primaryimage\"},\"image\":{\"@id\":\"https:\/\/resest.com\/en\/blog-en-2\/la-residencia-destudiants-sabadell-desitja-bones-festes\/#primaryimage\"},\"thumbnailUrl\":\"https:\/\/resest.com\/wp-content\/uploads\/2020\/12\/16808.jpg\",\"datePublished\":\"2020-12-23T12:17:15+00:00\",\"dateModified\":\"2021-12-02T09:51:32+00:00\",\"description\":\"L'equip de la Resid\u00e8ncia d'Estudiants l'Estaci\u00f3 de Sabadell us desitja, un Nadal ple de SALUT, PAU & FELICITAT.\",\"breadcrumb\":{\"@id\":\"https:\/\/resest.com\/en\/blog-en-2\/la-residencia-destudiants-sabadell-desitja-bones-festes\/#breadcrumb\"},\"inLanguage\":\"en-US\",\"potentialAction\":[{\"@type\":\"ReadAction\",\"target\":[\"https:\/\/resest.com\/en\/blog-en-2\/la-residencia-destudiants-sabadell-desitja-bones-festes\/\"]}]},{\"@type\":\"ImageObject\",\"inLanguage\":\"en-US\",\"@id\":\"https:\/\/resest.com\/en\/blog-en-2\/la-residencia-destudiants-sabadell-desitja-bones-festes\/#primaryimage\",\"url\":\"https:\/\/resest.com\/wp-content\/uploads\/2020\/12\/16808.jpg\",\"contentUrl\":\"https:\/\/resest.com\/wp-content\/uploads\/2020\/12\/16808.jpg\",\"width\":1200,\"height\":1200,\"caption\":\"residencia-estudiants-sabadell-desitja-bones-festes\"},{\"@type\":\"BreadcrumbList\",\"@id\":\"https:\/\/resest.com\/en\/blog-en-2\/la-residencia-destudiants-sabadell-desitja-bones-festes\/#breadcrumb\",\"itemListElement\":[{\"@type\":\"ListItem\",\"position\":1,\"name\":\"Inici\",\"item\":\"https:\/\/resest.com\/en\/\"},{\"@type\":\"ListItem\",\"position\":2,\"name\":\"The Sabadell Student Residence wishes you a Happy Holidays\"}]},{\"@type\":\"WebSite\",\"@id\":\"https:\/\/resest.com\/en\/#website\",\"url\":\"https:\/\/resest.com\/en\/\",\"name\":\"Resid\u00e8ncia d&#039;Estudiants l&#039;Estaci\u00f3 de Sabadell | Resest\",\"description\":\"Prop de l\u2019Universitat Aut\u00f2noma de Barcelona (UAB)\",\"publisher\":{\"@id\":\"https:\/\/resest.com\/en\/#organization\"},\"potentialAction\":[{\"@type\":\"SearchAction\",\"target\":{\"@type\":\"EntryPoint\",\"urlTemplate\":\"https:\/\/resest.com\/en\/?s={search_term_string}\"},\"query-input\":{\"@type\":\"PropertyValueSpecification\",\"valueRequired\":true,\"valueName\":\"search_term_string\"}}],\"inLanguage\":\"en-US\"},{\"@type\":\"Organization\",\"@id\":\"https:\/\/resest.com\/en\/#organization\",\"name\":\"Resid\u00e8ncia d&#039;Estudiants l&#039;Estaci\u00f3 de Sabadell | Resest\",\"url\":\"https:\/\/resest.com\/en\/\",\"logo\":{\"@type\":\"ImageObject\",\"inLanguage\":\"en-US\",\"@id\":\"https:\/\/resest.com\/en\/#\/schema\/logo\/image\/\",\"url\":\"https:\/\/resest.com\/wp-content\/uploads\/2024\/03\/Facana-1.jpg\",\"contentUrl\":\"https:\/\/resest.com\/wp-content\/uploads\/2024\/03\/Facana-1.jpg\",\"width\":1200,\"height\":1009,\"caption\":\"Resid\u00e8ncia d&#039;Estudiants l&#039;Estaci\u00f3 de Sabadell | Resest\"},\"image\":{\"@id\":\"https:\/\/resest.com\/en\/#\/schema\/logo\/image\/\"}},{\"@type\":\"Person\",\"@id\":\"https:\/\/resest.com\/en\/#\/schema\/person\/d9965768ae08730dafc3a7c835fcc47c\",\"name\":\"Resest\",\"image\":{\"@type\":\"ImageObject\",\"inLanguage\":\"en-US\",\"@id\":\"https:\/\/resest.com\/en\/#\/schema\/person\/image\/\",\"url\":\"https:\/\/secure.gravatar.com\/avatar\/0c7509c85c836ff68bc43efa415976254ed1463e7bbc3edf38a658092e29e5b4?s=96&d=mm&r=g\",\"contentUrl\":\"https:\/\/secure.gravatar.com\/avatar\/0c7509c85c836ff68bc43efa415976254ed1463e7bbc3edf38a658092e29e5b4?s=96&d=mm&r=g\",\"caption\":\"Resest\"},\"url\":\"https:\/\/resest.com\/en\/author\/jordi\/\"}]}<\/script>\n<!-- \/ Yoast SEO plugin. -->","yoast_head_json":{"title":"The Sabadell Student Residence wishes you a Happy Holidays - Resid\u00e8ncia d&#039;Estudiants l&#039;Estaci\u00f3 de Sabadell | Resest","description":"L'equip de la Resid\u00e8ncia d'Estudiants l'Estaci\u00f3 de Sabadell us desitja, un Nadal ple de SALUT, PAU & FELICITAT.","robots":{"index":"index","follow":"follow","max-snippet":"max-snippet:-1","max-image-preview":"max-image-preview:large","max-video-preview":"max-video-preview:-1"},"canonical":"https:\/\/resest.com\/en\/blog-en-2\/la-residencia-destudiants-sabadell-desitja-bones-festes\/","og_locale":"en_US","og_type":"article","og_title":"The Sabadell Student Residence wishes you a Happy Holidays - Resid\u00e8ncia d&#039;Estudiants l&#039;Estaci\u00f3 de Sabadell | Resest","og_description":"L'equip de la Resid\u00e8ncia d'Estudiants l'Estaci\u00f3 de Sabadell us desitja, un Nadal ple de SALUT, PAU & FELICITAT.","og_url":"https:\/\/resest.com\/en\/blog-en-2\/la-residencia-destudiants-sabadell-desitja-bones-festes\/","og_site_name":"Resid\u00e8ncia d&#039;Estudiants l&#039;Estaci\u00f3 de Sabadell | Resest","article_published_time":"2020-12-23T12:17:15+00:00","article_modified_time":"2021-12-02T09:51:32+00:00","og_image":[{"width":1200,"height":1200,"url":"https:\/\/resest.com\/wp-content\/uploads\/2020\/12\/16808.jpg","type":"image\/jpeg"}],"author":"Resest","twitter_misc":{"Written by":"Resest","Est. reading time":"2 minutes"},"schema":{"@context":"https:\/\/schema.org","@graph":[{"@type":"Article","@id":"https:\/\/resest.com\/en\/blog-en-2\/la-residencia-destudiants-sabadell-desitja-bones-festes\/#article","isPartOf":{"@id":"https:\/\/resest.com\/en\/blog-en-2\/la-residencia-destudiants-sabadell-desitja-bones-festes\/"},"author":{"name":"Resest","@id":"https:\/\/resest.com\/en\/#\/schema\/person\/d9965768ae08730dafc3a7c835fcc47c"},"headline":"The Sabadell Student Residence wishes you a Happy Holidays","datePublished":"2020-12-23T12:17:15+00:00","dateModified":"2021-12-02T09:51:32+00:00","mainEntityOfPage":{"@id":"https:\/\/resest.com\/en\/blog-en-2\/la-residencia-destudiants-sabadell-desitja-bones-festes\/"},"wordCount":286,"commentCount":0,"publisher":{"@id":"https:\/\/resest.com\/en\/#organization"},"image":{"@id":"https:\/\/resest.com\/en\/blog-en-2\/la-residencia-destudiants-sabadell-desitja-bones-festes\/#primaryimage"},"thumbnailUrl":"https:\/\/resest.com\/wp-content\/uploads\/2020\/12\/16808.jpg","articleSection":["Blog","Per qu\u00e8 Resest?"],"inLanguage":"en-US","potentialAction":[{"@type":"CommentAction","name":"Comment","target":["https:\/\/resest.com\/en\/blog-en-2\/la-residencia-destudiants-sabadell-desitja-bones-festes\/#respond"]}]},{"@type":"WebPage","@id":"https:\/\/resest.com\/en\/blog-en-2\/la-residencia-destudiants-sabadell-desitja-bones-festes\/","url":"https:\/\/resest.com\/en\/blog-en-2\/la-residencia-destudiants-sabadell-desitja-bones-festes\/","name":"The Sabadell Student Residence wishes you a Happy Holidays - Resid\u00e8ncia d&#039;Estudiants l&#039;Estaci\u00f3 de Sabadell | Resest","isPartOf":{"@id":"https:\/\/resest.com\/en\/#website"},"primaryImageOfPage":{"@id":"https:\/\/resest.com\/en\/blog-en-2\/la-residencia-destudiants-sabadell-desitja-bones-festes\/#primaryimage"},"image":{"@id":"https:\/\/resest.com\/en\/blog-en-2\/la-residencia-destudiants-sabadell-desitja-bones-festes\/#primaryimage"},"thumbnailUrl":"https:\/\/resest.com\/wp-content\/uploads\/2020\/12\/16808.jpg","datePublished":"2020-12-23T12:17:15+00:00","dateModified":"2021-12-02T09:51:32+00:00","description":"L'equip de la Resid\u00e8ncia d'Estudiants l'Estaci\u00f3 de Sabadell us desitja, un Nadal ple de SALUT, PAU & FELICITAT.","breadcrumb":{"@id":"https:\/\/resest.com\/en\/blog-en-2\/la-residencia-destudiants-sabadell-desitja-bones-festes\/#breadcrumb"},"inLanguage":"en-US","potentialAction":[{"@type":"ReadAction","target":["https:\/\/resest.com\/en\/blog-en-2\/la-residencia-destudiants-sabadell-desitja-bones-festes\/"]}]},{"@type":"ImageObject","inLanguage":"en-US","@id":"https:\/\/resest.com\/en\/blog-en-2\/la-residencia-destudiants-sabadell-desitja-bones-festes\/#primaryimage","url":"https:\/\/resest.com\/wp-content\/uploads\/2020\/12\/16808.jpg","contentUrl":"https:\/\/resest.com\/wp-content\/uploads\/2020\/12\/16808.jpg","width":1200,"height":1200,"caption":"residencia-estudiants-sabadell-desitja-bones-festes"},{"@type":"BreadcrumbList","@id":"https:\/\/resest.com\/en\/blog-en-2\/la-residencia-destudiants-sabadell-desitja-bones-festes\/#breadcrumb","itemListElement":[{"@type":"ListItem","position":1,"name":"Inici","item":"https:\/\/resest.com\/en\/"},{"@type":"ListItem","position":2,"name":"The Sabadell Student Residence wishes you a Happy Holidays"}]},{"@type":"WebSite","@id":"https:\/\/resest.com\/en\/#website","url":"https:\/\/resest.com\/en\/","name":"Resid\u00e8ncia d&#039;Estudiants l&#039;Estaci\u00f3 de Sabadell | Resest","description":"Prop de l\u2019Universitat Aut\u00f2noma de Barcelona (UAB)","publisher":{"@id":"https:\/\/resest.com\/en\/#organization"},"potentialAction":[{"@type":"SearchAction","target":{"@type":"EntryPoint","urlTemplate":"https:\/\/resest.com\/en\/?s={search_term_string}"},"query-input":{"@type":"PropertyValueSpecification","valueRequired":true,"valueName":"search_term_string"}}],"inLanguage":"en-US"},{"@type":"Organization","@id":"https:\/\/resest.com\/en\/#organization","name":"Resid\u00e8ncia d&#039;Estudiants l&#039;Estaci\u00f3 de Sabadell | Resest","url":"https:\/\/resest.com\/en\/","logo":{"@type":"ImageObject","inLanguage":"en-US","@id":"https:\/\/resest.com\/en\/#\/schema\/logo\/image\/","url":"https:\/\/resest.com\/wp-content\/uploads\/2024\/03\/Facana-1.jpg","contentUrl":"https:\/\/resest.com\/wp-content\/uploads\/2024\/03\/Facana-1.jpg","width":1200,"height":1009,"caption":"Resid\u00e8ncia d&#039;Estudiants l&#039;Estaci\u00f3 de Sabadell | Resest"},"image":{"@id":"https:\/\/resest.com\/en\/#\/schema\/logo\/image\/"}},{"@type":"Person","@id":"https:\/\/resest.com\/en\/#\/schema\/person\/d9965768ae08730dafc3a7c835fcc47c","name":"Resest","image":{"@type":"ImageObject","inLanguage":"en-US","@id":"https:\/\/resest.com\/en\/#\/schema\/person\/image\/","url":"https:\/\/secure.gravatar.com\/avatar\/0c7509c85c836ff68bc43efa415976254ed1463e7bbc3edf38a658092e29e5b4?s=96&d=mm&r=g","contentUrl":"https:\/\/secure.gravatar.com\/avatar\/0c7509c85c836ff68bc43efa415976254ed1463e7bbc3edf38a658092e29e5b4?s=96&d=mm&r=g","caption":"Resest"},"url":"https:\/\/resest.com\/en\/author\/jordi\/"}]}},"_links":{"self":[{"href":"https:\/\/resest.com\/en\/wp-json\/wp\/v2\/posts\/9683","targetHints":{"allow":["GET"]}}],"collection":[{"href":"https:\/\/resest.com\/en\/wp-json\/wp\/v2\/posts"}],"about":[{"href":"https:\/\/resest.com\/en\/wp-json\/wp\/v2\/types\/post"}],"author":[{"embeddable":true,"href":"https:\/\/resest.com\/en\/wp-json\/wp\/v2\/users\/1"}],"replies":[{"embeddable":true,"href":"https:\/\/resest.com\/en\/wp-json\/wp\/v2\/comments?post=9683"}],"version-history":[{"count":0,"href":"https:\/\/resest.com\/en\/wp-json\/wp\/v2\/posts\/9683\/revisions"}],"wp:featuredmedia":[{"embeddable":true,"href":"https:\/\/resest.com\/en\/wp-json\/wp\/v2\/media\/9027"}],"wp:attachment":[{"href":"https:\/\/resest.com\/en\/wp-json\/wp\/v2\/media?parent=9683"}],"wp:term":[{"taxonomy":"category","embeddable":true,"href":"https:\/\/resest.com\/en\/wp-json\/wp\/v2\/categories?post=9683"},{"taxonomy":"post_tag","embeddable":true,"href":"https:\/\/resest.com\/en\/wp-json\/wp\/v2\/tags?post=9683"}],"curies":[{"name":"wp","href":"https:\/\/api.w.org\/{rel}","templated":true}]}}