{"id":9993,"date":"2022-04-27T08:00:00","date_gmt":"2022-04-27T07:00:00","guid":{"rendered":"https:\/\/resest.com\/?p=9993"},"modified":"2022-04-19T10:37:50","modified_gmt":"2022-04-19T09:37:50","slug":"festival-observa-la-teva-nova-cita-musical-a-sabadell","status":"publish","type":"post","link":"https:\/\/resest.com\/ca\/blog\/festival-observa-la-teva-nova-cita-musical-a-sabadell\/","title":{"rendered":"Festival Observa, la teva nova cita musical a Sabadell"},"content":{"rendered":"\n<p>El <strong>Festival Observa Sabadell <\/strong>arriba amb for\u00e7a aquest 2022, i tenim totes les novetats perqu\u00e8 no perdis detall. Del 26 de maig al 19 de juny, l&#8217;amfiteatre del Parc Catalunya s&#8217;omple d&#8217;emoci\u00f3 i m\u00fasica amb entrades a partir de 10 euros. Et comptem tots els detalls.<\/p>\n\n\n\n<h2 class=\"wp-block-heading\">Artistes convidats<\/h2>\n\n\n\n<p>M\u00fasica <em>pop<\/em>, <em>reggae<\/em>, <em>hip hop<\/em>, dels anys 80, espanyola i tributs seran els protagonistes d&#8217;un cartell que ve carregat de grans artistes que van a fer vibrar la ciutat de Sabadell.<\/p>\n\n\n\n<p><strong>ABBA The New Experience<\/strong> donar\u00e0 el pistoletazo de sortida d&#8217;aquest singular festival que reuneix a nombrosos artistes de l&#8217;escena musical espanyola i internacional. A les 20:30 hores del dia 26 de maig, aquest grup interpretar\u00e0 els grans \u00e8xits dels anys 70 i 80 que van marcar la banda sonora de molts.<\/p>\n\n\n\n<p><strong>SFDK i Rapsusklei<\/strong> seran els encarregats de fer que tots els espectadors aixequin les seves mans al son de les seves lletres de <em>rap <\/em>i <em>hip hop<\/em>. A les 21:00 hores donar\u00e0 comen\u00e7ament aquesta incre\u00efble combinaci\u00f3 d&#8217;artistes sobre l&#8217;escenari del dia 27 de maig. A continuaci\u00f3, et presentem una llista de tota la cartellera d&#8217;aquest incre\u00efble festival.<\/p>\n\n\n\n<p>Cartell d&#8217;artistes del Festival Observa Sabadell<\/p>\n\n\n\n<p>&#8211; 26 de maig: ABBA The New Experience (20:30 hores)<\/p>\n\n\n\n<p>&#8211; 27 de maig: SFDK + Rapsusklei (21:00 hores)<\/p>\n\n\n\n<p>&#8211; 28 de maig: MCLAN (22:00 hores)<\/p>\n\n\n\n<p>&#8211; 29 de maig: Reggae Per Xics (18:00 hores)<\/p>\n\n\n\n<p>&#8211; 2 de juny: La Novena de Beethoven (20:30 hores)<\/p>\n\n\n\n<p>&#8211; 3 de juny: ISEO&amp;DODOSOUND + Women Soldier (21:00 hores)<\/p>\n\n\n\n<p>&#8211; 4 de juny: The Tyets (21:00 hores)<\/p>\n\n\n\n<p>&#8211; 5 de juny: Heavy Per Xics (18:00 hores)<\/p>\n\n\n\n<p>&#8211; 9 de juny: Play The Game, Un tribut a Queen (20:30 hores)<\/p>\n\n\n\n<p>&#8211; 10 de juny: Don Patricio (21:00 hores)<\/p>\n\n\n\n<p>&#8211; 11 de juny: Joan Dausa (22:00 hores)<\/p>\n\n\n\n<p>&#8211; 12 de juny: Damaris Gelabert (11:00 hores i 18:00 hores)<\/p>\n\n\n\n<p>&#8211; 16 de juny: Love, love, love, un Viatge Per la Musica I L&#8217;Amor (21:00 hores)<\/p>\n\n\n\n<p>&#8211; 17 de juny: La casa Azul (22:00 hores)<\/p>\n\n\n\n<p>&#8211; 18 de juny: Rosario Flores (22:00 hores)<\/p>\n\n\n\n<p>&#8211; 19 de juny: Lali Begood (18:00 hores)<\/p>\n\n\n\n<h2 class=\"wp-block-heading\">Sabadell<\/h2>\n\n\n\n<p>Aquesta ciutat i municipi d&#8217;Espanya, pertanyent a Barcelona, aposta per la <strong>cultura<\/strong> organitzant aquest festival per atraure els <a href=\"https:\/\/resest.com\/ca\/la-residencia-estudiants-sabadell-barcelona-bellaterra\/\">estudiants <\/a>de la zona, d&#8217;Espanya i les seves fam\u00edlies. Diversi\u00f3 per a tota la fam\u00edlia i amics amb diferents actuacions que ompliran de <strong>m\u00fasica, emoci\u00f3, llums i color <\/strong>l&#8217;amfiteatre del Parc de Catalunya. Hi ha temps per a tot i, encara que sigui \u00e8poca d&#8217;ex\u00e0mens, sempre es pot<a href=\"https:\/\/resest.com\/es\/para-que-resest\/organizar-tiempo-estudio-residencia-estudiantes\/\" target=\"_blank\" rel=\"noreferrer noopener\"> organitzar el temps <\/a>per gaudir de cada moment. Per a aquells que busquin un lloc per quedar-se durant el Festival, o el proper curs, la <a href=\"https:\/\/resest.com\/ca\/tarifes-residencia-per-a-estudiants-a-barcelona-bellaterra\/\">Resid\u00e8ncia d&#8217;Estudiants L&#8217;Estaci\u00f3 de Sabadell<\/a> \u00e9s ideal per a aix\u00f2.<\/p>\n\n\n\n<p>\u00c9s moment de gaudir, \u00e9s moment de compartir, \u00e9s moment de vibrar amb la m\u00fasica al <strong>Festival Observa Sabadell.<\/strong><\/p>\n","protected":false},"excerpt":{"rendered":"<p>El Festival Observa Sabadell arriba amb for\u00e7a aquest 2022, i tenim totes les novetats perqu\u00e8 no perdis detall. Del 26 de maig al 19 de juny, l&#8217;amfiteatre del Parc Catalunya s&#8217;omple d&#8217;emoci\u00f3 i m\u00fasica amb entrades a partir de 10 euros. Et comptem tots els detalls. Artistes convidats M\u00fasica pop, reggae, hip hop, dels anys&hellip;<\/p>\n","protected":false},"author":3,"featured_media":9994,"comment_status":"open","ping_status":"open","sticky":false,"template":"","format":"standard","meta":{"footnotes":""},"categories":[6],"tags":[],"class_list":["post-9993","post","type-post","status-publish","format-standard","has-post-thumbnail","hentry","category-blog","entry","has-media"],"yoast_head":"<!-- This site is optimized with the Yoast SEO plugin v26.4 - https:\/\/yoast.com\/wordpress\/plugins\/seo\/ -->\n<title>Festival Observa Sabadell presenta un cartell d&#039;artistes nacionals<\/title>\n<meta name=\"description\" content=\"Festival Observa Sabadell presenta un cartell carregat d&#039;artistes de l&#039;escenari nacional i internacional per fer vibrar Sabadell en un mes de concerts\" \/>\n<meta name=\"robots\" content=\"index, follow, max-snippet:-1, max-image-preview:large, max-video-preview:-1\" \/>\n<link rel=\"canonical\" href=\"https:\/\/resest.com\/ca\/blog\/festival-observa-la-teva-nova-cita-musical-a-sabadell\/\" \/>\n<meta property=\"og:locale\" content=\"ca_ES\" \/>\n<meta property=\"og:type\" content=\"article\" \/>\n<meta property=\"og:title\" content=\"Festival Observa Sabadell presenta un cartell d&#039;artistes nacionals\" \/>\n<meta property=\"og:description\" content=\"Festival Observa Sabadell presenta un cartell carregat d&#039;artistes de l&#039;escenari nacional i internacional per fer vibrar Sabadell en un mes de concerts\" \/>\n<meta property=\"og:url\" content=\"https:\/\/resest.com\/ca\/blog\/festival-observa-la-teva-nova-cita-musical-a-sabadell\/\" \/>\n<meta property=\"og:site_name\" content=\"Resid\u00e8ncia d&#039;Estudiants l&#039;Estaci\u00f3 de Sabadell | Resest\" \/>\n<meta property=\"article:published_time\" content=\"2022-04-27T07:00:00+00:00\" \/>\n<meta property=\"og:image\" content=\"https:\/\/resest.com\/wp-content\/uploads\/2022\/04\/lineup.jpg\" \/>\n\t<meta property=\"og:image:width\" content=\"1200\" \/>\n\t<meta property=\"og:image:height\" content=\"1200\" \/>\n\t<meta property=\"og:image:type\" content=\"image\/jpeg\" \/>\n<meta name=\"author\" content=\"Resest\" \/>\n<meta name=\"twitter:label1\" content=\"Written by\" \/>\n\t<meta name=\"twitter:data1\" content=\"Resest\" \/>\n\t<meta name=\"twitter:label2\" content=\"Est. reading time\" \/>\n\t<meta name=\"twitter:data2\" content=\"3 minutes\" \/>\n<script type=\"application\/ld+json\" class=\"yoast-schema-graph\">{\"@context\":\"https:\/\/schema.org\",\"@graph\":[{\"@type\":\"Article\",\"@id\":\"https:\/\/resest.com\/ca\/blog\/festival-observa-la-teva-nova-cita-musical-a-sabadell\/#article\",\"isPartOf\":{\"@id\":\"https:\/\/resest.com\/ca\/blog\/festival-observa-la-teva-nova-cita-musical-a-sabadell\/\"},\"author\":{\"name\":\"Resest\",\"@id\":\"https:\/\/resest.com\/ca\/#\/schema\/person\/f66d2b5dae2cd0a989ab720dd211d2a9\"},\"headline\":\"Festival Observa, la teva nova cita musical a Sabadell\",\"datePublished\":\"2022-04-27T07:00:00+00:00\",\"mainEntityOfPage\":{\"@id\":\"https:\/\/resest.com\/ca\/blog\/festival-observa-la-teva-nova-cita-musical-a-sabadell\/\"},\"wordCount\":461,\"commentCount\":0,\"publisher\":{\"@id\":\"https:\/\/resest.com\/ca\/#organization\"},\"image\":{\"@id\":\"https:\/\/resest.com\/ca\/blog\/festival-observa-la-teva-nova-cita-musical-a-sabadell\/#primaryimage\"},\"thumbnailUrl\":\"https:\/\/resest.com\/wp-content\/uploads\/2022\/04\/lineup.jpg\",\"articleSection\":[\"Blog\"],\"inLanguage\":\"ca-ES\",\"potentialAction\":[{\"@type\":\"CommentAction\",\"name\":\"Comment\",\"target\":[\"https:\/\/resest.com\/ca\/blog\/festival-observa-la-teva-nova-cita-musical-a-sabadell\/#respond\"]}]},{\"@type\":\"WebPage\",\"@id\":\"https:\/\/resest.com\/ca\/blog\/festival-observa-la-teva-nova-cita-musical-a-sabadell\/\",\"url\":\"https:\/\/resest.com\/ca\/blog\/festival-observa-la-teva-nova-cita-musical-a-sabadell\/\",\"name\":\"Festival Observa Sabadell presenta un cartell d'artistes nacionals\",\"isPartOf\":{\"@id\":\"https:\/\/resest.com\/ca\/#website\"},\"primaryImageOfPage\":{\"@id\":\"https:\/\/resest.com\/ca\/blog\/festival-observa-la-teva-nova-cita-musical-a-sabadell\/#primaryimage\"},\"image\":{\"@id\":\"https:\/\/resest.com\/ca\/blog\/festival-observa-la-teva-nova-cita-musical-a-sabadell\/#primaryimage\"},\"thumbnailUrl\":\"https:\/\/resest.com\/wp-content\/uploads\/2022\/04\/lineup.jpg\",\"datePublished\":\"2022-04-27T07:00:00+00:00\",\"description\":\"Festival Observa Sabadell presenta un cartell carregat d'artistes de l'escenari nacional i internacional per fer vibrar Sabadell en un mes de concerts\",\"breadcrumb\":{\"@id\":\"https:\/\/resest.com\/ca\/blog\/festival-observa-la-teva-nova-cita-musical-a-sabadell\/#breadcrumb\"},\"inLanguage\":\"ca-ES\",\"potentialAction\":[{\"@type\":\"ReadAction\",\"target\":[\"https:\/\/resest.com\/ca\/blog\/festival-observa-la-teva-nova-cita-musical-a-sabadell\/\"]}]},{\"@type\":\"ImageObject\",\"inLanguage\":\"ca-ES\",\"@id\":\"https:\/\/resest.com\/ca\/blog\/festival-observa-la-teva-nova-cita-musical-a-sabadell\/#primaryimage\",\"url\":\"https:\/\/resest.com\/wp-content\/uploads\/2022\/04\/lineup.jpg\",\"contentUrl\":\"https:\/\/resest.com\/wp-content\/uploads\/2022\/04\/lineup.jpg\",\"width\":1200,\"height\":1200,\"caption\":\"Festival Observa Sabadell\"},{\"@type\":\"BreadcrumbList\",\"@id\":\"https:\/\/resest.com\/ca\/blog\/festival-observa-la-teva-nova-cita-musical-a-sabadell\/#breadcrumb\",\"itemListElement\":[{\"@type\":\"ListItem\",\"position\":1,\"name\":\"Inici\",\"item\":\"https:\/\/resest.com\/ca\/\"},{\"@type\":\"ListItem\",\"position\":2,\"name\":\"Festival Observa, la teva nova cita musical a Sabadell\"}]},{\"@type\":\"WebSite\",\"@id\":\"https:\/\/resest.com\/ca\/#website\",\"url\":\"https:\/\/resest.com\/ca\/\",\"name\":\"Resid\u00e8ncia d&#039;Estudiants l&#039;Estaci\u00f3 de Sabadell | Resest\",\"description\":\"Prop de l\u2019Universitat Aut\u00f2noma de Barcelona (UAB)\",\"publisher\":{\"@id\":\"https:\/\/resest.com\/ca\/#organization\"},\"potentialAction\":[{\"@type\":\"SearchAction\",\"target\":{\"@type\":\"EntryPoint\",\"urlTemplate\":\"https:\/\/resest.com\/ca\/?s={search_term_string}\"},\"query-input\":{\"@type\":\"PropertyValueSpecification\",\"valueRequired\":true,\"valueName\":\"search_term_string\"}}],\"inLanguage\":\"ca-ES\"},{\"@type\":\"Organization\",\"@id\":\"https:\/\/resest.com\/ca\/#organization\",\"name\":\"Resid\u00e8ncia d&#039;Estudiants l&#039;Estaci\u00f3 de Sabadell | Resest\",\"url\":\"https:\/\/resest.com\/ca\/\",\"logo\":{\"@type\":\"ImageObject\",\"inLanguage\":\"ca-ES\",\"@id\":\"https:\/\/resest.com\/ca\/#\/schema\/logo\/image\/\",\"url\":\"https:\/\/resest.com\/wp-content\/uploads\/2024\/03\/Facana-1.jpg\",\"contentUrl\":\"https:\/\/resest.com\/wp-content\/uploads\/2024\/03\/Facana-1.jpg\",\"width\":1200,\"height\":1009,\"caption\":\"Resid\u00e8ncia d&#039;Estudiants l&#039;Estaci\u00f3 de Sabadell | Resest\"},\"image\":{\"@id\":\"https:\/\/resest.com\/ca\/#\/schema\/logo\/image\/\"}},{\"@type\":\"Person\",\"@id\":\"https:\/\/resest.com\/ca\/#\/schema\/person\/f66d2b5dae2cd0a989ab720dd211d2a9\",\"name\":\"Resest\",\"image\":{\"@type\":\"ImageObject\",\"inLanguage\":\"ca-ES\",\"@id\":\"https:\/\/resest.com\/ca\/#\/schema\/person\/image\/\",\"url\":\"https:\/\/secure.gravatar.com\/avatar\/a5d542eca874617a8a62a45c724821a615f770cf5bde5e61a93a7a2562faba7a?s=96&d=mm&r=g\",\"contentUrl\":\"https:\/\/secure.gravatar.com\/avatar\/a5d542eca874617a8a62a45c724821a615f770cf5bde5e61a93a7a2562faba7a?s=96&d=mm&r=g\",\"caption\":\"Resest\"},\"url\":\"https:\/\/resest.com\/ca\/author\/resest\/\"}]}<\/script>\n<!-- \/ Yoast SEO plugin. -->","yoast_head_json":{"title":"Festival Observa Sabadell presenta un cartell d'artistes nacionals","description":"Festival Observa Sabadell presenta un cartell carregat d'artistes de l'escenari nacional i internacional per fer vibrar Sabadell en un mes de concerts","robots":{"index":"index","follow":"follow","max-snippet":"max-snippet:-1","max-image-preview":"max-image-preview:large","max-video-preview":"max-video-preview:-1"},"canonical":"https:\/\/resest.com\/ca\/blog\/festival-observa-la-teva-nova-cita-musical-a-sabadell\/","og_locale":"ca_ES","og_type":"article","og_title":"Festival Observa Sabadell presenta un cartell d'artistes nacionals","og_description":"Festival Observa Sabadell presenta un cartell carregat d'artistes de l'escenari nacional i internacional per fer vibrar Sabadell en un mes de concerts","og_url":"https:\/\/resest.com\/ca\/blog\/festival-observa-la-teva-nova-cita-musical-a-sabadell\/","og_site_name":"Resid\u00e8ncia d&#039;Estudiants l&#039;Estaci\u00f3 de Sabadell | Resest","article_published_time":"2022-04-27T07:00:00+00:00","og_image":[{"width":1200,"height":1200,"url":"https:\/\/resest.com\/wp-content\/uploads\/2022\/04\/lineup.jpg","type":"image\/jpeg"}],"author":"Resest","twitter_misc":{"Written by":"Resest","Est. reading time":"3 minutes"},"schema":{"@context":"https:\/\/schema.org","@graph":[{"@type":"Article","@id":"https:\/\/resest.com\/ca\/blog\/festival-observa-la-teva-nova-cita-musical-a-sabadell\/#article","isPartOf":{"@id":"https:\/\/resest.com\/ca\/blog\/festival-observa-la-teva-nova-cita-musical-a-sabadell\/"},"author":{"name":"Resest","@id":"https:\/\/resest.com\/ca\/#\/schema\/person\/f66d2b5dae2cd0a989ab720dd211d2a9"},"headline":"Festival Observa, la teva nova cita musical a Sabadell","datePublished":"2022-04-27T07:00:00+00:00","mainEntityOfPage":{"@id":"https:\/\/resest.com\/ca\/blog\/festival-observa-la-teva-nova-cita-musical-a-sabadell\/"},"wordCount":461,"commentCount":0,"publisher":{"@id":"https:\/\/resest.com\/ca\/#organization"},"image":{"@id":"https:\/\/resest.com\/ca\/blog\/festival-observa-la-teva-nova-cita-musical-a-sabadell\/#primaryimage"},"thumbnailUrl":"https:\/\/resest.com\/wp-content\/uploads\/2022\/04\/lineup.jpg","articleSection":["Blog"],"inLanguage":"ca-ES","potentialAction":[{"@type":"CommentAction","name":"Comment","target":["https:\/\/resest.com\/ca\/blog\/festival-observa-la-teva-nova-cita-musical-a-sabadell\/#respond"]}]},{"@type":"WebPage","@id":"https:\/\/resest.com\/ca\/blog\/festival-observa-la-teva-nova-cita-musical-a-sabadell\/","url":"https:\/\/resest.com\/ca\/blog\/festival-observa-la-teva-nova-cita-musical-a-sabadell\/","name":"Festival Observa Sabadell presenta un cartell d'artistes nacionals","isPartOf":{"@id":"https:\/\/resest.com\/ca\/#website"},"primaryImageOfPage":{"@id":"https:\/\/resest.com\/ca\/blog\/festival-observa-la-teva-nova-cita-musical-a-sabadell\/#primaryimage"},"image":{"@id":"https:\/\/resest.com\/ca\/blog\/festival-observa-la-teva-nova-cita-musical-a-sabadell\/#primaryimage"},"thumbnailUrl":"https:\/\/resest.com\/wp-content\/uploads\/2022\/04\/lineup.jpg","datePublished":"2022-04-27T07:00:00+00:00","description":"Festival Observa Sabadell presenta un cartell carregat d'artistes de l'escenari nacional i internacional per fer vibrar Sabadell en un mes de concerts","breadcrumb":{"@id":"https:\/\/resest.com\/ca\/blog\/festival-observa-la-teva-nova-cita-musical-a-sabadell\/#breadcrumb"},"inLanguage":"ca-ES","potentialAction":[{"@type":"ReadAction","target":["https:\/\/resest.com\/ca\/blog\/festival-observa-la-teva-nova-cita-musical-a-sabadell\/"]}]},{"@type":"ImageObject","inLanguage":"ca-ES","@id":"https:\/\/resest.com\/ca\/blog\/festival-observa-la-teva-nova-cita-musical-a-sabadell\/#primaryimage","url":"https:\/\/resest.com\/wp-content\/uploads\/2022\/04\/lineup.jpg","contentUrl":"https:\/\/resest.com\/wp-content\/uploads\/2022\/04\/lineup.jpg","width":1200,"height":1200,"caption":"Festival Observa Sabadell"},{"@type":"BreadcrumbList","@id":"https:\/\/resest.com\/ca\/blog\/festival-observa-la-teva-nova-cita-musical-a-sabadell\/#breadcrumb","itemListElement":[{"@type":"ListItem","position":1,"name":"Inici","item":"https:\/\/resest.com\/ca\/"},{"@type":"ListItem","position":2,"name":"Festival Observa, la teva nova cita musical a Sabadell"}]},{"@type":"WebSite","@id":"https:\/\/resest.com\/ca\/#website","url":"https:\/\/resest.com\/ca\/","name":"Resid\u00e8ncia d&#039;Estudiants l&#039;Estaci\u00f3 de Sabadell | Resest","description":"Prop de l\u2019Universitat Aut\u00f2noma de Barcelona (UAB)","publisher":{"@id":"https:\/\/resest.com\/ca\/#organization"},"potentialAction":[{"@type":"SearchAction","target":{"@type":"EntryPoint","urlTemplate":"https:\/\/resest.com\/ca\/?s={search_term_string}"},"query-input":{"@type":"PropertyValueSpecification","valueRequired":true,"valueName":"search_term_string"}}],"inLanguage":"ca-ES"},{"@type":"Organization","@id":"https:\/\/resest.com\/ca\/#organization","name":"Resid\u00e8ncia d&#039;Estudiants l&#039;Estaci\u00f3 de Sabadell | Resest","url":"https:\/\/resest.com\/ca\/","logo":{"@type":"ImageObject","inLanguage":"ca-ES","@id":"https:\/\/resest.com\/ca\/#\/schema\/logo\/image\/","url":"https:\/\/resest.com\/wp-content\/uploads\/2024\/03\/Facana-1.jpg","contentUrl":"https:\/\/resest.com\/wp-content\/uploads\/2024\/03\/Facana-1.jpg","width":1200,"height":1009,"caption":"Resid\u00e8ncia d&#039;Estudiants l&#039;Estaci\u00f3 de Sabadell | Resest"},"image":{"@id":"https:\/\/resest.com\/ca\/#\/schema\/logo\/image\/"}},{"@type":"Person","@id":"https:\/\/resest.com\/ca\/#\/schema\/person\/f66d2b5dae2cd0a989ab720dd211d2a9","name":"Resest","image":{"@type":"ImageObject","inLanguage":"ca-ES","@id":"https:\/\/resest.com\/ca\/#\/schema\/person\/image\/","url":"https:\/\/secure.gravatar.com\/avatar\/a5d542eca874617a8a62a45c724821a615f770cf5bde5e61a93a7a2562faba7a?s=96&d=mm&r=g","contentUrl":"https:\/\/secure.gravatar.com\/avatar\/a5d542eca874617a8a62a45c724821a615f770cf5bde5e61a93a7a2562faba7a?s=96&d=mm&r=g","caption":"Resest"},"url":"https:\/\/resest.com\/ca\/author\/resest\/"}]}},"_links":{"self":[{"href":"https:\/\/resest.com\/ca\/wp-json\/wp\/v2\/posts\/9993","targetHints":{"allow":["GET"]}}],"collection":[{"href":"https:\/\/resest.com\/ca\/wp-json\/wp\/v2\/posts"}],"about":[{"href":"https:\/\/resest.com\/ca\/wp-json\/wp\/v2\/types\/post"}],"author":[{"embeddable":true,"href":"https:\/\/resest.com\/ca\/wp-json\/wp\/v2\/users\/3"}],"replies":[{"embeddable":true,"href":"https:\/\/resest.com\/ca\/wp-json\/wp\/v2\/comments?post=9993"}],"version-history":[{"count":0,"href":"https:\/\/resest.com\/ca\/wp-json\/wp\/v2\/posts\/9993\/revisions"}],"wp:featuredmedia":[{"embeddable":true,"href":"https:\/\/resest.com\/ca\/wp-json\/wp\/v2\/media\/9994"}],"wp:attachment":[{"href":"https:\/\/resest.com\/ca\/wp-json\/wp\/v2\/media?parent=9993"}],"wp:term":[{"taxonomy":"category","embeddable":true,"href":"https:\/\/resest.com\/ca\/wp-json\/wp\/v2\/categories?post=9993"},{"taxonomy":"post_tag","embeddable":true,"href":"https:\/\/resest.com\/ca\/wp-json\/wp\/v2\/tags?post=9993"}],"curies":[{"name":"wp","href":"https:\/\/api.w.org\/{rel}","templated":true}]}}