{"id":9746,"date":"2021-12-17T18:36:25","date_gmt":"2021-12-17T17:36:25","guid":{"rendered":"https:\/\/resest.com\/?p=9746"},"modified":"2022-03-10T13:11:36","modified_gmt":"2022-03-10T12:11:36","slug":"sopar-de-nadal-2021","status":"publish","type":"post","link":"https:\/\/resest.com\/ca\/vida-a-la-residencia\/sopar-de-nadal-2021\/","title":{"rendered":"SOPAR DE NADAL 2021"},"content":{"rendered":"\n<p>El Nadal \u00e9s una \u00e8poca que ens agrada passar amb les persones que m\u00e9s ens estimem. Amb la conviv\u00e8ncia del dia a dia, els residents han format una petita fam\u00edlia i \u00e9s per aix\u00f2 que hem volgut celebrar aquestes festes com cal. <\/p>\n\n\n\n<p>El passat dimarts dia 14 de desembre vam celebrar el tradicional Sopar de Nadal a la Resid\u00e8ncia d&#8217;Estudiants l&#8217;Estaci\u00f3 de Sabadell. <\/p>\n\n\n\n<p>Com ja \u00e9s habitual, els residents van poder gaudir d&#8217;un men\u00fa especial per a la ocasi\u00f3, van aprofitar per fer-se alguns regals i vestir-se ben elegants! Aqu\u00ed podreu veure algunes fotografies de la nit.<\/p>\n\n\n\n<div class=\"wp-block-group is-layout-flow wp-block-group-is-layout-flow\">\n<figure class=\"wp-block-image size-large is-style-default\"><img loading=\"lazy\" decoding=\"async\" width=\"1024\" height=\"768\" src=\"https:\/\/resest.com\/wp-content\/uploads\/2021\/12\/WhatsApp-Image-2021-12-15-at-08.43.51-1024x768.jpeg\" alt=\"\" class=\"wp-image-9771\" srcset=\"https:\/\/resest.com\/wp-content\/uploads\/2021\/12\/WhatsApp-Image-2021-12-15-at-08.43.51-1024x768.jpeg 1024w, https:\/\/resest.com\/wp-content\/uploads\/2021\/12\/WhatsApp-Image-2021-12-15-at-08.43.51-300x225.jpeg 300w, https:\/\/resest.com\/wp-content\/uploads\/2021\/12\/WhatsApp-Image-2021-12-15-at-08.43.51-768x576.jpeg 768w, https:\/\/resest.com\/wp-content\/uploads\/2021\/12\/WhatsApp-Image-2021-12-15-at-08.43.51.jpeg 1200w\" sizes=\"auto, (max-width: 1024px) 100vw, 1024px\" \/><\/figure>\n<\/div>\n\n\n\n<div class=\"wp-block-group alignfull is-layout-flow wp-block-group-is-layout-flow\">\n<div class=\"wp-block-columns is-layout-flex wp-container-core-columns-is-layout-28f84493 wp-block-columns-is-layout-flex\">\n<div class=\"wp-block-column is-layout-flow wp-block-column-is-layout-flow\" style=\"flex-basis:100%\">\n<figure class=\"wp-block-image size-large\"><img loading=\"lazy\" decoding=\"async\" width=\"1024\" height=\"768\" src=\"https:\/\/resest.com\/wp-content\/uploads\/2021\/12\/WhatsApp-Image-2021-12-15-at-08.43.53-2-1-1024x768.jpeg\" alt=\"\" class=\"wp-image-9783\" srcset=\"https:\/\/resest.com\/wp-content\/uploads\/2021\/12\/WhatsApp-Image-2021-12-15-at-08.43.53-2-1-1024x768.jpeg 1024w, https:\/\/resest.com\/wp-content\/uploads\/2021\/12\/WhatsApp-Image-2021-12-15-at-08.43.53-2-1-300x225.jpeg 300w, https:\/\/resest.com\/wp-content\/uploads\/2021\/12\/WhatsApp-Image-2021-12-15-at-08.43.53-2-1-768x576.jpeg 768w, https:\/\/resest.com\/wp-content\/uploads\/2021\/12\/WhatsApp-Image-2021-12-15-at-08.43.53-2-1.jpeg 1200w\" sizes=\"auto, (max-width: 1024px) 100vw, 1024px\" \/><\/figure>\n<\/div>\n<\/div>\n<\/div>\n\n\n\n<figure class=\"wp-block-image size-large\"><img loading=\"lazy\" decoding=\"async\" width=\"1024\" height=\"768\" src=\"https:\/\/resest.com\/wp-content\/uploads\/2021\/12\/WhatsApp-Image-2021-12-15-at-08.44.05-2-1024x768.jpeg\" alt=\"\" class=\"wp-image-9779\" srcset=\"https:\/\/resest.com\/wp-content\/uploads\/2021\/12\/WhatsApp-Image-2021-12-15-at-08.44.05-2-1024x768.jpeg 1024w, https:\/\/resest.com\/wp-content\/uploads\/2021\/12\/WhatsApp-Image-2021-12-15-at-08.44.05-2-300x225.jpeg 300w, https:\/\/resest.com\/wp-content\/uploads\/2021\/12\/WhatsApp-Image-2021-12-15-at-08.44.05-2-768x576.jpeg 768w, https:\/\/resest.com\/wp-content\/uploads\/2021\/12\/WhatsApp-Image-2021-12-15-at-08.44.05-2.jpeg 1200w\" sizes=\"auto, (max-width: 1024px) 100vw, 1024px\" \/><\/figure>\n\n\n\n<figure class=\"wp-block-gallery columns-1 is-cropped wp-block-gallery-1 is-layout-flex wp-block-gallery-is-layout-flex\"><ul class=\"blocks-gallery-grid\"><li class=\"blocks-gallery-item\"><figure><a href=\"https:\/\/resest.com\/wp-content\/uploads\/2021\/12\/WhatsApp-Image-2021-12-15-at-08.43.24.jpeg\"><img loading=\"lazy\" decoding=\"async\" width=\"1024\" height=\"768\" src=\"https:\/\/resest.com\/wp-content\/uploads\/2021\/12\/WhatsApp-Image-2021-12-15-at-08.43.24-1024x768.jpeg\" alt=\"\" data-id=\"9752\" data-full-url=\"https:\/\/resest.com\/wp-content\/uploads\/2021\/12\/WhatsApp-Image-2021-12-15-at-08.43.24.jpeg\" data-link=\"https:\/\/resest.com\/?attachment_id=9752\" class=\"wp-image-9752\" srcset=\"https:\/\/resest.com\/wp-content\/uploads\/2021\/12\/WhatsApp-Image-2021-12-15-at-08.43.24-1024x768.jpeg 1024w, https:\/\/resest.com\/wp-content\/uploads\/2021\/12\/WhatsApp-Image-2021-12-15-at-08.43.24-300x225.jpeg 300w, https:\/\/resest.com\/wp-content\/uploads\/2021\/12\/WhatsApp-Image-2021-12-15-at-08.43.24-768x576.jpeg 768w, https:\/\/resest.com\/wp-content\/uploads\/2021\/12\/WhatsApp-Image-2021-12-15-at-08.43.24.jpeg 1200w\" sizes=\"auto, (max-width: 1024px) 100vw, 1024px\" \/><\/a><\/figure><\/li><\/ul><\/figure>\n","protected":false},"excerpt":{"rendered":"<p>El Nadal \u00e9s una \u00e8poca que ens agrada passar amb les persones que m\u00e9s ens estimem. Amb la conviv\u00e8ncia del dia a dia, els residents han format una petita fam\u00edlia i \u00e9s per aix\u00f2 que hem volgut celebrar aquestes festes com cal. El passat dimarts dia 14 de desembre vam celebrar el tradicional Sopar de&hellip;<\/p>\n","protected":false},"author":3,"featured_media":9783,"comment_status":"open","ping_status":"open","sticky":false,"template":"","format":"standard","meta":{"footnotes":""},"categories":[49],"tags":[],"class_list":["post-9746","post","type-post","status-publish","format-standard","has-post-thumbnail","hentry","category-vida-a-la-residencia","entry","has-media"],"yoast_head":"<!-- This site is optimized with the Yoast SEO plugin v26.4 - https:\/\/yoast.com\/wordpress\/plugins\/seo\/ -->\n<title>SOPAR DE NADAL 2021 - Resid\u00e8ncia d&#039;Estudiants l&#039;Estaci\u00f3 de Sabadell | Resest<\/title>\n<meta name=\"robots\" content=\"index, follow, max-snippet:-1, max-image-preview:large, max-video-preview:-1\" \/>\n<link rel=\"canonical\" href=\"https:\/\/resest.com\/ca\/vida-a-la-residencia\/sopar-de-nadal-2021\/\" \/>\n<meta property=\"og:locale\" content=\"ca_ES\" \/>\n<meta property=\"og:type\" content=\"article\" \/>\n<meta property=\"og:title\" content=\"SOPAR DE NADAL 2021 - Resid\u00e8ncia d&#039;Estudiants l&#039;Estaci\u00f3 de Sabadell | Resest\" \/>\n<meta property=\"og:description\" content=\"El Nadal \u00e9s una \u00e8poca que ens agrada passar amb les persones que m\u00e9s ens estimem. Amb la conviv\u00e8ncia del dia a dia, els residents han format una petita fam\u00edlia i \u00e9s per aix\u00f2 que hem volgut celebrar aquestes festes com cal. El passat dimarts dia 14 de desembre vam celebrar el tradicional Sopar de&hellip;\" \/>\n<meta property=\"og:url\" content=\"https:\/\/resest.com\/ca\/vida-a-la-residencia\/sopar-de-nadal-2021\/\" \/>\n<meta property=\"og:site_name\" content=\"Resid\u00e8ncia d&#039;Estudiants l&#039;Estaci\u00f3 de Sabadell | Resest\" \/>\n<meta property=\"article:published_time\" content=\"2021-12-17T17:36:25+00:00\" \/>\n<meta property=\"article:modified_time\" content=\"2022-03-10T12:11:36+00:00\" \/>\n<meta property=\"og:image\" content=\"https:\/\/resest.com\/wp-content\/uploads\/2021\/12\/WhatsApp-Image-2021-12-15-at-08.43.53-2-1.jpeg\" \/>\n\t<meta property=\"og:image:width\" content=\"1200\" \/>\n\t<meta property=\"og:image:height\" content=\"900\" \/>\n\t<meta property=\"og:image:type\" content=\"image\/jpeg\" \/>\n<meta name=\"author\" content=\"Resest\" \/>\n<meta name=\"twitter:label1\" content=\"Written by\" \/>\n\t<meta name=\"twitter:data1\" content=\"Resest\" \/>\n\t<meta name=\"twitter:label2\" content=\"Est. reading time\" \/>\n\t<meta name=\"twitter:data2\" content=\"2 minutes\" \/>\n<script type=\"application\/ld+json\" class=\"yoast-schema-graph\">{\"@context\":\"https:\/\/schema.org\",\"@graph\":[{\"@type\":\"Article\",\"@id\":\"https:\/\/resest.com\/ca\/vida-a-la-residencia\/sopar-de-nadal-2021\/#article\",\"isPartOf\":{\"@id\":\"https:\/\/resest.com\/ca\/vida-a-la-residencia\/sopar-de-nadal-2021\/\"},\"author\":{\"name\":\"Resest\",\"@id\":\"https:\/\/resest.com\/ca\/#\/schema\/person\/f66d2b5dae2cd0a989ab720dd211d2a9\"},\"headline\":\"SOPAR DE NADAL 2021\",\"datePublished\":\"2021-12-17T17:36:25+00:00\",\"dateModified\":\"2022-03-10T12:11:36+00:00\",\"mainEntityOfPage\":{\"@id\":\"https:\/\/resest.com\/ca\/vida-a-la-residencia\/sopar-de-nadal-2021\/\"},\"wordCount\":106,\"commentCount\":0,\"publisher\":{\"@id\":\"https:\/\/resest.com\/ca\/#organization\"},\"image\":{\"@id\":\"https:\/\/resest.com\/ca\/vida-a-la-residencia\/sopar-de-nadal-2021\/#primaryimage\"},\"thumbnailUrl\":\"https:\/\/resest.com\/wp-content\/uploads\/2021\/12\/WhatsApp-Image-2021-12-15-at-08.43.53-2-1.jpeg\",\"articleSection\":[\"Vida a la Resid\u00e8ncia\"],\"inLanguage\":\"ca-ES\",\"potentialAction\":[{\"@type\":\"CommentAction\",\"name\":\"Comment\",\"target\":[\"https:\/\/resest.com\/ca\/vida-a-la-residencia\/sopar-de-nadal-2021\/#respond\"]}]},{\"@type\":\"WebPage\",\"@id\":\"https:\/\/resest.com\/ca\/vida-a-la-residencia\/sopar-de-nadal-2021\/\",\"url\":\"https:\/\/resest.com\/ca\/vida-a-la-residencia\/sopar-de-nadal-2021\/\",\"name\":\"SOPAR DE NADAL 2021 - Resid\u00e8ncia d&#039;Estudiants l&#039;Estaci\u00f3 de Sabadell | Resest\",\"isPartOf\":{\"@id\":\"https:\/\/resest.com\/ca\/#website\"},\"primaryImageOfPage\":{\"@id\":\"https:\/\/resest.com\/ca\/vida-a-la-residencia\/sopar-de-nadal-2021\/#primaryimage\"},\"image\":{\"@id\":\"https:\/\/resest.com\/ca\/vida-a-la-residencia\/sopar-de-nadal-2021\/#primaryimage\"},\"thumbnailUrl\":\"https:\/\/resest.com\/wp-content\/uploads\/2021\/12\/WhatsApp-Image-2021-12-15-at-08.43.53-2-1.jpeg\",\"datePublished\":\"2021-12-17T17:36:25+00:00\",\"dateModified\":\"2022-03-10T12:11:36+00:00\",\"breadcrumb\":{\"@id\":\"https:\/\/resest.com\/ca\/vida-a-la-residencia\/sopar-de-nadal-2021\/#breadcrumb\"},\"inLanguage\":\"ca-ES\",\"potentialAction\":[{\"@type\":\"ReadAction\",\"target\":[\"https:\/\/resest.com\/ca\/vida-a-la-residencia\/sopar-de-nadal-2021\/\"]}]},{\"@type\":\"ImageObject\",\"inLanguage\":\"ca-ES\",\"@id\":\"https:\/\/resest.com\/ca\/vida-a-la-residencia\/sopar-de-nadal-2021\/#primaryimage\",\"url\":\"https:\/\/resest.com\/wp-content\/uploads\/2021\/12\/WhatsApp-Image-2021-12-15-at-08.43.53-2-1.jpeg\",\"contentUrl\":\"https:\/\/resest.com\/wp-content\/uploads\/2021\/12\/WhatsApp-Image-2021-12-15-at-08.43.53-2-1.jpeg\",\"width\":1200,\"height\":900,\"caption\":\"sopar nadal residencia\"},{\"@type\":\"BreadcrumbList\",\"@id\":\"https:\/\/resest.com\/ca\/vida-a-la-residencia\/sopar-de-nadal-2021\/#breadcrumb\",\"itemListElement\":[{\"@type\":\"ListItem\",\"position\":1,\"name\":\"Inici\",\"item\":\"https:\/\/resest.com\/ca\/\"},{\"@type\":\"ListItem\",\"position\":2,\"name\":\"SOPAR DE NADAL 2021\"}]},{\"@type\":\"WebSite\",\"@id\":\"https:\/\/resest.com\/ca\/#website\",\"url\":\"https:\/\/resest.com\/ca\/\",\"name\":\"Resid\u00e8ncia d&#039;Estudiants l&#039;Estaci\u00f3 de Sabadell | Resest\",\"description\":\"Prop de l\u2019Universitat Aut\u00f2noma de Barcelona (UAB)\",\"publisher\":{\"@id\":\"https:\/\/resest.com\/ca\/#organization\"},\"potentialAction\":[{\"@type\":\"SearchAction\",\"target\":{\"@type\":\"EntryPoint\",\"urlTemplate\":\"https:\/\/resest.com\/ca\/?s={search_term_string}\"},\"query-input\":{\"@type\":\"PropertyValueSpecification\",\"valueRequired\":true,\"valueName\":\"search_term_string\"}}],\"inLanguage\":\"ca-ES\"},{\"@type\":\"Organization\",\"@id\":\"https:\/\/resest.com\/ca\/#organization\",\"name\":\"Resid\u00e8ncia d&#039;Estudiants l&#039;Estaci\u00f3 de Sabadell | Resest\",\"url\":\"https:\/\/resest.com\/ca\/\",\"logo\":{\"@type\":\"ImageObject\",\"inLanguage\":\"ca-ES\",\"@id\":\"https:\/\/resest.com\/ca\/#\/schema\/logo\/image\/\",\"url\":\"https:\/\/resest.com\/wp-content\/uploads\/2024\/03\/Facana-1.jpg\",\"contentUrl\":\"https:\/\/resest.com\/wp-content\/uploads\/2024\/03\/Facana-1.jpg\",\"width\":1200,\"height\":1009,\"caption\":\"Resid\u00e8ncia d&#039;Estudiants l&#039;Estaci\u00f3 de Sabadell | Resest\"},\"image\":{\"@id\":\"https:\/\/resest.com\/ca\/#\/schema\/logo\/image\/\"}},{\"@type\":\"Person\",\"@id\":\"https:\/\/resest.com\/ca\/#\/schema\/person\/f66d2b5dae2cd0a989ab720dd211d2a9\",\"name\":\"Resest\",\"image\":{\"@type\":\"ImageObject\",\"inLanguage\":\"ca-ES\",\"@id\":\"https:\/\/resest.com\/ca\/#\/schema\/person\/image\/\",\"url\":\"https:\/\/secure.gravatar.com\/avatar\/a5d542eca874617a8a62a45c724821a615f770cf5bde5e61a93a7a2562faba7a?s=96&d=mm&r=g\",\"contentUrl\":\"https:\/\/secure.gravatar.com\/avatar\/a5d542eca874617a8a62a45c724821a615f770cf5bde5e61a93a7a2562faba7a?s=96&d=mm&r=g\",\"caption\":\"Resest\"},\"url\":\"https:\/\/resest.com\/ca\/author\/resest\/\"}]}<\/script>\n<!-- \/ Yoast SEO plugin. -->","yoast_head_json":{"title":"SOPAR DE NADAL 2021 - Resid\u00e8ncia d&#039;Estudiants l&#039;Estaci\u00f3 de Sabadell | Resest","robots":{"index":"index","follow":"follow","max-snippet":"max-snippet:-1","max-image-preview":"max-image-preview:large","max-video-preview":"max-video-preview:-1"},"canonical":"https:\/\/resest.com\/ca\/vida-a-la-residencia\/sopar-de-nadal-2021\/","og_locale":"ca_ES","og_type":"article","og_title":"SOPAR DE NADAL 2021 - Resid\u00e8ncia d&#039;Estudiants l&#039;Estaci\u00f3 de Sabadell | Resest","og_description":"El Nadal \u00e9s una \u00e8poca que ens agrada passar amb les persones que m\u00e9s ens estimem. Amb la conviv\u00e8ncia del dia a dia, els residents han format una petita fam\u00edlia i \u00e9s per aix\u00f2 que hem volgut celebrar aquestes festes com cal. El passat dimarts dia 14 de desembre vam celebrar el tradicional Sopar de&hellip;","og_url":"https:\/\/resest.com\/ca\/vida-a-la-residencia\/sopar-de-nadal-2021\/","og_site_name":"Resid\u00e8ncia d&#039;Estudiants l&#039;Estaci\u00f3 de Sabadell | Resest","article_published_time":"2021-12-17T17:36:25+00:00","article_modified_time":"2022-03-10T12:11:36+00:00","og_image":[{"width":1200,"height":900,"url":"https:\/\/resest.com\/wp-content\/uploads\/2021\/12\/WhatsApp-Image-2021-12-15-at-08.43.53-2-1.jpeg","type":"image\/jpeg"}],"author":"Resest","twitter_misc":{"Written by":"Resest","Est. reading time":"2 minutes"},"schema":{"@context":"https:\/\/schema.org","@graph":[{"@type":"Article","@id":"https:\/\/resest.com\/ca\/vida-a-la-residencia\/sopar-de-nadal-2021\/#article","isPartOf":{"@id":"https:\/\/resest.com\/ca\/vida-a-la-residencia\/sopar-de-nadal-2021\/"},"author":{"name":"Resest","@id":"https:\/\/resest.com\/ca\/#\/schema\/person\/f66d2b5dae2cd0a989ab720dd211d2a9"},"headline":"SOPAR DE NADAL 2021","datePublished":"2021-12-17T17:36:25+00:00","dateModified":"2022-03-10T12:11:36+00:00","mainEntityOfPage":{"@id":"https:\/\/resest.com\/ca\/vida-a-la-residencia\/sopar-de-nadal-2021\/"},"wordCount":106,"commentCount":0,"publisher":{"@id":"https:\/\/resest.com\/ca\/#organization"},"image":{"@id":"https:\/\/resest.com\/ca\/vida-a-la-residencia\/sopar-de-nadal-2021\/#primaryimage"},"thumbnailUrl":"https:\/\/resest.com\/wp-content\/uploads\/2021\/12\/WhatsApp-Image-2021-12-15-at-08.43.53-2-1.jpeg","articleSection":["Vida a la Resid\u00e8ncia"],"inLanguage":"ca-ES","potentialAction":[{"@type":"CommentAction","name":"Comment","target":["https:\/\/resest.com\/ca\/vida-a-la-residencia\/sopar-de-nadal-2021\/#respond"]}]},{"@type":"WebPage","@id":"https:\/\/resest.com\/ca\/vida-a-la-residencia\/sopar-de-nadal-2021\/","url":"https:\/\/resest.com\/ca\/vida-a-la-residencia\/sopar-de-nadal-2021\/","name":"SOPAR DE NADAL 2021 - Resid\u00e8ncia d&#039;Estudiants l&#039;Estaci\u00f3 de Sabadell | Resest","isPartOf":{"@id":"https:\/\/resest.com\/ca\/#website"},"primaryImageOfPage":{"@id":"https:\/\/resest.com\/ca\/vida-a-la-residencia\/sopar-de-nadal-2021\/#primaryimage"},"image":{"@id":"https:\/\/resest.com\/ca\/vida-a-la-residencia\/sopar-de-nadal-2021\/#primaryimage"},"thumbnailUrl":"https:\/\/resest.com\/wp-content\/uploads\/2021\/12\/WhatsApp-Image-2021-12-15-at-08.43.53-2-1.jpeg","datePublished":"2021-12-17T17:36:25+00:00","dateModified":"2022-03-10T12:11:36+00:00","breadcrumb":{"@id":"https:\/\/resest.com\/ca\/vida-a-la-residencia\/sopar-de-nadal-2021\/#breadcrumb"},"inLanguage":"ca-ES","potentialAction":[{"@type":"ReadAction","target":["https:\/\/resest.com\/ca\/vida-a-la-residencia\/sopar-de-nadal-2021\/"]}]},{"@type":"ImageObject","inLanguage":"ca-ES","@id":"https:\/\/resest.com\/ca\/vida-a-la-residencia\/sopar-de-nadal-2021\/#primaryimage","url":"https:\/\/resest.com\/wp-content\/uploads\/2021\/12\/WhatsApp-Image-2021-12-15-at-08.43.53-2-1.jpeg","contentUrl":"https:\/\/resest.com\/wp-content\/uploads\/2021\/12\/WhatsApp-Image-2021-12-15-at-08.43.53-2-1.jpeg","width":1200,"height":900,"caption":"sopar nadal residencia"},{"@type":"BreadcrumbList","@id":"https:\/\/resest.com\/ca\/vida-a-la-residencia\/sopar-de-nadal-2021\/#breadcrumb","itemListElement":[{"@type":"ListItem","position":1,"name":"Inici","item":"https:\/\/resest.com\/ca\/"},{"@type":"ListItem","position":2,"name":"SOPAR DE NADAL 2021"}]},{"@type":"WebSite","@id":"https:\/\/resest.com\/ca\/#website","url":"https:\/\/resest.com\/ca\/","name":"Resid\u00e8ncia d&#039;Estudiants l&#039;Estaci\u00f3 de Sabadell | Resest","description":"Prop de l\u2019Universitat Aut\u00f2noma de Barcelona (UAB)","publisher":{"@id":"https:\/\/resest.com\/ca\/#organization"},"potentialAction":[{"@type":"SearchAction","target":{"@type":"EntryPoint","urlTemplate":"https:\/\/resest.com\/ca\/?s={search_term_string}"},"query-input":{"@type":"PropertyValueSpecification","valueRequired":true,"valueName":"search_term_string"}}],"inLanguage":"ca-ES"},{"@type":"Organization","@id":"https:\/\/resest.com\/ca\/#organization","name":"Resid\u00e8ncia d&#039;Estudiants l&#039;Estaci\u00f3 de Sabadell | Resest","url":"https:\/\/resest.com\/ca\/","logo":{"@type":"ImageObject","inLanguage":"ca-ES","@id":"https:\/\/resest.com\/ca\/#\/schema\/logo\/image\/","url":"https:\/\/resest.com\/wp-content\/uploads\/2024\/03\/Facana-1.jpg","contentUrl":"https:\/\/resest.com\/wp-content\/uploads\/2024\/03\/Facana-1.jpg","width":1200,"height":1009,"caption":"Resid\u00e8ncia d&#039;Estudiants l&#039;Estaci\u00f3 de Sabadell | Resest"},"image":{"@id":"https:\/\/resest.com\/ca\/#\/schema\/logo\/image\/"}},{"@type":"Person","@id":"https:\/\/resest.com\/ca\/#\/schema\/person\/f66d2b5dae2cd0a989ab720dd211d2a9","name":"Resest","image":{"@type":"ImageObject","inLanguage":"ca-ES","@id":"https:\/\/resest.com\/ca\/#\/schema\/person\/image\/","url":"https:\/\/secure.gravatar.com\/avatar\/a5d542eca874617a8a62a45c724821a615f770cf5bde5e61a93a7a2562faba7a?s=96&d=mm&r=g","contentUrl":"https:\/\/secure.gravatar.com\/avatar\/a5d542eca874617a8a62a45c724821a615f770cf5bde5e61a93a7a2562faba7a?s=96&d=mm&r=g","caption":"Resest"},"url":"https:\/\/resest.com\/ca\/author\/resest\/"}]}},"_links":{"self":[{"href":"https:\/\/resest.com\/ca\/wp-json\/wp\/v2\/posts\/9746","targetHints":{"allow":["GET"]}}],"collection":[{"href":"https:\/\/resest.com\/ca\/wp-json\/wp\/v2\/posts"}],"about":[{"href":"https:\/\/resest.com\/ca\/wp-json\/wp\/v2\/types\/post"}],"author":[{"embeddable":true,"href":"https:\/\/resest.com\/ca\/wp-json\/wp\/v2\/users\/3"}],"replies":[{"embeddable":true,"href":"https:\/\/resest.com\/ca\/wp-json\/wp\/v2\/comments?post=9746"}],"version-history":[{"count":0,"href":"https:\/\/resest.com\/ca\/wp-json\/wp\/v2\/posts\/9746\/revisions"}],"wp:featuredmedia":[{"embeddable":true,"href":"https:\/\/resest.com\/ca\/wp-json\/wp\/v2\/media\/9783"}],"wp:attachment":[{"href":"https:\/\/resest.com\/ca\/wp-json\/wp\/v2\/media?parent=9746"}],"wp:term":[{"taxonomy":"category","embeddable":true,"href":"https:\/\/resest.com\/ca\/wp-json\/wp\/v2\/categories?post=9746"},{"taxonomy":"post_tag","embeddable":true,"href":"https:\/\/resest.com\/ca\/wp-json\/wp\/v2\/tags?post=9746"}],"curies":[{"name":"wp","href":"https:\/\/api.w.org\/{rel}","templated":true}]}}