{"id":9513,"date":"2021-10-21T16:29:00","date_gmt":"2021-10-21T15:29:00","guid":{"rendered":"https:\/\/resest.com\/?p=9513"},"modified":"2021-10-26T16:30:55","modified_gmt":"2021-10-26T15:30:55","slug":"activitats-a-sabadell-parc-de-sant-llorenc","status":"publish","type":"post","link":"https:\/\/resest.com\/ca\/blog\/activitats-a-sabadell-parc-de-sant-llorenc\/","title":{"rendered":"El parc natural de Sant Lloren\u00e7 del Munt i l&#8217;Obac, activitats a prop de Sabadell"},"content":{"rendered":"\n<p>Un dels llocs m\u00e9s recomanats per fer <strong>activitats a Sabadell<\/strong> \u00e9s el Parc natural de Sant Lloren\u00e7 del Munt i l\u2019Obac. \u00c9s un espai natural protegit ubicat a la prov\u00edncia de Barcelona, \u200b\u200bconcretament a les comarques del Bages, el Vall\u00e8s Occidental i el Moyan\u00e8s. Entre les seves refer\u00e8ncies geogr\u00e0fiques m\u00e9s conegudes hi ha el <strong>Monestir de Sant Lloren\u00e7 del Munt<\/strong>, el nom del qual tamb\u00e9 serveix per anomenar el mass\u00eds sobre el qual se situa.<\/p>\n\n\n\n<h3 class=\"wp-block-heading\">Sobre el Parc Natural<\/h3>\n\n\n\n<p>Aquest <strong>Parc Natural forma part de la Xarxa d&#8217;Espais Naturals protegits<\/strong> per la Diputaci\u00f3 de Barcelona, \u200b\u200bla mateixa que s&#8217;encarrega de la promoci\u00f3 i la gesti\u00f3. Posseeix un alt inter\u00e8s pel que fa al seu paisatge, on el mass\u00eds i la serra justifiquen que estigui gestionat com a espai protegit.<\/p>\n\n\n\n<p>Suposa una plataforma ideal per al foment del bon \u00fas del territori, cosa que permet un aprofitament efica\u00e7 de tots els seus recursos. Alhora, aquest parc respon positivament a aquelles persones que demanen equipaments i instal\u00b7lacions per a l&#8217;oci i l&#8217;activitat recreativa i pedag\u00f2gica al medi natural.<\/p>\n\n\n\n<h3 class=\"wp-block-heading\">Com arribar-hi?<\/h3>\n\n\n\n<p>Tant des de <strong><a href=\"https:\/\/resest.com\/ca\/ubicacio-residencia-estudiantil-a-sabadell-barcelona\/\">Sabadell<\/a><\/strong> com des de tota la comarca del sud i del nord, <strong>parteixen diverses vies d&#8217;acc\u00e9s al parc<\/strong>. Per visitar-lo podeu anar per carreteres comarcals que faciliten l&#8217;acc\u00e9s a diferents punts de sortida de les excursions.<\/p>\n\n\n\n<p>Des de Sabadell tamb\u00e9 podeu accedir per les autopistes C-58 i C-16, o b\u00e9 a trav\u00e9s de la l\u00ednia 4 dels trens de rodalies, o fins i tot mitjan\u00e7ant l&#8217;\u00fas d&#8217;autobusos locals que parteixen des d&#8217;aquesta localitat cap als diferents enclavaments de la comarca.<\/p>\n\n\n\n<h3 class=\"wp-block-heading\">Activitats<\/h3>\n\n\n\n<p>Aquesta opci\u00f3 \u00e9s ideal per a tots aquells que busquen un bon lloc per dur a terme <strong>activitats en un entorn natural<\/strong>. Aquest parc t\u00e9 un <strong>programa cultural i gastron\u00f2mic<\/strong> gestionat per la Diputaci\u00f3. Gr\u00e0cies a aquest programa, podeu con\u00e8ixer diferents tipus de productes naturals, elaborats tots per restaurants i productors artesans d&#8217;aquesta zona.<\/p>\n\n\n\n<p>A trav\u00e9s d&#8217;aquesta proposta, tant la gastronomia com la viticultura i l&#8217;artesania de tot tipus de productes destaquen com una aportaci\u00f3 natural, cultural i paisatg\u00edstica de qu\u00e8 podem presumir en aquesta comarca gr\u00e0cies a aquest parc.<\/p>\n\n\n\n<p>Tant pels amants de les motos com pels <strong><a href=\"https:\/\/resest.com\/ca\/bloc-allotjament-per-a-estudiants-a-barcelona-bellaterra\/\">senderistes<\/a><\/strong>, en aquest enclavament es pot gaudir de carreteres i camins plens de corbes i paisatges espectaculars que ens brinden una gran bellesa de qu\u00e8 la nostra comarca disposa.<\/p>\n\n\n\n<p>Sens dubte, a l&#8217;hora de fer <strong>activitats a Sabadell<\/strong>, aquest parc suposa una gran opci\u00f3. Ho t\u00e9 tot, una gran oferta cultural, recreativa i gastron\u00f2mica, i sempre recolzant l&#8217;entorn natural i les persones que en viuen, respectant-ho en tot moment. No ho dubtis m\u00e9s i <strong><a href=\"https:\/\/resest.com\/ca\/serveis-residencia-estudiantil-barcelona-bellaterra\/\">acosta&#8217;t<\/a><\/strong> a aquest parc per gaudir de la natura al 100%.<\/p>\n","protected":false},"excerpt":{"rendered":"<p>Un dels llocs m\u00e9s recomanats per fer activitats a Sabadell \u00e9s el Parc natural de Sant Lloren\u00e7 del Munt i l\u2019Obac. \u00c9s un espai natural protegit ubicat a la prov\u00edncia de Barcelona, \u200b\u200bconcretament a les comarques del Bages, el Vall\u00e8s Occidental i el Moyan\u00e8s. Entre les seves refer\u00e8ncies geogr\u00e0fiques m\u00e9s conegudes hi ha el Monestir&hellip;<\/p>\n","protected":false},"author":1,"featured_media":9509,"comment_status":"open","ping_status":"open","sticky":false,"template":"","format":"standard","meta":{"footnotes":""},"categories":[6,51],"tags":[],"class_list":["post-9513","post","type-post","status-publish","format-standard","has-post-thumbnail","hentry","category-blog","category-activitats-i-oci","entry","has-media"],"yoast_head":"<!-- This site is optimized with the Yoast SEO plugin v26.4 - https:\/\/yoast.com\/wordpress\/plugins\/seo\/ -->\n<title>Activitats a Sabadell: el Parc de Sant Lloren\u00e7, la millor opci\u00f3<\/title>\n<meta name=\"description\" content=\"Des de Resest, us informem sobre les activitats a Sabadell m\u00e9s destacades, en aquest cas, les que podeu trobar al Parc de Sant Lloren\u00e7\" \/>\n<meta name=\"robots\" content=\"index, follow, max-snippet:-1, max-image-preview:large, max-video-preview:-1\" \/>\n<link rel=\"canonical\" href=\"https:\/\/resest.com\/ca\/blog\/activitats-a-sabadell-parc-de-sant-llorenc\/\" \/>\n<meta property=\"og:locale\" content=\"ca_ES\" \/>\n<meta property=\"og:type\" content=\"article\" \/>\n<meta property=\"og:title\" content=\"Activitats a Sabadell: el Parc de Sant Lloren\u00e7, la millor opci\u00f3\" \/>\n<meta property=\"og:description\" content=\"Des de Resest, us informem sobre les activitats a Sabadell m\u00e9s destacades, en aquest cas, les que podeu trobar al Parc de Sant Lloren\u00e7\" \/>\n<meta property=\"og:url\" content=\"https:\/\/resest.com\/ca\/blog\/activitats-a-sabadell-parc-de-sant-llorenc\/\" \/>\n<meta property=\"og:site_name\" content=\"Resid\u00e8ncia d&#039;Estudiants l&#039;Estaci\u00f3 de Sabadell | Resest\" \/>\n<meta property=\"article:published_time\" content=\"2021-10-21T15:29:00+00:00\" \/>\n<meta property=\"article:modified_time\" content=\"2021-10-26T15:30:55+00:00\" \/>\n<meta property=\"og:image\" content=\"https:\/\/resest.com\/wp-content\/uploads\/2021\/10\/actividades-sabadell-parque-natural-sant-llorenc.jpg\" \/>\n\t<meta property=\"og:image:width\" content=\"1200\" \/>\n\t<meta property=\"og:image:height\" content=\"800\" \/>\n\t<meta property=\"og:image:type\" content=\"image\/jpeg\" \/>\n<meta name=\"author\" content=\"Resest\" \/>\n<meta name=\"twitter:label1\" content=\"Written by\" \/>\n\t<meta name=\"twitter:data1\" content=\"Resest\" \/>\n\t<meta name=\"twitter:label2\" content=\"Est. reading time\" \/>\n\t<meta name=\"twitter:data2\" content=\"2 minutes\" \/>\n<script type=\"application\/ld+json\" class=\"yoast-schema-graph\">{\"@context\":\"https:\/\/schema.org\",\"@graph\":[{\"@type\":\"Article\",\"@id\":\"https:\/\/resest.com\/ca\/blog\/activitats-a-sabadell-parc-de-sant-llorenc\/#article\",\"isPartOf\":{\"@id\":\"https:\/\/resest.com\/ca\/blog\/activitats-a-sabadell-parc-de-sant-llorenc\/\"},\"author\":{\"name\":\"Resest\",\"@id\":\"https:\/\/resest.com\/ca\/#\/schema\/person\/d9965768ae08730dafc3a7c835fcc47c\"},\"headline\":\"El parc natural de Sant Lloren\u00e7 del Munt i l&#8217;Obac, activitats a prop de Sabadell\",\"datePublished\":\"2021-10-21T15:29:00+00:00\",\"dateModified\":\"2021-10-26T15:30:55+00:00\",\"mainEntityOfPage\":{\"@id\":\"https:\/\/resest.com\/ca\/blog\/activitats-a-sabadell-parc-de-sant-llorenc\/\"},\"wordCount\":500,\"commentCount\":0,\"publisher\":{\"@id\":\"https:\/\/resest.com\/ca\/#organization\"},\"image\":{\"@id\":\"https:\/\/resest.com\/ca\/blog\/activitats-a-sabadell-parc-de-sant-llorenc\/#primaryimage\"},\"thumbnailUrl\":\"https:\/\/resest.com\/wp-content\/uploads\/2021\/10\/actividades-sabadell-parque-natural-sant-llorenc.jpg\",\"articleSection\":[\"Blog\",\"Qu\u00e8 fer a Sabadell i Barcelona\"],\"inLanguage\":\"ca-ES\",\"potentialAction\":[{\"@type\":\"CommentAction\",\"name\":\"Comment\",\"target\":[\"https:\/\/resest.com\/ca\/blog\/activitats-a-sabadell-parc-de-sant-llorenc\/#respond\"]}]},{\"@type\":\"WebPage\",\"@id\":\"https:\/\/resest.com\/ca\/blog\/activitats-a-sabadell-parc-de-sant-llorenc\/\",\"url\":\"https:\/\/resest.com\/ca\/blog\/activitats-a-sabadell-parc-de-sant-llorenc\/\",\"name\":\"Activitats a Sabadell: el Parc de Sant Lloren\u00e7, la millor opci\u00f3\",\"isPartOf\":{\"@id\":\"https:\/\/resest.com\/ca\/#website\"},\"primaryImageOfPage\":{\"@id\":\"https:\/\/resest.com\/ca\/blog\/activitats-a-sabadell-parc-de-sant-llorenc\/#primaryimage\"},\"image\":{\"@id\":\"https:\/\/resest.com\/ca\/blog\/activitats-a-sabadell-parc-de-sant-llorenc\/#primaryimage\"},\"thumbnailUrl\":\"https:\/\/resest.com\/wp-content\/uploads\/2021\/10\/actividades-sabadell-parque-natural-sant-llorenc.jpg\",\"datePublished\":\"2021-10-21T15:29:00+00:00\",\"dateModified\":\"2021-10-26T15:30:55+00:00\",\"description\":\"Des de Resest, us informem sobre les activitats a Sabadell m\u00e9s destacades, en aquest cas, les que podeu trobar al Parc de Sant Lloren\u00e7\",\"breadcrumb\":{\"@id\":\"https:\/\/resest.com\/ca\/blog\/activitats-a-sabadell-parc-de-sant-llorenc\/#breadcrumb\"},\"inLanguage\":\"ca-ES\",\"potentialAction\":[{\"@type\":\"ReadAction\",\"target\":[\"https:\/\/resest.com\/ca\/blog\/activitats-a-sabadell-parc-de-sant-llorenc\/\"]}]},{\"@type\":\"ImageObject\",\"inLanguage\":\"ca-ES\",\"@id\":\"https:\/\/resest.com\/ca\/blog\/activitats-a-sabadell-parc-de-sant-llorenc\/#primaryimage\",\"url\":\"https:\/\/resest.com\/wp-content\/uploads\/2021\/10\/actividades-sabadell-parque-natural-sant-llorenc.jpg\",\"contentUrl\":\"https:\/\/resest.com\/wp-content\/uploads\/2021\/10\/actividades-sabadell-parque-natural-sant-llorenc.jpg\",\"width\":1200,\"height\":800,\"caption\":\"activitats-sabadell-parc-natural-sant-lloren\u00e7\"},{\"@type\":\"BreadcrumbList\",\"@id\":\"https:\/\/resest.com\/ca\/blog\/activitats-a-sabadell-parc-de-sant-llorenc\/#breadcrumb\",\"itemListElement\":[{\"@type\":\"ListItem\",\"position\":1,\"name\":\"Inici\",\"item\":\"https:\/\/resest.com\/ca\/\"},{\"@type\":\"ListItem\",\"position\":2,\"name\":\"El parc natural de Sant Lloren\u00e7 del Munt i l&#8217;Obac, activitats a prop de Sabadell\"}]},{\"@type\":\"WebSite\",\"@id\":\"https:\/\/resest.com\/ca\/#website\",\"url\":\"https:\/\/resest.com\/ca\/\",\"name\":\"Resid\u00e8ncia d&#039;Estudiants l&#039;Estaci\u00f3 de Sabadell | Resest\",\"description\":\"Prop de l\u2019Universitat Aut\u00f2noma de Barcelona (UAB)\",\"publisher\":{\"@id\":\"https:\/\/resest.com\/ca\/#organization\"},\"potentialAction\":[{\"@type\":\"SearchAction\",\"target\":{\"@type\":\"EntryPoint\",\"urlTemplate\":\"https:\/\/resest.com\/ca\/?s={search_term_string}\"},\"query-input\":{\"@type\":\"PropertyValueSpecification\",\"valueRequired\":true,\"valueName\":\"search_term_string\"}}],\"inLanguage\":\"ca-ES\"},{\"@type\":\"Organization\",\"@id\":\"https:\/\/resest.com\/ca\/#organization\",\"name\":\"Resid\u00e8ncia d&#039;Estudiants l&#039;Estaci\u00f3 de Sabadell | Resest\",\"url\":\"https:\/\/resest.com\/ca\/\",\"logo\":{\"@type\":\"ImageObject\",\"inLanguage\":\"ca-ES\",\"@id\":\"https:\/\/resest.com\/ca\/#\/schema\/logo\/image\/\",\"url\":\"https:\/\/resest.com\/wp-content\/uploads\/2024\/03\/Facana-1.jpg\",\"contentUrl\":\"https:\/\/resest.com\/wp-content\/uploads\/2024\/03\/Facana-1.jpg\",\"width\":1200,\"height\":1009,\"caption\":\"Resid\u00e8ncia d&#039;Estudiants l&#039;Estaci\u00f3 de Sabadell | Resest\"},\"image\":{\"@id\":\"https:\/\/resest.com\/ca\/#\/schema\/logo\/image\/\"}},{\"@type\":\"Person\",\"@id\":\"https:\/\/resest.com\/ca\/#\/schema\/person\/d9965768ae08730dafc3a7c835fcc47c\",\"name\":\"Resest\",\"image\":{\"@type\":\"ImageObject\",\"inLanguage\":\"ca-ES\",\"@id\":\"https:\/\/resest.com\/ca\/#\/schema\/person\/image\/\",\"url\":\"https:\/\/secure.gravatar.com\/avatar\/0c7509c85c836ff68bc43efa415976254ed1463e7bbc3edf38a658092e29e5b4?s=96&d=mm&r=g\",\"contentUrl\":\"https:\/\/secure.gravatar.com\/avatar\/0c7509c85c836ff68bc43efa415976254ed1463e7bbc3edf38a658092e29e5b4?s=96&d=mm&r=g\",\"caption\":\"Resest\"},\"url\":\"https:\/\/resest.com\/ca\/author\/jordi\/\"}]}<\/script>\n<!-- \/ Yoast SEO plugin. -->","yoast_head_json":{"title":"Activitats a Sabadell: el Parc de Sant Lloren\u00e7, la millor opci\u00f3","description":"Des de Resest, us informem sobre les activitats a Sabadell m\u00e9s destacades, en aquest cas, les que podeu trobar al Parc de Sant Lloren\u00e7","robots":{"index":"index","follow":"follow","max-snippet":"max-snippet:-1","max-image-preview":"max-image-preview:large","max-video-preview":"max-video-preview:-1"},"canonical":"https:\/\/resest.com\/ca\/blog\/activitats-a-sabadell-parc-de-sant-llorenc\/","og_locale":"ca_ES","og_type":"article","og_title":"Activitats a Sabadell: el Parc de Sant Lloren\u00e7, la millor opci\u00f3","og_description":"Des de Resest, us informem sobre les activitats a Sabadell m\u00e9s destacades, en aquest cas, les que podeu trobar al Parc de Sant Lloren\u00e7","og_url":"https:\/\/resest.com\/ca\/blog\/activitats-a-sabadell-parc-de-sant-llorenc\/","og_site_name":"Resid\u00e8ncia d&#039;Estudiants l&#039;Estaci\u00f3 de Sabadell | Resest","article_published_time":"2021-10-21T15:29:00+00:00","article_modified_time":"2021-10-26T15:30:55+00:00","og_image":[{"width":1200,"height":800,"url":"https:\/\/resest.com\/wp-content\/uploads\/2021\/10\/actividades-sabadell-parque-natural-sant-llorenc.jpg","type":"image\/jpeg"}],"author":"Resest","twitter_misc":{"Written by":"Resest","Est. reading time":"2 minutes"},"schema":{"@context":"https:\/\/schema.org","@graph":[{"@type":"Article","@id":"https:\/\/resest.com\/ca\/blog\/activitats-a-sabadell-parc-de-sant-llorenc\/#article","isPartOf":{"@id":"https:\/\/resest.com\/ca\/blog\/activitats-a-sabadell-parc-de-sant-llorenc\/"},"author":{"name":"Resest","@id":"https:\/\/resest.com\/ca\/#\/schema\/person\/d9965768ae08730dafc3a7c835fcc47c"},"headline":"El parc natural de Sant Lloren\u00e7 del Munt i l&#8217;Obac, activitats a prop de Sabadell","datePublished":"2021-10-21T15:29:00+00:00","dateModified":"2021-10-26T15:30:55+00:00","mainEntityOfPage":{"@id":"https:\/\/resest.com\/ca\/blog\/activitats-a-sabadell-parc-de-sant-llorenc\/"},"wordCount":500,"commentCount":0,"publisher":{"@id":"https:\/\/resest.com\/ca\/#organization"},"image":{"@id":"https:\/\/resest.com\/ca\/blog\/activitats-a-sabadell-parc-de-sant-llorenc\/#primaryimage"},"thumbnailUrl":"https:\/\/resest.com\/wp-content\/uploads\/2021\/10\/actividades-sabadell-parque-natural-sant-llorenc.jpg","articleSection":["Blog","Qu\u00e8 fer a Sabadell i Barcelona"],"inLanguage":"ca-ES","potentialAction":[{"@type":"CommentAction","name":"Comment","target":["https:\/\/resest.com\/ca\/blog\/activitats-a-sabadell-parc-de-sant-llorenc\/#respond"]}]},{"@type":"WebPage","@id":"https:\/\/resest.com\/ca\/blog\/activitats-a-sabadell-parc-de-sant-llorenc\/","url":"https:\/\/resest.com\/ca\/blog\/activitats-a-sabadell-parc-de-sant-llorenc\/","name":"Activitats a Sabadell: el Parc de Sant Lloren\u00e7, la millor opci\u00f3","isPartOf":{"@id":"https:\/\/resest.com\/ca\/#website"},"primaryImageOfPage":{"@id":"https:\/\/resest.com\/ca\/blog\/activitats-a-sabadell-parc-de-sant-llorenc\/#primaryimage"},"image":{"@id":"https:\/\/resest.com\/ca\/blog\/activitats-a-sabadell-parc-de-sant-llorenc\/#primaryimage"},"thumbnailUrl":"https:\/\/resest.com\/wp-content\/uploads\/2021\/10\/actividades-sabadell-parque-natural-sant-llorenc.jpg","datePublished":"2021-10-21T15:29:00+00:00","dateModified":"2021-10-26T15:30:55+00:00","description":"Des de Resest, us informem sobre les activitats a Sabadell m\u00e9s destacades, en aquest cas, les que podeu trobar al Parc de Sant Lloren\u00e7","breadcrumb":{"@id":"https:\/\/resest.com\/ca\/blog\/activitats-a-sabadell-parc-de-sant-llorenc\/#breadcrumb"},"inLanguage":"ca-ES","potentialAction":[{"@type":"ReadAction","target":["https:\/\/resest.com\/ca\/blog\/activitats-a-sabadell-parc-de-sant-llorenc\/"]}]},{"@type":"ImageObject","inLanguage":"ca-ES","@id":"https:\/\/resest.com\/ca\/blog\/activitats-a-sabadell-parc-de-sant-llorenc\/#primaryimage","url":"https:\/\/resest.com\/wp-content\/uploads\/2021\/10\/actividades-sabadell-parque-natural-sant-llorenc.jpg","contentUrl":"https:\/\/resest.com\/wp-content\/uploads\/2021\/10\/actividades-sabadell-parque-natural-sant-llorenc.jpg","width":1200,"height":800,"caption":"activitats-sabadell-parc-natural-sant-lloren\u00e7"},{"@type":"BreadcrumbList","@id":"https:\/\/resest.com\/ca\/blog\/activitats-a-sabadell-parc-de-sant-llorenc\/#breadcrumb","itemListElement":[{"@type":"ListItem","position":1,"name":"Inici","item":"https:\/\/resest.com\/ca\/"},{"@type":"ListItem","position":2,"name":"El parc natural de Sant Lloren\u00e7 del Munt i l&#8217;Obac, activitats a prop de Sabadell"}]},{"@type":"WebSite","@id":"https:\/\/resest.com\/ca\/#website","url":"https:\/\/resest.com\/ca\/","name":"Resid\u00e8ncia d&#039;Estudiants l&#039;Estaci\u00f3 de Sabadell | Resest","description":"Prop de l\u2019Universitat Aut\u00f2noma de Barcelona (UAB)","publisher":{"@id":"https:\/\/resest.com\/ca\/#organization"},"potentialAction":[{"@type":"SearchAction","target":{"@type":"EntryPoint","urlTemplate":"https:\/\/resest.com\/ca\/?s={search_term_string}"},"query-input":{"@type":"PropertyValueSpecification","valueRequired":true,"valueName":"search_term_string"}}],"inLanguage":"ca-ES"},{"@type":"Organization","@id":"https:\/\/resest.com\/ca\/#organization","name":"Resid\u00e8ncia d&#039;Estudiants l&#039;Estaci\u00f3 de Sabadell | Resest","url":"https:\/\/resest.com\/ca\/","logo":{"@type":"ImageObject","inLanguage":"ca-ES","@id":"https:\/\/resest.com\/ca\/#\/schema\/logo\/image\/","url":"https:\/\/resest.com\/wp-content\/uploads\/2024\/03\/Facana-1.jpg","contentUrl":"https:\/\/resest.com\/wp-content\/uploads\/2024\/03\/Facana-1.jpg","width":1200,"height":1009,"caption":"Resid\u00e8ncia d&#039;Estudiants l&#039;Estaci\u00f3 de Sabadell | Resest"},"image":{"@id":"https:\/\/resest.com\/ca\/#\/schema\/logo\/image\/"}},{"@type":"Person","@id":"https:\/\/resest.com\/ca\/#\/schema\/person\/d9965768ae08730dafc3a7c835fcc47c","name":"Resest","image":{"@type":"ImageObject","inLanguage":"ca-ES","@id":"https:\/\/resest.com\/ca\/#\/schema\/person\/image\/","url":"https:\/\/secure.gravatar.com\/avatar\/0c7509c85c836ff68bc43efa415976254ed1463e7bbc3edf38a658092e29e5b4?s=96&d=mm&r=g","contentUrl":"https:\/\/secure.gravatar.com\/avatar\/0c7509c85c836ff68bc43efa415976254ed1463e7bbc3edf38a658092e29e5b4?s=96&d=mm&r=g","caption":"Resest"},"url":"https:\/\/resest.com\/ca\/author\/jordi\/"}]}},"_links":{"self":[{"href":"https:\/\/resest.com\/ca\/wp-json\/wp\/v2\/posts\/9513","targetHints":{"allow":["GET"]}}],"collection":[{"href":"https:\/\/resest.com\/ca\/wp-json\/wp\/v2\/posts"}],"about":[{"href":"https:\/\/resest.com\/ca\/wp-json\/wp\/v2\/types\/post"}],"author":[{"embeddable":true,"href":"https:\/\/resest.com\/ca\/wp-json\/wp\/v2\/users\/1"}],"replies":[{"embeddable":true,"href":"https:\/\/resest.com\/ca\/wp-json\/wp\/v2\/comments?post=9513"}],"version-history":[{"count":0,"href":"https:\/\/resest.com\/ca\/wp-json\/wp\/v2\/posts\/9513\/revisions"}],"wp:featuredmedia":[{"embeddable":true,"href":"https:\/\/resest.com\/ca\/wp-json\/wp\/v2\/media\/9509"}],"wp:attachment":[{"href":"https:\/\/resest.com\/ca\/wp-json\/wp\/v2\/media?parent=9513"}],"wp:term":[{"taxonomy":"category","embeddable":true,"href":"https:\/\/resest.com\/ca\/wp-json\/wp\/v2\/categories?post=9513"},{"taxonomy":"post_tag","embeddable":true,"href":"https:\/\/resest.com\/ca\/wp-json\/wp\/v2\/tags?post=9513"}],"curies":[{"name":"wp","href":"https:\/\/api.w.org\/{rel}","templated":true}]}}